{"id":9650,"date":"2018-06-08T12:39:27","date_gmt":"2018-06-08T10:39:27","guid":{"rendered":"https:\/\/marekkuchcinski.pl\/?p=9650"},"modified":"2018-06-08T12:39:44","modified_gmt":"2018-06-08T10:39:44","slug":"podsumowanie-63-posiedzenia-sejmu","status":"publish","type":"post","link":"https:\/\/marekkuchcinski.pl\/ro\/wydarzenia\/podsumowanie-63-posiedzenia-sejmu\/","title":{"rendered":"Rezumatul celei de-a 63-a \u0219edin\u021be a Sejm-ului"},"content":{"rendered":"<p dir=\"ltr\">\u00cen cadrul celei de-a 63-a \u0219edin\u021be, Sejm a adoptat 21 de legi. De asemenea, a respins<strong>\u00a0o mo\u021biune de cenzur\u0103 \u00eempotriva \u0219efei Comisiei sociale a Consiliului de Mini\u0219tri, Beata Szyd\u0142o, \u0219i a ministrului Familiei, Muncii \u0219i Politicii Sociale, El\u017cbieta Rafalska.<\/strong><\/p>\n<p dir=\"ltr\">Noua lege privind biocomponentele \u0219i biocombustibilii prevede crearea unui Fond pentru transporturi cu emisii reduse (LETF) \u0219i introducerea unei taxe pe emisii pentru finan\u021barea\u00a0<u><strong>proiecte legate, printre altele, de dezvoltarea electromobilit\u0103\u021bii \u00een Polonia<\/strong><\/u>. Fondurile provenite din aceast\u0103 tax\u0103 urmeaz\u0103 s\u0103 ajung\u0103 la Fondul Na\u021bional pentru Protec\u021bia Mediului \u0219i Gospod\u0103rirea Apelor \u00een propor\u021bie de 85% \u0219i 15%. - la FNT.\u00a0<u><strong>Legea va permite, de asemenea, administra\u021biilor locale s\u0103 creeze zone de transport nepoluant \u00een ora\u0219e.<\/strong><\/u>la care accesul vehiculelor cu motor conven\u021bional poate fi restric\u021bionat.<\/p>\n<p dir=\"ltr\">Sejm-ul a modificat proiectul de lege privind devierea de la Vistula Spit, care a fost ajustat la prevederile actuale ale Legii apelor. Conform modific\u0103rilor, responsabil pentru eliberarea aprob\u0103rilor \u0219i a permiselor de utilizare a apei este Departamentul polonez al Apelor, \u0219i nu \u0219erifii voievodali.\u00a0<strong><u>Pasajul Vistula Spit Crossing va fi construit \u00een Nowy \u015awiat pentru a permite navelor cu un pescaj de p\u00e2n\u0103 la 4 metri s\u0103 intre \u00een portul Elbl\u0105g.<\/u>.<\/strong>\u00a0Navele de 100 de metri lungime \u0219i 20 de metri l\u0103\u021bime vor putea trece prin canal.<\/p>\n<p dir=\"ltr\">Deputa\u021bii europeni au votat \u00een favoarea unui amendament la Legea finan\u021belor publice care \u00eembun\u0103t\u0103\u021be\u0219te<strong>\u00a0<u>alinierea legisla\u021biei poloneze la directiva financiar\u0103 a UE din 2011<\/u><\/strong><u>.<\/u>\u00a0A\u0219a cum prevede directiva, proiectul de lege impune, printre altele, obliga\u021bia de a furniza, \u00een expunerea de motive a proiectului de lege bugetar\u0103, date privind soldul bugetului general \u0219i datoria public\u0103 \u00een conformitate cu metodologia utilizat\u0103 de statele membre ale UE pentru raportarea datelor statistice c\u0103tre Comisia European\u0103 \u0219i Oficiul European de Statistic\u0103.<\/p>\n<p dir=\"ltr\">Modific\u0103rile la Legea cu privire la activitatea de utilitate public\u0103 \u0219i voluntariat, adoptate de deputa\u021bi\u00a0<strong><u>cre\u0219te de la 50% la 80%.<\/u>.<\/strong>\u00a0valoarea posibil\u0103 a subven\u021biei acordate. \u00cen opinia Consiliului de Mini\u0219tri, solu\u021bia introdus\u0103 va permite \u00eembun\u0103t\u0103\u021birea \u00eendeplinirii unor sarcini importante din cauza<strong>\u00a0<u>din motive de interes public major, de interes public vital sau necesare pentru a proteja via\u021ba sau s\u0103n\u0103tatea oamenilor<\/u>.<\/strong><\/p>\n<p dir=\"ltr\">Sejm-ul a adoptat un amendament la Legea privind transportul rutier care adapteaz\u0103 legisla\u021bia polonez\u0103 la reglement\u0103rile UE. Modificarea prevede<u>\u00a0<strong>o mai bun\u0103 supraveghere a pie\u021bei poloneze de transport rutier de m\u0103rfuri \u0219i eliminarea concuren\u021bei neloiale \u00eentre transportatorii rutieri, precum \u0219i o mai mare protec\u021bie a pie\u021bei interne \u00eempotriva concuren\u021bei neloiale din partea transportatorilor din afara UE<\/strong><\/u>. Propunerile prezentate aliniaz\u0103 legisla\u021bia polonez\u0103 la solu\u021biile UE.<\/p>\n<p dir=\"ltr\"><u><strong>Permiterea revendic\u0103rii dreptului de proprietate pentru locuin\u021bele construite \u00eenainte de 1995.<\/strong><\/u>Amendamentul la Legea privind proprietatea asupra apartamentelor, care a fost adoptat de Sejm, prevede o astfel de posibilitate. Modific\u0103rile introduse au ca scop eliminarea lacunei juridice create dup\u0103 intrarea \u00een vigoare a Legii privind stocul na\u021bional de proprietate.<\/p>\n<p dir=\"ltr\">Noua lege privind\u00a0<strong><u>tahografele utilizate \u00een transportul rutier pentru a \u00eembun\u0103t\u0103\u021bi securitatea sistemului, a cre\u0219te eficien\u021ba controlului \u0219i a aplic\u0103rii legisla\u021biei sociale \u00een transportul rutier.<\/u>.<\/strong>\u00a0Legea are, de asemenea, scopul de a spori securitatea sistemului tahografic prin limitarea manipul\u0103rii datelor \u00eenregistrate de echipament \u0219i de a spori fiabilitatea atelierelor care efectueaz\u0103 instala\u021bii, repara\u021bii, verific\u0103ri \u0219i inspec\u021bii ale tahografelor.<\/p>\n<p dir=\"ltr\">Modificarea legii privind<strong>\u00a0<u>investi\u021bii \u00een portul de gaz \u015awinouj\u015bcie<\/u><\/strong>care a fost votat\u0103 miercuri de c\u0103tre Parlament, vizeaz\u0103\u00a0<u><strong>\u00eembun\u0103t\u0103\u021birea dezvolt\u0103rii portului de gaze \u0219i conectarea Poloniei la c\u00e2mpurile de gaze de pe platoul continental norvegian<\/strong><\/u>. Modific\u0103rile introduse sunt legate de planurile de extindere a terminalului \u015awinouj\u015bcie, precum \u0219i de construc\u021bia de elemente de transport \u00een Polonia \u0219i a gazoductului Baltic Pipe.<\/p>\n<p dir=\"ltr\">Deputa\u021bii au adoptat un amendament la Legea privind sursele regenerabile de energie. Scopul s\u0103u este de a asigura conformitatea deplin\u0103 a Legii din 20 februarie 2015 cu normele privind ajutoarele de stat, la care partea polonez\u0103 s-a angajat \u00een fa\u021ba Comisiei Europene. Se a\u0219teapt\u0103 ca actul s\u0103 contribuie la\u00a0<u><strong>utilizarea eficient\u0103 a surselor regenerabile de energie (SER), precum \u0219i utilizarea sporit\u0103 a subproduselor din agricultur\u0103 \u0219i din industriile care utilizeaz\u0103 materii prime agricole \u00een scopuri energetice.<\/strong><\/u><\/p>\n<p dir=\"ltr\">Sejm a modificat Legea farmaceutic\u0103, care are ca scop o mai bun\u0103 protec\u021bie a s\u0103n\u0103t\u0103\u021bii publice prin consolidarea sistemului de supraveghere a fabric\u0103rii \u0219i comercializ\u0103rii medicamentelor,\u00a0<strong><u>s\u0103 limiteze exportul de medicamente \u00een str\u0103in\u0103tate pentru a cre\u0219te disponibilitatea acestora pentru pacien\u021bii din Polonia<\/u>\u00a0<\/strong>\u0219i un acces mai bun la noi terapii medicamentoase.<\/p>\n<p dir=\"ltr\">Deputa\u021bii au modificat \u0219i legea privind Institutul Na\u021bional al Libert\u0103\u021bii - Centrul pentru Dezvoltarea Societ\u0103\u021bii Civile, care va asigura finan\u021barea schimb\u0103rilor sistemice \u0219i organizatorice ale Institutului, precum \u0219i adaptarea cl\u0103dirii pentru sediul acestuia.<\/p>\n<p dir=\"ltr\">Sejm \u0219i-a dat acordul pentru ratificarea de c\u0103tre pre\u0219edinte a Acordului dintre Republica Polon\u0103 \u0219i Republica Turcia privind securitatea social\u0103. Acordul are ca scop rezolvarea problemelor semnificative ale cet\u0103\u021benilor ambelor \u021b\u0103ri \u00een domeniul securit\u0103\u021bii sociale, precum \u0219i crearea unor condi\u021bii mai bune pentru dezvoltarea cooper\u0103rii economice polono-turce. De asemenea, Parlamentul a aprobat ratificarea de c\u0103tre pre\u0219edinte a Acordului de cooperare privind parteneriatul \u0219i dezvoltarea dintre Uniunea European\u0103 \u0219i Republica Islamic\u0103 Afganistan. De asemenea, Sejm \u0219i-a dat acordul pentru ratificarea de c\u0103tre pre\u0219edinte a Acordului de parteneriat cuprinz\u0103tor \u0219i consolidat \u00eentre Uniunea European\u0103 \u0219i Comunitatea European\u0103 a Energiei Atomice \u0219i Republica Armenia. Scopul acordului este de a consolida cooperarea politic\u0103 \u0219i comercial\u0103 \u00eentre UE \u0219i Erevan.<\/p>\n<p dir=\"ltr\">Legea privind sindicatele a fost modificat\u0103. Printre altele, legea are ca scop punerea \u00een aplicare a hot\u0103r\u00e2rii Tribunalului Constitu\u021bional din 2 iunie 2015 prin extinderea domeniului de aplicare subiectiv al dreptului de a \u00eenfiin\u021ba sindicate \u0219i de a adera la sindicate.\u00a0<u><strong>Amendamentul introduce a\u0219a-numita coali\u021bie sindical\u0103, adic\u0103 posibilitatea de a forma \u0219i de a adera la organiza\u021bii sindicale, care va fi disponibil\u0103 \"angaja\u021bilor \u0219i persoanelor care presteaz\u0103 o munc\u0103 remunerat\u0103 pe o alt\u0103 baz\u0103 dec\u00e2t cea a raportului de munc\u0103\". Acest lucru se refer\u0103 \u00een special la persoanele care presteaz\u0103 munc\u0103 pe baza unor contracte de drept civil.<\/strong><\/u><\/p>\n<p dir=\"ltr\">Sejm-ul a adoptat o lege privind gestionarea succesiunii unei \u00eentreprinderi a unei persoane fizice.\u00a0<u><strong>Legea va permite \u00eentreprinderilor individuale s\u0103 func\u021bioneze f\u0103r\u0103 probleme dup\u0103 decesul proprietarilor lor<\/strong><\/u>. Compania format\u0103 dintr-o singur\u0103 persoan\u0103 este cea mai popular\u0103 form\u0103 de a face afaceri - astfel de entit\u0103\u021bi reprezint\u0103 aproximativ 80% din antreprenorii polonezi.<\/p>\n<p dir=\"ltr\">Sejm \u0219i-a dat acordul pentru ratificarea de c\u0103tre pre\u0219edinte a Acordului de \u00eenfiin\u021bare a Laboratorului European de Biologie Molecular\u0103, care va permite oamenilor de \u0219tiin\u021b\u0103 polonezi s\u0103 beneficieze pe deplin de infrastructura de cercetare a EMBL. Cum ar fi angajarea \u00een cadrul structurilor acestei organiza\u021bii.<\/p>\n<p dir=\"ltr\">\u00centr-un bloc de voturi, Camera a adoptat un pachet de legi privind denun\u021barea unilateral\u0103 a acordurilor de promovare \u0219i protec\u021bie reciproc\u0103 a investi\u021biilor dintre Republica Polon\u0103 \u0219i Republica Elen\u0103, Regatul Spaniei, Guvernul Republicii Finlanda, Republica Federal\u0103 Germania, Guvernul Republicii Bulgaria, Guvernul Regatului Unit al Marii Britanii \u0219i Irlandei de Nord, Republica Austria, Republica Lituania, Republica Croa\u021bia, Republica Ungar\u0103, Guvernul Regatului Suediei \u0219i Guvernul Republicii Letonia. Acordurile existente sunt contestate de Comisia European\u0103 pe motiv c\u0103 sunt incompatibile cu legisla\u021bia UE.<\/p>\n<p dir=\"ltr\">Sejm a adoptat prin aclama\u021bie o rezolu\u021bie de comemorare a 200 de ani de la moartea lui\u00a0<u><strong>Generalul Jan Henryk D\u0105browski, comandant militar de excep\u021bie. A fost fondatorul Legiunilor poloneze din Italia, participant la Revolta lui Ko\u015bciuszko \u0219i general al armatei Ducatului Var\u0219oviei.<\/strong><\/u>. A murit la 6 iunie 1818 \u00een Winna G\u00f3ra. Dup\u0103 cum au subliniat autorii proiectului de rezolu\u021bie, realiz\u0103rile generalului Dabrowski, \u00een calitate de fondator al Legiunilor, \"au dus la revenirea cauzei poloneze pe arena interna\u021bional\u0103. De asemenea, s-a amintit c\u0103 \"C\u00e2ntecul Legiunilor poloneze din Italia\" compus de J\u00f3zef Wybicki - numit\u0103 \"Mazurka Dabrowskiego\" - \"a devenit imnul na\u021bional dup\u0103 redob\u00e2ndirea independen\u021bei\".<\/p>\n<p dir=\"ltr\">Membri aproba\u021bi\u00a0<u><strong>o rezolu\u021bie referitoare la viitoarea form\u0103 a politicii de coeziune a UE<\/strong><\/u>. Documentul subliniaz\u0103 c\u0103 este o politic\u0103 de investi\u021bii cheie pentru Uniune \u0219i c\u0103 ar trebui s\u0103 constituie o parte semnificativ\u0103 a bugetului Uniunii, acoperind toate regiunile.\u00a0<u><strong>Provinciile cu cele mai sc\u0103zute niveluri de dezvoltare ar trebui s\u0103 primeasc\u0103 un sprijin adecvat, iar PIB-ul ar trebui s\u0103 r\u0103m\u00e2n\u0103 indicatorul de baz\u0103 pentru distribuirea fondurilor. \u00cen rezolu\u021bie, Sejm \u00ee\u0219i exprim\u0103 convingerea c\u0103 bugetul UE ar trebui s\u0103 fie structurat astfel \u00eenc\u00e2t s\u0103 nu creeze o Europ\u0103 cu mai multe viteze.<\/strong><\/u><\/p>\n<p dir=\"ltr\"><em>text: Cancelaria Sejm\/ CSI<\/em><\/p>\n<p dir=\"ltr\"><em>Foto: K. Bia\u0142osk\u00f3rski, R. Zambrzycki\/ Sejm<\/em><\/p>\n<p dir=\"ltr\"><img fetchpriority=\"high\" decoding=\"async\" class=\"alignnone size-full wp-image-9651\" src=\"https:\/\/marekkuchcinski.pl\/wp-content\/uploads\/2018\/06\/63-posie.jpg\" alt=\"63 posie\" width=\"3360\" height=\"2240\" srcset=\"https:\/\/marekkuchcinski.pl\/wp-content\/uploads\/2018\/06\/63-posie.jpg 2048w, https:\/\/marekkuchcinski.pl\/wp-content\/uploads\/2018\/06\/63-posie-300x200.jpg 300w, https:\/\/marekkuchcinski.pl\/wp-content\/uploads\/2018\/06\/63-posie-768x512.jpg 768w, https:\/\/marekkuchcinski.pl\/wp-content\/uploads\/2018\/06\/63-posie-1024x683.jpg 1024w\" sizes=\"(max-width: 3360px) 100vw, 3360px\" \/> <img decoding=\"async\" class=\"alignnone size-full wp-image-9652\" src=\"https:\/\/marekkuchcinski.pl\/wp-content\/uploads\/2018\/06\/63-poooo.jpg\" alt=\"63 poooo\" width=\"3360\" height=\"2240\" srcset=\"https:\/\/marekkuchcinski.pl\/wp-content\/uploads\/2018\/06\/63-poooo.jpg 2048w, https:\/\/marekkuchcinski.pl\/wp-content\/uploads\/2018\/06\/63-poooo-300x200.jpg 300w, https:\/\/marekkuchcinski.pl\/wp-content\/uploads\/2018\/06\/63-poooo-768x512.jpg 768w, https:\/\/marekkuchcinski.pl\/wp-content\/uploads\/2018\/06\/63-poooo-1024x683.jpg 1024w\" sizes=\"(max-width: 3360px) 100vw, 3360px\" \/> <img decoding=\"async\" class=\"alignnone size-full wp-image-9653\" src=\"https:\/\/marekkuchcinski.pl\/wp-content\/uploads\/2018\/06\/63-poo.jpg\" alt=\"63 poo\" width=\"3360\" height=\"2240\" srcset=\"https:\/\/marekkuchcinski.pl\/wp-content\/uploads\/2018\/06\/63-poo.jpg 2048w, https:\/\/marekkuchcinski.pl\/wp-content\/uploads\/2018\/06\/63-poo-300x200.jpg 300w, https:\/\/marekkuchcinski.pl\/wp-content\/uploads\/2018\/06\/63-poo-768x512.jpg 768w, https:\/\/marekkuchcinski.pl\/wp-content\/uploads\/2018\/06\/63-poo-1024x683.jpg 1024w\" sizes=\"(max-width: 3360px) 100vw, 3360px\" \/> <img loading=\"lazy\" decoding=\"async\" class=\"alignnone size-full wp-image-9654\" src=\"https:\/\/marekkuchcinski.pl\/wp-content\/uploads\/2018\/06\/63-pse.jpg\" alt=\"63 pse\" width=\"2880\" height=\"1920\" srcset=\"https:\/\/marekkuchcinski.pl\/wp-content\/uploads\/2018\/06\/63-pse.jpg 2048w, https:\/\/marekkuchcinski.pl\/wp-content\/uploads\/2018\/06\/63-pse-300x200.jpg 300w, https:\/\/marekkuchcinski.pl\/wp-content\/uploads\/2018\/06\/63-pse-768x512.jpg 768w, https:\/\/marekkuchcinski.pl\/wp-content\/uploads\/2018\/06\/63-pse-1024x683.jpg 1024w\" sizes=\"(max-width: 2880px) 100vw, 2880px\" \/><\/p>","protected":false},"excerpt":{"rendered":"<p>W czasie 63. posiedzenia Sejm przyj\u0105\u0142 21 ustaw. Odrzuci\u0142 tak\u017ce\u00a0wotum nieufno\u015bci wobec szefowej Komitetu Spo\u0142ecznego Rady Ministr\u00f3w Beaty Szyd\u0142o i minister rodziny, pracy i polityki spo\u0142ecznej\u00a0El\u017cbiety Rafalskiej. Nowe prawo dot. biokomponent\u00f3w i biopaliw zak\u0142ada stworzenie Funduszu Niskoemisyjnego Transportu (FNT) oraz wprowadzenie op\u0142aty emisyjnej, z kt\u00f3rej finansowane maj\u0105 by\u0107\u00a0projekty zwi\u0105zane m.in. z rozwojem elektromobilno\u015bci w Polsce. [&hellip;]<\/p>","protected":false},"author":6,"featured_media":9651,"comment_status":"open","ping_status":"open","sticky":false,"template":"","format":"standard","meta":{"ngg_post_thumbnail":0,"footnotes":""},"categories":[81,3],"tags":[],"class_list":["post-9650","post","type-post","status-publish","format-standard","has-post-thumbnail","hentry","category-wiesci-z-sejmu","category-wydarzenia"],"yoast_head":"<!-- This site is optimized with the Yoast SEO plugin v24.7 - https:\/\/yoast.com\/wordpress\/plugins\/seo\/ -->\n<title>Podsumowanie 63. posiedzenia Sejmu &#8211; Marek Kuchci\u0144ski<\/title>\n<meta name=\"robots\" content=\"index, follow, max-snippet:-1, max-image-preview:large, max-video-preview:-1\" \/>\n<link rel=\"canonical\" href=\"https:\/\/marekkuchcinski.pl\/ro\/wydarzenia\/podsumowanie-63-posiedzenia-sejmu\/\" \/>\n<meta property=\"og:locale\" content=\"ro_RO\" \/>\n<meta property=\"og:type\" content=\"article\" \/>\n<meta property=\"og:title\" content=\"Podsumowanie 63. posiedzenia Sejmu &#8211; Marek Kuchci\u0144ski\" \/>\n<meta property=\"og:description\" content=\"W czasie 63. posiedzenia Sejm przyj\u0105\u0142 21 ustaw. Odrzuci\u0142 tak\u017ce\u00a0wotum nieufno\u015bci wobec szefowej Komitetu Spo\u0142ecznego Rady Ministr\u00f3w Beaty Szyd\u0142o i minister rodziny, pracy i polityki spo\u0142ecznej\u00a0El\u017cbiety Rafalskiej. Nowe prawo dot. biokomponent\u00f3w i biopaliw zak\u0142ada stworzenie Funduszu Niskoemisyjnego Transportu (FNT) oraz wprowadzenie op\u0142aty emisyjnej, z kt\u00f3rej finansowane maj\u0105 by\u0107\u00a0projekty zwi\u0105zane m.in. z rozwojem elektromobilno\u015bci w Polsce. [&hellip;]\" \/>\n<meta property=\"og:url\" content=\"https:\/\/marekkuchcinski.pl\/ro\/wydarzenia\/podsumowanie-63-posiedzenia-sejmu\/\" \/>\n<meta property=\"og:site_name\" content=\"Marek Kuchci\u0144ski\" \/>\n<meta property=\"article:published_time\" content=\"2018-06-08T10:39:27+00:00\" \/>\n<meta property=\"article:modified_time\" content=\"2018-06-08T10:39:44+00:00\" \/>\n<meta property=\"og:image\" content=\"https:\/\/marekkuchcinski.pl\/wp-content\/uploads\/2018\/06\/63-posie.jpg\" \/>\n\t<meta property=\"og:image:width\" content=\"2048\" \/>\n\t<meta property=\"og:image:height\" content=\"1365\" \/>\n\t<meta property=\"og:image:type\" content=\"image\/jpeg\" \/>\n<meta name=\"author\" content=\"admin\" \/>\n<meta name=\"twitter:card\" content=\"summary_large_image\" \/>\n<meta name=\"twitter:label1\" content=\"Scris de\" \/>\n\t<meta name=\"twitter:data1\" content=\"admin\" \/>\n\t<meta name=\"twitter:label2\" content=\"Timp estimat pentru citire\" \/>\n\t<meta name=\"twitter:data2\" content=\"7 minutes\" \/>\n<script type=\"application\/ld+json\" class=\"yoast-schema-graph\">{\"@context\":\"https:\/\/schema.org\",\"@graph\":[{\"@type\":\"Article\",\"@id\":\"https:\/\/marekkuchcinski.pl\/uk\/wydarzenia\/podsumowanie-63-posiedzenia-sejmu\/#article\",\"isPartOf\":{\"@id\":\"https:\/\/marekkuchcinski.pl\/uk\/wydarzenia\/podsumowanie-63-posiedzenia-sejmu\/\"},\"author\":{\"name\":\"admin\",\"@id\":\"https:\/\/marekkuchcinski.pl\/#\/schema\/person\/6f62700996b4d950b6ea2d1183b6c6be\"},\"headline\":\"Podsumowanie 63. posiedzenia Sejmu\",\"datePublished\":\"2018-06-08T10:39:27+00:00\",\"dateModified\":\"2018-06-08T10:39:44+00:00\",\"mainEntityOfPage\":{\"@id\":\"https:\/\/marekkuchcinski.pl\/uk\/wydarzenia\/podsumowanie-63-posiedzenia-sejmu\/\"},\"wordCount\":1360,\"commentCount\":0,\"publisher\":{\"@id\":\"https:\/\/marekkuchcinski.pl\/#organization\"},\"image\":{\"@id\":\"https:\/\/marekkuchcinski.pl\/uk\/wydarzenia\/podsumowanie-63-posiedzenia-sejmu\/#primaryimage\"},\"thumbnailUrl\":\"https:\/\/marekkuchcinski.pl\/wp-content\/uploads\/2018\/06\/63-posie.jpg\",\"articleSection\":[\"Wie\u015bci z Sejmu\",\"Wydarzenia\"],\"inLanguage\":\"ro-RO\",\"potentialAction\":[{\"@type\":\"CommentAction\",\"name\":\"Comment\",\"target\":[\"https:\/\/marekkuchcinski.pl\/uk\/wydarzenia\/podsumowanie-63-posiedzenia-sejmu\/#respond\"]}]},{\"@type\":\"WebPage\",\"@id\":\"https:\/\/marekkuchcinski.pl\/uk\/wydarzenia\/podsumowanie-63-posiedzenia-sejmu\/\",\"url\":\"https:\/\/marekkuchcinski.pl\/uk\/wydarzenia\/podsumowanie-63-posiedzenia-sejmu\/\",\"name\":\"Podsumowanie 63. posiedzenia Sejmu &#8211; Marek Kuchci\u0144ski\",\"isPartOf\":{\"@id\":\"https:\/\/marekkuchcinski.pl\/#website\"},\"primaryImageOfPage\":{\"@id\":\"https:\/\/marekkuchcinski.pl\/uk\/wydarzenia\/podsumowanie-63-posiedzenia-sejmu\/#primaryimage\"},\"image\":{\"@id\":\"https:\/\/marekkuchcinski.pl\/uk\/wydarzenia\/podsumowanie-63-posiedzenia-sejmu\/#primaryimage\"},\"thumbnailUrl\":\"https:\/\/marekkuchcinski.pl\/wp-content\/uploads\/2018\/06\/63-posie.jpg\",\"datePublished\":\"2018-06-08T10:39:27+00:00\",\"dateModified\":\"2018-06-08T10:39:44+00:00\",\"breadcrumb\":{\"@id\":\"https:\/\/marekkuchcinski.pl\/uk\/wydarzenia\/podsumowanie-63-posiedzenia-sejmu\/#breadcrumb\"},\"inLanguage\":\"ro-RO\",\"potentialAction\":[{\"@type\":\"ReadAction\",\"target\":[\"https:\/\/marekkuchcinski.pl\/uk\/wydarzenia\/podsumowanie-63-posiedzenia-sejmu\/\"]}]},{\"@type\":\"ImageObject\",\"inLanguage\":\"ro-RO\",\"@id\":\"https:\/\/marekkuchcinski.pl\/uk\/wydarzenia\/podsumowanie-63-posiedzenia-sejmu\/#primaryimage\",\"url\":\"https:\/\/marekkuchcinski.pl\/wp-content\/uploads\/2018\/06\/63-posie.jpg\",\"contentUrl\":\"https:\/\/marekkuchcinski.pl\/wp-content\/uploads\/2018\/06\/63-posie.jpg\",\"width\":2048,\"height\":1365},{\"@type\":\"BreadcrumbList\",\"@id\":\"https:\/\/marekkuchcinski.pl\/uk\/wydarzenia\/podsumowanie-63-posiedzenia-sejmu\/#breadcrumb\",\"itemListElement\":[{\"@type\":\"ListItem\",\"position\":1,\"name\":\"Strona g\u0142\u00f3wna\",\"item\":\"https:\/\/marekkuchcinski.pl\/\"},{\"@type\":\"ListItem\",\"position\":2,\"name\":\"Podsumowanie 63. posiedzenia Sejmu\"}]},{\"@type\":\"WebSite\",\"@id\":\"https:\/\/marekkuchcinski.pl\/#website\",\"url\":\"https:\/\/marekkuchcinski.pl\/\",\"name\":\"Marek Kuchci\u0144ski\",\"description\":\"Pose\u0142 na sejm RP &ndash; okr\u0119g nr 22\",\"publisher\":{\"@id\":\"https:\/\/marekkuchcinski.pl\/#organization\"},\"potentialAction\":[{\"@type\":\"SearchAction\",\"target\":{\"@type\":\"EntryPoint\",\"urlTemplate\":\"https:\/\/marekkuchcinski.pl\/?s={search_term_string}\"},\"query-input\":{\"@type\":\"PropertyValueSpecification\",\"valueRequired\":true,\"valueName\":\"search_term_string\"}}],\"inLanguage\":\"ro-RO\"},{\"@type\":\"Organization\",\"@id\":\"https:\/\/marekkuchcinski.pl\/#organization\",\"name\":\"Marek Kuchci\u0144ski\",\"url\":\"https:\/\/marekkuchcinski.pl\/\",\"logo\":{\"@type\":\"ImageObject\",\"inLanguage\":\"ro-RO\",\"@id\":\"https:\/\/marekkuchcinski.pl\/#\/schema\/logo\/image\/\",\"url\":\"https:\/\/marekkuchcinski.pl\/wp-content\/uploads\/2022\/09\/Marek.jpg\",\"contentUrl\":\"https:\/\/marekkuchcinski.pl\/wp-content\/uploads\/2022\/09\/Marek.jpg\",\"width\":1600,\"height\":971,\"caption\":\"Marek Kuchci\u0144ski\"},\"image\":{\"@id\":\"https:\/\/marekkuchcinski.pl\/#\/schema\/logo\/image\/\"}},{\"@type\":\"Person\",\"@id\":\"https:\/\/marekkuchcinski.pl\/#\/schema\/person\/6f62700996b4d950b6ea2d1183b6c6be\",\"name\":\"admin\",\"image\":{\"@type\":\"ImageObject\",\"inLanguage\":\"ro-RO\",\"@id\":\"https:\/\/marekkuchcinski.pl\/#\/schema\/person\/image\/\",\"url\":\"https:\/\/secure.gravatar.com\/avatar\/4bab693b9d55c3d6b52c0296a8765085?s=96&d=mm&r=g\",\"contentUrl\":\"https:\/\/secure.gravatar.com\/avatar\/4bab693b9d55c3d6b52c0296a8765085?s=96&d=mm&r=g\",\"caption\":\"admin\"},\"url\":\"https:\/\/marekkuchcinski.pl\/ro\/author\/marta-olejnik\/\"}]}<\/script>\n<!-- \/ Yoast SEO plugin. -->","yoast_head_json":{"title":"Podsumowanie 63. posiedzenia Sejmu &#8211; Marek Kuchci\u0144ski","robots":{"index":"index","follow":"follow","max-snippet":"max-snippet:-1","max-image-preview":"max-image-preview:large","max-video-preview":"max-video-preview:-1"},"canonical":"https:\/\/marekkuchcinski.pl\/ro\/wydarzenia\/podsumowanie-63-posiedzenia-sejmu\/","og_locale":"ro_RO","og_type":"article","og_title":"Podsumowanie 63. posiedzenia Sejmu &#8211; Marek Kuchci\u0144ski","og_description":"W czasie 63. posiedzenia Sejm przyj\u0105\u0142 21 ustaw. Odrzuci\u0142 tak\u017ce\u00a0wotum nieufno\u015bci wobec szefowej Komitetu Spo\u0142ecznego Rady Ministr\u00f3w Beaty Szyd\u0142o i minister rodziny, pracy i polityki spo\u0142ecznej\u00a0El\u017cbiety Rafalskiej. Nowe prawo dot. biokomponent\u00f3w i biopaliw zak\u0142ada stworzenie Funduszu Niskoemisyjnego Transportu (FNT) oraz wprowadzenie op\u0142aty emisyjnej, z kt\u00f3rej finansowane maj\u0105 by\u0107\u00a0projekty zwi\u0105zane m.in. z rozwojem elektromobilno\u015bci w Polsce. [&hellip;]","og_url":"https:\/\/marekkuchcinski.pl\/ro\/wydarzenia\/podsumowanie-63-posiedzenia-sejmu\/","og_site_name":"Marek Kuchci\u0144ski","article_published_time":"2018-06-08T10:39:27+00:00","article_modified_time":"2018-06-08T10:39:44+00:00","og_image":[{"width":2048,"height":1365,"url":"https:\/\/marekkuchcinski.pl\/wp-content\/uploads\/2018\/06\/63-posie.jpg","type":"image\/jpeg"}],"author":"admin","twitter_card":"summary_large_image","twitter_misc":{"Scris de":"admin","Timp estimat pentru citire":"7 minutes"},"schema":{"@context":"https:\/\/schema.org","@graph":[{"@type":"Article","@id":"https:\/\/marekkuchcinski.pl\/uk\/wydarzenia\/podsumowanie-63-posiedzenia-sejmu\/#article","isPartOf":{"@id":"https:\/\/marekkuchcinski.pl\/uk\/wydarzenia\/podsumowanie-63-posiedzenia-sejmu\/"},"author":{"name":"admin","@id":"https:\/\/marekkuchcinski.pl\/#\/schema\/person\/6f62700996b4d950b6ea2d1183b6c6be"},"headline":"Podsumowanie 63. posiedzenia Sejmu","datePublished":"2018-06-08T10:39:27+00:00","dateModified":"2018-06-08T10:39:44+00:00","mainEntityOfPage":{"@id":"https:\/\/marekkuchcinski.pl\/uk\/wydarzenia\/podsumowanie-63-posiedzenia-sejmu\/"},"wordCount":1360,"commentCount":0,"publisher":{"@id":"https:\/\/marekkuchcinski.pl\/#organization"},"image":{"@id":"https:\/\/marekkuchcinski.pl\/uk\/wydarzenia\/podsumowanie-63-posiedzenia-sejmu\/#primaryimage"},"thumbnailUrl":"https:\/\/marekkuchcinski.pl\/wp-content\/uploads\/2018\/06\/63-posie.jpg","articleSection":["Wie\u015bci z Sejmu","Wydarzenia"],"inLanguage":"ro-RO","potentialAction":[{"@type":"CommentAction","name":"Comment","target":["https:\/\/marekkuchcinski.pl\/uk\/wydarzenia\/podsumowanie-63-posiedzenia-sejmu\/#respond"]}]},{"@type":"WebPage","@id":"https:\/\/marekkuchcinski.pl\/uk\/wydarzenia\/podsumowanie-63-posiedzenia-sejmu\/","url":"https:\/\/marekkuchcinski.pl\/uk\/wydarzenia\/podsumowanie-63-posiedzenia-sejmu\/","name":"Podsumowanie 63. posiedzenia Sejmu &#8211; Marek Kuchci\u0144ski","isPartOf":{"@id":"https:\/\/marekkuchcinski.pl\/#website"},"primaryImageOfPage":{"@id":"https:\/\/marekkuchcinski.pl\/uk\/wydarzenia\/podsumowanie-63-posiedzenia-sejmu\/#primaryimage"},"image":{"@id":"https:\/\/marekkuchcinski.pl\/uk\/wydarzenia\/podsumowanie-63-posiedzenia-sejmu\/#primaryimage"},"thumbnailUrl":"https:\/\/marekkuchcinski.pl\/wp-content\/uploads\/2018\/06\/63-posie.jpg","datePublished":"2018-06-08T10:39:27+00:00","dateModified":"2018-06-08T10:39:44+00:00","breadcrumb":{"@id":"https:\/\/marekkuchcinski.pl\/uk\/wydarzenia\/podsumowanie-63-posiedzenia-sejmu\/#breadcrumb"},"inLanguage":"ro-RO","potentialAction":[{"@type":"ReadAction","target":["https:\/\/marekkuchcinski.pl\/uk\/wydarzenia\/podsumowanie-63-posiedzenia-sejmu\/"]}]},{"@type":"ImageObject","inLanguage":"ro-RO","@id":"https:\/\/marekkuchcinski.pl\/uk\/wydarzenia\/podsumowanie-63-posiedzenia-sejmu\/#primaryimage","url":"https:\/\/marekkuchcinski.pl\/wp-content\/uploads\/2018\/06\/63-posie.jpg","contentUrl":"https:\/\/marekkuchcinski.pl\/wp-content\/uploads\/2018\/06\/63-posie.jpg","width":2048,"height":1365},{"@type":"BreadcrumbList","@id":"https:\/\/marekkuchcinski.pl\/uk\/wydarzenia\/podsumowanie-63-posiedzenia-sejmu\/#breadcrumb","itemListElement":[{"@type":"ListItem","position":1,"name":"Strona g\u0142\u00f3wna","item":"https:\/\/marekkuchcinski.pl\/"},{"@type":"ListItem","position":2,"name":"Podsumowanie 63. posiedzenia Sejmu"}]},{"@type":"WebSite","@id":"https:\/\/marekkuchcinski.pl\/#website","url":"https:\/\/marekkuchcinski.pl\/","name":"Marek Kuchci\u0144ski","description":"Pose\u0142 na sejm RP &ndash; okr\u0119g nr 22","publisher":{"@id":"https:\/\/marekkuchcinski.pl\/#organization"},"potentialAction":[{"@type":"SearchAction","target":{"@type":"EntryPoint","urlTemplate":"https:\/\/marekkuchcinski.pl\/?s={search_term_string}"},"query-input":{"@type":"PropertyValueSpecification","valueRequired":true,"valueName":"search_term_string"}}],"inLanguage":"ro-RO"},{"@type":"Organization","@id":"https:\/\/marekkuchcinski.pl\/#organization","name":"Marek Kuchci\u0144ski","url":"https:\/\/marekkuchcinski.pl\/","logo":{"@type":"ImageObject","inLanguage":"ro-RO","@id":"https:\/\/marekkuchcinski.pl\/#\/schema\/logo\/image\/","url":"https:\/\/marekkuchcinski.pl\/wp-content\/uploads\/2022\/09\/Marek.jpg","contentUrl":"https:\/\/marekkuchcinski.pl\/wp-content\/uploads\/2022\/09\/Marek.jpg","width":1600,"height":971,"caption":"Marek Kuchci\u0144ski"},"image":{"@id":"https:\/\/marekkuchcinski.pl\/#\/schema\/logo\/image\/"}},{"@type":"Person","@id":"https:\/\/marekkuchcinski.pl\/#\/schema\/person\/6f62700996b4d950b6ea2d1183b6c6be","name":"admin","image":{"@type":"ImageObject","inLanguage":"ro-RO","@id":"https:\/\/marekkuchcinski.pl\/#\/schema\/person\/image\/","url":"https:\/\/secure.gravatar.com\/avatar\/4bab693b9d55c3d6b52c0296a8765085?s=96&d=mm&r=g","contentUrl":"https:\/\/secure.gravatar.com\/avatar\/4bab693b9d55c3d6b52c0296a8765085?s=96&d=mm&r=g","caption":"admin"},"url":"https:\/\/marekkuchcinski.pl\/ro\/author\/marta-olejnik\/"}]}},"_links":{"self":[{"href":"https:\/\/marekkuchcinski.pl\/ro\/wp-json\/wp\/v2\/posts\/9650","targetHints":{"allow":["GET"]}}],"collection":[{"href":"https:\/\/marekkuchcinski.pl\/ro\/wp-json\/wp\/v2\/posts"}],"about":[{"href":"https:\/\/marekkuchcinski.pl\/ro\/wp-json\/wp\/v2\/types\/post"}],"author":[{"embeddable":true,"href":"https:\/\/marekkuchcinski.pl\/ro\/wp-json\/wp\/v2\/users\/6"}],"replies":[{"embeddable":true,"href":"https:\/\/marekkuchcinski.pl\/ro\/wp-json\/wp\/v2\/comments?post=9650"}],"version-history":[{"count":7,"href":"https:\/\/marekkuchcinski.pl\/ro\/wp-json\/wp\/v2\/posts\/9650\/revisions"}],"predecessor-version":[{"id":9661,"href":"https:\/\/marekkuchcinski.pl\/ro\/wp-json\/wp\/v2\/posts\/9650\/revisions\/9661"}],"wp:featuredmedia":[{"embeddable":true,"href":"https:\/\/marekkuchcinski.pl\/ro\/wp-json\/wp\/v2\/media\/9651"}],"wp:attachment":[{"href":"https:\/\/marekkuchcinski.pl\/ro\/wp-json\/wp\/v2\/media?parent=9650"}],"wp:term":[{"taxonomy":"category","embeddable":true,"href":"https:\/\/marekkuchcinski.pl\/ro\/wp-json\/wp\/v2\/categories?post=9650"},{"taxonomy":"post_tag","embeddable":true,"href":"https:\/\/marekkuchcinski.pl\/ro\/wp-json\/wp\/v2\/tags?post=9650"}],"curies":[{"name":"wp","href":"https:\/\/api.w.org\/{rel}","templated":true}]}}