{"id":9617,"date":"2018-06-06T16:25:12","date_gmt":"2018-06-06T14:25:12","guid":{"rendered":"https:\/\/marekkuchcinski.pl\/?p=9617"},"modified":"2018-06-11T11:47:35","modified_gmt":"2018-06-11T09:47:35","slug":"podsumowanie-miesiaca-maj","status":"publish","type":"post","link":"https:\/\/marekkuchcinski.pl\/ro\/prawo-i-sprawiedliwosc\/podsumowanie-miesiaca-maj\/","title":{"rendered":"Rezumatul lunii: MAI"},"content":{"rendered":"<p style=\"text-align: center;\"><span style=\"color: #31729e;\"><strong>Miercuri, 2 mai<\/strong><\/span><\/p>\n<ul>\n<li><strong>SCRISOARE: <span style=\"color: #ff0000;\"><a style=\"color: #ff0000;\" href=\"https:\/\/marekkuchcinski.pl\/wp-content\/uploads\/2018\/06\/Dzie\u0144-Flagi.pdf\">Ziua Drapelului<\/a><\/span><\/strong><\/li>\n<\/ul>\n<p style=\"text-align: center;\"><span style=\"color: #2b6a78;\">\u00a0\u00a0\u00a0\u00a0 <span style=\"color: #3175a8;\"><strong>Joi, 3 mai<\/strong><\/span><\/span><\/p>\n<ul>\n<li style=\"text-align: left;\"><strong>Przemy\u015bl: S\u0103rb\u0103torirea Constitu\u021biei din 3 mai.\u00a0<\/strong>- Constitu\u021bia din 3 mai a fost opera Sejmului de patru ani, dar a fost \u0219i punctul culminant al multor ani de eforturi pentru repararea statului polonez, o expresie a \u00een\u021belepciunii colective a polonezilor care se str\u0103duiau s\u0103-\u0219i repare propriul stat cufundat \u00een criz\u0103 \u0219i o dovad\u0103 a posibilit\u0103\u021bii de a \u00eencheia un compromis \u00eentre maiestatea Republicii \u00een persoana regelui \u0219i na\u021biunea reprezentat\u0103 de deputa\u021bi \u0219i senatori\", a declarat Marek Kuchci\u0144ski. La ceremoniile de la monumentul care comemoreaz\u0103 Constitu\u021bia au participat \u0219i deputatul Andrzej Matusiewicz, deputatul Marek Rz\u0105sa, Voievodul de Podkarpacie Ewa Leniart, Lucyna Podhalicz, adjunctul Voievodului, W\u0142adys\u0142aw Ortyl, Mare\u0219alul Voievodatului, Piotr Pilch, adjunctul Mare\u0219alului \u0219i Robert Choma, primarul din Przemy\u015bl.<\/li>\n<\/ul>\n<p><a href=\"https:\/\/marekkuchcinski.pl\/wp-content\/uploads\/2018\/06\/KU316639.jpg\"><img fetchpriority=\"high\" decoding=\"async\" class=\"alignnone size-full wp-image-9618\" src=\"https:\/\/marekkuchcinski.pl\/wp-content\/uploads\/2018\/06\/KU316639.jpg\" alt=\"KU316639\" width=\"2736\" height=\"1824\" srcset=\"https:\/\/marekkuchcinski.pl\/wp-content\/uploads\/2018\/06\/KU316639.jpg 2048w, https:\/\/marekkuchcinski.pl\/wp-content\/uploads\/2018\/06\/KU316639-300x200.jpg 300w, https:\/\/marekkuchcinski.pl\/wp-content\/uploads\/2018\/06\/KU316639-768x512.jpg 768w, https:\/\/marekkuchcinski.pl\/wp-content\/uploads\/2018\/06\/KU316639-1024x683.jpg 1024w\" sizes=\"(max-width: 2736px) 100vw, 2736px\" \/><\/a><\/p>\n<ul>\n<li><strong>Przemy\u015bl: Pre\u0219edintele Sejm-ului a primit titlul de cet\u0103\u021bean de onoare al ora\u0219ului Przemy\u015bl.\u00a0<\/strong>Mare\u0219alul a dat asigur\u0103ri c\u0103 prin crearea \u0219i dezvoltarea unei noi politici parlamentare care vizeaz\u0103 dezvoltarea Poloniei \u00een Europa Central\u0103 \u0219i de Est, \u00een cadrul numeroaselor ini\u021biative interna\u021bionale legate de \u021b\u0103rile de la Visegrad \u0219i de macroregiunea Carpatic\u0103, \u00ee\u0219i propune s\u0103 consolideze \u0219i rolul Przemy\u015bl. \u00cen timpul ceremoniei, mare\u0219alul a fost \u00eenso\u021bit de Krystyna Wr\u00f3blewska, deputat, Anna Schmidt-Rodziewicz, deputat, Andrzej Matusiewicz, deputat, Andrzej Szlachta, Voievodul de Podkarpacie Ewa Leniart, vicevoievodul Lucyna Podhalicz, Mare\u0219alul Voievodatului W\u0142adys\u0142aw Ortyl, pre\u0219edintele ora\u0219ului Przemy\u015bl Robert Choma. O alocu\u021biune \u00een onoarea laureatului a fost rostit\u0103 de fostul senator, Dr. Jan Musia\u0142.<\/li>\n<\/ul>\n<p><a href=\"https:\/\/marekkuchcinski.pl\/wp-content\/uploads\/2018\/06\/KU317068.jpg\"><img decoding=\"async\" class=\"alignnone size-full wp-image-9619\" src=\"https:\/\/marekkuchcinski.pl\/wp-content\/uploads\/2018\/06\/KU317068.jpg\" alt=\"KU317068\" width=\"2736\" height=\"1824\" srcset=\"https:\/\/marekkuchcinski.pl\/wp-content\/uploads\/2018\/06\/KU317068.jpg 2048w, https:\/\/marekkuchcinski.pl\/wp-content\/uploads\/2018\/06\/KU317068-300x200.jpg 300w, https:\/\/marekkuchcinski.pl\/wp-content\/uploads\/2018\/06\/KU317068-768x512.jpg 768w, https:\/\/marekkuchcinski.pl\/wp-content\/uploads\/2018\/06\/KU317068-1024x683.jpg 1024w\" sizes=\"(max-width: 2736px) 100vw, 2736px\" \/><\/a><\/p>\n<p style=\"text-align: center;\"><span style=\"color: #3175a8;\"><strong>Luni, 7 mai<\/strong><\/span><\/p>\n<ul>\n<li><strong>Conducerea Cancelariei Sejm-ului<\/strong><\/li>\n<\/ul>\n<p style=\"text-align: center;\"><span style=\"color: #3175a8;\"><strong>Mar\u021bi, 8 mai - Joi, 10 mai<\/strong><\/span><\/p>\n<ul>\n<li><strong>Biroul Sejm-ului<\/strong><\/li>\n<li><strong>Conven\u021bia Seniorilor<\/strong><\/li>\n<li><strong>Cea de-a 62-a \u0219edin\u021b\u0103 a Parlamentului.\u00a0<\/strong>Adoptarea legii privind portul feroviar central \u0219i a legii privind sus\u021binerea noilor investi\u021bii, precum \u0219i modificarea legii privind reabilitarea profesional\u0103 \u0219i social\u0103 \u0219i angajarea persoanelor cu dizabilit\u0103\u021bi au fost cele mai importante puncte ale celei de-a treia \u0219i ultime zile a celei de-a 62-a sesiuni a Sejm-ului. De asemenea, Sejm-ul a modificat Legea privind exercitarea mandatului deputa\u021bilor \u0219i senatorilor, reduc\u00e2nd cu 20% indemniza\u021biile deputa\u021bilor \u0219i senatorilor, Legea privind protec\u021bia datelor cu caracter personal, a modificat legile privind Curtea Suprem\u0103, privind presta\u021biile \u00een numerar ale asigur\u0103rilor sociale \u00een caz de boal\u0103 \u0219i maternitate, precum \u0219i alte legi, Legea educa\u021biei, Legea privind sistemele de pensii ale angaja\u021bilor, Legea privind sistemul de evaluare a conformit\u0103\u021bii \u0219i sistemele de supraveghere a pie\u021bei, Legea privind impozitul pe profit \u0219i impozitul pe venit, Legea privind sprijinirea noilor investi\u021bii. \u00cen plus, deputa\u021bii europeni nu au fost de acord cu demiterea lui Marek Kuchci\u0144ski din func\u021bia de pre\u0219edinte al Sejm.<\/li>\n<\/ul>\n<p><a href=\"https:\/\/marekkuchcinski.pl\/wp-content\/uploads\/2018\/06\/KU317901-\u2014-kopia.jpg\"><img decoding=\"async\" class=\"alignnone size-full wp-image-9620\" src=\"https:\/\/marekkuchcinski.pl\/wp-content\/uploads\/2018\/06\/KU317901-\u2014-kopia.jpg\" alt=\"KU317901-\u2014-kopia\" width=\"2736\" height=\"1824\" srcset=\"https:\/\/marekkuchcinski.pl\/wp-content\/uploads\/2018\/06\/KU317901-\u2014-kopia.jpg 2048w, https:\/\/marekkuchcinski.pl\/wp-content\/uploads\/2018\/06\/KU317901-\u2014-kopia-300x200.jpg 300w, https:\/\/marekkuchcinski.pl\/wp-content\/uploads\/2018\/06\/KU317901-\u2014-kopia-768x512.jpg 768w, https:\/\/marekkuchcinski.pl\/wp-content\/uploads\/2018\/06\/KU317901-\u2014-kopia-1024x683.jpg 1024w\" sizes=\"(max-width: 2736px) 100vw, 2736px\" \/><\/a><\/p>\n<p style=\"text-align: center;\"><span style=\"color: #3175a8;\"><strong>Miercuri, 9 mai<\/strong><\/span><\/p>\n<ul>\n<li><strong>Prezentarea numirii doamnei deputat Agnieszka \u015acigaj \u00een func\u021bia de membru al Inspectoratului Na\u021bional de Munc\u0103<\/strong><\/li>\n<\/ul>\n<p><a href=\"https:\/\/marekkuchcinski.pl\/wp-content\/uploads\/2018\/06\/KU328393.jpg\"><img loading=\"lazy\" decoding=\"async\" class=\"alignnone size-full wp-image-9638\" src=\"https:\/\/marekkuchcinski.pl\/wp-content\/uploads\/2018\/06\/KU328393.jpg\" alt=\"KU328393\" width=\"1800\" height=\"1200\" srcset=\"https:\/\/marekkuchcinski.pl\/wp-content\/uploads\/2018\/06\/KU328393.jpg 1800w, https:\/\/marekkuchcinski.pl\/wp-content\/uploads\/2018\/06\/KU328393-300x200.jpg 300w, https:\/\/marekkuchcinski.pl\/wp-content\/uploads\/2018\/06\/KU328393-768x512.jpg 768w, https:\/\/marekkuchcinski.pl\/wp-content\/uploads\/2018\/06\/KU328393-1024x683.jpg 1024w\" sizes=\"(max-width: 1800px) 100vw, 1800px\" \/><\/a><\/p>\n<p style=\"text-align: center;\"><span style=\"color: #3175a8;\"><strong>Joi, 10 mai<\/strong><\/span><\/p>\n<ul>\n<li><strong>Sf\u00e2nta Liturghie la Biserica Seminarului \"Adormirea Maicii Domnului \u0219i Sf\u00e2ntul Iosif So\u021bul\" \u00een inten\u021bia victimelor catastrofei de la Smolensk<\/strong><\/li>\n<li><strong>Depuneri de flori la memorialul Smolensk din cimitirul Pow\u0105zki<\/strong><\/li>\n<\/ul>\n<p><a href=\"https:\/\/marekkuchcinski.pl\/wp-content\/uploads\/2018\/06\/Pow\u0105zki.jpg\"><img loading=\"lazy\" decoding=\"async\" class=\"aligncenter wp-image-9622\" src=\"https:\/\/marekkuchcinski.pl\/wp-content\/uploads\/2018\/06\/Pow\u0105zki.jpg\" alt=\"Pow\u0105zki\" width=\"1235\" height=\"839\" srcset=\"https:\/\/marekkuchcinski.pl\/wp-content\/uploads\/2018\/06\/Pow\u0105zki.jpg 599w, https:\/\/marekkuchcinski.pl\/wp-content\/uploads\/2018\/06\/Pow\u0105zki-300x204.jpg 300w\" sizes=\"(max-width: 1235px) 100vw, 1235px\" \/><\/a><\/p>\n<ul>\n<li><strong>Prezen\u021ba pre\u0219edintelui Sejm-ului la ceremonia de decernare a Premiului Custodelui Memoriei Na\u021bionale.<\/strong> C\u00e2\u0219tig\u0103torii din acest an ai Premiului Kustosz Pami\u0119ci sunt:Bogus\u0142aw Nizie\u0144ski - avocat, judec\u0103tor, activist social, soldat al Armatei Na\u021bionale, Marlena Piekarska-Olsz\u00f3wka - pre\u0219edinta Funda\u021biei \"Willa Jasny Dom\", popularizatoare a cuno\u0219tin\u021belor despre clandestinitatea independentist\u0103 anticomunist\u0103 de dup\u0103 cel de-al Doilea R\u0103zboi Mondial, Anna Rastawicka - propagatoare a \u00eenv\u0103\u021b\u0103turii Primatului Mileniului, Teatrul Popular Polonez din Lvov - care de ani de zile prezint\u0103 un bogat patrimoniu al culturii autohtone, continu\u00e2nd tradi\u021bia teatral\u0103 na\u021bional\u0103, Asocia\u021bia O\u021bel\u0103riei Pieniacka - care reune\u0219te supravie\u021buitori ai O\u021bel\u0103riei Pieniacka, familiile acestora \u0219i persoane care depun eforturi pentru a comemora \u00eentr-un mod demn victimele crimei.<\/li>\n<\/ul>\n<p><a href=\"https:\/\/marekkuchcinski.pl\/wp-content\/uploads\/2018\/06\/32191277_2074418652774353_4423198681402966016_o.jpg\"><img loading=\"lazy\" decoding=\"async\" class=\"alignnone size-full wp-image-9623\" src=\"https:\/\/marekkuchcinski.pl\/wp-content\/uploads\/2018\/06\/32191277_2074418652774353_4423198681402966016_o.jpg\" alt=\"32191277_2074418652774353_4423198681402966016_o\" width=\"2000\" height=\"1333\" srcset=\"https:\/\/marekkuchcinski.pl\/wp-content\/uploads\/2018\/06\/32191277_2074418652774353_4423198681402966016_o.jpg 2000w, https:\/\/marekkuchcinski.pl\/wp-content\/uploads\/2018\/06\/32191277_2074418652774353_4423198681402966016_o-300x200.jpg 300w, https:\/\/marekkuchcinski.pl\/wp-content\/uploads\/2018\/06\/32191277_2074418652774353_4423198681402966016_o-768x512.jpg 768w, https:\/\/marekkuchcinski.pl\/wp-content\/uploads\/2018\/06\/32191277_2074418652774353_4423198681402966016_o-1024x682.jpg 1024w\" sizes=\"(max-width: 2000px) 100vw, 2000px\" \/><\/a><\/p>\n<ul>\n<li><strong>\u00cent\u00e2lnire cu deputa\u021bii din regiunea Podkarpackie<\/strong><\/li>\n<li><strong>Conven\u021bia Seniorilor<\/strong><\/li>\n<li><strong>Conducerea Cancelariei Sejm-ului<\/strong><\/li>\n<li><strong>Voturi<\/strong><\/li>\n<li><strong>\u00cent\u00e2lnire cu pre\u0219edintele ceh Milosz Zeman.\u00a0<\/strong>- M\u0103 bucur c\u0103, \u00eempreun\u0103 cu Parlamentul ceh, \u00eemp\u0103rt\u0103\u0219im aceea\u0219i viziune asupra dezvolt\u0103rii Uniunii ca o Europ\u0103 a patriei, a statelor suverane, \u0219i nu a na\u021biunilor unificate\", a subliniat pre\u0219edintele Sejm-ului. Conversa\u021bia s-a axat, de asemenea, pe rela\u021biile tot mai intense dintre Polonia \u0219i Republica Ceh\u0103 la nivel parlamentar. Necesitatea de a reforma Uniunea European\u0103 \u0219i de a consolida cooperarea \u00eentre parlamentele din Grupul de la Vi\u0219egrad. De asemenea, pre\u0219edintele Sejm-ului a atras aten\u021bia asupra activit\u0103\u021bilor \u00eentreprinse la nivel parlamentar pentru a consolida cooperarea \u00een \u00eentreaga regiune a Europei Centrale \u0219i de Est.<\/li>\n<\/ul>\n<p><a href=\"https:\/\/marekkuchcinski.pl\/wp-content\/uploads\/2018\/06\/KU328814.jpg\"><img loading=\"lazy\" decoding=\"async\" class=\"alignnone size-full wp-image-9624\" src=\"https:\/\/marekkuchcinski.pl\/wp-content\/uploads\/2018\/06\/KU328814.jpg\" alt=\"KU328814\" width=\"1506\" height=\"808\" srcset=\"https:\/\/marekkuchcinski.pl\/wp-content\/uploads\/2018\/06\/KU328814.jpg 1506w, https:\/\/marekkuchcinski.pl\/wp-content\/uploads\/2018\/06\/KU328814-300x161.jpg 300w, https:\/\/marekkuchcinski.pl\/wp-content\/uploads\/2018\/06\/KU328814-768x412.jpg 768w, https:\/\/marekkuchcinski.pl\/wp-content\/uploads\/2018\/06\/KU328814-1024x549.jpg 1024w\" sizes=\"(max-width: 1506px) 100vw, 1506px\" \/><\/a><\/p>\n<p style=\"text-align: center;\"><span style=\"color: #31729e;\"><strong>Vineri, 11 mai<\/strong><\/span><\/p>\n<ul>\n<li><strong>Biroul Sejm-ului<\/strong><\/li>\n<li><strong>Conven\u021bia persoanelor \u00een v\u00e2rst\u0103<\/strong><\/li>\n<li><strong>\u00cent\u00e2lnire cu vicepre\u0219edintele Sejm-ului Ryszard Terlecki \u0219i cu directorul Jan Malicki<\/strong><\/li>\n<li><strong>\u00cent\u00e2lnire cu W\u0142adys\u0142aw Ortyl, Mare\u0219al al regiunii Podkarpackie<\/strong><\/li>\n<\/ul>\n<p style=\"text-align: center;\"><span style=\"color: #31729e;\"><strong>S\u00e2mb\u0103t\u0103, 12 mai<\/strong><\/span><\/p>\n<ul>\n<li><strong>Rezumatul \u0219i concluzia Ligii Podkarpacie a copiilor \u0219i tinerilor \u00een schi alpin - ceremonia de premiere<\/strong><\/li>\n<\/ul>\n<p><a href=\"https:\/\/marekkuchcinski.pl\/wp-content\/uploads\/2018\/06\/32266771_2075056576043894_3783368821973188608_n.jpg\"><img loading=\"lazy\" decoding=\"async\" class=\"alignnone size-full wp-image-9625\" src=\"https:\/\/marekkuchcinski.pl\/wp-content\/uploads\/2018\/06\/32266771_2075056576043894_3783368821973188608_n.jpg\" alt=\"32266771_2075056576043894_3783368821973188608_n\" width=\"953\" height=\"742\" srcset=\"https:\/\/marekkuchcinski.pl\/wp-content\/uploads\/2018\/06\/32266771_2075056576043894_3783368821973188608_n.jpg 953w, https:\/\/marekkuchcinski.pl\/wp-content\/uploads\/2018\/06\/32266771_2075056576043894_3783368821973188608_n-300x234.jpg 300w, https:\/\/marekkuchcinski.pl\/wp-content\/uploads\/2018\/06\/32266771_2075056576043894_3783368821973188608_n-768x598.jpg 768w\" sizes=\"(max-width: 953px) 100vw, 953px\" \/><\/a><\/p>\n<p style=\"text-align: center;\"><span style=\"color: #31729e;\"><strong>Duminic\u0103, 13 mai<\/strong><\/span><\/p>\n<ul>\n<li><strong>Kra\u015bnik \u0219i Pu\u0142awy: \u00eent\u00e2lnire cu locuitorii \u00een cadrul ac\u021biunii \"Polonia este una\".<\/strong> \u00cen timpul \u00eent\u00e2lnirii, printre subiectele discutate s-au num\u0103rat \"cei cinci Morawiecki\", propuneri pentru persoanele cu dizabilit\u0103\u021bi, politica istoric\u0103 \u0219i probleme locale, cum ar fi v\u00e2nzarea fabricii de rulmen\u021bi de pres\u0103 din Kra\u015bnik, cooperativele de locuin\u021be \u0219i gr\u0103dinile familiale. Speakerul a declarat, printre altele, c\u0103 \u00eei va cere pre\u0219edintelui s\u0103 se opun\u0103 prin veto proiectului de lege privind degradarea. C\u00e2nd a fost \u00eentrebat despre pensii, a spus c\u0103 acum este un moment bun pentru a lua \u00een considerare o modificare a valorii index\u0103rii.<\/li>\n<\/ul>\n<p><a href=\"https:\/\/marekkuchcinski.pl\/wp-content\/uploads\/2018\/06\/IMG_9700-Copy.jpg\"><img loading=\"lazy\" decoding=\"async\" class=\"alignnone size-full wp-image-9626\" src=\"https:\/\/marekkuchcinski.pl\/wp-content\/uploads\/2018\/06\/IMG_9700-Copy.jpg\" alt=\"IMG_9700 (Copy)\" width=\"2160\" height=\"1484\" srcset=\"https:\/\/marekkuchcinski.pl\/wp-content\/uploads\/2018\/06\/IMG_9700-Copy.jpg 2048w, https:\/\/marekkuchcinski.pl\/wp-content\/uploads\/2018\/06\/IMG_9700-Copy-300x206.jpg 300w, https:\/\/marekkuchcinski.pl\/wp-content\/uploads\/2018\/06\/IMG_9700-Copy-768x528.jpg 768w, https:\/\/marekkuchcinski.pl\/wp-content\/uploads\/2018\/06\/IMG_9700-Copy-1024x704.jpg 1024w\" sizes=\"(max-width: 2160px) 100vw, 2160px\" \/><\/a><\/p>\n<ul>\n<li><strong>\u00cen Galeria ARP din Castelul Krasiczyn a avut loc vernisajul expozi\u021biei care rezum\u0103 Trienala Interna\u021bional\u0103 de Pictur\u0103 Carpatic\u0103 \"Cadrilaterul de Argint\".<\/strong>\", organizat\u0103 pentru a zecea oar\u0103 de Galeria de Art\u0103 Contemporan\u0103 din Przemy\u015bl. - Expozi\u021bia \"The Future of Europe. Unitate \u00een diversitate\" arat\u0103 c\u00e2t de diferi\u021bi sunt oamenii \u0219i totu\u0219i c\u00e2t de bine pot coopera, c\u00e2t de bine se pot uni \u00een jurul unei idei comune. Ne str\u0103duim pentru o astfel de cooperare \u00een cadrul forumului politic al \u021b\u0103rilor V4, Mun\u021bii Carpa\u021bi. Dar, bine\u00een\u021beles, aceast\u0103 cooperare este cea mai frumoas\u0103 \u00een artele frumoase, \u00een muzic\u0103 \u0219i literatur\u0103. Cel mai bine se vede la \"Cadrilaterul de Argint\", care este organizat de at\u00e2\u021bia ani\", a declarat Marek Kuchci\u0144ski.<a href=\"https:\/\/marekkuchcinski.pl\/wp-content\/uploads\/2018\/06\/fot_G_Karnas__11777.jpg\"><img loading=\"lazy\" decoding=\"async\" class=\"alignnone size-full wp-image-9627\" src=\"https:\/\/marekkuchcinski.pl\/wp-content\/uploads\/2018\/06\/fot_G_Karnas__11777.jpg\" alt=\"fot_G_Karnas__11777\" width=\"4928\" height=\"3264\" srcset=\"https:\/\/marekkuchcinski.pl\/wp-content\/uploads\/2018\/06\/fot_G_Karnas__11777.jpg 2048w, https:\/\/marekkuchcinski.pl\/wp-content\/uploads\/2018\/06\/fot_G_Karnas__11777-300x199.jpg 300w, https:\/\/marekkuchcinski.pl\/wp-content\/uploads\/2018\/06\/fot_G_Karnas__11777-768x509.jpg 768w, https:\/\/marekkuchcinski.pl\/wp-content\/uploads\/2018\/06\/fot_G_Karnas__11777-1024x678.jpg 1024w\" sizes=\"(max-width: 4928px) 100vw, 4928px\" \/><\/a><\/li>\n<\/ul>\n<p style=\"text-align: center;\"><span style=\"color: #31729e;\"><strong>Luni, 14 mai<\/strong><\/span><\/p>\n<ul>\n<li><strong>\u00cent\u00e2lnire cu prim-ministrul ungar Viktor Orban.<\/strong> Prima vizit\u0103 extern\u0103 a premierului Orban dup\u0103 a treia victorie electoral\u0103 consecutiv\u0103 - o conversa\u021bie bun\u0103 \u00eentre prieteni despre urm\u0103torii patru ani de cooperare excelent\u0103 \u00eentre Polonia \u0219i Ungaria<\/li>\n<\/ul>\n<p><a href=\"https:\/\/marekkuchcinski.pl\/wp-content\/uploads\/2018\/06\/DdK9IC6WkAI_eEq.jpg\"><img loading=\"lazy\" decoding=\"async\" class=\"alignnone size-full wp-image-9628\" src=\"https:\/\/marekkuchcinski.pl\/wp-content\/uploads\/2018\/06\/DdK9IC6WkAI_eEq.jpg\" alt=\"DdK9IC6WkAI_eEq\" width=\"1200\" height=\"800\" srcset=\"https:\/\/marekkuchcinski.pl\/wp-content\/uploads\/2018\/06\/DdK9IC6WkAI_eEq.jpg 1200w, https:\/\/marekkuchcinski.pl\/wp-content\/uploads\/2018\/06\/DdK9IC6WkAI_eEq-300x200.jpg 300w, https:\/\/marekkuchcinski.pl\/wp-content\/uploads\/2018\/06\/DdK9IC6WkAI_eEq-768x512.jpg 768w, https:\/\/marekkuchcinski.pl\/wp-content\/uploads\/2018\/06\/DdK9IC6WkAI_eEq-1024x683.jpg 1024w\" sizes=\"(max-width: 1200px) 100vw, 1200px\" \/><\/a><\/p>\n<p style=\"text-align: center;\"><span style=\"color: #31729e;\"><strong>Miercuri, 16 mai<\/strong><\/span><\/p>\n<ul>\n<li><strong>Conducerea Cancelariei Sejm-ului<\/strong><\/li>\n<\/ul>\n<p style=\"text-align: center;\"><span style=\"color: #31729e;\"><strong>Joi, 17 mai<\/strong><\/span><\/p>\n<ul>\n<li><strong>Biroul Sejm-ului<\/strong><\/li>\n<\/ul>\n<p style=\"text-align: center;\"><span style=\"color: #31729e;\"><strong>Vineri, 18 mai<\/strong><\/span><\/p>\n<ul>\n<li><strong>Pre\u0219edintele Sejm-ului a \u00eenm\u00e2nat Medalia \"Curaj \u0219i credibilitate\"<\/strong> Medicul rom\u00e2n, activist social \u0219i pre\u0219edinte al Asocia\u021biei Medicilor Catolici din Rom\u00e2nia, Anca-Maria Cernea - pentru promovarea curajoas\u0103 \u0219i credibil\u0103 a culturii poloneze \u00een str\u0103in\u0103tate \u0219i pentru contribu\u021bia la crearea unei imagini pozitive a \u021b\u0103rii noastre<\/li>\n<\/ul>\n<p><a href=\"https:\/\/marekkuchcinski.pl\/wp-content\/uploads\/2018\/06\/32725600_2077757162440502_7274627099850178560_n-1.jpg\"><img loading=\"lazy\" decoding=\"async\" class=\"alignnone wp-image-9629\" src=\"https:\/\/marekkuchcinski.pl\/wp-content\/uploads\/2018\/06\/32725600_2077757162440502_7274627099850178560_n-1.jpg\" alt=\"32725600_2077757162440502_7274627099850178560_n\" width=\"1583\" height=\"1055\" srcset=\"https:\/\/marekkuchcinski.pl\/wp-content\/uploads\/2018\/06\/32725600_2077757162440502_7274627099850178560_n-1.jpg 960w, https:\/\/marekkuchcinski.pl\/wp-content\/uploads\/2018\/06\/32725600_2077757162440502_7274627099850178560_n-1-300x200.jpg 300w, https:\/\/marekkuchcinski.pl\/wp-content\/uploads\/2018\/06\/32725600_2077757162440502_7274627099850178560_n-1-768x512.jpg 768w\" sizes=\"(max-width: 1583px) 100vw, 1583px\" \/><\/a><\/p>\n<p style=\"text-align: center;\"><span style=\"color: #31729e;\"><strong>S\u00e2mb\u0103t\u0103, 19 mai<\/strong><\/span><\/p>\n<ul>\n<li><strong>Participarea pre\u0219edintelui Sejm-ului la inaugurarea Festivalului de Muzic\u0103 de la \u0141a\u0144cut.<\/strong> - Se poate avea impresia c\u0103 muzica, ca art\u0103 prezentat\u0103 aici, a \u00eencetat s\u0103 mai fie o form\u0103 de muzic\u0103 de camer\u0103, exclusiv din punct de vedere al \u00eenaltei culturi, adresat\u0103 unui grup restr\u00e2ns de destinatari, ci a devenit o anumit\u0103 form\u0103 de via\u021b\u0103 \u0219i de influen\u021bare a vie\u021bii \u00eentregii societ\u0103\u021bi, a \u00eentregii na\u021biuni. Aceasta este deschiderea care ofer\u0103 oportunit\u0103\u021bi \u0219i posibilit\u0103\u021bi pentru to\u021bi cet\u0103\u021benii Republicii Polone, ascult\u0103tori\", a declarat Marek Kuchci\u0144ski.<\/li>\n<\/ul>\n<p><a href=\"https:\/\/marekkuchcinski.pl\/wp-content\/uploads\/2018\/06\/60E0DF05-9FCA-452F-8F92-E79648706E23.jpeg\"><img loading=\"lazy\" decoding=\"async\" class=\"alignnone size-full wp-image-9630\" src=\"https:\/\/marekkuchcinski.pl\/wp-content\/uploads\/2018\/06\/60E0DF05-9FCA-452F-8F92-E79648706E23.jpeg\" alt=\"60E0DF05-9FCA-452F-8F92-E79648706E23\" width=\"1920\" height=\"1280\" srcset=\"https:\/\/marekkuchcinski.pl\/wp-content\/uploads\/2018\/06\/60E0DF05-9FCA-452F-8F92-E79648706E23.jpeg 1920w, https:\/\/marekkuchcinski.pl\/wp-content\/uploads\/2018\/06\/60E0DF05-9FCA-452F-8F92-E79648706E23-300x200.jpeg 300w, https:\/\/marekkuchcinski.pl\/wp-content\/uploads\/2018\/06\/60E0DF05-9FCA-452F-8F92-E79648706E23-768x512.jpeg 768w, https:\/\/marekkuchcinski.pl\/wp-content\/uploads\/2018\/06\/60E0DF05-9FCA-452F-8F92-E79648706E23-1024x683.jpeg 1024w\" sizes=\"(max-width: 1920px) 100vw, 1920px\" \/><\/a><\/p>\n<p style=\"text-align: center;\"><span style=\"color: #31729e;\"><strong>Duminic\u0103, 20 mai<\/strong><\/span><\/p>\n<ul>\n<li><strong><strong>\u00cent\u00e2lnire cu locuitorii din comunele Jedli\u0144sk \u0219i Koprzywnica. <\/strong><\/strong>Marek Kuchci\u0144ski a subliniat c\u0103, \u00een cei doi ani \u0219i jum\u0103tate de guvernare Lege \u0219i Justi\u021bie, programele \u0219i reformele anun\u021bate \u00een timpul campaniei au fost implementate cu succes. El s-a referit, de asemenea, la programul recent anun\u021bat de premierul Mateusz Morawiecki, \u00een special la propunerile din pachetul \"Accesibilitate Plus\", care prevede alocarea a 23 de miliarde de zlo\u021bi \u00een urm\u0103torii ani pentru solu\u021bii care s\u0103 faciliteze via\u021ba de zi cu zi a persoanelor cu dizabilit\u0103\u021bi, a persoanelor \u00een v\u00e2rst\u0103 sau a p\u0103rin\u021bilor cu copii mici. - Acestea sunt propuneri care vizeaz\u0103 lansarea diferitelor activit\u0103\u021bi \u00een arhitectura local\u0103, \u00een infrastructur\u0103\", a spus Kuchci\u0144ski. Regiunea Sandomierz este unul dintre cei mai mari produc\u0103tori \u0219i exportatori de mere din Polonia. \u00cen timpul \u00eent\u00e2lnirii cu pre\u0219edintele Sejm-ului, locuitorii au cerut sprijin pentru tradi\u021bia secular\u0103 a pomiculturii. De asemenea, s-a vorbit despre \u00eembun\u0103t\u0103\u021birea infrastructurii, despre fondul rutier al guvernului - 5 miliarde de zlo\u021bi, care va merge c\u0103tre administra\u021biile autonome ale comunelor \u0219i districtelor - pentru repararea \u0219i reconstruc\u021bia drumurilor.  Locuitorii erau interesa\u021bi de construc\u021bia unui pod peste Vistula, care s\u0103 lege regiunea Koprzywnica de voievodatul Podkarpacie. Pre\u0219edintele Sejm-ului a dat asigur\u0103ri c\u0103, dac\u0103 o astfel de necesitate va fi dovedit\u0103, o va sus\u021bine<\/li>\n<\/ul>\n<p><a href=\"https:\/\/marekkuchcinski.pl\/wp-content\/uploads\/2018\/06\/IMG_9400.jpg\"><img loading=\"lazy\" decoding=\"async\" class=\"alignnone size-full wp-image-9641\" src=\"https:\/\/marekkuchcinski.pl\/wp-content\/uploads\/2018\/06\/IMG_9400.jpg\" alt=\"IMG_9400\" width=\"1800\" height=\"1200\" srcset=\"https:\/\/marekkuchcinski.pl\/wp-content\/uploads\/2018\/06\/IMG_9400.jpg 1800w, https:\/\/marekkuchcinski.pl\/wp-content\/uploads\/2018\/06\/IMG_9400-300x200.jpg 300w, https:\/\/marekkuchcinski.pl\/wp-content\/uploads\/2018\/06\/IMG_9400-768x512.jpg 768w, https:\/\/marekkuchcinski.pl\/wp-content\/uploads\/2018\/06\/IMG_9400-1024x683.jpg 1024w\" sizes=\"(max-width: 1800px) 100vw, 1800px\" \/><\/a><\/p>\n<ul>\n<li><strong>Depunerea de flori la Zidul Mor\u021bii, \u00een memoria celor uci\u0219i \u00een timpul celui de-al Doilea R\u0103zboi Mondial<\/strong><\/li>\n<li><strong>Depunerea de flori la placa care comemoreaz\u0103 vizita regretatului pre\u0219edinte Lech Kaczy\u0144ski \u00een Koprzywnica<\/strong><\/li>\n<li><strong>Cin\u0103 cu organizatorii \u00eent\u00e2lnirii \u0219i cu preotul paroh Wies\u0142aw Surma<\/strong><\/li>\n<li><strong>Discurs de deschidere la aniversarea a 100 de ani de la restaurarea Independen\u021bei<\/strong><\/li>\n<\/ul>\n<p style=\"text-align: center;\"><span style=\"color: #31729e;\"><strong>Miercuri, 23 mai<\/strong><\/span><\/p>\n<ul>\n<li><strong>Praga: \u00cent\u00e2lnire \u00eentre prim-ministru \u0219i pre\u0219edintele Camerei Deputa\u021bilor.<\/strong> Politicienii au convenit c\u0103, \u00een primul r\u00e2nd, Polonia \u0219i Republica Ceh\u0103 ar trebui s\u0103 se ocupe de men\u021binerea bugetului UE \u00een ceea ce prive\u0219te politica de coeziune \u0219i politica agricol\u0103 comun\u0103. - Nu suntem de acord cu transferul de fonduri UE din Europa de Est c\u0103tre Europa de Sud. Polonia \u0219i Republica Ceh\u0103 ar trebui s\u0103 sublinieze cu t\u0103rie c\u0103 nu sunt de acord cu o astfel de mi\u0219care, deoarece aceasta va fi \u00een detrimentul \u021b\u0103rilor noastre \u0219i al Grupului de la Visegrad. Ar trebui s\u0103 vorbim pe o singur\u0103 voce \u00een aceast\u0103 problem\u0103 - a declarat Marek Kuchci\u0144ski. Pre\u0219edintele Sejm-ului s-a \u00eent\u00e2lnit, de asemenea, cu pre\u0219edintele Senatului ceh, Milan \u0160t\u011bch, \u0219i cu arhiepiscopul de Praga, cardinalul Dominik Duka.<\/li>\n<\/ul>\n<p><a href=\"https:\/\/marekkuchcinski.pl\/wp-content\/uploads\/2018\/06\/20180525_095527.jpg\"><img loading=\"lazy\" decoding=\"async\" class=\"alignnone size-full wp-image-9635\" src=\"https:\/\/marekkuchcinski.pl\/wp-content\/uploads\/2018\/06\/20180525_095527.jpg\" alt=\"20180525_095527\" width=\"2411\" height=\"1570\" srcset=\"https:\/\/marekkuchcinski.pl\/wp-content\/uploads\/2018\/06\/20180525_095527.jpg 2048w, https:\/\/marekkuchcinski.pl\/wp-content\/uploads\/2018\/06\/20180525_095527-300x195.jpg 300w, https:\/\/marekkuchcinski.pl\/wp-content\/uploads\/2018\/06\/20180525_095527-768x500.jpg 768w, https:\/\/marekkuchcinski.pl\/wp-content\/uploads\/2018\/06\/20180525_095527-1024x667.jpg 1024w\" sizes=\"(max-width: 2411px) 100vw, 2411px\" \/><\/a><\/p>\n<p style=\"text-align: center;\"><span style=\"color: #31729e;\"><strong>S\u00e2mb\u0103t\u0103, 26 mai<\/strong><\/span><\/p>\n<ul>\n<li><strong>\u00cent\u00e2lnire cu locuitorii din Nowy S\u0105cz \u0219i Sanok.<\/strong> \u00cen timpul \u00eent\u00e2lnirilor, pre\u0219edintele Parlamentului a subliniat c\u0103 Legea \u0219i Justi\u021bia acord\u0103 o mare importan\u021b\u0103 politicii pro-familie. \u00cen 2,5 ani, guvernul Lege \u0219i Justi\u021bie a introdus programul \"Familia 500+\", medicamente gratuite pentru persoanele \u00een v\u00e2rst\u0103, a redus v\u00e2rsta de pensionare, a restric\u021bionat comer\u021bul de duminic\u0103, a sporit eficien\u021ba colect\u0103rii pensiilor alimentare. \u00cen plus, a realizat o reform\u0103 a educa\u021biei, a administra\u021biei fiscale, a \u00eenceput o lupt\u0103 \u00eempotriva reprivatiz\u0103rii s\u0103lbatice. Pre\u0219edintele a reamintit c\u0103, \u00een urm\u0103 cu c\u00e2teva luni, premierul Mateusz Morawiecki a prezentat un program de m\u0103suri pentru schimbarea Poloniei \u00een cadrul unei conven\u021bii na\u021bionale la Var\u0219ovia. Printre revendic\u0103ri se num\u0103r\u0103 reducerea CIT pentru \u00eentreprinderile mici de la 15% la 9%, cel mai mic nivel din Uniunea European\u0103, introducerea unui mic fond de asigur\u0103ri sociale calculat propor\u021bional cu veniturile pentru companiile cu o cifr\u0103 de afaceri lunar\u0103 de p\u00e2n\u0103 la 2,5 salarii minime, o lad\u0103 de 300 de zlo\u021bi la \u00eenceputul anului \u0219colar pentru fiecare elev care \u00eencepe \u0219coala primar\u0103 \u0219i secundar\u0103, un nou fond pentru construc\u021bia de drumuri locale \u00een valoare de cel pu\u021bin 5 miliarde de zlo\u021bi, ceea ce \u00eenseamn\u0103 mii de kilometri de drumuri renovate \u00een sate, ora\u0219e mici, comune \u0219i districte, precum \u0219i programul Accesibilitate+ pentru eliminarea barierelor pentru persoanele cu handicap (peste 20 de miliarde de zlo\u021bi pe parcursul a 8 ani)<\/li>\n<\/ul>\n<p><a href=\"https:\/\/marekkuchcinski.pl\/wp-content\/uploads\/2018\/06\/20180526_175535.jpg\"><img loading=\"lazy\" decoding=\"async\" class=\"alignnone size-full wp-image-9632\" src=\"https:\/\/marekkuchcinski.pl\/wp-content\/uploads\/2018\/06\/20180526_175535.jpg\" alt=\"20180526_175535\" width=\"1980\" height=\"1155\" srcset=\"https:\/\/marekkuchcinski.pl\/wp-content\/uploads\/2018\/06\/20180526_175535.jpg 1980w, https:\/\/marekkuchcinski.pl\/wp-content\/uploads\/2018\/06\/20180526_175535-300x175.jpg 300w, https:\/\/marekkuchcinski.pl\/wp-content\/uploads\/2018\/06\/20180526_175535-768x448.jpg 768w, https:\/\/marekkuchcinski.pl\/wp-content\/uploads\/2018\/06\/20180526_175535-1024x597.jpg 1024w\" sizes=\"(max-width: 1980px) 100vw, 1980px\" \/><\/a><\/p>\n<p style=\"text-align: center;\"><span style=\"color: #31729e;\"><strong>Luni, 28 mai<\/strong><\/span><\/p>\n<ul>\n<li><strong>Sesiunea plenar\u0103 de prim\u0103var\u0103 a Adun\u0103rii Parlamentare a NATO.<\/strong> Dup\u0103 cum a subliniat pre\u0219edintele Sejm-ului, reuniunea a avut ca scop evaluarea situa\u021biei politice \u0219i de securitate \u0219i definirea sarcinilor pentru viitor, care vor constitui contribu\u021bia noastr\u0103 la summitul Alian\u021bei din iulie. Potrivit pre\u0219edintelui Kuchci\u0144ski, analiza st\u0103rii de securitate a comunit\u0103\u021bii atlantice nu inspir\u0103 optimism. - Amenin\u021b\u0103rile militare tradi\u021bionale au revenit \u00een multe regiuni, iar acum aceast\u0103 list\u0103 este \"\u00eembog\u0103\u021bit\u0103\" cu noi amenin\u021b\u0103ri de natur\u0103 hibrid\u0103 \u0219i \u00een sfera securit\u0103\u021bii cibernetice. \u00cei observ\u0103m clar pe flancul estic al Alian\u021bei\", a spus el.<\/li>\n<\/ul>\n<p><a href=\"https:\/\/marekkuchcinski.pl\/wp-content\/uploads\/2018\/06\/RZ__1640.jpg\"><img loading=\"lazy\" decoding=\"async\" class=\"alignnone size-full wp-image-9633\" src=\"https:\/\/marekkuchcinski.pl\/wp-content\/uploads\/2018\/06\/RZ__1640.jpg\" alt=\"RZ__1640\" width=\"2497\" height=\"1479\" srcset=\"https:\/\/marekkuchcinski.pl\/wp-content\/uploads\/2018\/06\/RZ__1640.jpg 2048w, https:\/\/marekkuchcinski.pl\/wp-content\/uploads\/2018\/06\/RZ__1640-300x178.jpg 300w, https:\/\/marekkuchcinski.pl\/wp-content\/uploads\/2018\/06\/RZ__1640-768x455.jpg 768w, https:\/\/marekkuchcinski.pl\/wp-content\/uploads\/2018\/06\/RZ__1640-1024x607.jpg 1024w\" sizes=\"(max-width: 2497px) 100vw, 2497px\" \/><\/a><\/p>\n<p style=\"text-align: center;\"><span style=\"color: #31729e;\"><strong>Mar\u021bi, 29 mai<\/strong><\/span><\/p>\n<ul>\n<li><strong>Vizit\u0103 \u00een Suedia.<\/strong> \u00cen timpul unei vizite de o zi la Stockholm, pre\u0219edintele Sejm-ului s-a \u00eent\u00e2lnit cu Regele Carl al XVI-lea Gustav al Suediei, cu pre\u0219edintele Riksdag-ului, Urban Ahlin, cu prim-vicepre\u0219edintele Rikstag-ului, Ewa Thalen Finne, cu ministrul de externe Margot Wallstroem \u0219i cu ministrul ap\u0103r\u0103rii Peter Hultqvist. Marek Kuchci\u0144ski a reamintit solidaritatea de care a dat dovad\u0103 Suedia fa\u021b\u0103 de Polonia \u00een timpul legii mar\u021biale \u0219i a subliniat bunele rela\u021bii de lung\u0103 durat\u0103 dintre \u021b\u0103rile noastre. Potrivit mare\u0219alului, aceasta este o baz\u0103 bun\u0103 pentru ini\u021biative comune. Principalele subiecte ale discu\u021biilor au inclus chestiunea securit\u0103\u021bii: securitatea energetic\u0103 - \u00een contextul construc\u021biei Nord Stream 2 - \u0219i \u00een contextul ap\u0103r\u0103rii \u00eempotriva agresiunii ruse\u0219ti, respectiv cooperarea dintre \u021b\u0103rile baltice \u0219i NATO, precum \u0219i consolidarea Parteneriatului Estic.<\/li>\n<\/ul>\n<p><a href=\"https:\/\/marekkuchcinski.pl\/wp-content\/uploads\/2018\/06\/KU333691.jpg\"><img loading=\"lazy\" decoding=\"async\" class=\"alignnone size-full wp-image-9634\" src=\"https:\/\/marekkuchcinski.pl\/wp-content\/uploads\/2018\/06\/KU333691.jpg\" alt=\"KU333691\" width=\"1800\" height=\"1200\" srcset=\"https:\/\/marekkuchcinski.pl\/wp-content\/uploads\/2018\/06\/KU333691.jpg 1800w, https:\/\/marekkuchcinski.pl\/wp-content\/uploads\/2018\/06\/KU333691-300x200.jpg 300w, https:\/\/marekkuchcinski.pl\/wp-content\/uploads\/2018\/06\/KU333691-768x512.jpg 768w, https:\/\/marekkuchcinski.pl\/wp-content\/uploads\/2018\/06\/KU333691-1024x683.jpg 1024w\" sizes=\"(max-width: 1800px) 100vw, 1800px\" \/><\/a><\/p>\n<p style=\"text-align: center;\"><span style=\"color: #31729e;\"><strong>Miercuri, 30 mai<\/strong><\/span><\/p>\n<ul>\n<li><strong>Convorbire telefonic\u0103 cu pre\u0219edintele Parlamentului croat<\/strong><\/li>\n<\/ul>\n<p style=\"text-align: center;\"><span style=\"color: #31729e;\"><strong>Joi, 31 mai<\/strong><\/span><\/p>\n<ul>\n<li><strong>Przemy\u015bl: Corpus Christi.<\/strong> Participarea pre\u0219edintelui Sejm-ului la o slujb\u0103 religioas\u0103<\/li>\n<\/ul>\n<p>&nbsp;<\/p>\n<p>&nbsp;<\/p>\n<p>&nbsp;<\/p>\n<p>&nbsp;<\/p>\n<p>&nbsp;<\/p>\n<p>&nbsp;<\/p>\n<p>&nbsp;<\/p>\n<p>&nbsp;<\/p>\n<p>&nbsp;<\/p>\n<p>&nbsp;<\/p>\n<p>&nbsp;<\/p>\n<p>&nbsp;<\/p>\n<p>&nbsp;<\/p>\n<p>&nbsp;<\/p>\n<p>&nbsp;<\/p>\n<p>&nbsp;<\/p>","protected":false},"excerpt":{"rendered":"<p>\u015broda, 2 maja LIST: Dzie\u0144 Flagi \u00a0\u00a0\u00a0\u00a0 czwartek, 3 maja Przemy\u015bl: Obchody \u015awi\u0119ta Konstytucji 3 maja.\u00a0\u2013 Konstytucja 3 maja by\u0142a dzie\u0142em Sejmu Czteroletniego, ale by\u0142a tak\u017ce zwie\u0144czeniem wieloletnich wysi\u0142k\u00f3w naprawy pa\u0144stwa polskiego, wyrazem m\u0105dro\u015bci zbiorowej Polak\u00f3w, d\u0105\u017c\u0105cych do naprawy w\u0142asnego pa\u0144stwa pogr\u0105\u017conego w kryzysie oraz\u00a0dowodem na mo\u017cliwo\u015b\u0107 zawarcia kompromisu mi\u0119dzy majestatem Rzeczypospolitej w osobie kr\u00f3la [&hellip;]<\/p>","protected":false},"author":6,"featured_media":9642,"comment_status":"open","ping_status":"open","sticky":false,"template":"","format":"standard","meta":{"ngg_post_thumbnail":0,"footnotes":""},"categories":[127,82,3],"tags":[],"class_list":["post-9617","post","type-post","status-publish","format-standard","has-post-thumbnail","hentry","category-podsumowaniemiesiaca","category-prawo-i-sprawiedliwosc","category-wydarzenia"],"yoast_head":"<!-- This site is optimized with the Yoast SEO plugin v24.7 - https:\/\/yoast.com\/wordpress\/plugins\/seo\/ -->\n<title>Podsumowanie miesi\u0105ca: MAJ &#8211; Marek Kuchci\u0144ski<\/title>\n<meta name=\"robots\" content=\"index, follow, max-snippet:-1, max-image-preview:large, max-video-preview:-1\" \/>\n<link rel=\"canonical\" href=\"https:\/\/marekkuchcinski.pl\/ro\/prawo-i-sprawiedliwosc\/podsumowanie-miesiaca-maj\/\" \/>\n<meta property=\"og:locale\" content=\"ro_RO\" \/>\n<meta property=\"og:type\" content=\"article\" \/>\n<meta property=\"og:title\" content=\"Podsumowanie miesi\u0105ca: MAJ &#8211; Marek Kuchci\u0144ski\" \/>\n<meta property=\"og:description\" content=\"\u015broda, 2 maja LIST: Dzie\u0144 Flagi \u00a0\u00a0\u00a0\u00a0 czwartek, 3 maja Przemy\u015bl: Obchody \u015awi\u0119ta Konstytucji 3 maja.\u00a0\u2013 Konstytucja 3 maja by\u0142a dzie\u0142em Sejmu Czteroletniego, ale by\u0142a tak\u017ce zwie\u0144czeniem wieloletnich wysi\u0142k\u00f3w naprawy pa\u0144stwa polskiego, wyrazem m\u0105dro\u015bci zbiorowej Polak\u00f3w, d\u0105\u017c\u0105cych do naprawy w\u0142asnego pa\u0144stwa pogr\u0105\u017conego w kryzysie oraz\u00a0dowodem na mo\u017cliwo\u015b\u0107 zawarcia kompromisu mi\u0119dzy majestatem Rzeczypospolitej w osobie kr\u00f3la [&hellip;]\" \/>\n<meta property=\"og:url\" content=\"https:\/\/marekkuchcinski.pl\/ro\/prawo-i-sprawiedliwosc\/podsumowanie-miesiaca-maj\/\" \/>\n<meta property=\"og:site_name\" content=\"Marek Kuchci\u0144ski\" \/>\n<meta property=\"article:published_time\" content=\"2018-06-06T14:25:12+00:00\" \/>\n<meta property=\"article:modified_time\" content=\"2018-06-11T09:47:35+00:00\" \/>\n<meta property=\"og:image\" content=\"https:\/\/marekkuchcinski.pl\/wp-content\/uploads\/2018\/06\/KU317068-1.jpg\" \/>\n\t<meta property=\"og:image:width\" content=\"1901\" \/>\n\t<meta property=\"og:image:height\" content=\"1342\" \/>\n\t<meta property=\"og:image:type\" content=\"image\/jpeg\" \/>\n<meta name=\"author\" content=\"admin\" \/>\n<meta name=\"twitter:card\" content=\"summary_large_image\" \/>\n<meta name=\"twitter:label1\" content=\"Scris de\" \/>\n\t<meta name=\"twitter:data1\" content=\"admin\" \/>\n\t<meta name=\"twitter:label2\" content=\"Timp estimat pentru citire\" \/>\n\t<meta name=\"twitter:data2\" content=\"10 minutes\" \/>\n<script type=\"application\/ld+json\" class=\"yoast-schema-graph\">{\"@context\":\"https:\/\/schema.org\",\"@graph\":[{\"@type\":\"Article\",\"@id\":\"https:\/\/marekkuchcinski.pl\/prawo-i-sprawiedliwosc\/podsumowanie-miesiaca-maj\/#article\",\"isPartOf\":{\"@id\":\"https:\/\/marekkuchcinski.pl\/prawo-i-sprawiedliwosc\/podsumowanie-miesiaca-maj\/\"},\"author\":{\"name\":\"admin\",\"@id\":\"https:\/\/marekkuchcinski.pl\/#\/schema\/person\/6f62700996b4d950b6ea2d1183b6c6be\"},\"headline\":\"Podsumowanie miesi\u0105ca: MAJ\",\"datePublished\":\"2018-06-06T14:25:12+00:00\",\"dateModified\":\"2018-06-11T09:47:35+00:00\",\"mainEntityOfPage\":{\"@id\":\"https:\/\/marekkuchcinski.pl\/prawo-i-sprawiedliwosc\/podsumowanie-miesiaca-maj\/\"},\"wordCount\":1967,\"commentCount\":0,\"publisher\":{\"@id\":\"https:\/\/marekkuchcinski.pl\/#organization\"},\"image\":{\"@id\":\"https:\/\/marekkuchcinski.pl\/prawo-i-sprawiedliwosc\/podsumowanie-miesiaca-maj\/#primaryimage\"},\"thumbnailUrl\":\"https:\/\/marekkuchcinski.pl\/wp-content\/uploads\/2018\/06\/KU317068-1.jpg\",\"articleSection\":[\"Podsumowanie miesi\u0105ca\",\"Prawo i Sprawiedliwo\u015b\u0107\",\"Wydarzenia\"],\"inLanguage\":\"ro-RO\",\"potentialAction\":[{\"@type\":\"CommentAction\",\"name\":\"Comment\",\"target\":[\"https:\/\/marekkuchcinski.pl\/prawo-i-sprawiedliwosc\/podsumowanie-miesiaca-maj\/#respond\"]}]},{\"@type\":\"WebPage\",\"@id\":\"https:\/\/marekkuchcinski.pl\/prawo-i-sprawiedliwosc\/podsumowanie-miesiaca-maj\/\",\"url\":\"https:\/\/marekkuchcinski.pl\/prawo-i-sprawiedliwosc\/podsumowanie-miesiaca-maj\/\",\"name\":\"Podsumowanie miesi\u0105ca: MAJ &#8211; Marek Kuchci\u0144ski\",\"isPartOf\":{\"@id\":\"https:\/\/marekkuchcinski.pl\/#website\"},\"primaryImageOfPage\":{\"@id\":\"https:\/\/marekkuchcinski.pl\/prawo-i-sprawiedliwosc\/podsumowanie-miesiaca-maj\/#primaryimage\"},\"image\":{\"@id\":\"https:\/\/marekkuchcinski.pl\/prawo-i-sprawiedliwosc\/podsumowanie-miesiaca-maj\/#primaryimage\"},\"thumbnailUrl\":\"https:\/\/marekkuchcinski.pl\/wp-content\/uploads\/2018\/06\/KU317068-1.jpg\",\"datePublished\":\"2018-06-06T14:25:12+00:00\",\"dateModified\":\"2018-06-11T09:47:35+00:00\",\"breadcrumb\":{\"@id\":\"https:\/\/marekkuchcinski.pl\/prawo-i-sprawiedliwosc\/podsumowanie-miesiaca-maj\/#breadcrumb\"},\"inLanguage\":\"ro-RO\",\"potentialAction\":[{\"@type\":\"ReadAction\",\"target\":[\"https:\/\/marekkuchcinski.pl\/prawo-i-sprawiedliwosc\/podsumowanie-miesiaca-maj\/\"]}]},{\"@type\":\"ImageObject\",\"inLanguage\":\"ro-RO\",\"@id\":\"https:\/\/marekkuchcinski.pl\/prawo-i-sprawiedliwosc\/podsumowanie-miesiaca-maj\/#primaryimage\",\"url\":\"https:\/\/marekkuchcinski.pl\/wp-content\/uploads\/2018\/06\/KU317068-1.jpg\",\"contentUrl\":\"https:\/\/marekkuchcinski.pl\/wp-content\/uploads\/2018\/06\/KU317068-1.jpg\",\"width\":1901,\"height\":1342},{\"@type\":\"BreadcrumbList\",\"@id\":\"https:\/\/marekkuchcinski.pl\/prawo-i-sprawiedliwosc\/podsumowanie-miesiaca-maj\/#breadcrumb\",\"itemListElement\":[{\"@type\":\"ListItem\",\"position\":1,\"name\":\"Strona g\u0142\u00f3wna\",\"item\":\"https:\/\/marekkuchcinski.pl\/\"},{\"@type\":\"ListItem\",\"position\":2,\"name\":\"Podsumowanie miesi\u0105ca: MAJ\"}]},{\"@type\":\"WebSite\",\"@id\":\"https:\/\/marekkuchcinski.pl\/#website\",\"url\":\"https:\/\/marekkuchcinski.pl\/\",\"name\":\"Marek Kuchci\u0144ski\",\"description\":\"Pose\u0142 na sejm RP &ndash; okr\u0119g nr 22\",\"publisher\":{\"@id\":\"https:\/\/marekkuchcinski.pl\/#organization\"},\"potentialAction\":[{\"@type\":\"SearchAction\",\"target\":{\"@type\":\"EntryPoint\",\"urlTemplate\":\"https:\/\/marekkuchcinski.pl\/?s={search_term_string}\"},\"query-input\":{\"@type\":\"PropertyValueSpecification\",\"valueRequired\":true,\"valueName\":\"search_term_string\"}}],\"inLanguage\":\"ro-RO\"},{\"@type\":\"Organization\",\"@id\":\"https:\/\/marekkuchcinski.pl\/#organization\",\"name\":\"Marek Kuchci\u0144ski\",\"url\":\"https:\/\/marekkuchcinski.pl\/\",\"logo\":{\"@type\":\"ImageObject\",\"inLanguage\":\"ro-RO\",\"@id\":\"https:\/\/marekkuchcinski.pl\/#\/schema\/logo\/image\/\",\"url\":\"https:\/\/marekkuchcinski.pl\/wp-content\/uploads\/2022\/09\/Marek.jpg\",\"contentUrl\":\"https:\/\/marekkuchcinski.pl\/wp-content\/uploads\/2022\/09\/Marek.jpg\",\"width\":1600,\"height\":971,\"caption\":\"Marek Kuchci\u0144ski\"},\"image\":{\"@id\":\"https:\/\/marekkuchcinski.pl\/#\/schema\/logo\/image\/\"}},{\"@type\":\"Person\",\"@id\":\"https:\/\/marekkuchcinski.pl\/#\/schema\/person\/6f62700996b4d950b6ea2d1183b6c6be\",\"name\":\"admin\",\"image\":{\"@type\":\"ImageObject\",\"inLanguage\":\"ro-RO\",\"@id\":\"https:\/\/marekkuchcinski.pl\/#\/schema\/person\/image\/\",\"url\":\"https:\/\/secure.gravatar.com\/avatar\/4bab693b9d55c3d6b52c0296a8765085?s=96&d=mm&r=g\",\"contentUrl\":\"https:\/\/secure.gravatar.com\/avatar\/4bab693b9d55c3d6b52c0296a8765085?s=96&d=mm&r=g\",\"caption\":\"admin\"},\"url\":\"https:\/\/marekkuchcinski.pl\/ro\/author\/marta-olejnik\/\"}]}<\/script>\n<!-- \/ Yoast SEO plugin. -->","yoast_head_json":{"title":"Podsumowanie miesi\u0105ca: MAJ &#8211; Marek Kuchci\u0144ski","robots":{"index":"index","follow":"follow","max-snippet":"max-snippet:-1","max-image-preview":"max-image-preview:large","max-video-preview":"max-video-preview:-1"},"canonical":"https:\/\/marekkuchcinski.pl\/ro\/prawo-i-sprawiedliwosc\/podsumowanie-miesiaca-maj\/","og_locale":"ro_RO","og_type":"article","og_title":"Podsumowanie miesi\u0105ca: MAJ &#8211; Marek Kuchci\u0144ski","og_description":"\u015broda, 2 maja LIST: Dzie\u0144 Flagi \u00a0\u00a0\u00a0\u00a0 czwartek, 3 maja Przemy\u015bl: Obchody \u015awi\u0119ta Konstytucji 3 maja.\u00a0\u2013 Konstytucja 3 maja by\u0142a dzie\u0142em Sejmu Czteroletniego, ale by\u0142a tak\u017ce zwie\u0144czeniem wieloletnich wysi\u0142k\u00f3w naprawy pa\u0144stwa polskiego, wyrazem m\u0105dro\u015bci zbiorowej Polak\u00f3w, d\u0105\u017c\u0105cych do naprawy w\u0142asnego pa\u0144stwa pogr\u0105\u017conego w kryzysie oraz\u00a0dowodem na mo\u017cliwo\u015b\u0107 zawarcia kompromisu mi\u0119dzy majestatem Rzeczypospolitej w osobie kr\u00f3la [&hellip;]","og_url":"https:\/\/marekkuchcinski.pl\/ro\/prawo-i-sprawiedliwosc\/podsumowanie-miesiaca-maj\/","og_site_name":"Marek Kuchci\u0144ski","article_published_time":"2018-06-06T14:25:12+00:00","article_modified_time":"2018-06-11T09:47:35+00:00","og_image":[{"width":1901,"height":1342,"url":"https:\/\/marekkuchcinski.pl\/wp-content\/uploads\/2018\/06\/KU317068-1.jpg","type":"image\/jpeg"}],"author":"admin","twitter_card":"summary_large_image","twitter_misc":{"Scris de":"admin","Timp estimat pentru citire":"10 minutes"},"schema":{"@context":"https:\/\/schema.org","@graph":[{"@type":"Article","@id":"https:\/\/marekkuchcinski.pl\/prawo-i-sprawiedliwosc\/podsumowanie-miesiaca-maj\/#article","isPartOf":{"@id":"https:\/\/marekkuchcinski.pl\/prawo-i-sprawiedliwosc\/podsumowanie-miesiaca-maj\/"},"author":{"name":"admin","@id":"https:\/\/marekkuchcinski.pl\/#\/schema\/person\/6f62700996b4d950b6ea2d1183b6c6be"},"headline":"Podsumowanie miesi\u0105ca: MAJ","datePublished":"2018-06-06T14:25:12+00:00","dateModified":"2018-06-11T09:47:35+00:00","mainEntityOfPage":{"@id":"https:\/\/marekkuchcinski.pl\/prawo-i-sprawiedliwosc\/podsumowanie-miesiaca-maj\/"},"wordCount":1967,"commentCount":0,"publisher":{"@id":"https:\/\/marekkuchcinski.pl\/#organization"},"image":{"@id":"https:\/\/marekkuchcinski.pl\/prawo-i-sprawiedliwosc\/podsumowanie-miesiaca-maj\/#primaryimage"},"thumbnailUrl":"https:\/\/marekkuchcinski.pl\/wp-content\/uploads\/2018\/06\/KU317068-1.jpg","articleSection":["Podsumowanie miesi\u0105ca","Prawo i Sprawiedliwo\u015b\u0107","Wydarzenia"],"inLanguage":"ro-RO","potentialAction":[{"@type":"CommentAction","name":"Comment","target":["https:\/\/marekkuchcinski.pl\/prawo-i-sprawiedliwosc\/podsumowanie-miesiaca-maj\/#respond"]}]},{"@type":"WebPage","@id":"https:\/\/marekkuchcinski.pl\/prawo-i-sprawiedliwosc\/podsumowanie-miesiaca-maj\/","url":"https:\/\/marekkuchcinski.pl\/prawo-i-sprawiedliwosc\/podsumowanie-miesiaca-maj\/","name":"Podsumowanie miesi\u0105ca: MAJ &#8211; Marek Kuchci\u0144ski","isPartOf":{"@id":"https:\/\/marekkuchcinski.pl\/#website"},"primaryImageOfPage":{"@id":"https:\/\/marekkuchcinski.pl\/prawo-i-sprawiedliwosc\/podsumowanie-miesiaca-maj\/#primaryimage"},"image":{"@id":"https:\/\/marekkuchcinski.pl\/prawo-i-sprawiedliwosc\/podsumowanie-miesiaca-maj\/#primaryimage"},"thumbnailUrl":"https:\/\/marekkuchcinski.pl\/wp-content\/uploads\/2018\/06\/KU317068-1.jpg","datePublished":"2018-06-06T14:25:12+00:00","dateModified":"2018-06-11T09:47:35+00:00","breadcrumb":{"@id":"https:\/\/marekkuchcinski.pl\/prawo-i-sprawiedliwosc\/podsumowanie-miesiaca-maj\/#breadcrumb"},"inLanguage":"ro-RO","potentialAction":[{"@type":"ReadAction","target":["https:\/\/marekkuchcinski.pl\/prawo-i-sprawiedliwosc\/podsumowanie-miesiaca-maj\/"]}]},{"@type":"ImageObject","inLanguage":"ro-RO","@id":"https:\/\/marekkuchcinski.pl\/prawo-i-sprawiedliwosc\/podsumowanie-miesiaca-maj\/#primaryimage","url":"https:\/\/marekkuchcinski.pl\/wp-content\/uploads\/2018\/06\/KU317068-1.jpg","contentUrl":"https:\/\/marekkuchcinski.pl\/wp-content\/uploads\/2018\/06\/KU317068-1.jpg","width":1901,"height":1342},{"@type":"BreadcrumbList","@id":"https:\/\/marekkuchcinski.pl\/prawo-i-sprawiedliwosc\/podsumowanie-miesiaca-maj\/#breadcrumb","itemListElement":[{"@type":"ListItem","position":1,"name":"Strona g\u0142\u00f3wna","item":"https:\/\/marekkuchcinski.pl\/"},{"@type":"ListItem","position":2,"name":"Podsumowanie miesi\u0105ca: MAJ"}]},{"@type":"WebSite","@id":"https:\/\/marekkuchcinski.pl\/#website","url":"https:\/\/marekkuchcinski.pl\/","name":"Marek Kuchci\u0144ski","description":"Pose\u0142 na sejm RP &ndash; okr\u0119g nr 22","publisher":{"@id":"https:\/\/marekkuchcinski.pl\/#organization"},"potentialAction":[{"@type":"SearchAction","target":{"@type":"EntryPoint","urlTemplate":"https:\/\/marekkuchcinski.pl\/?s={search_term_string}"},"query-input":{"@type":"PropertyValueSpecification","valueRequired":true,"valueName":"search_term_string"}}],"inLanguage":"ro-RO"},{"@type":"Organization","@id":"https:\/\/marekkuchcinski.pl\/#organization","name":"Marek Kuchci\u0144ski","url":"https:\/\/marekkuchcinski.pl\/","logo":{"@type":"ImageObject","inLanguage":"ro-RO","@id":"https:\/\/marekkuchcinski.pl\/#\/schema\/logo\/image\/","url":"https:\/\/marekkuchcinski.pl\/wp-content\/uploads\/2022\/09\/Marek.jpg","contentUrl":"https:\/\/marekkuchcinski.pl\/wp-content\/uploads\/2022\/09\/Marek.jpg","width":1600,"height":971,"caption":"Marek Kuchci\u0144ski"},"image":{"@id":"https:\/\/marekkuchcinski.pl\/#\/schema\/logo\/image\/"}},{"@type":"Person","@id":"https:\/\/marekkuchcinski.pl\/#\/schema\/person\/6f62700996b4d950b6ea2d1183b6c6be","name":"admin","image":{"@type":"ImageObject","inLanguage":"ro-RO","@id":"https:\/\/marekkuchcinski.pl\/#\/schema\/person\/image\/","url":"https:\/\/secure.gravatar.com\/avatar\/4bab693b9d55c3d6b52c0296a8765085?s=96&d=mm&r=g","contentUrl":"https:\/\/secure.gravatar.com\/avatar\/4bab693b9d55c3d6b52c0296a8765085?s=96&d=mm&r=g","caption":"admin"},"url":"https:\/\/marekkuchcinski.pl\/ro\/author\/marta-olejnik\/"}]}},"_links":{"self":[{"href":"https:\/\/marekkuchcinski.pl\/ro\/wp-json\/wp\/v2\/posts\/9617","targetHints":{"allow":["GET"]}}],"collection":[{"href":"https:\/\/marekkuchcinski.pl\/ro\/wp-json\/wp\/v2\/posts"}],"about":[{"href":"https:\/\/marekkuchcinski.pl\/ro\/wp-json\/wp\/v2\/types\/post"}],"author":[{"embeddable":true,"href":"https:\/\/marekkuchcinski.pl\/ro\/wp-json\/wp\/v2\/users\/6"}],"replies":[{"embeddable":true,"href":"https:\/\/marekkuchcinski.pl\/ro\/wp-json\/wp\/v2\/comments?post=9617"}],"version-history":[{"count":11,"href":"https:\/\/marekkuchcinski.pl\/ro\/wp-json\/wp\/v2\/posts\/9617\/revisions"}],"predecessor-version":[{"id":9677,"href":"https:\/\/marekkuchcinski.pl\/ro\/wp-json\/wp\/v2\/posts\/9617\/revisions\/9677"}],"wp:featuredmedia":[{"embeddable":true,"href":"https:\/\/marekkuchcinski.pl\/ro\/wp-json\/wp\/v2\/media\/9642"}],"wp:attachment":[{"href":"https:\/\/marekkuchcinski.pl\/ro\/wp-json\/wp\/v2\/media?parent=9617"}],"wp:term":[{"taxonomy":"category","embeddable":true,"href":"https:\/\/marekkuchcinski.pl\/ro\/wp-json\/wp\/v2\/categories?post=9617"},{"taxonomy":"post_tag","embeddable":true,"href":"https:\/\/marekkuchcinski.pl\/ro\/wp-json\/wp\/v2\/tags?post=9617"}],"curies":[{"name":"wp","href":"https:\/\/api.w.org\/{rel}","templated":true}]}}