{"id":9560,"date":"2018-05-28T13:06:54","date_gmt":"2018-05-28T11:06:54","guid":{"rendered":"https:\/\/marekkuchcinski.pl\/?p=9560"},"modified":"2018-05-28T13:06:54","modified_gmt":"2018-05-28T11:06:54","slug":"nowy-sacz-sanok-spotkanie-marszalka-sejmu-mieszkancami-ramach-konwencji-polska-jedna","status":"publish","type":"post","link":"https:\/\/marekkuchcinski.pl\/ro\/prawo-i-sprawiedliwosc\/nowy-sacz-sanok-spotkanie-marszalka-sejmu-mieszkancami-ramach-konwencji-polska-jedna\/","title":{"rendered":"Nowy S\u0105cz \u0219i Sanok: \u00eent\u00e2lnire a pre\u0219edintelui Sejm-ului cu locuitorii \u00een cadrul conven\u021biei \"Polonia este una\""},"content":{"rendered":"<p>S\u00e2mb\u0103t\u0103, pre\u0219edintele Sejm-ului, Marek Kuchci\u0144ski, s-a \u00eent\u00e2lnit cu locuitorii din Nowy S\u0105cz \u0219i Sanok. \u00cen timpul \u00eent\u00e2lnirilor, el a subliniat c\u0103 Lege \u0219i Justi\u021bie acord\u0103 o mare importan\u021b\u0103 politicii pro-familie. \u00cen 2,5 ani, guvernul Lege \u0219i Justi\u021bie a introdus programul \"Familia 500+\", medicamente gratuite pentru persoanele \u00een v\u00e2rst\u0103, a redus v\u00e2rsta de pensionare, a restric\u021bionat comer\u021bul de duminic\u0103, a sporit eficien\u021ba colect\u0103rii pensiilor alimentare. \u00cen plus, a avut loc o reform\u0103 a educa\u021biei, a administra\u021biei fiscale \u0219i a \u00eenceput lupta \u00eempotriva reprivatiz\u0103rii s\u0103lbatice. Pre\u0219edintele a reamintit c\u0103, \u00een urm\u0103 cu c\u00e2teva luni, premierul Mateusz Morawiecki a prezentat un program de m\u0103suri pentru schimbarea Poloniei \u00een cadrul unei conven\u021bii na\u021bionale la Var\u0219ovia. Printre revendic\u0103ri se num\u0103r\u0103 reducerea CIT pentru \u00eentreprinderile mici de la 15% la 9%, cel mai mic nivel din Uniunea European\u0103, introducerea unei mici institu\u021bii de asigur\u0103ri sociale (ZUS) calculat\u0103 propor\u021bional cu veniturile pentru companiile cu o cifr\u0103 de afaceri lunar\u0103 de p\u00e2n\u0103 la 2,5 salarii minime, o \u0219pag\u0103 de 300 de zlo\u021bi la \u00eenceputul anului \u0219colar pentru fiecare elev care \u00eencepe \u0219coala primar\u0103 \u0219i secundar\u0103, un nou fond pentru construc\u021bia de drumuri locale \u00een valoare de cel pu\u021bin 5 miliarde de zlo\u021bi, ceea ce \u00eenseamn\u0103 mii de kilometri de drumuri renovate \u00een sate, ora\u0219e mici, comune \u0219i districte, precum \u0219i programul Accesibilitate+ pentru eliminarea barierelor pentru persoanele cu dizabilit\u0103\u021bi (peste 20 de miliarde de zlo\u021bi \u00een 8 ani).<\/p>\n<p>Marek Kuchci\u0144ski a subliniat c\u0103 Lege \u0219i Justi\u021bie nu va duce lips\u0103 de determinare \u00een implementarea schimb\u0103rilor. \u00cen acela\u0219i timp, el a subliniat c\u0103 este con\u0219tient de faptul c\u0103 exist\u0103 for\u021be care se afl\u0103 \u00een spatele transform\u0103rii Poloniei \u00eentr-un stat cu g\u0103uri - pentru a nu pl\u0103ti taxe, pentru a \u00eenc\u0103lca legile \u0219i pentru a submina pozi\u021bia \u021b\u0103rii noastre.<\/p>\n<p>Referindu-se la \u00eentreb\u0103rile privind protestul persoanelor cu dizabilit\u0103\u021bi \u00een Sejm, pre\u0219edintele Kuchci\u0144ski, a subliniat c\u0103 nu este adev\u0103rat c\u0103 acestea nu sunt \u00eengrijite \u0219i c\u0103 este de competen\u021ba Cur\u021bii Constitu\u021bionale s\u0103 evalueze dac\u0103 legea a fost \u00eenc\u0103lcat\u0103 de autorit\u0103\u021bi. - Aceasta este o chestiune foarte dificil\u0103 \u0219i dureroas\u0103\", a declarat pre\u0219edintele Parlamentului. - Ace\u0219ti oameni sunt folosi\u021bi de politicieni pentru ac\u021biuni pur politice, a apreciat el.  El a ad\u0103ugat c\u0103 \u00een Polonia exist\u0103 4,7 milioane de persoane cu dizabilit\u0103\u021bi \u0219i c\u0103 problema ar trebui abordat\u0103 \u00een mod sistemic. - P\u00e2n\u0103 acum, timp de zeci de ani, de pe vremea Republicii Populare Polone, dar \u0219i \u00een timpul guvernelor predecesorilor no\u0219tri, persoanele cu dizabilit\u0103\u021bi nu au fost abordate \u00een mod sistemic, au fost ascunse undeva \u00eentr-un sertar, trimise deoparte, au fost ignorate - a subliniat Kuchci\u0144ski.<\/p>\n<p>La Centrul Cultural Municipal din Nowy S\u0105cz, pe l\u00e2ng\u0103 locuitorii din regiunea S\u0105cz \u0219i Nowy S\u0105cz, au fost prezen\u021bi: deputatul J\u00f3zef Le\u015bniak, deputatul Wies\u0142aw Janczyk, deputatul Jan Duda, Ryszard Nowak - primarul ora\u0219ului Nowy S\u0105cz, Jerzy Gwi\u017cd\u017c \u0219i Wojciech Piech - viceprimarii ora\u0219ului Nowy S\u0105cz, Janusz Kwiatkowski - pre\u0219edintele Consiliului Local din Nowy S\u0105cz, Krzysztof G\u0142uc - unul dintre candida\u021bii propu\u0219i de PiS pentru func\u021bia de primar al ora\u0219ului Nowy S\u0105cz, , \u0219i Patryk Wicher - \u0219eful structurilor municipale de Lege \u0219i Justi\u021bie.<\/p>\n<p>La Sanok, la Centrul Sportiv \u0219i Didactic, Marek Kuchci\u0144ski a fost \u00eenso\u021bit de deputatul Piotr Babinetz, deputatul Piotr Uruski, mare\u0219alul Voievodatului Subcarpatic W\u0142adys\u0142aw Ortyl \u0219i primarul ora\u0219ului Sanok, Tadeusz Pi\u00f3ro.<\/p>\n<p><span style=\"color: #33cccc;\"><em>http:\/\/rzeszow.tvp.pl\/37381922\/kolejna-odslona-kampanii-pis-na-podkarpaciu<\/em><\/span><\/p>\n<p><a href=\"https:\/\/marekkuchcinski.pl\/wp-content\/uploads\/2018\/05\/20180526_175535.jpg\"><img fetchpriority=\"high\" decoding=\"async\" class=\"alignnone size-full wp-image-9562\" src=\"https:\/\/marekkuchcinski.pl\/wp-content\/uploads\/2018\/05\/20180526_175535.jpg\" alt=\"20180526_175535\" width=\"1980\" height=\"1155\" srcset=\"https:\/\/marekkuchcinski.pl\/wp-content\/uploads\/2018\/05\/20180526_175535.jpg 1980w, https:\/\/marekkuchcinski.pl\/wp-content\/uploads\/2018\/05\/20180526_175535-300x175.jpg 300w, https:\/\/marekkuchcinski.pl\/wp-content\/uploads\/2018\/05\/20180526_175535-768x448.jpg 768w, https:\/\/marekkuchcinski.pl\/wp-content\/uploads\/2018\/05\/20180526_175535-1024x597.jpg 1024w\" sizes=\"(max-width: 1980px) 100vw, 1980px\" \/><\/a><\/p>\n<p>&nbsp;<\/p>\n<p>&nbsp;<\/p>\n<p>&nbsp;<\/p>\n<p>&nbsp;<\/p>\n<p>&nbsp;<\/p>\n<p>&nbsp;<\/p>\n<p>&nbsp;<\/p>\n<p>&nbsp;<\/p>","protected":false},"excerpt":{"rendered":"<p>W sobot\u0119 marsza\u0142ek Sejmu Marek Kuchci\u0144ski spotka\u0142 si\u0119 z mieszka\u0144cami Nowego S\u0105cza i Sanoka. W czasie spotka\u0144 podkre\u015bli\u0142, i\u017c Prawo i Sprawiedliwo\u015b\u0107 przywi\u0105zuje ogromn\u0105 wag\u0119 do polityki prorodzinnej. Rz\u0105d PiS w ci\u0105gu 2,5 roku wprowadzi\u0142 program Rodzina 500+, bezp\u0142atne leki dla senior\u00f3w, obni\u017cy\u0142 wiek emerytalny, ograniczy\u0142 handel w niedziel\u0119, zwi\u0119kszy\u0142 skuteczno\u015bci \u015bci\u0105gania aliment\u00f3w. Ponadto przeprowadzono [&hellip;]<\/p>","protected":false},"author":6,"featured_media":9562,"comment_status":"open","ping_status":"open","sticky":false,"template":"","format":"standard","meta":{"ngg_post_thumbnail":0,"footnotes":""},"categories":[49,82,3],"tags":[],"class_list":["post-9560","post","type-post","status-publish","format-standard","has-post-thumbnail","hentry","category-podkarpacie","category-prawo-i-sprawiedliwosc","category-wydarzenia"],"yoast_head":"<!-- This site is optimized with the Yoast SEO plugin v24.7 - https:\/\/yoast.com\/wordpress\/plugins\/seo\/ -->\n<title>Nowy S\u0105cz i Sanok: spotkanie marsza\u0142ka Sejmu z mieszka\u0144cami w ramach konwencji \u201ePolska jest jedna&quot; &#8211; Marek Kuchci\u0144ski<\/title>\n<meta name=\"robots\" content=\"index, follow, max-snippet:-1, max-image-preview:large, max-video-preview:-1\" \/>\n<link rel=\"canonical\" href=\"https:\/\/marekkuchcinski.pl\/ro\/prawo-i-sprawiedliwosc\/nowy-sacz-sanok-spotkanie-marszalka-sejmu-mieszkancami-ramach-konwencji-polska-jedna\/\" \/>\n<meta property=\"og:locale\" content=\"ro_RO\" \/>\n<meta property=\"og:type\" content=\"article\" \/>\n<meta property=\"og:title\" content=\"Nowy S\u0105cz i Sanok: spotkanie marsza\u0142ka Sejmu z mieszka\u0144cami w ramach konwencji \u201ePolska jest jedna&quot; &#8211; Marek Kuchci\u0144ski\" \/>\n<meta property=\"og:description\" content=\"W sobot\u0119 marsza\u0142ek Sejmu Marek Kuchci\u0144ski spotka\u0142 si\u0119 z mieszka\u0144cami Nowego S\u0105cza i Sanoka. W czasie spotka\u0144 podkre\u015bli\u0142, i\u017c Prawo i Sprawiedliwo\u015b\u0107 przywi\u0105zuje ogromn\u0105 wag\u0119 do polityki prorodzinnej. Rz\u0105d PiS w ci\u0105gu 2,5 roku wprowadzi\u0142 program Rodzina 500+, bezp\u0142atne leki dla senior\u00f3w, obni\u017cy\u0142 wiek emerytalny, ograniczy\u0142 handel w niedziel\u0119, zwi\u0119kszy\u0142 skuteczno\u015bci \u015bci\u0105gania aliment\u00f3w. Ponadto przeprowadzono [&hellip;]\" \/>\n<meta property=\"og:url\" content=\"https:\/\/marekkuchcinski.pl\/ro\/prawo-i-sprawiedliwosc\/nowy-sacz-sanok-spotkanie-marszalka-sejmu-mieszkancami-ramach-konwencji-polska-jedna\/\" \/>\n<meta property=\"og:site_name\" content=\"Marek Kuchci\u0144ski\" \/>\n<meta property=\"article:published_time\" content=\"2018-05-28T11:06:54+00:00\" \/>\n<meta property=\"og:image\" content=\"https:\/\/marekkuchcinski.pl\/wp-content\/uploads\/2018\/05\/20180526_175535.jpg\" \/>\n\t<meta property=\"og:image:width\" content=\"1980\" \/>\n\t<meta property=\"og:image:height\" content=\"1155\" \/>\n\t<meta property=\"og:image:type\" content=\"image\/jpeg\" \/>\n<meta name=\"author\" content=\"admin\" \/>\n<meta name=\"twitter:card\" content=\"summary_large_image\" \/>\n<meta name=\"twitter:label1\" content=\"Scris de\" \/>\n\t<meta name=\"twitter:data1\" content=\"admin\" \/>\n\t<meta name=\"twitter:label2\" content=\"Timp estimat pentru citire\" \/>\n\t<meta name=\"twitter:data2\" content=\"3 minutes\" \/>\n<script type=\"application\/ld+json\" class=\"yoast-schema-graph\">{\"@context\":\"https:\/\/schema.org\",\"@graph\":[{\"@type\":\"Article\",\"@id\":\"https:\/\/marekkuchcinski.pl\/prawo-i-sprawiedliwosc\/nowy-sacz-sanok-spotkanie-marszalka-sejmu-mieszkancami-ramach-konwencji-polska-jedna\/#article\",\"isPartOf\":{\"@id\":\"https:\/\/marekkuchcinski.pl\/prawo-i-sprawiedliwosc\/nowy-sacz-sanok-spotkanie-marszalka-sejmu-mieszkancami-ramach-konwencji-polska-jedna\/\"},\"author\":{\"name\":\"admin\",\"@id\":\"https:\/\/marekkuchcinski.pl\/#\/schema\/person\/6f62700996b4d950b6ea2d1183b6c6be\"},\"headline\":\"Nowy S\u0105cz i Sanok: spotkanie marsza\u0142ka Sejmu z mieszka\u0144cami w ramach konwencji \u201ePolska jest jedna&#8221;\",\"datePublished\":\"2018-05-28T11:06:54+00:00\",\"mainEntityOfPage\":{\"@id\":\"https:\/\/marekkuchcinski.pl\/prawo-i-sprawiedliwosc\/nowy-sacz-sanok-spotkanie-marszalka-sejmu-mieszkancami-ramach-konwencji-polska-jedna\/\"},\"wordCount\":551,\"commentCount\":0,\"publisher\":{\"@id\":\"https:\/\/marekkuchcinski.pl\/#organization\"},\"image\":{\"@id\":\"https:\/\/marekkuchcinski.pl\/prawo-i-sprawiedliwosc\/nowy-sacz-sanok-spotkanie-marszalka-sejmu-mieszkancami-ramach-konwencji-polska-jedna\/#primaryimage\"},\"thumbnailUrl\":\"https:\/\/marekkuchcinski.pl\/wp-content\/uploads\/2018\/05\/20180526_175535.jpg\",\"articleSection\":[\"Podkarpacie\",\"Prawo i Sprawiedliwo\u015b\u0107\",\"Wydarzenia\"],\"inLanguage\":\"ro-RO\",\"potentialAction\":[{\"@type\":\"CommentAction\",\"name\":\"Comment\",\"target\":[\"https:\/\/marekkuchcinski.pl\/prawo-i-sprawiedliwosc\/nowy-sacz-sanok-spotkanie-marszalka-sejmu-mieszkancami-ramach-konwencji-polska-jedna\/#respond\"]}]},{\"@type\":\"WebPage\",\"@id\":\"https:\/\/marekkuchcinski.pl\/prawo-i-sprawiedliwosc\/nowy-sacz-sanok-spotkanie-marszalka-sejmu-mieszkancami-ramach-konwencji-polska-jedna\/\",\"url\":\"https:\/\/marekkuchcinski.pl\/prawo-i-sprawiedliwosc\/nowy-sacz-sanok-spotkanie-marszalka-sejmu-mieszkancami-ramach-konwencji-polska-jedna\/\",\"name\":\"Nowy S\u0105cz i Sanok: spotkanie marsza\u0142ka Sejmu z mieszka\u0144cami w ramach konwencji \u201ePolska jest jedna\\\" &#8211; Marek Kuchci\u0144ski\",\"isPartOf\":{\"@id\":\"https:\/\/marekkuchcinski.pl\/#website\"},\"primaryImageOfPage\":{\"@id\":\"https:\/\/marekkuchcinski.pl\/prawo-i-sprawiedliwosc\/nowy-sacz-sanok-spotkanie-marszalka-sejmu-mieszkancami-ramach-konwencji-polska-jedna\/#primaryimage\"},\"image\":{\"@id\":\"https:\/\/marekkuchcinski.pl\/prawo-i-sprawiedliwosc\/nowy-sacz-sanok-spotkanie-marszalka-sejmu-mieszkancami-ramach-konwencji-polska-jedna\/#primaryimage\"},\"thumbnailUrl\":\"https:\/\/marekkuchcinski.pl\/wp-content\/uploads\/2018\/05\/20180526_175535.jpg\",\"datePublished\":\"2018-05-28T11:06:54+00:00\",\"breadcrumb\":{\"@id\":\"https:\/\/marekkuchcinski.pl\/prawo-i-sprawiedliwosc\/nowy-sacz-sanok-spotkanie-marszalka-sejmu-mieszkancami-ramach-konwencji-polska-jedna\/#breadcrumb\"},\"inLanguage\":\"ro-RO\",\"potentialAction\":[{\"@type\":\"ReadAction\",\"target\":[\"https:\/\/marekkuchcinski.pl\/prawo-i-sprawiedliwosc\/nowy-sacz-sanok-spotkanie-marszalka-sejmu-mieszkancami-ramach-konwencji-polska-jedna\/\"]}]},{\"@type\":\"ImageObject\",\"inLanguage\":\"ro-RO\",\"@id\":\"https:\/\/marekkuchcinski.pl\/prawo-i-sprawiedliwosc\/nowy-sacz-sanok-spotkanie-marszalka-sejmu-mieszkancami-ramach-konwencji-polska-jedna\/#primaryimage\",\"url\":\"https:\/\/marekkuchcinski.pl\/wp-content\/uploads\/2018\/05\/20180526_175535.jpg\",\"contentUrl\":\"https:\/\/marekkuchcinski.pl\/wp-content\/uploads\/2018\/05\/20180526_175535.jpg\",\"width\":1980,\"height\":1155},{\"@type\":\"BreadcrumbList\",\"@id\":\"https:\/\/marekkuchcinski.pl\/prawo-i-sprawiedliwosc\/nowy-sacz-sanok-spotkanie-marszalka-sejmu-mieszkancami-ramach-konwencji-polska-jedna\/#breadcrumb\",\"itemListElement\":[{\"@type\":\"ListItem\",\"position\":1,\"name\":\"Strona g\u0142\u00f3wna\",\"item\":\"https:\/\/marekkuchcinski.pl\/\"},{\"@type\":\"ListItem\",\"position\":2,\"name\":\"Nowy S\u0105cz i Sanok: spotkanie marsza\u0142ka Sejmu z mieszka\u0144cami w ramach konwencji \u201ePolska jest jedna&#8221;\"}]},{\"@type\":\"WebSite\",\"@id\":\"https:\/\/marekkuchcinski.pl\/#website\",\"url\":\"https:\/\/marekkuchcinski.pl\/\",\"name\":\"Marek Kuchci\u0144ski\",\"description\":\"Pose\u0142 na sejm RP &ndash; okr\u0119g nr 22\",\"publisher\":{\"@id\":\"https:\/\/marekkuchcinski.pl\/#organization\"},\"potentialAction\":[{\"@type\":\"SearchAction\",\"target\":{\"@type\":\"EntryPoint\",\"urlTemplate\":\"https:\/\/marekkuchcinski.pl\/?s={search_term_string}\"},\"query-input\":{\"@type\":\"PropertyValueSpecification\",\"valueRequired\":true,\"valueName\":\"search_term_string\"}}],\"inLanguage\":\"ro-RO\"},{\"@type\":\"Organization\",\"@id\":\"https:\/\/marekkuchcinski.pl\/#organization\",\"name\":\"Marek Kuchci\u0144ski\",\"url\":\"https:\/\/marekkuchcinski.pl\/\",\"logo\":{\"@type\":\"ImageObject\",\"inLanguage\":\"ro-RO\",\"@id\":\"https:\/\/marekkuchcinski.pl\/#\/schema\/logo\/image\/\",\"url\":\"https:\/\/marekkuchcinski.pl\/wp-content\/uploads\/2022\/09\/Marek.jpg\",\"contentUrl\":\"https:\/\/marekkuchcinski.pl\/wp-content\/uploads\/2022\/09\/Marek.jpg\",\"width\":1600,\"height\":971,\"caption\":\"Marek Kuchci\u0144ski\"},\"image\":{\"@id\":\"https:\/\/marekkuchcinski.pl\/#\/schema\/logo\/image\/\"}},{\"@type\":\"Person\",\"@id\":\"https:\/\/marekkuchcinski.pl\/#\/schema\/person\/6f62700996b4d950b6ea2d1183b6c6be\",\"name\":\"admin\",\"image\":{\"@type\":\"ImageObject\",\"inLanguage\":\"ro-RO\",\"@id\":\"https:\/\/marekkuchcinski.pl\/#\/schema\/person\/image\/\",\"url\":\"https:\/\/secure.gravatar.com\/avatar\/4bab693b9d55c3d6b52c0296a8765085?s=96&d=mm&r=g\",\"contentUrl\":\"https:\/\/secure.gravatar.com\/avatar\/4bab693b9d55c3d6b52c0296a8765085?s=96&d=mm&r=g\",\"caption\":\"admin\"},\"url\":\"https:\/\/marekkuchcinski.pl\/ro\/author\/marta-olejnik\/\"}]}<\/script>\n<!-- \/ Yoast SEO plugin. -->","yoast_head_json":{"title":"Nowy S\u0105cz i Sanok: spotkanie marsza\u0142ka Sejmu z mieszka\u0144cami w ramach konwencji \u201ePolska jest jedna\" &#8211; Marek Kuchci\u0144ski","robots":{"index":"index","follow":"follow","max-snippet":"max-snippet:-1","max-image-preview":"max-image-preview:large","max-video-preview":"max-video-preview:-1"},"canonical":"https:\/\/marekkuchcinski.pl\/ro\/prawo-i-sprawiedliwosc\/nowy-sacz-sanok-spotkanie-marszalka-sejmu-mieszkancami-ramach-konwencji-polska-jedna\/","og_locale":"ro_RO","og_type":"article","og_title":"Nowy S\u0105cz i Sanok: spotkanie marsza\u0142ka Sejmu z mieszka\u0144cami w ramach konwencji \u201ePolska jest jedna\" &#8211; Marek Kuchci\u0144ski","og_description":"W sobot\u0119 marsza\u0142ek Sejmu Marek Kuchci\u0144ski spotka\u0142 si\u0119 z mieszka\u0144cami Nowego S\u0105cza i Sanoka. W czasie spotka\u0144 podkre\u015bli\u0142, i\u017c Prawo i Sprawiedliwo\u015b\u0107 przywi\u0105zuje ogromn\u0105 wag\u0119 do polityki prorodzinnej. Rz\u0105d PiS w ci\u0105gu 2,5 roku wprowadzi\u0142 program Rodzina 500+, bezp\u0142atne leki dla senior\u00f3w, obni\u017cy\u0142 wiek emerytalny, ograniczy\u0142 handel w niedziel\u0119, zwi\u0119kszy\u0142 skuteczno\u015bci \u015bci\u0105gania aliment\u00f3w. Ponadto przeprowadzono [&hellip;]","og_url":"https:\/\/marekkuchcinski.pl\/ro\/prawo-i-sprawiedliwosc\/nowy-sacz-sanok-spotkanie-marszalka-sejmu-mieszkancami-ramach-konwencji-polska-jedna\/","og_site_name":"Marek Kuchci\u0144ski","article_published_time":"2018-05-28T11:06:54+00:00","og_image":[{"width":1980,"height":1155,"url":"https:\/\/marekkuchcinski.pl\/wp-content\/uploads\/2018\/05\/20180526_175535.jpg","type":"image\/jpeg"}],"author":"admin","twitter_card":"summary_large_image","twitter_misc":{"Scris de":"admin","Timp estimat pentru citire":"3 minutes"},"schema":{"@context":"https:\/\/schema.org","@graph":[{"@type":"Article","@id":"https:\/\/marekkuchcinski.pl\/prawo-i-sprawiedliwosc\/nowy-sacz-sanok-spotkanie-marszalka-sejmu-mieszkancami-ramach-konwencji-polska-jedna\/#article","isPartOf":{"@id":"https:\/\/marekkuchcinski.pl\/prawo-i-sprawiedliwosc\/nowy-sacz-sanok-spotkanie-marszalka-sejmu-mieszkancami-ramach-konwencji-polska-jedna\/"},"author":{"name":"admin","@id":"https:\/\/marekkuchcinski.pl\/#\/schema\/person\/6f62700996b4d950b6ea2d1183b6c6be"},"headline":"Nowy S\u0105cz i Sanok: spotkanie marsza\u0142ka Sejmu z mieszka\u0144cami w ramach konwencji \u201ePolska jest jedna&#8221;","datePublished":"2018-05-28T11:06:54+00:00","mainEntityOfPage":{"@id":"https:\/\/marekkuchcinski.pl\/prawo-i-sprawiedliwosc\/nowy-sacz-sanok-spotkanie-marszalka-sejmu-mieszkancami-ramach-konwencji-polska-jedna\/"},"wordCount":551,"commentCount":0,"publisher":{"@id":"https:\/\/marekkuchcinski.pl\/#organization"},"image":{"@id":"https:\/\/marekkuchcinski.pl\/prawo-i-sprawiedliwosc\/nowy-sacz-sanok-spotkanie-marszalka-sejmu-mieszkancami-ramach-konwencji-polska-jedna\/#primaryimage"},"thumbnailUrl":"https:\/\/marekkuchcinski.pl\/wp-content\/uploads\/2018\/05\/20180526_175535.jpg","articleSection":["Podkarpacie","Prawo i Sprawiedliwo\u015b\u0107","Wydarzenia"],"inLanguage":"ro-RO","potentialAction":[{"@type":"CommentAction","name":"Comment","target":["https:\/\/marekkuchcinski.pl\/prawo-i-sprawiedliwosc\/nowy-sacz-sanok-spotkanie-marszalka-sejmu-mieszkancami-ramach-konwencji-polska-jedna\/#respond"]}]},{"@type":"WebPage","@id":"https:\/\/marekkuchcinski.pl\/prawo-i-sprawiedliwosc\/nowy-sacz-sanok-spotkanie-marszalka-sejmu-mieszkancami-ramach-konwencji-polska-jedna\/","url":"https:\/\/marekkuchcinski.pl\/prawo-i-sprawiedliwosc\/nowy-sacz-sanok-spotkanie-marszalka-sejmu-mieszkancami-ramach-konwencji-polska-jedna\/","name":"Nowy S\u0105cz i Sanok: spotkanie marsza\u0142ka Sejmu z mieszka\u0144cami w ramach konwencji \u201ePolska jest jedna\" &#8211; Marek Kuchci\u0144ski","isPartOf":{"@id":"https:\/\/marekkuchcinski.pl\/#website"},"primaryImageOfPage":{"@id":"https:\/\/marekkuchcinski.pl\/prawo-i-sprawiedliwosc\/nowy-sacz-sanok-spotkanie-marszalka-sejmu-mieszkancami-ramach-konwencji-polska-jedna\/#primaryimage"},"image":{"@id":"https:\/\/marekkuchcinski.pl\/prawo-i-sprawiedliwosc\/nowy-sacz-sanok-spotkanie-marszalka-sejmu-mieszkancami-ramach-konwencji-polska-jedna\/#primaryimage"},"thumbnailUrl":"https:\/\/marekkuchcinski.pl\/wp-content\/uploads\/2018\/05\/20180526_175535.jpg","datePublished":"2018-05-28T11:06:54+00:00","breadcrumb":{"@id":"https:\/\/marekkuchcinski.pl\/prawo-i-sprawiedliwosc\/nowy-sacz-sanok-spotkanie-marszalka-sejmu-mieszkancami-ramach-konwencji-polska-jedna\/#breadcrumb"},"inLanguage":"ro-RO","potentialAction":[{"@type":"ReadAction","target":["https:\/\/marekkuchcinski.pl\/prawo-i-sprawiedliwosc\/nowy-sacz-sanok-spotkanie-marszalka-sejmu-mieszkancami-ramach-konwencji-polska-jedna\/"]}]},{"@type":"ImageObject","inLanguage":"ro-RO","@id":"https:\/\/marekkuchcinski.pl\/prawo-i-sprawiedliwosc\/nowy-sacz-sanok-spotkanie-marszalka-sejmu-mieszkancami-ramach-konwencji-polska-jedna\/#primaryimage","url":"https:\/\/marekkuchcinski.pl\/wp-content\/uploads\/2018\/05\/20180526_175535.jpg","contentUrl":"https:\/\/marekkuchcinski.pl\/wp-content\/uploads\/2018\/05\/20180526_175535.jpg","width":1980,"height":1155},{"@type":"BreadcrumbList","@id":"https:\/\/marekkuchcinski.pl\/prawo-i-sprawiedliwosc\/nowy-sacz-sanok-spotkanie-marszalka-sejmu-mieszkancami-ramach-konwencji-polska-jedna\/#breadcrumb","itemListElement":[{"@type":"ListItem","position":1,"name":"Strona g\u0142\u00f3wna","item":"https:\/\/marekkuchcinski.pl\/"},{"@type":"ListItem","position":2,"name":"Nowy S\u0105cz i Sanok: spotkanie marsza\u0142ka Sejmu z mieszka\u0144cami w ramach konwencji \u201ePolska jest jedna&#8221;"}]},{"@type":"WebSite","@id":"https:\/\/marekkuchcinski.pl\/#website","url":"https:\/\/marekkuchcinski.pl\/","name":"Marek Kuchci\u0144ski","description":"Pose\u0142 na sejm RP &ndash; okr\u0119g nr 22","publisher":{"@id":"https:\/\/marekkuchcinski.pl\/#organization"},"potentialAction":[{"@type":"SearchAction","target":{"@type":"EntryPoint","urlTemplate":"https:\/\/marekkuchcinski.pl\/?s={search_term_string}"},"query-input":{"@type":"PropertyValueSpecification","valueRequired":true,"valueName":"search_term_string"}}],"inLanguage":"ro-RO"},{"@type":"Organization","@id":"https:\/\/marekkuchcinski.pl\/#organization","name":"Marek Kuchci\u0144ski","url":"https:\/\/marekkuchcinski.pl\/","logo":{"@type":"ImageObject","inLanguage":"ro-RO","@id":"https:\/\/marekkuchcinski.pl\/#\/schema\/logo\/image\/","url":"https:\/\/marekkuchcinski.pl\/wp-content\/uploads\/2022\/09\/Marek.jpg","contentUrl":"https:\/\/marekkuchcinski.pl\/wp-content\/uploads\/2022\/09\/Marek.jpg","width":1600,"height":971,"caption":"Marek Kuchci\u0144ski"},"image":{"@id":"https:\/\/marekkuchcinski.pl\/#\/schema\/logo\/image\/"}},{"@type":"Person","@id":"https:\/\/marekkuchcinski.pl\/#\/schema\/person\/6f62700996b4d950b6ea2d1183b6c6be","name":"admin","image":{"@type":"ImageObject","inLanguage":"ro-RO","@id":"https:\/\/marekkuchcinski.pl\/#\/schema\/person\/image\/","url":"https:\/\/secure.gravatar.com\/avatar\/4bab693b9d55c3d6b52c0296a8765085?s=96&d=mm&r=g","contentUrl":"https:\/\/secure.gravatar.com\/avatar\/4bab693b9d55c3d6b52c0296a8765085?s=96&d=mm&r=g","caption":"admin"},"url":"https:\/\/marekkuchcinski.pl\/ro\/author\/marta-olejnik\/"}]}},"_links":{"self":[{"href":"https:\/\/marekkuchcinski.pl\/ro\/wp-json\/wp\/v2\/posts\/9560","targetHints":{"allow":["GET"]}}],"collection":[{"href":"https:\/\/marekkuchcinski.pl\/ro\/wp-json\/wp\/v2\/posts"}],"about":[{"href":"https:\/\/marekkuchcinski.pl\/ro\/wp-json\/wp\/v2\/types\/post"}],"author":[{"embeddable":true,"href":"https:\/\/marekkuchcinski.pl\/ro\/wp-json\/wp\/v2\/users\/6"}],"replies":[{"embeddable":true,"href":"https:\/\/marekkuchcinski.pl\/ro\/wp-json\/wp\/v2\/comments?post=9560"}],"version-history":[{"count":2,"href":"https:\/\/marekkuchcinski.pl\/ro\/wp-json\/wp\/v2\/posts\/9560\/revisions"}],"predecessor-version":[{"id":9564,"href":"https:\/\/marekkuchcinski.pl\/ro\/wp-json\/wp\/v2\/posts\/9560\/revisions\/9564"}],"wp:featuredmedia":[{"embeddable":true,"href":"https:\/\/marekkuchcinski.pl\/ro\/wp-json\/wp\/v2\/media\/9562"}],"wp:attachment":[{"href":"https:\/\/marekkuchcinski.pl\/ro\/wp-json\/wp\/v2\/media?parent=9560"}],"wp:term":[{"taxonomy":"category","embeddable":true,"href":"https:\/\/marekkuchcinski.pl\/ro\/wp-json\/wp\/v2\/categories?post=9560"},{"taxonomy":"post_tag","embeddable":true,"href":"https:\/\/marekkuchcinski.pl\/ro\/wp-json\/wp\/v2\/tags?post=9560"}],"curies":[{"name":"wp","href":"https:\/\/api.w.org\/{rel}","templated":true}]}}