{"id":95,"date":"2011-09-21T16:13:09","date_gmt":"2011-09-21T14:13:09","guid":{"rendered":"https:\/\/marekkuchcinski.pl\/?p=95"},"modified":"2016-08-25T17:06:17","modified_gmt":"2016-08-25T15:06:17","slug":"oswidaczeniepogotowie","status":"publish","type":"post","link":"https:\/\/marekkuchcinski.pl\/ro\/wydarzenia\/oswidaczeniepogotowie\/","title":{"rendered":"Declara\u021bia candida\u021bilor din partea Partidului Lege \u0219i Justi\u021bie cu privire la lichidarea planificat\u0103 a postului de dispecer medical al Serviciului de Urgen\u021b\u0103 din Przemysl"},"content":{"rendered":"<p><img decoding=\"async\" class=\"alignleft size-full wp-image-21\" alt=\"\" src=\"https:\/\/marekkuchcinski.pl\/wp-content\/uploads\/2011\/07\/ratownictwo.gif\" style=\"height: 100px; width: 100px; margin: 5px; float: left;\" width=\"120\" height=\"120\" \/><span style=\"color: rgb(0, 0, 128);\"><strong>Ne temem c\u0103 lichidarea dispeceratului medical din ora\u0219 ar putea fi prima etap\u0103 a privatiz\u0103rii serviciului de ambulan\u021b\u0103 Przemy\u015bl.<\/strong><\/span><\/p>\n<p>&nbsp;<\/p>\n<p style=\"text-align: justify;\">Suspiciunile noastre nu sunt nefondate - \u00eencuraj\u0103m locuitorii din Przemy\u015bl s\u0103 afle ce soart\u0103 a avut serviciul public de ambulan\u021b\u0103 din Jaros\u0142aw.<\/p>\n<p>&nbsp;<\/p>\n<p style=\"text-align: justify;\">Prin urmare, Partidul Lege \u0219i Justi\u021bie din Przemy\u015bl se opune cu fermitate schimb\u0103rilor care se fac \u00een ceea ce prive\u0219te posturile de dispeceri \u0219i centrele de dispecerat medical. \u00cenchiderea dispeceratului din ora\u0219ul nostru \u00eenseamn\u0103 c\u0103 o persoan\u0103 r\u0103nit\u0103 va fi nevoit\u0103 s\u0103 apeleze serviciul de ambulan\u021b\u0103 sun\u00e2nd la Sanok, \u00een timp ce dispecerul va redirec\u021biona informa\u021bia c\u0103tre Przemy\u015bl.<\/p>\n<p> <!--more--> <\/p>\n<p>&nbsp;<\/p>\n<p style=\"text-align: justify;\">\u00cen cazul \u00een care liniile telefonice sunt supra\u00eenc\u0103rcate, dispecerul din Rzesz\u00f3w sau Krosno va r\u0103spunde la apel. Nu suntem de acord cu justificarea lichid\u0103rii centrului de dispecerat prin argumente financiare. Serviciul de ambulan\u021b\u0103 este o institu\u021bie care trebuie s\u0103 ac\u021bioneze c\u00e2t mai rapid \u0219i mai eficient posibil pentru a salva vie\u021bi omene\u0219ti. Practica arat\u0103 c\u0103, \u00een cazurile grave, fiecare secund\u0103 conteaz\u0103.<\/p>\n<p>&nbsp;<\/p>\n<p style=\"text-align: justify;\">Argumente de genul: dac\u0103 mut\u0103m centrul de dispecerat la Sanok, vom reduce costurile, sunt complet deplasate, deoarece via\u021ba uman\u0103 este mai important\u0103 dec\u00e2t banii. Serviciul de ambulan\u021b\u0103 nu este o companie care ar trebui s\u0103 fac\u0103 profit.<\/p>\n<p style=\"text-align: justify;\">&nbsp;<\/p>\n<p style=\"text-align: justify;\">Este posibil ca mutarea camerei de control \u00een alt ora\u0219 s\u0103 creasc\u0103 timpul necesar pentru ca o ambulan\u021b\u0103 s\u0103 ajung\u0103 la un pacient, deoarece informa\u021biile vor trebui redirec\u021bionate c\u0103tre echipele de ambulan\u021b\u0103. Sistemul existent este dovedit p\u00e2n\u0103 acum, merit\u0103 s\u0103 risc\u0103m s\u0103 distrugem ceea ce func\u021bioneaz\u0103 bine? \u00cen regiunea noastr\u0103, pentru a proteja s\u0103n\u0103tatea \u0219i via\u021ba pacien\u021bilor, este necesar s\u0103 men\u021binem centre de dispecerat separate \u00een Przemy\u015bl \u0219i Sanok.<\/p>\n<p>&nbsp;<\/p>\n<p>Au semnat:<\/p>\n<p><strong>Marek Kuchci\u0144ski, <\/strong>Membru al Parlamentului polonez, candidat la Sejm<\/p>\n<p><strong>Andrzej Matusiewicz<\/strong>, consilier regional, candidat la Senat<\/p>\n<p><strong>Stanis\u0142aw Bajda,<\/strong> Consilier regional, candidat la Sejm<\/p>\n<p><strong>Beata Kolcz<\/strong>, asistent\u0103 medical\u0103, candidat la Parlament<\/p>\n<p><strong>Barbara Krajewska<\/strong>, antreprenor, candidat parlamentar<\/p>\n<p><strong>Profesor Waldemar Paruch,<\/strong> conferen\u021biar universitar, candidat la alegerile parlamentare<\/p>","protected":false},"excerpt":{"rendered":"<p>Obawiamy si\u0119, \u017ce likwidacja Stanowiska Dyspozytora Medycznego w mie\u015bcie mo\u017ce by\u0107 pierwszym etapem prywatyzacji pogotowia w Przemy\u015blu. &nbsp; Nasze podejrzenia nie s\u0105 bezpodstawne &#8211; zach\u0119camy mieszka\u0144c\u00f3w Przemy\u015bla, aby zapoznali si\u0119 z tym, jaki los spotka\u0142 publiczne pogotowie ratunkowe w Jaros\u0142awiu. &nbsp; W zwi\u0105zku z tym Prawo i Sprawiedliwo\u015b\u0107 w Przemy\u015blu wyra\u017ca stanowczy sprzeciw wobec dokonywanych [&hellip;]<\/p>","protected":false},"author":6,"featured_media":21,"comment_status":"open","ping_status":"open","sticky":false,"template":"","format":"standard","meta":{"ngg_post_thumbnail":0,"footnotes":""},"categories":[3],"tags":[],"class_list":["post-95","post","type-post","status-publish","format-standard","has-post-thumbnail","hentry","category-wydarzenia"],"yoast_head":"<!-- This site is optimized with the Yoast SEO plugin v24.7 - https:\/\/yoast.com\/wordpress\/plugins\/seo\/ -->\n<title>O\u015bwiadczenie kandydat\u00f3w Prawa i Sprawiedliwo\u015bci w sprawie planowanej likwidacji stanowiska Dyspozytora Medycznego Pogotowia Ratunkowego w Przemy\u015blu &#8211; Marek Kuchci\u0144ski<\/title>\n<meta name=\"robots\" content=\"index, follow, max-snippet:-1, max-image-preview:large, max-video-preview:-1\" \/>\n<link rel=\"canonical\" href=\"https:\/\/marekkuchcinski.pl\/ro\/wydarzenia\/oswidaczeniepogotowie\/\" \/>\n<meta property=\"og:locale\" content=\"ro_RO\" \/>\n<meta property=\"og:type\" content=\"article\" \/>\n<meta property=\"og:title\" content=\"O\u015bwiadczenie kandydat\u00f3w Prawa i Sprawiedliwo\u015bci w sprawie planowanej likwidacji stanowiska Dyspozytora Medycznego Pogotowia Ratunkowego w Przemy\u015blu &#8211; Marek Kuchci\u0144ski\" \/>\n<meta property=\"og:description\" content=\"Obawiamy si\u0119, \u017ce likwidacja Stanowiska Dyspozytora Medycznego w mie\u015bcie mo\u017ce by\u0107 pierwszym etapem prywatyzacji pogotowia w Przemy\u015blu. &nbsp; Nasze podejrzenia nie s\u0105 bezpodstawne &#8211; zach\u0119camy mieszka\u0144c\u00f3w Przemy\u015bla, aby zapoznali si\u0119 z tym, jaki los spotka\u0142 publiczne pogotowie ratunkowe w Jaros\u0142awiu. &nbsp; W zwi\u0105zku z tym Prawo i Sprawiedliwo\u015b\u0107 w Przemy\u015blu wyra\u017ca stanowczy sprzeciw wobec dokonywanych [&hellip;]\" \/>\n<meta property=\"og:url\" content=\"https:\/\/marekkuchcinski.pl\/ro\/wydarzenia\/oswidaczeniepogotowie\/\" \/>\n<meta property=\"og:site_name\" content=\"Marek Kuchci\u0144ski\" \/>\n<meta property=\"article:published_time\" content=\"2011-09-21T14:13:09+00:00\" \/>\n<meta property=\"article:modified_time\" content=\"2016-08-25T15:06:17+00:00\" \/>\n<meta property=\"og:image\" content=\"https:\/\/marekkuchcinski.pl\/wp-content\/uploads\/2011\/07\/ratownictwo.gif\" \/>\n\t<meta property=\"og:image:width\" content=\"120\" \/>\n\t<meta property=\"og:image:height\" content=\"120\" \/>\n\t<meta property=\"og:image:type\" content=\"image\/gif\" \/>\n<meta name=\"author\" content=\"admin\" \/>\n<meta name=\"twitter:card\" content=\"summary_large_image\" \/>\n<meta name=\"twitter:label1\" content=\"Scris de\" \/>\n\t<meta name=\"twitter:data1\" content=\"admin\" \/>\n\t<meta name=\"twitter:label2\" content=\"Timp estimat pentru citire\" \/>\n\t<meta name=\"twitter:data2\" content=\"2 minutes\" \/>\n<script type=\"application\/ld+json\" class=\"yoast-schema-graph\">{\"@context\":\"https:\/\/schema.org\",\"@graph\":[{\"@type\":\"Article\",\"@id\":\"https:\/\/marekkuchcinski.pl\/en\/wydarzenia\/oswidaczeniepogotowie\/#article\",\"isPartOf\":{\"@id\":\"https:\/\/marekkuchcinski.pl\/en\/wydarzenia\/oswidaczeniepogotowie\/\"},\"author\":{\"name\":\"admin\",\"@id\":\"https:\/\/marekkuchcinski.pl\/#\/schema\/person\/6f62700996b4d950b6ea2d1183b6c6be\"},\"headline\":\"O\u015bwiadczenie kandydat\u00f3w Prawa i Sprawiedliwo\u015bci w sprawie planowanej likwidacji stanowiska Dyspozytora Medycznego Pogotowia Ratunkowego w Przemy\u015blu\",\"datePublished\":\"2011-09-21T14:13:09+00:00\",\"dateModified\":\"2016-08-25T15:06:17+00:00\",\"mainEntityOfPage\":{\"@id\":\"https:\/\/marekkuchcinski.pl\/en\/wydarzenia\/oswidaczeniepogotowie\/\"},\"wordCount\":330,\"commentCount\":0,\"publisher\":{\"@id\":\"https:\/\/marekkuchcinski.pl\/#organization\"},\"image\":{\"@id\":\"https:\/\/marekkuchcinski.pl\/en\/wydarzenia\/oswidaczeniepogotowie\/#primaryimage\"},\"thumbnailUrl\":\"https:\/\/marekkuchcinski.pl\/wp-content\/uploads\/2011\/07\/ratownictwo.gif\",\"articleSection\":[\"Wydarzenia\"],\"inLanguage\":\"ro-RO\",\"potentialAction\":[{\"@type\":\"CommentAction\",\"name\":\"Comment\",\"target\":[\"https:\/\/marekkuchcinski.pl\/en\/wydarzenia\/oswidaczeniepogotowie\/#respond\"]}]},{\"@type\":\"WebPage\",\"@id\":\"https:\/\/marekkuchcinski.pl\/en\/wydarzenia\/oswidaczeniepogotowie\/\",\"url\":\"https:\/\/marekkuchcinski.pl\/en\/wydarzenia\/oswidaczeniepogotowie\/\",\"name\":\"O\u015bwiadczenie kandydat\u00f3w Prawa i Sprawiedliwo\u015bci w sprawie planowanej likwidacji stanowiska Dyspozytora Medycznego Pogotowia Ratunkowego w Przemy\u015blu &#8211; Marek Kuchci\u0144ski\",\"isPartOf\":{\"@id\":\"https:\/\/marekkuchcinski.pl\/#website\"},\"primaryImageOfPage\":{\"@id\":\"https:\/\/marekkuchcinski.pl\/en\/wydarzenia\/oswidaczeniepogotowie\/#primaryimage\"},\"image\":{\"@id\":\"https:\/\/marekkuchcinski.pl\/en\/wydarzenia\/oswidaczeniepogotowie\/#primaryimage\"},\"thumbnailUrl\":\"https:\/\/marekkuchcinski.pl\/wp-content\/uploads\/2011\/07\/ratownictwo.gif\",\"datePublished\":\"2011-09-21T14:13:09+00:00\",\"dateModified\":\"2016-08-25T15:06:17+00:00\",\"breadcrumb\":{\"@id\":\"https:\/\/marekkuchcinski.pl\/en\/wydarzenia\/oswidaczeniepogotowie\/#breadcrumb\"},\"inLanguage\":\"ro-RO\",\"potentialAction\":[{\"@type\":\"ReadAction\",\"target\":[\"https:\/\/marekkuchcinski.pl\/en\/wydarzenia\/oswidaczeniepogotowie\/\"]}]},{\"@type\":\"ImageObject\",\"inLanguage\":\"ro-RO\",\"@id\":\"https:\/\/marekkuchcinski.pl\/en\/wydarzenia\/oswidaczeniepogotowie\/#primaryimage\",\"url\":\"https:\/\/marekkuchcinski.pl\/wp-content\/uploads\/2011\/07\/ratownictwo.gif\",\"contentUrl\":\"https:\/\/marekkuchcinski.pl\/wp-content\/uploads\/2011\/07\/ratownictwo.gif\",\"width\":120,\"height\":120},{\"@type\":\"BreadcrumbList\",\"@id\":\"https:\/\/marekkuchcinski.pl\/en\/wydarzenia\/oswidaczeniepogotowie\/#breadcrumb\",\"itemListElement\":[{\"@type\":\"ListItem\",\"position\":1,\"name\":\"Strona g\u0142\u00f3wna\",\"item\":\"https:\/\/marekkuchcinski.pl\/\"},{\"@type\":\"ListItem\",\"position\":2,\"name\":\"O\u015bwiadczenie kandydat\u00f3w Prawa i Sprawiedliwo\u015bci w sprawie planowanej likwidacji stanowiska Dyspozytora Medycznego Pogotowia Ratunkowego w Przemy\u015blu\"}]},{\"@type\":\"WebSite\",\"@id\":\"https:\/\/marekkuchcinski.pl\/#website\",\"url\":\"https:\/\/marekkuchcinski.pl\/\",\"name\":\"Marek Kuchci\u0144ski\",\"description\":\"Pose\u0142 na sejm RP &ndash; okr\u0119g nr 22\",\"publisher\":{\"@id\":\"https:\/\/marekkuchcinski.pl\/#organization\"},\"potentialAction\":[{\"@type\":\"SearchAction\",\"target\":{\"@type\":\"EntryPoint\",\"urlTemplate\":\"https:\/\/marekkuchcinski.pl\/?s={search_term_string}\"},\"query-input\":{\"@type\":\"PropertyValueSpecification\",\"valueRequired\":true,\"valueName\":\"search_term_string\"}}],\"inLanguage\":\"ro-RO\"},{\"@type\":\"Organization\",\"@id\":\"https:\/\/marekkuchcinski.pl\/#organization\",\"name\":\"Marek Kuchci\u0144ski\",\"url\":\"https:\/\/marekkuchcinski.pl\/\",\"logo\":{\"@type\":\"ImageObject\",\"inLanguage\":\"ro-RO\",\"@id\":\"https:\/\/marekkuchcinski.pl\/#\/schema\/logo\/image\/\",\"url\":\"https:\/\/marekkuchcinski.pl\/wp-content\/uploads\/2022\/09\/Marek.jpg\",\"contentUrl\":\"https:\/\/marekkuchcinski.pl\/wp-content\/uploads\/2022\/09\/Marek.jpg\",\"width\":1600,\"height\":971,\"caption\":\"Marek Kuchci\u0144ski\"},\"image\":{\"@id\":\"https:\/\/marekkuchcinski.pl\/#\/schema\/logo\/image\/\"}},{\"@type\":\"Person\",\"@id\":\"https:\/\/marekkuchcinski.pl\/#\/schema\/person\/6f62700996b4d950b6ea2d1183b6c6be\",\"name\":\"admin\",\"image\":{\"@type\":\"ImageObject\",\"inLanguage\":\"ro-RO\",\"@id\":\"https:\/\/marekkuchcinski.pl\/#\/schema\/person\/image\/\",\"url\":\"https:\/\/secure.gravatar.com\/avatar\/4bab693b9d55c3d6b52c0296a8765085?s=96&d=mm&r=g\",\"contentUrl\":\"https:\/\/secure.gravatar.com\/avatar\/4bab693b9d55c3d6b52c0296a8765085?s=96&d=mm&r=g\",\"caption\":\"admin\"},\"url\":\"https:\/\/marekkuchcinski.pl\/ro\/author\/marta-olejnik\/\"}]}<\/script>\n<!-- \/ Yoast SEO plugin. -->","yoast_head_json":{"title":"O\u015bwiadczenie kandydat\u00f3w Prawa i Sprawiedliwo\u015bci w sprawie planowanej likwidacji stanowiska Dyspozytora Medycznego Pogotowia Ratunkowego w Przemy\u015blu &#8211; Marek Kuchci\u0144ski","robots":{"index":"index","follow":"follow","max-snippet":"max-snippet:-1","max-image-preview":"max-image-preview:large","max-video-preview":"max-video-preview:-1"},"canonical":"https:\/\/marekkuchcinski.pl\/ro\/wydarzenia\/oswidaczeniepogotowie\/","og_locale":"ro_RO","og_type":"article","og_title":"O\u015bwiadczenie kandydat\u00f3w Prawa i Sprawiedliwo\u015bci w sprawie planowanej likwidacji stanowiska Dyspozytora Medycznego Pogotowia Ratunkowego w Przemy\u015blu &#8211; Marek Kuchci\u0144ski","og_description":"Obawiamy si\u0119, \u017ce likwidacja Stanowiska Dyspozytora Medycznego w mie\u015bcie mo\u017ce by\u0107 pierwszym etapem prywatyzacji pogotowia w Przemy\u015blu. &nbsp; Nasze podejrzenia nie s\u0105 bezpodstawne &#8211; zach\u0119camy mieszka\u0144c\u00f3w Przemy\u015bla, aby zapoznali si\u0119 z tym, jaki los spotka\u0142 publiczne pogotowie ratunkowe w Jaros\u0142awiu. &nbsp; W zwi\u0105zku z tym Prawo i Sprawiedliwo\u015b\u0107 w Przemy\u015blu wyra\u017ca stanowczy sprzeciw wobec dokonywanych [&hellip;]","og_url":"https:\/\/marekkuchcinski.pl\/ro\/wydarzenia\/oswidaczeniepogotowie\/","og_site_name":"Marek Kuchci\u0144ski","article_published_time":"2011-09-21T14:13:09+00:00","article_modified_time":"2016-08-25T15:06:17+00:00","og_image":[{"width":120,"height":120,"url":"https:\/\/marekkuchcinski.pl\/wp-content\/uploads\/2011\/07\/ratownictwo.gif","type":"image\/gif"}],"author":"admin","twitter_card":"summary_large_image","twitter_misc":{"Scris de":"admin","Timp estimat pentru citire":"2 minutes"},"schema":{"@context":"https:\/\/schema.org","@graph":[{"@type":"Article","@id":"https:\/\/marekkuchcinski.pl\/en\/wydarzenia\/oswidaczeniepogotowie\/#article","isPartOf":{"@id":"https:\/\/marekkuchcinski.pl\/en\/wydarzenia\/oswidaczeniepogotowie\/"},"author":{"name":"admin","@id":"https:\/\/marekkuchcinski.pl\/#\/schema\/person\/6f62700996b4d950b6ea2d1183b6c6be"},"headline":"O\u015bwiadczenie kandydat\u00f3w Prawa i Sprawiedliwo\u015bci w sprawie planowanej likwidacji stanowiska Dyspozytora Medycznego Pogotowia Ratunkowego w Przemy\u015blu","datePublished":"2011-09-21T14:13:09+00:00","dateModified":"2016-08-25T15:06:17+00:00","mainEntityOfPage":{"@id":"https:\/\/marekkuchcinski.pl\/en\/wydarzenia\/oswidaczeniepogotowie\/"},"wordCount":330,"commentCount":0,"publisher":{"@id":"https:\/\/marekkuchcinski.pl\/#organization"},"image":{"@id":"https:\/\/marekkuchcinski.pl\/en\/wydarzenia\/oswidaczeniepogotowie\/#primaryimage"},"thumbnailUrl":"https:\/\/marekkuchcinski.pl\/wp-content\/uploads\/2011\/07\/ratownictwo.gif","articleSection":["Wydarzenia"],"inLanguage":"ro-RO","potentialAction":[{"@type":"CommentAction","name":"Comment","target":["https:\/\/marekkuchcinski.pl\/en\/wydarzenia\/oswidaczeniepogotowie\/#respond"]}]},{"@type":"WebPage","@id":"https:\/\/marekkuchcinski.pl\/en\/wydarzenia\/oswidaczeniepogotowie\/","url":"https:\/\/marekkuchcinski.pl\/en\/wydarzenia\/oswidaczeniepogotowie\/","name":"O\u015bwiadczenie kandydat\u00f3w Prawa i Sprawiedliwo\u015bci w sprawie planowanej likwidacji stanowiska Dyspozytora Medycznego Pogotowia Ratunkowego w Przemy\u015blu &#8211; Marek Kuchci\u0144ski","isPartOf":{"@id":"https:\/\/marekkuchcinski.pl\/#website"},"primaryImageOfPage":{"@id":"https:\/\/marekkuchcinski.pl\/en\/wydarzenia\/oswidaczeniepogotowie\/#primaryimage"},"image":{"@id":"https:\/\/marekkuchcinski.pl\/en\/wydarzenia\/oswidaczeniepogotowie\/#primaryimage"},"thumbnailUrl":"https:\/\/marekkuchcinski.pl\/wp-content\/uploads\/2011\/07\/ratownictwo.gif","datePublished":"2011-09-21T14:13:09+00:00","dateModified":"2016-08-25T15:06:17+00:00","breadcrumb":{"@id":"https:\/\/marekkuchcinski.pl\/en\/wydarzenia\/oswidaczeniepogotowie\/#breadcrumb"},"inLanguage":"ro-RO","potentialAction":[{"@type":"ReadAction","target":["https:\/\/marekkuchcinski.pl\/en\/wydarzenia\/oswidaczeniepogotowie\/"]}]},{"@type":"ImageObject","inLanguage":"ro-RO","@id":"https:\/\/marekkuchcinski.pl\/en\/wydarzenia\/oswidaczeniepogotowie\/#primaryimage","url":"https:\/\/marekkuchcinski.pl\/wp-content\/uploads\/2011\/07\/ratownictwo.gif","contentUrl":"https:\/\/marekkuchcinski.pl\/wp-content\/uploads\/2011\/07\/ratownictwo.gif","width":120,"height":120},{"@type":"BreadcrumbList","@id":"https:\/\/marekkuchcinski.pl\/en\/wydarzenia\/oswidaczeniepogotowie\/#breadcrumb","itemListElement":[{"@type":"ListItem","position":1,"name":"Strona g\u0142\u00f3wna","item":"https:\/\/marekkuchcinski.pl\/"},{"@type":"ListItem","position":2,"name":"O\u015bwiadczenie kandydat\u00f3w Prawa i Sprawiedliwo\u015bci w sprawie planowanej likwidacji stanowiska Dyspozytora Medycznego Pogotowia Ratunkowego w Przemy\u015blu"}]},{"@type":"WebSite","@id":"https:\/\/marekkuchcinski.pl\/#website","url":"https:\/\/marekkuchcinski.pl\/","name":"Marek Kuchci\u0144ski","description":"Pose\u0142 na sejm RP &ndash; okr\u0119g nr 22","publisher":{"@id":"https:\/\/marekkuchcinski.pl\/#organization"},"potentialAction":[{"@type":"SearchAction","target":{"@type":"EntryPoint","urlTemplate":"https:\/\/marekkuchcinski.pl\/?s={search_term_string}"},"query-input":{"@type":"PropertyValueSpecification","valueRequired":true,"valueName":"search_term_string"}}],"inLanguage":"ro-RO"},{"@type":"Organization","@id":"https:\/\/marekkuchcinski.pl\/#organization","name":"Marek Kuchci\u0144ski","url":"https:\/\/marekkuchcinski.pl\/","logo":{"@type":"ImageObject","inLanguage":"ro-RO","@id":"https:\/\/marekkuchcinski.pl\/#\/schema\/logo\/image\/","url":"https:\/\/marekkuchcinski.pl\/wp-content\/uploads\/2022\/09\/Marek.jpg","contentUrl":"https:\/\/marekkuchcinski.pl\/wp-content\/uploads\/2022\/09\/Marek.jpg","width":1600,"height":971,"caption":"Marek Kuchci\u0144ski"},"image":{"@id":"https:\/\/marekkuchcinski.pl\/#\/schema\/logo\/image\/"}},{"@type":"Person","@id":"https:\/\/marekkuchcinski.pl\/#\/schema\/person\/6f62700996b4d950b6ea2d1183b6c6be","name":"admin","image":{"@type":"ImageObject","inLanguage":"ro-RO","@id":"https:\/\/marekkuchcinski.pl\/#\/schema\/person\/image\/","url":"https:\/\/secure.gravatar.com\/avatar\/4bab693b9d55c3d6b52c0296a8765085?s=96&d=mm&r=g","contentUrl":"https:\/\/secure.gravatar.com\/avatar\/4bab693b9d55c3d6b52c0296a8765085?s=96&d=mm&r=g","caption":"admin"},"url":"https:\/\/marekkuchcinski.pl\/ro\/author\/marta-olejnik\/"}]}},"_links":{"self":[{"href":"https:\/\/marekkuchcinski.pl\/ro\/wp-json\/wp\/v2\/posts\/95","targetHints":{"allow":["GET"]}}],"collection":[{"href":"https:\/\/marekkuchcinski.pl\/ro\/wp-json\/wp\/v2\/posts"}],"about":[{"href":"https:\/\/marekkuchcinski.pl\/ro\/wp-json\/wp\/v2\/types\/post"}],"author":[{"embeddable":true,"href":"https:\/\/marekkuchcinski.pl\/ro\/wp-json\/wp\/v2\/users\/6"}],"replies":[{"embeddable":true,"href":"https:\/\/marekkuchcinski.pl\/ro\/wp-json\/wp\/v2\/comments?post=95"}],"version-history":[{"count":1,"href":"https:\/\/marekkuchcinski.pl\/ro\/wp-json\/wp\/v2\/posts\/95\/revisions"}],"predecessor-version":[{"id":1422,"href":"https:\/\/marekkuchcinski.pl\/ro\/wp-json\/wp\/v2\/posts\/95\/revisions\/1422"}],"wp:featuredmedia":[{"embeddable":true,"href":"https:\/\/marekkuchcinski.pl\/ro\/wp-json\/wp\/v2\/media\/21"}],"wp:attachment":[{"href":"https:\/\/marekkuchcinski.pl\/ro\/wp-json\/wp\/v2\/media?parent=95"}],"wp:term":[{"taxonomy":"category","embeddable":true,"href":"https:\/\/marekkuchcinski.pl\/ro\/wp-json\/wp\/v2\/categories?post=95"},{"taxonomy":"post_tag","embeddable":true,"href":"https:\/\/marekkuchcinski.pl\/ro\/wp-json\/wp\/v2\/tags?post=95"}],"curies":[{"name":"wp","href":"https:\/\/api.w.org\/{rel}","templated":true}]}}