{"id":9445,"date":"2018-05-07T11:07:34","date_gmt":"2018-05-07T09:07:34","guid":{"rendered":"https:\/\/marekkuchcinski.pl\/?p=9445"},"modified":"2018-05-07T11:18:01","modified_gmt":"2018-05-07T09:18:01","slug":"73-rocznica-bitwy-kurylowka","status":"publish","type":"post","link":"https:\/\/marekkuchcinski.pl\/ro\/wydarzenia\/73-rocznica-bitwy-kurylowka\/","title":{"rendered":"A 73-a aniversare a b\u0103t\u0103liei de la Kury\u0142\u00f3wka"},"content":{"rendered":"<p style=\"text-align: left;\">\u00centre 6 \u0219i 8 mai 1945, a avut loc o b\u0103t\u0103lie \u00eentre unit\u0103\u021bile poloneze clandestine NOW-NZW \u0219i trupele NKVD. Solda\u021bii din Wykl\u0119cie au pierdut doar 10 oameni, fa\u021b\u0103 de o pierdere sovietic\u0103 de aproximativ 70 de invadatori.<\/p>\n<p style=\"text-align: left;\">\u00cen scrisoarea sa adresat\u0103 participan\u021bilor la festivit\u0103\u021bile aniversare, Mare\u0219alul Marek Kuchci\u0144ski a subliniat c\u0103, \u00een timpul lungilor ani de comunism, subiectul luptei \u00eempotriva invadatorilor sovietici a fost interzis, iar urmele eroismului au fost ascunse cu scrupulozitate.  Potrivit lui Marek Kuchci\u0144ski, ceremonii precum dezvelirea monumentului care comemoreaz\u0103 aceast\u0103 b\u0103t\u0103lie reprezint\u0103 o m\u0103rturie a triumfului adev\u0103rului asupra minciunii, a memoriei asupra ordinului de a p\u0103stra t\u0103cerea. - Nu mai este necesar s\u0103 \u00eengrop\u0103m adev\u0103rul \u00een ad\u00e2ncul inimii \u0219i s\u0103 p\u0103str\u0103m t\u0103cerea asupra crimelor comise \u00eempotriva solda\u021bilor clandestini \u0219i a societ\u0103\u021bii poloneze\", a scris mare\u0219alul Sejm-ului.<\/p>\n<p style=\"text-align: left;\">Scrisoare complet\u0103:\u00a0<strong><span style=\"color: #33cccc;\"><a style=\"color: #33cccc;\" href=\"https:\/\/marekkuchcinski.pl\/wp-content\/uploads\/2018\/05\/Bitwa-pod-Kury\u0142\u00f3wk\u0105.pdf\">B\u0103t\u0103lia de la Kury\u0142\u00f3wka<\/a><\/span><\/strong><\/p>\n<h5><em><a href=\"https:\/\/marekkuchcinski.pl\/wp-content\/uploads\/2018\/05\/Kury\u0142\u00f3wka.jpg\"><img fetchpriority=\"high\" decoding=\"async\" class=\"aligncenter wp-image-9446 size-full\" src=\"https:\/\/marekkuchcinski.pl\/wp-content\/uploads\/2018\/05\/Kury\u0142\u00f3wka.jpg\" alt=\"Kury\u0142\u00f3wka\" width=\"532\" height=\"347\" srcset=\"https:\/\/marekkuchcinski.pl\/wp-content\/uploads\/2018\/05\/Kury\u0142\u00f3wka.jpg 532w, https:\/\/marekkuchcinski.pl\/wp-content\/uploads\/2018\/05\/Kury\u0142\u00f3wka-300x196.jpg 300w\" sizes=\"(max-width: 532px) 100vw, 532px\" \/><\/a><\/em><\/h5>\n<h5><em>Comandan\u021bi<\/em><strong><em>\u00a0Unit\u0103\u021bi de partizani NZW (de la dreapta): c\u0103pitan J\u00f3zef Zadzierski \"Wo\u0142yniak\", locotenent Stanis\u0142aw Pelczar \"Majka\", Bronis\u0142aw Gliniak \"Radwan\"<\/em><\/strong><\/h5>","protected":false},"excerpt":{"rendered":"<p>Mi\u0119dzy 6 a 8 maja 1945 roku rozegra\u0142a si\u0119 bitwa mi\u0119dzy oddzia\u0142ami polskiego podziemia NOW-NZW a wojskami NKWD. \u017bo\u0142nierze Wykl\u0119ci stracili tylko 10 ludzi przy sowieckiej stracie wynosz\u0105cej ok. 70 enkawudzist\u00f3w. W li\u015bcie skierowanym\u00a0do uczestnik\u00f3w rocznicowych obchod\u00f3w marsza\u0142ek Sejmu Marek Kuchci\u0144ski podkre\u015bla\u0142, \u017ce przez d\u0142ugie lata komunizmu temat walk z sowieckim naje\u017ad\u017ac\u0105 by\u0142 zakazany, a [&hellip;]<\/p>\n","protected":false},"author":6,"featured_media":9446,"comment_status":"open","ping_status":"open","sticky":false,"template":"","format":"standard","meta":{"ngg_post_thumbnail":0,"footnotes":""},"categories":[49,77,3],"tags":[],"class_list":["post-9445","post","type-post","status-publish","format-standard","has-post-thumbnail","hentry","category-podkarpacie","category-wazne-daty","category-wydarzenia"],"_links":{"self":[{"href":"https:\/\/marekkuchcinski.pl\/ro\/wp-json\/wp\/v2\/posts\/9445","targetHints":{"allow":["GET"]}}],"collection":[{"href":"https:\/\/marekkuchcinski.pl\/ro\/wp-json\/wp\/v2\/posts"}],"about":[{"href":"https:\/\/marekkuchcinski.pl\/ro\/wp-json\/wp\/v2\/types\/post"}],"author":[{"embeddable":true,"href":"https:\/\/marekkuchcinski.pl\/ro\/wp-json\/wp\/v2\/users\/6"}],"replies":[{"embeddable":true,"href":"https:\/\/marekkuchcinski.pl\/ro\/wp-json\/wp\/v2\/comments?post=9445"}],"version-history":[{"count":6,"href":"https:\/\/marekkuchcinski.pl\/ro\/wp-json\/wp\/v2\/posts\/9445\/revisions"}],"predecessor-version":[{"id":9454,"href":"https:\/\/marekkuchcinski.pl\/ro\/wp-json\/wp\/v2\/posts\/9445\/revisions\/9454"}],"wp:featuredmedia":[{"embeddable":true,"href":"https:\/\/marekkuchcinski.pl\/ro\/wp-json\/wp\/v2\/media\/9446"}],"wp:attachment":[{"href":"https:\/\/marekkuchcinski.pl\/ro\/wp-json\/wp\/v2\/media?parent=9445"}],"wp:term":[{"taxonomy":"category","embeddable":true,"href":"https:\/\/marekkuchcinski.pl\/ro\/wp-json\/wp\/v2\/categories?post=9445"},{"taxonomy":"post_tag","embeddable":true,"href":"https:\/\/marekkuchcinski.pl\/ro\/wp-json\/wp\/v2\/tags?post=9445"}],"curies":[{"name":"wp","href":"https:\/\/api.w.org\/{rel}","templated":true}]}}