{"id":9242,"date":"2018-04-14T20:12:04","date_gmt":"2018-04-14T18:12:04","guid":{"rendered":"https:\/\/marekkuchcinski.pl\/?p=9242"},"modified":"2018-04-14T20:12:04","modified_gmt":"2018-04-14T18:12:04","slug":"konwencja-prawa-sprawiedliwosci","status":"publish","type":"post","link":"https:\/\/marekkuchcinski.pl\/ro\/wydarzenia\/konwencja-prawa-sprawiedliwosci\/","title":{"rendered":"Conven\u021bia privind dreptul \u0219i justi\u021bia"},"content":{"rendered":"<p>Programul \"Bunul \u00eenceput\", adic\u0103 300 de zlo\u021bi pe an pentru studen\u021bii de p\u00e2n\u0103 la 18 ani, reducerea CIT de la 15% la 9%, un program de sprijin pentru persoanele \u00een v\u00e2rst\u0103, un ZUS mai mic pentru \u00eentreprinderile mici, \u00eenfiin\u021barea unui fond pentru drumuri locale - acestea sunt cele mai importante propuneri pe care premierul Mateusz Morawiecki le-a prezentat la conven\u021bia \"Lege \u0219i justi\u021bie\" de la Var\u0219ovia.<\/p>\n<p>\u00cen plus, premierul a schi\u021bat planul pe care \u00eel va urma Legea \u0219i Justi\u021bia:<\/p>\n<ul>\n<li>Vom merge \u00een \u021bar\u0103 pentru a \u0219ti ce a\u0219teapt\u0103 de la noi, putem face acest lucru doar \u00eempreun\u0103 - lucr\u00e2nd \u00eempreun\u0103 ca parte a Dreptei Unite.<\/li>\n<li>Polonia trebuie s\u0103 fie mai echitabil\u0103, acest lucru face parte din programul nostru<\/li>\n<li>Lans\u0103m noi programe \u0219i continu\u0103m cu Via Carpathia, Via Baltica, Czyste Powietrze, Mieszkanie + (100.000 de apartamente vor fi construite \u00een cadrul acestui program).<\/li>\n<li>Ast\u0103zi, Polonia se dezvolt\u0103 mult mai bine \u0219i \u00ee\u0219i poate permite noi proiecte.<\/li>\n<li>Ministerul S\u0103n\u0103t\u0103\u021bii va prezenta un program detaliat<\/li>\n<li>Pentru noi, fermierii sunt esen\u021biali, reprezint\u0103 o prioritate esen\u021bial\u0103 - vom aduna cererile lor. Vrem s\u0103 extindem domeniul de aplicare a legii privind v\u00e2nzarea cu am\u0103nuntul de c\u0103tre fermieri<\/li>\n<li>Ne diversific\u0103m sursele de petrol \u0219i gaze naturale<\/li>\n<li>Ne pas\u0103 de securitatea ap\u0103r\u0103rii: am semnat un contract pentru achizi\u021bionarea sistemului PATRIOT<\/li>\n<li>Construim o Polonie a egalit\u0103\u021bii pentru to\u021bi, a egalit\u0103\u021bii de \u0219anse, dorim ca legea s\u0103 fie egal\u0103 pentru to\u021bi, Polonia trebuie s\u0103 fie o \u021bar\u0103 cu \u0219anse egale pentru to\u021bi.<\/li>\n<li>Avem un program foarte bun, dar avem nevoie de mai mul\u021bi ani de implementare pentru a schimba Polonia.<\/li>\n<li>Rolul Poloniei \u00een Europa \u0219i \u00een UE devine din ce \u00een ce mai important, iar Polonia este din ce \u00een ce mai luat\u0103 \u00een considerare. Marele nostru succes: nu vor exista dou\u0103 bugete \u00een UE, nu va exista o UE cu dou\u0103 viteze<\/li>\n<li>Va exista impozitarea marilor CH-uri \u0219i a marilor cl\u0103diri de birouri, acesta este marele nostru triumf<\/li>\n<li>Polonia este un stat suveran \u0219i schimb\u0103rile a\u0219teptate de la noi vor fi implementate \u00een condi\u021biile noastre.<\/li>\n<li>Am recuperat miliardele \"\u00eengropate\" din care ne finan\u021b\u0103m programele. Exist\u0103 bani pentru acest lucru prin sigilarea sistemului fiscal. Avem modelul nostru economic<\/li>\n<li>Ne a\u0219teapt\u0103 c\u00e2teva luni importante. Trebuie s\u0103 mergem \u00een Polonia pentru c\u0103 lucr\u0103m pentru Polonia, pentru polonezi.<\/li>\n<li>Planul de Dezvoltare Responsabil\u0103 este un program pe mai mul\u021bi ani, vom face schimb\u0103ri pas cu pas, astfel \u00eenc\u00e2t oamenii s\u0103 \u0219tie c\u0103 suntem al\u0103turi de ei.<\/li>\n<\/ul>\n<p>Vicepremierul Beata Szyd\u0142o a sus\u021binut c\u0103 o via\u021b\u0103 demn\u0103 pentru familiile poloneze este ceva ce echipa ro\u0219-alb\u0103 a realizat \u00eempreun\u0103. Prin urmare, copiii \u0219i familia reprezint\u0103 fundamentul Poloniei \u0219i viitorul nostru:<\/p>\n<ul>\n<li>dorim s\u0103 introducem facilit\u0103\u021bi pentru mamele tinere<\/li>\n<li>\u00a0program de medicamente gratuite pentru femeile \u00eens\u0103rcinate<\/li>\n<li>\u00a0o pensie pentru femeile care nu au lucrat \u0219i care au crescut cel pu\u021bin 4 copii<\/li>\n<\/ul>\n<p>La conven\u021bia de la Var\u0219ovia au fost prezen\u021bi, printre al\u021bii, pre\u0219edintele Sejm-ului, Marek Kuchci\u0144ski, pre\u0219edintele Senatului, Stanis\u0142aw Karczewski, mini\u0219tri, parlamentari.<\/p>\n<p><a href=\"https:\/\/marekkuchcinski.pl\/wp-content\/uploads\/2018\/04\/DSCF9361-1.jpg\"><img fetchpriority=\"high\" decoding=\"async\" class=\"alignnone size-full wp-image-9261\" src=\"https:\/\/marekkuchcinski.pl\/wp-content\/uploads\/2018\/04\/DSCF9361-1.jpg\" alt=\"DSCF9361 (1)\" width=\"3682\" height=\"2444\" srcset=\"https:\/\/marekkuchcinski.pl\/wp-content\/uploads\/2018\/04\/DSCF9361-1.jpg 2048w, https:\/\/marekkuchcinski.pl\/wp-content\/uploads\/2018\/04\/DSCF9361-1-300x199.jpg 300w, https:\/\/marekkuchcinski.pl\/wp-content\/uploads\/2018\/04\/DSCF9361-1-768x510.jpg 768w, https:\/\/marekkuchcinski.pl\/wp-content\/uploads\/2018\/04\/DSCF9361-1-1024x680.jpg 1024w\" sizes=\"(max-width: 3682px) 100vw, 3682px\" \/><\/a>Pre\u0219edintele Partidului Lege \u0219i Justi\u021bie a anun\u021bat calea pe care Partidul Lege \u0219i Justi\u021bie inten\u021bioneaz\u0103 s\u0103 o urmeze pentru a continua discu\u021bia cu polonezii. - Este necesar s\u0103 lucr\u0103m continuu, deoarece \"schimbarea bun\u0103\" necesit\u0103 o ac\u021biune continu\u0103, a declarat Jaros\u0142aw Kaczy\u0144ski.<a href=\"https:\/\/marekkuchcinski.pl\/wp-content\/uploads\/2018\/04\/DSCF9294-1.jpg\"><img decoding=\"async\" class=\"alignnone size-full wp-image-9245\" src=\"https:\/\/marekkuchcinski.pl\/wp-content\/uploads\/2018\/04\/DSCF9294-1.jpg\" alt=\"DSCF9294 (1)\" width=\"3574\" height=\"2317\" srcset=\"https:\/\/marekkuchcinski.pl\/wp-content\/uploads\/2018\/04\/DSCF9294-1.jpg 2048w, https:\/\/marekkuchcinski.pl\/wp-content\/uploads\/2018\/04\/DSCF9294-1-300x194.jpg 300w, https:\/\/marekkuchcinski.pl\/wp-content\/uploads\/2018\/04\/DSCF9294-1-768x498.jpg 768w, https:\/\/marekkuchcinski.pl\/wp-content\/uploads\/2018\/04\/DSCF9294-1-1024x664.jpg 1024w\" sizes=\"(max-width: 3574px) 100vw, 3574px\" \/><\/a><a href=\"https:\/\/marekkuchcinski.pl\/wp-content\/uploads\/2018\/04\/DSCF9305-2-1.jpg\"><img decoding=\"async\" class=\"alignnone size-full wp-image-9264\" src=\"https:\/\/marekkuchcinski.pl\/wp-content\/uploads\/2018\/04\/DSCF9305-2-1.jpg\" alt=\"DSCF9305 (2)\" width=\"4896\" height=\"2760\" srcset=\"https:\/\/marekkuchcinski.pl\/wp-content\/uploads\/2018\/04\/DSCF9305-2-1.jpg 2048w, https:\/\/marekkuchcinski.pl\/wp-content\/uploads\/2018\/04\/DSCF9305-2-1-300x169.jpg 300w, https:\/\/marekkuchcinski.pl\/wp-content\/uploads\/2018\/04\/DSCF9305-2-1-768x433.jpg 768w, https:\/\/marekkuchcinski.pl\/wp-content\/uploads\/2018\/04\/DSCF9305-2-1-1024x577.jpg 1024w\" sizes=\"(max-width: 4896px) 100vw, 4896px\" \/><\/a><a href=\"https:\/\/marekkuchcinski.pl\/wp-content\/uploads\/2018\/04\/DSCF9371-1.jpg\"><img loading=\"lazy\" decoding=\"async\" class=\"alignnone size-full wp-image-9244\" src=\"https:\/\/marekkuchcinski.pl\/wp-content\/uploads\/2018\/04\/DSCF9371-1.jpg\" alt=\"DSCF9371 (1)\" width=\"3761\" height=\"2498\" srcset=\"https:\/\/marekkuchcinski.pl\/wp-content\/uploads\/2018\/04\/DSCF9371-1.jpg 2048w, https:\/\/marekkuchcinski.pl\/wp-content\/uploads\/2018\/04\/DSCF9371-1-300x199.jpg 300w, https:\/\/marekkuchcinski.pl\/wp-content\/uploads\/2018\/04\/DSCF9371-1-768x510.jpg 768w, https:\/\/marekkuchcinski.pl\/wp-content\/uploads\/2018\/04\/DSCF9371-1-1024x680.jpg 1024w\" sizes=\"(max-width: 3761px) 100vw, 3761px\" \/><\/a><\/p>","protected":false},"excerpt":{"rendered":"<p>Program Dobry start, czyli 300 z\u0142 jako wyprawka co roku dla uczni\u00f3w do 18. roku \u017cycia, obni\u017cka CIT z 15 do 9 proc., program wsparcia dla senior\u00f3w, ni\u017cszy ZUS dla ma\u0142ych firm, powo\u0142anie funduszu dr\u00f3g lokalnych &#8211; to najwa\u017cniejsze propozycje, jakie podczas konwencji Prawa i Sprawiedliwo\u015bci w Warszawie przedstawi\u0142 premier Mateusz Morawiecki. Ponadto premier naszkicowa\u0142 [&hellip;]<\/p>\n","protected":false},"author":6,"featured_media":9244,"comment_status":"open","ping_status":"open","sticky":false,"template":"","format":"standard","meta":{"ngg_post_thumbnail":0,"footnotes":""},"categories":[82,3],"tags":[],"class_list":["post-9242","post","type-post","status-publish","format-standard","has-post-thumbnail","hentry","category-prawo-i-sprawiedliwosc","category-wydarzenia"],"_links":{"self":[{"href":"https:\/\/marekkuchcinski.pl\/ro\/wp-json\/wp\/v2\/posts\/9242","targetHints":{"allow":["GET"]}}],"collection":[{"href":"https:\/\/marekkuchcinski.pl\/ro\/wp-json\/wp\/v2\/posts"}],"about":[{"href":"https:\/\/marekkuchcinski.pl\/ro\/wp-json\/wp\/v2\/types\/post"}],"author":[{"embeddable":true,"href":"https:\/\/marekkuchcinski.pl\/ro\/wp-json\/wp\/v2\/users\/6"}],"replies":[{"embeddable":true,"href":"https:\/\/marekkuchcinski.pl\/ro\/wp-json\/wp\/v2\/comments?post=9242"}],"version-history":[{"count":3,"href":"https:\/\/marekkuchcinski.pl\/ro\/wp-json\/wp\/v2\/posts\/9242\/revisions"}],"predecessor-version":[{"id":9265,"href":"https:\/\/marekkuchcinski.pl\/ro\/wp-json\/wp\/v2\/posts\/9242\/revisions\/9265"}],"wp:featuredmedia":[{"embeddable":true,"href":"https:\/\/marekkuchcinski.pl\/ro\/wp-json\/wp\/v2\/media\/9244"}],"wp:attachment":[{"href":"https:\/\/marekkuchcinski.pl\/ro\/wp-json\/wp\/v2\/media?parent=9242"}],"wp:term":[{"taxonomy":"category","embeddable":true,"href":"https:\/\/marekkuchcinski.pl\/ro\/wp-json\/wp\/v2\/categories?post=9242"},{"taxonomy":"post_tag","embeddable":true,"href":"https:\/\/marekkuchcinski.pl\/ro\/wp-json\/wp\/v2\/tags?post=9242"}],"curies":[{"name":"wp","href":"https:\/\/api.w.org\/{rel}","templated":true}]}}