{"id":9199,"date":"2018-04-12T18:26:57","date_gmt":"2018-04-12T16:26:57","guid":{"rendered":"https:\/\/marekkuchcinski.pl\/?p=9199"},"modified":"2018-04-13T16:25:57","modified_gmt":"2018-04-13T14:25:57","slug":"marszalek-sejmu-marek-kuchcinski-honorowym-obywatelem-miasta-przemysla","status":"publish","type":"post","link":"https:\/\/marekkuchcinski.pl\/ro\/wydarzenia\/marszalek-sejmu-marek-kuchcinski-honorowym-obywatelem-miasta-przemysla\/","title":{"rendered":"Pre\u0219edintele Sejm Marek Kuchci\u0144ski Cet\u0103\u021bean de onoare al ora\u0219ului Przemy\u015bl"},"content":{"rendered":"<p><strong>Consiliul Local al ora\u0219ului Przemy\u015bl i-a acordat pre\u0219edintelui Sejm-ului, Marek Kuchci\u0144ski, titlul de Cet\u0103\u021bean de onoare al ora\u0219ului. Au fost 12 consilieri \u00een favoarea rezolu\u021biei, 4 \u00eempotriv\u0103 \u0219i unul s-a ab\u021binut de la vot.\u00a0<\/strong><\/p>\n<p>Pre\u0219edintele Consiliului Local Przemy\u015bl a primit o scrisoare din partea membrilor fostului Comitet de Solidaritate Civic\u0103 cu propunerea de a \u00eenainta o ini\u021biativ\u0103 legislativ\u0103. \"Recunosc\u00e2nd angajamentul \u0219i dedicarea enorm\u0103 pentru binele Patriei noastre mici \u0219i mari, precum \u0219i mul\u021bi ani de munc\u0103 con\u0219tiincioas\u0103 \u00een beneficiul regiunii \u0219i exprim\u00e2ndu-\u0219i, de asemenea, respectul pentru func\u021bia de pre\u0219edinte al Sejm-ului Republicii Polone, Consiliul Local al ora\u0219ului Przemy\u015bl \u00eei acord\u0103 domnului Marek Tadeusz Kuchci\u0144ski titlul de Cet\u0103\u021bean de Onoare al ora\u0219ului Przemy\u015bl, exprim\u00e2ndu-\u0219i mul\u021bumirile pentru atitudinea \u0219i contribu\u021bia personal\u0103 la promovarea ora\u0219ului s\u0103u pe plan na\u021bional \u0219i interna\u021bional\", a scris Robert Choma, primarul ora\u0219ului Przemy\u015bl, \u00een proiectul de hot\u0103r\u00e2re.<\/p>\n<p>\u00cen timpul \u0219edin\u021bei Consiliului Municipal, pre\u0219edintele Choma a sus\u021binut, de asemenea, c\u0103 este pe deplin justificat s\u0103 confere acest titlu pre\u0219edintelui Sejm-ului, a doua persoan\u0103 din \u021bar\u0103, originar din Przemy\u015bl, la 550 de ani de parlamentarism.<\/p>\n<p>Lucyna Podhalicz, adjunctul voievodului de Podkarpacie, consider\u0103, de asemenea, c\u0103 Mare\u0219alul Marek Kuchci\u0144ski merit\u0103 aceast\u0103 onoare. - Este ini\u021biatorul \u00eenfiin\u021b\u0103rii Universit\u0103\u021bii de Stat din Europa de Est din Przemy\u015bl, ini\u021biatorul adopt\u0103rii Programului pentru Polonia de Est, care a finan\u021bat construc\u021bia variantei de ocolire a ora\u0219ului Przemy\u015bl. Ca urmare a eforturilor lui Marek Kuchci\u0144ski, \u00een Przemy\u015bl se afl\u0103 Podkarpacki Urz\u0105d Celno-Skarbowy (Biroul de Vam\u0103 \u0219i Accize Podkarpacki) \u0219i o filial\u0103 a \u0218colii Na\u021bionale de Fiscalitate. Mare\u0219alul Sejm-ului este, de asemenea, ini\u021biatorul programului interna\u021bional pentru Carpa\u021bi, inclusiv crearea traseului interna\u021bional Via Carpatia. El este singurul cet\u0103\u021bean de przemy\u015blno de p\u00e2n\u0103 acum, care a f\u0103cut parte din prezidiul Sejm-ului contemporan, mai \u00eent\u00e2i ca vicemare\u0219al, apoi ca mare\u0219al\", argumenteaz\u0103 el.<\/p>\n<p>\u00cen anii 1980, Marek Kuchci\u0144ski a organizat mediul cultural independent din Przemy\u015bl, public\u00e2nd \u0219i coedit\u00e2nd trimestrialul Strych Kulturalny (Mansarda cultural\u0103) \u00een afara cenzurii. A fost activ \u00een mi\u0219carea independent\u0103 a \u021b\u0103ranilor - a fost, printre altele, membru al Comitetului de Rezisten\u021b\u0103 al Fermierilor din \u00eentreaga Polonie. \u00cen perioada 1983-1989, tot necenzurat, a co-organizat Zilele Culturii Cre\u0219tine din Przemy\u015bl \u0219i expozi\u021biile interna\u021bionale de art\u0103 \"Omul - Dumnezeu - Lumea\". \u00cen 1985, a fost arestat pentru activit\u0103\u021bi de opozi\u021bie. \u00cen 1989, a fost co-fondator al Comitetului Civic \"Solidaritatea\" din Voievodatul Przemy\u015bl. \u00cen 1990-1992, a fost membru al Comitetului Cet\u0103\u021benilor Solidarit\u0103\u021bii Na\u021bionale sub conducerea lui Lech Wa\u0142\u0119sa. \u00cen perioada 1990-1999 a fost membru al Centrului de Acord \u0219i pre\u0219edinte al Asocia\u021biei Culturale Przemysl, editor al revistei trimestriale \"Spojrzenia Przemyskie\", vicepre\u0219edinte al Filialei Rzesz\u00f3w a Asocia\u021biei Jurnali\u0219tilor Polonezi \u0219i pre\u0219edinte al consiliului de programe al Radioului Polonez Rzesz\u00f3w. \u00centre 1994 \u0219i 1999, a fost consilier \u00een Przemy\u015bl. Din 1990 p\u00e2n\u0103 \u00een 1999 a fost membru al Centrului de Acord, conduc\u00e2nd partidul \u00een Voievodatul Przemy\u015bl.<\/p>\n<p>Din 1999 p\u00e2n\u0103 \u00een 2001, a de\u021binut func\u021bia de viceguvernator al Voievodatului Subcarpa\u021bi. Din 2001, a de\u021binut mandatul de membru al Sejm-ului pentru mandate succesive \u00een domeniul Drept \u0219i Justi\u021bie. La 4 august 2010, am devenit vicepre\u0219edinte al Sejm-ului pentru al \u0219aselea mandat, iar la 8 noiembrie 2011 - Vicepre\u0219edinte al Sejm-ului \u00een cel de-al 7-lea mandat. \u00cencep\u00e2nd cu 12 noiembrie 2015, este pre\u0219edintele Sejm-ului \u00een cea de-a opta legislatur\u0103.<\/p>\n<p>&nbsp;<\/p>\n<h3><strong><span style=\"color: #2f91c2;\"><a style=\"color: #2f91c2;\" href=\"https:\/\/marekkuchcinski.pl\/wp-content\/uploads\/2018\/04\/Uchwa\u0142a-HOMP.pdf\">Rezolu\u021bia\u00a0<\/a><\/span><\/strong><\/h3>\n<p>&nbsp;<\/p>\n<p><a href=\"https:\/\/marekkuchcinski.pl\/wp-content\/uploads\/2018\/04\/husar.jpg\"><img fetchpriority=\"high\" decoding=\"async\" class=\"alignnone size-full wp-image-9200\" src=\"https:\/\/marekkuchcinski.pl\/wp-content\/uploads\/2018\/04\/husar.jpg\" alt=\"husar\" width=\"1549\" height=\"1015\" srcset=\"https:\/\/marekkuchcinski.pl\/wp-content\/uploads\/2018\/04\/husar.jpg 1549w, https:\/\/marekkuchcinski.pl\/wp-content\/uploads\/2018\/04\/husar-300x197.jpg 300w, https:\/\/marekkuchcinski.pl\/wp-content\/uploads\/2018\/04\/husar-768x503.jpg 768w, https:\/\/marekkuchcinski.pl\/wp-content\/uploads\/2018\/04\/husar-1024x671.jpg 1024w\" sizes=\"(max-width: 1549px) 100vw, 1549px\" \/><\/a>Pre\u0219edintele Sejm-ului \u00een timpul dezvelirii unui monument dedicat unui l\u0103ncier \u0219i unui husar \u00een Pia\u021ba Dominika\u0144ski din Przemy\u015bl.<em> Foto: Pawe\u0142 Kula \/ Sejm<\/em><\/p>","protected":false},"excerpt":{"rendered":"<p>Rada Miasta Przemy\u015bla przyzna\u0142a marsza\u0142kowi Sejmu Markowi Kuchci\u0144skiemu tytu\u0142 Honorowego Obywatela Miasta. Za przyj\u0119ciem uchwa\u0142y by\u0142o 12 radnych, przeciwko 4, jeden wstrzyma\u0142 si\u0119 od g\u0142osu.\u00a0 Do przewodnicz\u0105cego Rady Miejskiej w Przemy\u015blu wp\u0142yn\u0119\u0142o pismo cz\u0142onk\u00f3w by\u0142ego Obywatelskiego Komitetu \u201eSolidarno\u015b\u0107\u201d z propozycj\u0105 wyst\u0105pienia z inicjatyw\u0105 ustawodawcz\u0105. \u201eUznaj\u0105c ogromne zaanga\u017cowanie i po\u015bwi\u0119cenie dla dobra ma\u0142ej i du\u017cej Ojczyzny [&hellip;]<\/p>\n","protected":false},"author":6,"featured_media":9200,"comment_status":"open","ping_status":"open","sticky":false,"template":"","format":"standard","meta":{"ngg_post_thumbnail":0,"footnotes":""},"categories":[49,3],"tags":[],"class_list":["post-9199","post","type-post","status-publish","format-standard","has-post-thumbnail","hentry","category-podkarpacie","category-wydarzenia"],"_links":{"self":[{"href":"https:\/\/marekkuchcinski.pl\/ro\/wp-json\/wp\/v2\/posts\/9199","targetHints":{"allow":["GET"]}}],"collection":[{"href":"https:\/\/marekkuchcinski.pl\/ro\/wp-json\/wp\/v2\/posts"}],"about":[{"href":"https:\/\/marekkuchcinski.pl\/ro\/wp-json\/wp\/v2\/types\/post"}],"author":[{"embeddable":true,"href":"https:\/\/marekkuchcinski.pl\/ro\/wp-json\/wp\/v2\/users\/6"}],"replies":[{"embeddable":true,"href":"https:\/\/marekkuchcinski.pl\/ro\/wp-json\/wp\/v2\/comments?post=9199"}],"version-history":[{"count":14,"href":"https:\/\/marekkuchcinski.pl\/ro\/wp-json\/wp\/v2\/posts\/9199\/revisions"}],"predecessor-version":[{"id":9238,"href":"https:\/\/marekkuchcinski.pl\/ro\/wp-json\/wp\/v2\/posts\/9199\/revisions\/9238"}],"wp:featuredmedia":[{"embeddable":true,"href":"https:\/\/marekkuchcinski.pl\/ro\/wp-json\/wp\/v2\/media\/9200"}],"wp:attachment":[{"href":"https:\/\/marekkuchcinski.pl\/ro\/wp-json\/wp\/v2\/media?parent=9199"}],"wp:term":[{"taxonomy":"category","embeddable":true,"href":"https:\/\/marekkuchcinski.pl\/ro\/wp-json\/wp\/v2\/categories?post=9199"},{"taxonomy":"post_tag","embeddable":true,"href":"https:\/\/marekkuchcinski.pl\/ro\/wp-json\/wp\/v2\/tags?post=9199"}],"curies":[{"name":"wp","href":"https:\/\/api.w.org\/{rel}","templated":true}]}}