{"id":9019,"date":"2018-03-17T18:04:44","date_gmt":"2018-03-17T17:04:44","guid":{"rendered":"https:\/\/marekkuchcinski.pl\/?p=9019"},"modified":"2018-03-17T18:39:12","modified_gmt":"2018-03-17T17:39:12","slug":"24-lata-temu-zmarl-zbigniew-kuchcinski-prezes-towarzystwa-milosnikow-lwowa","status":"publish","type":"post","link":"https:\/\/marekkuchcinski.pl\/ro\/wydarzenia\/24-lata-temu-zmarl-zbigniew-kuchcinski-prezes-towarzystwa-milosnikow-lwowa\/","title":{"rendered":"\u00cen urm\u0103 cu 24 de ani a murit Zbigniew Kuchcinski, pre\u0219edintele Societ\u0103\u021bii Iubitorilor de Lviv"},"content":{"rendered":"<p>Zbigniew Kuchci\u0144ski, fondator \u0219i pre\u0219edinte al Societ\u0103\u021bii Iubitorilor de Lviv \u0219i de la grani\u021ba de sud<wbr \/>A murit la 17 martie 1994.<\/p>\n<p>Societatea \u0219i-a stabilit ca obiective principale:<\/p>\n<ul>\n<li>cultivarea patrimoniului istoric, cultural \u0219i \u0219tiin\u021bific al zonelor de frontier\u0103 estic\u0103 ca parte integrant\u0103 a tradi\u021biei Republicii Polone,<\/li>\n<li>men\u021binerea unor leg\u0103turi str\u00e2nse cu compatrio\u021bii din Est \u0219i cu organiza\u021biile poloneze,<\/li>\n<li>pentru a oferi o gam\u0103 larg\u0103 de asisten\u021b\u0103 polonezilor care tr\u0103iesc acolo, \u00een special copiilor, tinerilor, persoanelor \u00een v\u00e2rst\u0103 \u0219i bolnavilor.<\/li>\n<li>filiala Przemy\u015bl a fost, de asemenea, implicat\u0103 \u00een colectarea de bani la grani\u021b\u0103 pentru restaurarea monumentelor istorice<\/li>\n<\/ul>\n<p><a href=\"https:\/\/marekkuchcinski.pl\/wp-content\/uploads\/2018\/03\/ZK-1.jpg\"><img fetchpriority=\"high\" decoding=\"async\" class=\"alignnone size-full wp-image-9020\" src=\"https:\/\/marekkuchcinski.pl\/wp-content\/uploads\/2018\/03\/ZK-1.jpg\" alt=\"ZK (1)\" width=\"3024\" height=\"4032\" srcset=\"https:\/\/marekkuchcinski.pl\/wp-content\/uploads\/2018\/03\/ZK-1.jpg 1536w, https:\/\/marekkuchcinski.pl\/wp-content\/uploads\/2018\/03\/ZK-1-225x300.jpg 225w, https:\/\/marekkuchcinski.pl\/wp-content\/uploads\/2018\/03\/ZK-1-768x1024.jpg 768w\" sizes=\"(max-width: 3024px) 100vw, 3024px\" \/><\/a><\/p>","protected":false},"excerpt":{"rendered":"<p>Zbigniew Kuchci\u0144ski, za\u0142o\u017cyciel i prezes\u00a0Towarzystwa Mi\u0142o\u015bnik\u00f3w Lwowa\u00a0i Kres\u00f3w Po\u0142udniowo-Wschodnich w Przemy\u015blu, zmar\u0142 17 marca 1994 r. Za g\u0142\u00f3wne cele Towarzystwo postawi\u0142o sobie: piel\u0119gnowanie dorobku historycznego, kulturowego, naukowego Kres\u00f3w Wschodnich jako integralnej cz\u0119\u015bci tradycji Rzeczypospolitej Polskiej, utrzymywanie bliskiej wi\u0119zi z Rodakami na Wschodzie i organizacjami polskimi, niesienie szeroko poj\u0119tej pomocy Polakom tam mieszkaj\u0105cym, zw\u0142aszcza dzieciom, m\u0142odzie\u017cy [&hellip;]<\/p>\n","protected":false},"author":6,"featured_media":9020,"comment_status":"open","ping_status":"open","sticky":false,"template":"","format":"standard","meta":{"ngg_post_thumbnail":0,"footnotes":""},"categories":[49,77,50,3],"tags":[],"class_list":["post-9019","post","type-post","status-publish","format-standard","has-post-thumbnail","hentry","category-podkarpacie","category-wazne-daty","category-wspolpraca-miedzynarodowa","category-wydarzenia"],"_links":{"self":[{"href":"https:\/\/marekkuchcinski.pl\/ro\/wp-json\/wp\/v2\/posts\/9019","targetHints":{"allow":["GET"]}}],"collection":[{"href":"https:\/\/marekkuchcinski.pl\/ro\/wp-json\/wp\/v2\/posts"}],"about":[{"href":"https:\/\/marekkuchcinski.pl\/ro\/wp-json\/wp\/v2\/types\/post"}],"author":[{"embeddable":true,"href":"https:\/\/marekkuchcinski.pl\/ro\/wp-json\/wp\/v2\/users\/6"}],"replies":[{"embeddable":true,"href":"https:\/\/marekkuchcinski.pl\/ro\/wp-json\/wp\/v2\/comments?post=9019"}],"version-history":[{"count":6,"href":"https:\/\/marekkuchcinski.pl\/ro\/wp-json\/wp\/v2\/posts\/9019\/revisions"}],"predecessor-version":[{"id":9026,"href":"https:\/\/marekkuchcinski.pl\/ro\/wp-json\/wp\/v2\/posts\/9019\/revisions\/9026"}],"wp:featuredmedia":[{"embeddable":true,"href":"https:\/\/marekkuchcinski.pl\/ro\/wp-json\/wp\/v2\/media\/9020"}],"wp:attachment":[{"href":"https:\/\/marekkuchcinski.pl\/ro\/wp-json\/wp\/v2\/media?parent=9019"}],"wp:term":[{"taxonomy":"category","embeddable":true,"href":"https:\/\/marekkuchcinski.pl\/ro\/wp-json\/wp\/v2\/categories?post=9019"},{"taxonomy":"post_tag","embeddable":true,"href":"https:\/\/marekkuchcinski.pl\/ro\/wp-json\/wp\/v2\/tags?post=9019"}],"curies":[{"name":"wp","href":"https:\/\/api.w.org\/{rel}","templated":true}]}}