{"id":8363,"date":"2018-01-21T23:23:54","date_gmt":"2018-01-21T22:23:54","guid":{"rendered":"https:\/\/marekkuchcinski.pl\/?p=8363"},"modified":"2018-01-22T12:29:00","modified_gmt":"2018-01-22T11:29:00","slug":"spotkanie-noworoczne-dzialaczy-sympatykow-prawa-sprawiedliwosci-rzeszowie","status":"publish","type":"post","link":"https:\/\/marekkuchcinski.pl\/ro\/wydarzenia\/spotkanie-noworoczne-dzialaczy-sympatykow-prawa-sprawiedliwosci-rzeszowie\/","title":{"rendered":"\u00cent\u00e2lnire de Anul Nou a activi\u0219tilor \u0219i sus\u021bin\u0103torilor Lege \u0219i Justi\u021bie la Rzesz\u00f3w"},"content":{"rendered":"<p><strong>Activi\u0219ti \u0219i sus\u021bin\u0103tori ai Lege \u0219i Justi\u021bie din voievodatul Podkarpackie, la invita\u021bia pre\u0219edintelui Sejm Marek Kuchci\u0144ski, au sosit la Filarmonica din Rzesz\u00f3w pentru o \u00eent\u00e2lnire de Anul Nou.<\/strong><\/p>\n<p>\u00cen rezumatul anului trecut, pre\u0219edintele Sejm-ului a subliniat c\u0103 schimbarea bun\u0103 care are loc \u00een Podkarpacie este posibil\u0103 datorit\u0103 implic\u0103rii structurilor locale.<\/p>\n<p>At\u00e2t el, c\u00e2t \u0219i ministrul Dezvolt\u0103rii, Jerzy Kwieci\u0144ski, au dat asigur\u0103ri de sprijinul guvernului premierului Mateusz Morawiecki \u00een ceea ce prive\u0219te dezvoltarea regiunii. - Noi schimb\u0103m Polonia, dezvolt\u0103m \u021binutul Podkarpackie - a spus mare\u0219alul. El a subliniat c\u0103 cursul schimb\u0103rii \u00een bine r\u0103m\u00e2ne acela\u0219i ca \u0219i \u00een ultimii doi ani - binele Republicii Polone, comunitatea bazat\u0103 pe valori cre\u0219tine sau \u00eembun\u0103t\u0103\u021birea vie\u021bii.<\/p>\n<p>Pre\u0219edintele Parlamentului a spus c\u0103 anul 2017 a abundat \u00een succese \u00een multe domenii - de la sport la economie. Iar m\u0103sura pozitivit\u0103\u021bii este cel mai ridicat nivel de optimism \u00een r\u00e2ndul polonezilor din 2007 \u00eencoace, \u00een via\u021ba public\u0103, social\u0103 \u0219i de familie.<\/p>\n<p>Marek Kuchci\u0144ski a reamintit c\u0103 \u00een 2018 a \u00eenceput un nou ciclu electoral. - S\u0103 ne amintim c\u0103 suntem singura voievodat din Polonia \u00een care Lege \u0219i Justi\u021bie se afl\u0103 la putere de mai mul\u021bi ani. Acest lucru \u00eenseamn\u0103 c\u0103 PiS poart\u0103 \u00eentreaga responsabilitate - a spus el. El a subliniat c\u0103 Lege \u0219i Justi\u021bie a reu\u0219it s\u0103 rup\u0103 tradi\u021bia de a uita de Podkarpacie. Acest lucru este exemplificat de construc\u021bia Via Carpatia, o investi\u021bie cheie nu numai pentru Polonia de Est, ci \u0219i pentru \u00eentreaga Europ\u0103 Central\u0103, de la Marea Baltic\u0103 la Marea Neagr\u0103, de Congresul 590 - un eveniment care aduce investi\u021bii importante, \u0219i de Europa Carpa\u021bilor, care implic\u0103 cooperarea politic\u0103 \u0219i de dezvoltare \u00een regiune.<\/p>\n<p>De asemenea, a amintit c\u0103 a fost deja posibil, de exemplu, s\u0103 se creeze noi oportunit\u0103\u021bi pentru Huta Stalowa Wola sau Autosan. \u00cen urm\u0103 cu c\u00e2teva zile, la Var\u0219ovia s-a luat decizia de a construi Centrul Sportiv Central din Ustrzyki Dolne, care va fi cel mai bun centru sportiv din Europa.<\/p>\n<p>Printre ceilal\u021bi vorbitori la \u00eent\u00e2lnire s-au num\u0103rat guvernatorul Podkarpackie, Ewa Leniart, care a subliniat c\u0103 partidul Lege \u0219i Justi\u021bie s-a angajat \u00een favoarea dezvolt\u0103rii \u0219i inov\u0103rii, \u0219i mare\u0219alul Podkarpackie, W\u0142adys\u0142aw Ortyl, care a subliniat c\u0103 administra\u021bia autonom\u0103 a voievodatului a \u00eencheiat anul cu o absorb\u021bie record a fondurilor UE din noul buget comunitar.<\/p>\n<p><em>Foto: Jan Warzecha, Andrzej Brzana<\/em><\/p>\n<p><a href=\"https:\/\/marekkuchcinski.pl\/wp-content\/uploads\/2018\/01\/ok\u0142.jpg\"><img fetchpriority=\"high\" decoding=\"async\" class=\"alignnone size-full wp-image-8376\" src=\"https:\/\/marekkuchcinski.pl\/wp-content\/uploads\/2018\/01\/ok\u0142.jpg\" alt=\"ok\u0142\" width=\"2673\" height=\"1883\" srcset=\"https:\/\/marekkuchcinski.pl\/wp-content\/uploads\/2018\/01\/ok\u0142.jpg 2048w, https:\/\/marekkuchcinski.pl\/wp-content\/uploads\/2018\/01\/ok\u0142-300x211.jpg 300w, https:\/\/marekkuchcinski.pl\/wp-content\/uploads\/2018\/01\/ok\u0142-768x541.jpg 768w, https:\/\/marekkuchcinski.pl\/wp-content\/uploads\/2018\/01\/ok\u0142-1024x721.jpg 1024w\" sizes=\"(max-width: 2673px) 100vw, 2673px\" \/><\/a><a href=\"https:\/\/marekkuchcinski.pl\/wp-content\/uploads\/2018\/01\/warz1.jpg\"><img decoding=\"async\" class=\"alignnone size-full wp-image-8364\" src=\"https:\/\/marekkuchcinski.pl\/wp-content\/uploads\/2018\/01\/warz1.jpg\" alt=\"warz1\" width=\"3984\" height=\"2656\" srcset=\"https:\/\/marekkuchcinski.pl\/wp-content\/uploads\/2018\/01\/warz1.jpg 2048w, https:\/\/marekkuchcinski.pl\/wp-content\/uploads\/2018\/01\/warz1-300x200.jpg 300w, https:\/\/marekkuchcinski.pl\/wp-content\/uploads\/2018\/01\/warz1-768x512.jpg 768w, https:\/\/marekkuchcinski.pl\/wp-content\/uploads\/2018\/01\/warz1-1024x683.jpg 1024w\" sizes=\"(max-width: 3984px) 100vw, 3984px\" \/><\/a> Ansamblul de c\u00e2ntece \u0219i dansuri \"Przemy\u015bl\"<a href=\"https:\/\/marekkuchcinski.pl\/wp-content\/uploads\/2018\/01\/warz2.jpg\"><img decoding=\"async\" class=\"alignnone size-full wp-image-8365\" src=\"https:\/\/marekkuchcinski.pl\/wp-content\/uploads\/2018\/01\/warz2.jpg\" alt=\"warz2\" width=\"3984\" height=\"2656\" srcset=\"https:\/\/marekkuchcinski.pl\/wp-content\/uploads\/2018\/01\/warz2.jpg 2048w, https:\/\/marekkuchcinski.pl\/wp-content\/uploads\/2018\/01\/warz2-300x200.jpg 300w, https:\/\/marekkuchcinski.pl\/wp-content\/uploads\/2018\/01\/warz2-768x512.jpg 768w, https:\/\/marekkuchcinski.pl\/wp-content\/uploads\/2018\/01\/warz2-1024x683.jpg 1024w\" sizes=\"(max-width: 3984px) 100vw, 3984px\" \/><\/a> <a href=\"https:\/\/marekkuchcinski.pl\/wp-content\/uploads\/2018\/01\/rz1.jpg\"><img loading=\"lazy\" decoding=\"async\" class=\"alignnone size-full wp-image-8368\" src=\"https:\/\/marekkuchcinski.pl\/wp-content\/uploads\/2018\/01\/rz1.jpg\" alt=\"rz1\" width=\"960\" height=\"638\" srcset=\"https:\/\/marekkuchcinski.pl\/wp-content\/uploads\/2018\/01\/rz1.jpg 960w, https:\/\/marekkuchcinski.pl\/wp-content\/uploads\/2018\/01\/rz1-300x199.jpg 300w, https:\/\/marekkuchcinski.pl\/wp-content\/uploads\/2018\/01\/rz1-768x510.jpg 768w\" sizes=\"(max-width: 960px) 100vw, 960px\" \/><\/a> <a href=\"https:\/\/marekkuchcinski.pl\/wp-content\/uploads\/2018\/01\/rz4.jpg\"><img loading=\"lazy\" decoding=\"async\" class=\"alignnone size-full wp-image-8371\" src=\"https:\/\/marekkuchcinski.pl\/wp-content\/uploads\/2018\/01\/rz4.jpg\" alt=\"rz4\" width=\"960\" height=\"638\" srcset=\"https:\/\/marekkuchcinski.pl\/wp-content\/uploads\/2018\/01\/rz4.jpg 960w, https:\/\/marekkuchcinski.pl\/wp-content\/uploads\/2018\/01\/rz4-300x199.jpg 300w, https:\/\/marekkuchcinski.pl\/wp-content\/uploads\/2018\/01\/rz4-768x510.jpg 768w\" sizes=\"(max-width: 960px) 100vw, 960px\" \/><\/a> <a href=\"https:\/\/marekkuchcinski.pl\/wp-content\/uploads\/2018\/01\/rz5.jpg\"><img loading=\"lazy\" decoding=\"async\" class=\"alignnone size-full wp-image-8372\" src=\"https:\/\/marekkuchcinski.pl\/wp-content\/uploads\/2018\/01\/rz5.jpg\" alt=\"rz5\" width=\"960\" height=\"653\" srcset=\"https:\/\/marekkuchcinski.pl\/wp-content\/uploads\/2018\/01\/rz5.jpg 960w, https:\/\/marekkuchcinski.pl\/wp-content\/uploads\/2018\/01\/rz5-300x204.jpg 300w, https:\/\/marekkuchcinski.pl\/wp-content\/uploads\/2018\/01\/rz5-768x522.jpg 768w\" sizes=\"(max-width: 960px) 100vw, 960px\" \/><\/a> <a href=\"https:\/\/marekkuchcinski.pl\/wp-content\/uploads\/2018\/01\/rz6.jpg\"><img loading=\"lazy\" decoding=\"async\" class=\"alignnone size-full wp-image-8373\" src=\"https:\/\/marekkuchcinski.pl\/wp-content\/uploads\/2018\/01\/rz6.jpg\" alt=\"rz6\" width=\"660\" height=\"960\" srcset=\"https:\/\/marekkuchcinski.pl\/wp-content\/uploads\/2018\/01\/rz6.jpg 660w, https:\/\/marekkuchcinski.pl\/wp-content\/uploads\/2018\/01\/rz6-206x300.jpg 206w\" sizes=\"(max-width: 660px) 100vw, 660px\" \/><\/a> <a href=\"https:\/\/marekkuchcinski.pl\/wp-content\/uploads\/2018\/01\/rz7.jpg\"><img loading=\"lazy\" decoding=\"async\" class=\"alignnone size-full wp-image-8374\" src=\"https:\/\/marekkuchcinski.pl\/wp-content\/uploads\/2018\/01\/rz7.jpg\" alt=\"rz7\" width=\"960\" height=\"638\" srcset=\"https:\/\/marekkuchcinski.pl\/wp-content\/uploads\/2018\/01\/rz7.jpg 960w, https:\/\/marekkuchcinski.pl\/wp-content\/uploads\/2018\/01\/rz7-300x199.jpg 300w, https:\/\/marekkuchcinski.pl\/wp-content\/uploads\/2018\/01\/rz7-768x510.jpg 768w\" sizes=\"(max-width: 960px) 100vw, 960px\" \/><\/a> <a href=\"https:\/\/marekkuchcinski.pl\/wp-content\/uploads\/2018\/01\/ok\u0142adka.jpg\"><img loading=\"lazy\" decoding=\"async\" class=\"alignnone size-full wp-image-8375\" src=\"https:\/\/marekkuchcinski.pl\/wp-content\/uploads\/2018\/01\/ok\u0142adka.jpg\" alt=\"ok\u0142adka\" width=\"747\" height=\"480\" srcset=\"https:\/\/marekkuchcinski.pl\/wp-content\/uploads\/2018\/01\/ok\u0142adka.jpg 747w, https:\/\/marekkuchcinski.pl\/wp-content\/uploads\/2018\/01\/ok\u0142adka-300x193.jpg 300w\" sizes=\"(max-width: 747px) 100vw, 747px\" \/><\/a><\/p>","protected":false},"excerpt":{"rendered":"<p>Dzia\u0142acze i sympatycy Prawa i Sprawiedliwo\u015bci z woj. podkarpackiego na zaproszenie marsza\u0142ka Sejmu Marka Kuchci\u0144skiego przybili do rzeszowskiej filharmonii na spotkanie noworoczne. Marsza\u0142ek Sejmu podsumowuj\u0105c ubieg\u0142y rok, podkre\u015bli\u0142, \u017ce dobra zmiana, jaka dokonuje si\u0119 na Podkarpaciu, mo\u017cliwa jest dzi\u0119ki zaanga\u017cowaniu lokalnych struktur. Zar\u00f3wno on, jaki i minister rozwoju Jerzy Kwieci\u0144ski zapewniali o wsparciu rz\u0105du premiera [&hellip;]<\/p>","protected":false},"author":6,"featured_media":8378,"comment_status":"open","ping_status":"open","sticky":false,"template":"","format":"standard","meta":{"ngg_post_thumbnail":0,"footnotes":""},"categories":[49,82,3],"tags":[],"class_list":["post-8363","post","type-post","status-publish","format-standard","has-post-thumbnail","hentry","category-podkarpacie","category-prawo-i-sprawiedliwosc","category-wydarzenia"],"yoast_head":"<!-- This site is optimized with the Yoast SEO plugin v24.7 - https:\/\/yoast.com\/wordpress\/plugins\/seo\/ -->\n<title>Spotkanie noworoczne dzia\u0142aczy i sympatyk\u00f3w Prawa i Sprawiedliwo\u015bci w Rzeszowie &#8211; Marek Kuchci\u0144ski<\/title>\n<meta name=\"robots\" content=\"index, follow, max-snippet:-1, max-image-preview:large, max-video-preview:-1\" \/>\n<link rel=\"canonical\" href=\"https:\/\/marekkuchcinski.pl\/ro\/wydarzenia\/spotkanie-noworoczne-dzialaczy-sympatykow-prawa-sprawiedliwosci-rzeszowie\/\" \/>\n<meta property=\"og:locale\" content=\"ro_RO\" \/>\n<meta property=\"og:type\" content=\"article\" \/>\n<meta property=\"og:title\" content=\"Spotkanie noworoczne dzia\u0142aczy i sympatyk\u00f3w Prawa i Sprawiedliwo\u015bci w Rzeszowie &#8211; Marek Kuchci\u0144ski\" \/>\n<meta property=\"og:description\" content=\"Dzia\u0142acze i sympatycy Prawa i Sprawiedliwo\u015bci z woj. podkarpackiego na zaproszenie marsza\u0142ka Sejmu Marka Kuchci\u0144skiego przybili do rzeszowskiej filharmonii na spotkanie noworoczne. Marsza\u0142ek Sejmu podsumowuj\u0105c ubieg\u0142y rok, podkre\u015bli\u0142, \u017ce dobra zmiana, jaka dokonuje si\u0119 na Podkarpaciu, mo\u017cliwa jest dzi\u0119ki zaanga\u017cowaniu lokalnych struktur. Zar\u00f3wno on, jaki i minister rozwoju Jerzy Kwieci\u0144ski zapewniali o wsparciu rz\u0105du premiera [&hellip;]\" \/>\n<meta property=\"og:url\" content=\"https:\/\/marekkuchcinski.pl\/ro\/wydarzenia\/spotkanie-noworoczne-dzialaczy-sympatykow-prawa-sprawiedliwosci-rzeszowie\/\" \/>\n<meta property=\"og:site_name\" content=\"Marek Kuchci\u0144ski\" \/>\n<meta property=\"article:published_time\" content=\"2018-01-21T22:23:54+00:00\" \/>\n<meta property=\"article:modified_time\" content=\"2018-01-22T11:29:00+00:00\" \/>\n<meta property=\"og:image\" content=\"https:\/\/marekkuchcinski.pl\/wp-content\/uploads\/2018\/01\/ok\u0142adka-1.jpg\" \/>\n\t<meta property=\"og:image:width\" content=\"747\" \/>\n\t<meta property=\"og:image:height\" content=\"480\" \/>\n\t<meta property=\"og:image:type\" content=\"image\/jpeg\" \/>\n<meta name=\"author\" content=\"admin\" \/>\n<meta name=\"twitter:card\" content=\"summary_large_image\" \/>\n<meta name=\"twitter:label1\" content=\"Scris de\" \/>\n\t<meta name=\"twitter:data1\" content=\"admin\" \/>\n\t<meta name=\"twitter:label2\" content=\"Timp estimat pentru citire\" \/>\n\t<meta name=\"twitter:data2\" content=\"2 minutes\" \/>\n<script type=\"application\/ld+json\" class=\"yoast-schema-graph\">{\"@context\":\"https:\/\/schema.org\",\"@graph\":[{\"@type\":\"Article\",\"@id\":\"https:\/\/marekkuchcinski.pl\/uk\/wydarzenia\/spotkanie-noworoczne-dzialaczy-sympatykow-prawa-sprawiedliwosci-rzeszowie\/#article\",\"isPartOf\":{\"@id\":\"https:\/\/marekkuchcinski.pl\/uk\/wydarzenia\/spotkanie-noworoczne-dzialaczy-sympatykow-prawa-sprawiedliwosci-rzeszowie\/\"},\"author\":{\"name\":\"admin\",\"@id\":\"https:\/\/marekkuchcinski.pl\/#\/schema\/person\/6f62700996b4d950b6ea2d1183b6c6be\"},\"headline\":\"Spotkanie noworoczne dzia\u0142aczy i sympatyk\u00f3w Prawa i Sprawiedliwo\u015bci w Rzeszowie\",\"datePublished\":\"2018-01-21T22:23:54+00:00\",\"dateModified\":\"2018-01-22T11:29:00+00:00\",\"mainEntityOfPage\":{\"@id\":\"https:\/\/marekkuchcinski.pl\/uk\/wydarzenia\/spotkanie-noworoczne-dzialaczy-sympatykow-prawa-sprawiedliwosci-rzeszowie\/\"},\"wordCount\":392,\"commentCount\":0,\"publisher\":{\"@id\":\"https:\/\/marekkuchcinski.pl\/#organization\"},\"image\":{\"@id\":\"https:\/\/marekkuchcinski.pl\/uk\/wydarzenia\/spotkanie-noworoczne-dzialaczy-sympatykow-prawa-sprawiedliwosci-rzeszowie\/#primaryimage\"},\"thumbnailUrl\":\"https:\/\/marekkuchcinski.pl\/wp-content\/uploads\/2018\/01\/ok\u0142adka-1.jpg\",\"articleSection\":[\"Podkarpacie\",\"Prawo i Sprawiedliwo\u015b\u0107\",\"Wydarzenia\"],\"inLanguage\":\"ro-RO\",\"potentialAction\":[{\"@type\":\"CommentAction\",\"name\":\"Comment\",\"target\":[\"https:\/\/marekkuchcinski.pl\/uk\/wydarzenia\/spotkanie-noworoczne-dzialaczy-sympatykow-prawa-sprawiedliwosci-rzeszowie\/#respond\"]}]},{\"@type\":\"WebPage\",\"@id\":\"https:\/\/marekkuchcinski.pl\/uk\/wydarzenia\/spotkanie-noworoczne-dzialaczy-sympatykow-prawa-sprawiedliwosci-rzeszowie\/\",\"url\":\"https:\/\/marekkuchcinski.pl\/uk\/wydarzenia\/spotkanie-noworoczne-dzialaczy-sympatykow-prawa-sprawiedliwosci-rzeszowie\/\",\"name\":\"Spotkanie noworoczne dzia\u0142aczy i sympatyk\u00f3w Prawa i Sprawiedliwo\u015bci w Rzeszowie &#8211; Marek Kuchci\u0144ski\",\"isPartOf\":{\"@id\":\"https:\/\/marekkuchcinski.pl\/#website\"},\"primaryImageOfPage\":{\"@id\":\"https:\/\/marekkuchcinski.pl\/uk\/wydarzenia\/spotkanie-noworoczne-dzialaczy-sympatykow-prawa-sprawiedliwosci-rzeszowie\/#primaryimage\"},\"image\":{\"@id\":\"https:\/\/marekkuchcinski.pl\/uk\/wydarzenia\/spotkanie-noworoczne-dzialaczy-sympatykow-prawa-sprawiedliwosci-rzeszowie\/#primaryimage\"},\"thumbnailUrl\":\"https:\/\/marekkuchcinski.pl\/wp-content\/uploads\/2018\/01\/ok\u0142adka-1.jpg\",\"datePublished\":\"2018-01-21T22:23:54+00:00\",\"dateModified\":\"2018-01-22T11:29:00+00:00\",\"breadcrumb\":{\"@id\":\"https:\/\/marekkuchcinski.pl\/uk\/wydarzenia\/spotkanie-noworoczne-dzialaczy-sympatykow-prawa-sprawiedliwosci-rzeszowie\/#breadcrumb\"},\"inLanguage\":\"ro-RO\",\"potentialAction\":[{\"@type\":\"ReadAction\",\"target\":[\"https:\/\/marekkuchcinski.pl\/uk\/wydarzenia\/spotkanie-noworoczne-dzialaczy-sympatykow-prawa-sprawiedliwosci-rzeszowie\/\"]}]},{\"@type\":\"ImageObject\",\"inLanguage\":\"ro-RO\",\"@id\":\"https:\/\/marekkuchcinski.pl\/uk\/wydarzenia\/spotkanie-noworoczne-dzialaczy-sympatykow-prawa-sprawiedliwosci-rzeszowie\/#primaryimage\",\"url\":\"https:\/\/marekkuchcinski.pl\/wp-content\/uploads\/2018\/01\/ok\u0142adka-1.jpg\",\"contentUrl\":\"https:\/\/marekkuchcinski.pl\/wp-content\/uploads\/2018\/01\/ok\u0142adka-1.jpg\",\"width\":747,\"height\":480},{\"@type\":\"BreadcrumbList\",\"@id\":\"https:\/\/marekkuchcinski.pl\/uk\/wydarzenia\/spotkanie-noworoczne-dzialaczy-sympatykow-prawa-sprawiedliwosci-rzeszowie\/#breadcrumb\",\"itemListElement\":[{\"@type\":\"ListItem\",\"position\":1,\"name\":\"Strona g\u0142\u00f3wna\",\"item\":\"https:\/\/marekkuchcinski.pl\/\"},{\"@type\":\"ListItem\",\"position\":2,\"name\":\"Spotkanie noworoczne dzia\u0142aczy i sympatyk\u00f3w Prawa i Sprawiedliwo\u015bci w Rzeszowie\"}]},{\"@type\":\"WebSite\",\"@id\":\"https:\/\/marekkuchcinski.pl\/#website\",\"url\":\"https:\/\/marekkuchcinski.pl\/\",\"name\":\"Marek Kuchci\u0144ski\",\"description\":\"Pose\u0142 na sejm RP &ndash; okr\u0119g nr 22\",\"publisher\":{\"@id\":\"https:\/\/marekkuchcinski.pl\/#organization\"},\"potentialAction\":[{\"@type\":\"SearchAction\",\"target\":{\"@type\":\"EntryPoint\",\"urlTemplate\":\"https:\/\/marekkuchcinski.pl\/?s={search_term_string}\"},\"query-input\":{\"@type\":\"PropertyValueSpecification\",\"valueRequired\":true,\"valueName\":\"search_term_string\"}}],\"inLanguage\":\"ro-RO\"},{\"@type\":\"Organization\",\"@id\":\"https:\/\/marekkuchcinski.pl\/#organization\",\"name\":\"Marek Kuchci\u0144ski\",\"url\":\"https:\/\/marekkuchcinski.pl\/\",\"logo\":{\"@type\":\"ImageObject\",\"inLanguage\":\"ro-RO\",\"@id\":\"https:\/\/marekkuchcinski.pl\/#\/schema\/logo\/image\/\",\"url\":\"https:\/\/marekkuchcinski.pl\/wp-content\/uploads\/2022\/09\/Marek.jpg\",\"contentUrl\":\"https:\/\/marekkuchcinski.pl\/wp-content\/uploads\/2022\/09\/Marek.jpg\",\"width\":1600,\"height\":971,\"caption\":\"Marek Kuchci\u0144ski\"},\"image\":{\"@id\":\"https:\/\/marekkuchcinski.pl\/#\/schema\/logo\/image\/\"}},{\"@type\":\"Person\",\"@id\":\"https:\/\/marekkuchcinski.pl\/#\/schema\/person\/6f62700996b4d950b6ea2d1183b6c6be\",\"name\":\"admin\",\"image\":{\"@type\":\"ImageObject\",\"inLanguage\":\"ro-RO\",\"@id\":\"https:\/\/marekkuchcinski.pl\/#\/schema\/person\/image\/\",\"url\":\"https:\/\/secure.gravatar.com\/avatar\/4bab693b9d55c3d6b52c0296a8765085?s=96&d=mm&r=g\",\"contentUrl\":\"https:\/\/secure.gravatar.com\/avatar\/4bab693b9d55c3d6b52c0296a8765085?s=96&d=mm&r=g\",\"caption\":\"admin\"},\"url\":\"https:\/\/marekkuchcinski.pl\/ro\/author\/marta-olejnik\/\"}]}<\/script>\n<!-- \/ Yoast SEO plugin. -->","yoast_head_json":{"title":"Spotkanie noworoczne dzia\u0142aczy i sympatyk\u00f3w Prawa i Sprawiedliwo\u015bci w Rzeszowie &#8211; Marek Kuchci\u0144ski","robots":{"index":"index","follow":"follow","max-snippet":"max-snippet:-1","max-image-preview":"max-image-preview:large","max-video-preview":"max-video-preview:-1"},"canonical":"https:\/\/marekkuchcinski.pl\/ro\/wydarzenia\/spotkanie-noworoczne-dzialaczy-sympatykow-prawa-sprawiedliwosci-rzeszowie\/","og_locale":"ro_RO","og_type":"article","og_title":"Spotkanie noworoczne dzia\u0142aczy i sympatyk\u00f3w Prawa i Sprawiedliwo\u015bci w Rzeszowie &#8211; Marek Kuchci\u0144ski","og_description":"Dzia\u0142acze i sympatycy Prawa i Sprawiedliwo\u015bci z woj. podkarpackiego na zaproszenie marsza\u0142ka Sejmu Marka Kuchci\u0144skiego przybili do rzeszowskiej filharmonii na spotkanie noworoczne. Marsza\u0142ek Sejmu podsumowuj\u0105c ubieg\u0142y rok, podkre\u015bli\u0142, \u017ce dobra zmiana, jaka dokonuje si\u0119 na Podkarpaciu, mo\u017cliwa jest dzi\u0119ki zaanga\u017cowaniu lokalnych struktur. Zar\u00f3wno on, jaki i minister rozwoju Jerzy Kwieci\u0144ski zapewniali o wsparciu rz\u0105du premiera [&hellip;]","og_url":"https:\/\/marekkuchcinski.pl\/ro\/wydarzenia\/spotkanie-noworoczne-dzialaczy-sympatykow-prawa-sprawiedliwosci-rzeszowie\/","og_site_name":"Marek Kuchci\u0144ski","article_published_time":"2018-01-21T22:23:54+00:00","article_modified_time":"2018-01-22T11:29:00+00:00","og_image":[{"width":747,"height":480,"url":"https:\/\/marekkuchcinski.pl\/wp-content\/uploads\/2018\/01\/ok\u0142adka-1.jpg","type":"image\/jpeg"}],"author":"admin","twitter_card":"summary_large_image","twitter_misc":{"Scris de":"admin","Timp estimat pentru citire":"2 minutes"},"schema":{"@context":"https:\/\/schema.org","@graph":[{"@type":"Article","@id":"https:\/\/marekkuchcinski.pl\/uk\/wydarzenia\/spotkanie-noworoczne-dzialaczy-sympatykow-prawa-sprawiedliwosci-rzeszowie\/#article","isPartOf":{"@id":"https:\/\/marekkuchcinski.pl\/uk\/wydarzenia\/spotkanie-noworoczne-dzialaczy-sympatykow-prawa-sprawiedliwosci-rzeszowie\/"},"author":{"name":"admin","@id":"https:\/\/marekkuchcinski.pl\/#\/schema\/person\/6f62700996b4d950b6ea2d1183b6c6be"},"headline":"Spotkanie noworoczne dzia\u0142aczy i sympatyk\u00f3w Prawa i Sprawiedliwo\u015bci w Rzeszowie","datePublished":"2018-01-21T22:23:54+00:00","dateModified":"2018-01-22T11:29:00+00:00","mainEntityOfPage":{"@id":"https:\/\/marekkuchcinski.pl\/uk\/wydarzenia\/spotkanie-noworoczne-dzialaczy-sympatykow-prawa-sprawiedliwosci-rzeszowie\/"},"wordCount":392,"commentCount":0,"publisher":{"@id":"https:\/\/marekkuchcinski.pl\/#organization"},"image":{"@id":"https:\/\/marekkuchcinski.pl\/uk\/wydarzenia\/spotkanie-noworoczne-dzialaczy-sympatykow-prawa-sprawiedliwosci-rzeszowie\/#primaryimage"},"thumbnailUrl":"https:\/\/marekkuchcinski.pl\/wp-content\/uploads\/2018\/01\/ok\u0142adka-1.jpg","articleSection":["Podkarpacie","Prawo i Sprawiedliwo\u015b\u0107","Wydarzenia"],"inLanguage":"ro-RO","potentialAction":[{"@type":"CommentAction","name":"Comment","target":["https:\/\/marekkuchcinski.pl\/uk\/wydarzenia\/spotkanie-noworoczne-dzialaczy-sympatykow-prawa-sprawiedliwosci-rzeszowie\/#respond"]}]},{"@type":"WebPage","@id":"https:\/\/marekkuchcinski.pl\/uk\/wydarzenia\/spotkanie-noworoczne-dzialaczy-sympatykow-prawa-sprawiedliwosci-rzeszowie\/","url":"https:\/\/marekkuchcinski.pl\/uk\/wydarzenia\/spotkanie-noworoczne-dzialaczy-sympatykow-prawa-sprawiedliwosci-rzeszowie\/","name":"Spotkanie noworoczne dzia\u0142aczy i sympatyk\u00f3w Prawa i Sprawiedliwo\u015bci w Rzeszowie &#8211; Marek Kuchci\u0144ski","isPartOf":{"@id":"https:\/\/marekkuchcinski.pl\/#website"},"primaryImageOfPage":{"@id":"https:\/\/marekkuchcinski.pl\/uk\/wydarzenia\/spotkanie-noworoczne-dzialaczy-sympatykow-prawa-sprawiedliwosci-rzeszowie\/#primaryimage"},"image":{"@id":"https:\/\/marekkuchcinski.pl\/uk\/wydarzenia\/spotkanie-noworoczne-dzialaczy-sympatykow-prawa-sprawiedliwosci-rzeszowie\/#primaryimage"},"thumbnailUrl":"https:\/\/marekkuchcinski.pl\/wp-content\/uploads\/2018\/01\/ok\u0142adka-1.jpg","datePublished":"2018-01-21T22:23:54+00:00","dateModified":"2018-01-22T11:29:00+00:00","breadcrumb":{"@id":"https:\/\/marekkuchcinski.pl\/uk\/wydarzenia\/spotkanie-noworoczne-dzialaczy-sympatykow-prawa-sprawiedliwosci-rzeszowie\/#breadcrumb"},"inLanguage":"ro-RO","potentialAction":[{"@type":"ReadAction","target":["https:\/\/marekkuchcinski.pl\/uk\/wydarzenia\/spotkanie-noworoczne-dzialaczy-sympatykow-prawa-sprawiedliwosci-rzeszowie\/"]}]},{"@type":"ImageObject","inLanguage":"ro-RO","@id":"https:\/\/marekkuchcinski.pl\/uk\/wydarzenia\/spotkanie-noworoczne-dzialaczy-sympatykow-prawa-sprawiedliwosci-rzeszowie\/#primaryimage","url":"https:\/\/marekkuchcinski.pl\/wp-content\/uploads\/2018\/01\/ok\u0142adka-1.jpg","contentUrl":"https:\/\/marekkuchcinski.pl\/wp-content\/uploads\/2018\/01\/ok\u0142adka-1.jpg","width":747,"height":480},{"@type":"BreadcrumbList","@id":"https:\/\/marekkuchcinski.pl\/uk\/wydarzenia\/spotkanie-noworoczne-dzialaczy-sympatykow-prawa-sprawiedliwosci-rzeszowie\/#breadcrumb","itemListElement":[{"@type":"ListItem","position":1,"name":"Strona g\u0142\u00f3wna","item":"https:\/\/marekkuchcinski.pl\/"},{"@type":"ListItem","position":2,"name":"Spotkanie noworoczne dzia\u0142aczy i sympatyk\u00f3w Prawa i Sprawiedliwo\u015bci w Rzeszowie"}]},{"@type":"WebSite","@id":"https:\/\/marekkuchcinski.pl\/#website","url":"https:\/\/marekkuchcinski.pl\/","name":"Marek Kuchci\u0144ski","description":"Pose\u0142 na sejm RP &ndash; okr\u0119g nr 22","publisher":{"@id":"https:\/\/marekkuchcinski.pl\/#organization"},"potentialAction":[{"@type":"SearchAction","target":{"@type":"EntryPoint","urlTemplate":"https:\/\/marekkuchcinski.pl\/?s={search_term_string}"},"query-input":{"@type":"PropertyValueSpecification","valueRequired":true,"valueName":"search_term_string"}}],"inLanguage":"ro-RO"},{"@type":"Organization","@id":"https:\/\/marekkuchcinski.pl\/#organization","name":"Marek Kuchci\u0144ski","url":"https:\/\/marekkuchcinski.pl\/","logo":{"@type":"ImageObject","inLanguage":"ro-RO","@id":"https:\/\/marekkuchcinski.pl\/#\/schema\/logo\/image\/","url":"https:\/\/marekkuchcinski.pl\/wp-content\/uploads\/2022\/09\/Marek.jpg","contentUrl":"https:\/\/marekkuchcinski.pl\/wp-content\/uploads\/2022\/09\/Marek.jpg","width":1600,"height":971,"caption":"Marek Kuchci\u0144ski"},"image":{"@id":"https:\/\/marekkuchcinski.pl\/#\/schema\/logo\/image\/"}},{"@type":"Person","@id":"https:\/\/marekkuchcinski.pl\/#\/schema\/person\/6f62700996b4d950b6ea2d1183b6c6be","name":"admin","image":{"@type":"ImageObject","inLanguage":"ro-RO","@id":"https:\/\/marekkuchcinski.pl\/#\/schema\/person\/image\/","url":"https:\/\/secure.gravatar.com\/avatar\/4bab693b9d55c3d6b52c0296a8765085?s=96&d=mm&r=g","contentUrl":"https:\/\/secure.gravatar.com\/avatar\/4bab693b9d55c3d6b52c0296a8765085?s=96&d=mm&r=g","caption":"admin"},"url":"https:\/\/marekkuchcinski.pl\/ro\/author\/marta-olejnik\/"}]}},"_links":{"self":[{"href":"https:\/\/marekkuchcinski.pl\/ro\/wp-json\/wp\/v2\/posts\/8363","targetHints":{"allow":["GET"]}}],"collection":[{"href":"https:\/\/marekkuchcinski.pl\/ro\/wp-json\/wp\/v2\/posts"}],"about":[{"href":"https:\/\/marekkuchcinski.pl\/ro\/wp-json\/wp\/v2\/types\/post"}],"author":[{"embeddable":true,"href":"https:\/\/marekkuchcinski.pl\/ro\/wp-json\/wp\/v2\/users\/6"}],"replies":[{"embeddable":true,"href":"https:\/\/marekkuchcinski.pl\/ro\/wp-json\/wp\/v2\/comments?post=8363"}],"version-history":[{"count":1,"href":"https:\/\/marekkuchcinski.pl\/ro\/wp-json\/wp\/v2\/posts\/8363\/revisions"}],"predecessor-version":[{"id":8377,"href":"https:\/\/marekkuchcinski.pl\/ro\/wp-json\/wp\/v2\/posts\/8363\/revisions\/8377"}],"wp:featuredmedia":[{"embeddable":true,"href":"https:\/\/marekkuchcinski.pl\/ro\/wp-json\/wp\/v2\/media\/8378"}],"wp:attachment":[{"href":"https:\/\/marekkuchcinski.pl\/ro\/wp-json\/wp\/v2\/media?parent=8363"}],"wp:term":[{"taxonomy":"category","embeddable":true,"href":"https:\/\/marekkuchcinski.pl\/ro\/wp-json\/wp\/v2\/categories?post=8363"},{"taxonomy":"post_tag","embeddable":true,"href":"https:\/\/marekkuchcinski.pl\/ro\/wp-json\/wp\/v2\/tags?post=8363"}],"curies":[{"name":"wp","href":"https:\/\/api.w.org\/{rel}","templated":true}]}}