{"id":8259,"date":"2018-01-09T23:46:43","date_gmt":"2018-01-09T22:46:43","guid":{"rendered":"https:\/\/marekkuchcinski.pl\/?p=8259"},"modified":"2018-01-10T11:47:57","modified_gmt":"2018-01-10T10:47:57","slug":"prezydent-andrzej-duda-dokonal-zmian-skladzie-rady-ministrow","status":"publish","type":"post","link":"https:\/\/marekkuchcinski.pl\/ro\/wydarzenia\/prezydent-andrzej-duda-dokonal-zmian-skladzie-rady-ministrow\/","title":{"rendered":"Pre\u0219edintele Andrzej Duda a operat modific\u0103ri \u00een componen\u021ba Consiliului de Mini\u0219tri"},"content":{"rendered":"<p>La cererea prim-ministrului Mateusz Morawiecki, pre\u0219edintele Poloniei a numit noi membri ai Consiliului de Mini\u0219tri. \u00cen opt ministere s-a schimbat conducerea, cinci mini\u0219tri \u0219i-au luat r\u0103mas bun de la Cancelarie: \u0219eful Ministerului Ap\u0103r\u0103rii Antoni Macierewicz, ministrul de Externe Witold Waszczykowski, \u0219eful Ministerului Mediului Jan Szyszko, ministrul S\u0103n\u0103t\u0103\u021bii Konstanty Radziwi\u0142\u0142 \u0219i ministrul Digitiz\u0103rii Anna Stre\u017cy\u0144ska.<\/p>\n<p><strong>Diferitele ministere sunt conduse de:<\/strong><\/p>\n<p>Ministerul de Finan\u021be - Teresa Czerwi\u0144ska<\/p>\n<p>Ministerul pentru \u00centreprinderi \u0219i Tehnologie - Jadwiga Emilewicz<\/p>\n<p>Ministerul Investi\u021biilor \u0219i Dezvolt\u0103rii - Jerzy Kwieci\u0144ski<\/p>\n<p>Ministerul S\u0103n\u0103t\u0103\u021bii - \u0141ukasz Szumowski<\/p>\n<p>Ministerul de Interne \u0219i Administra\u021bie - Joachim Brudzi\u0144ski<\/p>\n<p>Ministerul Afacerilor Externe - Jacek Czaputowicz<\/p>\n<p>Ministerul Mediului - Henryk Kowalczyk<\/p>\n<p>Ministerul Ap\u0103r\u0103rii - Mariusz Blaszczak<\/p>\n<p>Ministerul Infrastructurii - Andrzej Adamczyk<\/p>\n<p>Ministerul Justi\u021biei - Zbigniew Ziobro<\/p>\n<p>Ministerul Culturii \u0219i Patrimoniului Na\u021bional - Piotr Gli\u0144ski<\/p>\n<p>Ministerul \u0218tiin\u021bei \u0219i \u00cenv\u0103\u021b\u0103m\u00e2ntului Superior - Jaros\u0142aw Gowin<\/p>\n<p>Ministerul Educa\u021biei Na\u021bionale - Anna Zalewska<\/p>\n<p>Ministerul Energiei - Krzysztof Tch\u00f3rzewski<\/p>\n<p>Ministerul Afacerilor Maritime \u0219i Naviga\u021biei Interioare - Marek Gr\u00f3barczyk<\/p>\n<p>Ministerul Familiei, Muncii \u0219i Politicii Sociale - El\u017cbieta Rafalska<\/p>\n<p>Ministerul Agriculturii \u0219i Dezvolt\u0103rii Rurale - Krzysztof Jurgiel<\/p>\n<p>Ministerul Sportului \u0219i Turismului - Witold Ba\u0144ka<\/p>\n<p><strong>Componen\u021ba guvernului este completat\u0103 de:<\/strong><\/p>\n<p>Beata Szyd\u0142o, viceprim-ministru<\/p>\n<p>Beata Kempa, membr\u0103 a Consiliului de Mini\u0219tri<\/p>\n<p>Henryk Kami\u0144ski, membru al Consiliului de Mini\u0219tri.<\/p>\n<p><a href=\"https:\/\/marekkuchcinski.pl\/wp-content\/uploads\/2018\/01\/IMG_8535.jpg\"><img fetchpriority=\"high\" decoding=\"async\" class=\"alignnone size-full wp-image-8260\" src=\"https:\/\/marekkuchcinski.pl\/wp-content\/uploads\/2018\/01\/IMG_8535.jpg\" alt=\"IMG_8535\" width=\"4752\" height=\"3168\" srcset=\"https:\/\/marekkuchcinski.pl\/wp-content\/uploads\/2018\/01\/IMG_8535.jpg 2048w, https:\/\/marekkuchcinski.pl\/wp-content\/uploads\/2018\/01\/IMG_8535-300x200.jpg 300w, https:\/\/marekkuchcinski.pl\/wp-content\/uploads\/2018\/01\/IMG_8535-768x512.jpg 768w, https:\/\/marekkuchcinski.pl\/wp-content\/uploads\/2018\/01\/IMG_8535-1024x683.jpg 1024w\" sizes=\"(max-width: 4752px) 100vw, 4752px\" \/><\/a> <a href=\"https:\/\/marekkuchcinski.pl\/wp-content\/uploads\/2018\/01\/IMG_8577.jpg\"><img decoding=\"async\" class=\"alignnone size-full wp-image-8263\" src=\"https:\/\/marekkuchcinski.pl\/wp-content\/uploads\/2018\/01\/IMG_8577.jpg\" alt=\"IMG_8577\" width=\"4752\" height=\"3168\" srcset=\"https:\/\/marekkuchcinski.pl\/wp-content\/uploads\/2018\/01\/IMG_8577.jpg 2048w, https:\/\/marekkuchcinski.pl\/wp-content\/uploads\/2018\/01\/IMG_8577-300x200.jpg 300w, https:\/\/marekkuchcinski.pl\/wp-content\/uploads\/2018\/01\/IMG_8577-768x512.jpg 768w, https:\/\/marekkuchcinski.pl\/wp-content\/uploads\/2018\/01\/IMG_8577-1024x683.jpg 1024w\" sizes=\"(max-width: 4752px) 100vw, 4752px\" \/><\/a> <a href=\"https:\/\/marekkuchcinski.pl\/wp-content\/uploads\/2018\/01\/IMG_8620.jpg\"><img decoding=\"async\" class=\"alignnone size-full wp-image-8266\" src=\"https:\/\/marekkuchcinski.pl\/wp-content\/uploads\/2018\/01\/IMG_8620.jpg\" alt=\"IMG_8620\" width=\"4752\" height=\"3168\" srcset=\"https:\/\/marekkuchcinski.pl\/wp-content\/uploads\/2018\/01\/IMG_8620.jpg 2048w, https:\/\/marekkuchcinski.pl\/wp-content\/uploads\/2018\/01\/IMG_8620-300x200.jpg 300w, https:\/\/marekkuchcinski.pl\/wp-content\/uploads\/2018\/01\/IMG_8620-768x512.jpg 768w, https:\/\/marekkuchcinski.pl\/wp-content\/uploads\/2018\/01\/IMG_8620-1024x683.jpg 1024w\" sizes=\"(max-width: 4752px) 100vw, 4752px\" \/><\/a> <a href=\"https:\/\/marekkuchcinski.pl\/wp-content\/uploads\/2018\/01\/IMG_8644.jpg\"><img loading=\"lazy\" decoding=\"async\" class=\"alignnone size-full wp-image-8267\" src=\"https:\/\/marekkuchcinski.pl\/wp-content\/uploads\/2018\/01\/IMG_8644.jpg\" alt=\"IMG_8644\" width=\"3233\" height=\"2058\" srcset=\"https:\/\/marekkuchcinski.pl\/wp-content\/uploads\/2018\/01\/IMG_8644.jpg 2048w, https:\/\/marekkuchcinski.pl\/wp-content\/uploads\/2018\/01\/IMG_8644-300x191.jpg 300w, https:\/\/marekkuchcinski.pl\/wp-content\/uploads\/2018\/01\/IMG_8644-768x489.jpg 768w, https:\/\/marekkuchcinski.pl\/wp-content\/uploads\/2018\/01\/IMG_8644-1024x652.jpg 1024w\" sizes=\"(max-width: 3233px) 100vw, 3233px\" \/><\/a> <a href=\"https:\/\/marekkuchcinski.pl\/wp-content\/uploads\/2018\/01\/KU271633.jpg\"><img loading=\"lazy\" decoding=\"async\" class=\"alignnone size-full wp-image-8268\" src=\"https:\/\/marekkuchcinski.pl\/wp-content\/uploads\/2018\/01\/KU271633.jpg\" alt=\"KU271633\" width=\"2736\" height=\"1824\" srcset=\"https:\/\/marekkuchcinski.pl\/wp-content\/uploads\/2018\/01\/KU271633.jpg 2048w, https:\/\/marekkuchcinski.pl\/wp-content\/uploads\/2018\/01\/KU271633-300x200.jpg 300w, https:\/\/marekkuchcinski.pl\/wp-content\/uploads\/2018\/01\/KU271633-768x512.jpg 768w, https:\/\/marekkuchcinski.pl\/wp-content\/uploads\/2018\/01\/KU271633-1024x683.jpg 1024w\" sizes=\"(max-width: 2736px) 100vw, 2736px\" \/><\/a> <a href=\"https:\/\/marekkuchcinski.pl\/wp-content\/uploads\/2018\/01\/KU271806.jpg\"><img loading=\"lazy\" decoding=\"async\" class=\"alignnone size-full wp-image-8270\" src=\"https:\/\/marekkuchcinski.pl\/wp-content\/uploads\/2018\/01\/KU271806.jpg\" alt=\"KU271806\" width=\"2736\" height=\"1824\" srcset=\"https:\/\/marekkuchcinski.pl\/wp-content\/uploads\/2018\/01\/KU271806.jpg 2048w, https:\/\/marekkuchcinski.pl\/wp-content\/uploads\/2018\/01\/KU271806-300x200.jpg 300w, https:\/\/marekkuchcinski.pl\/wp-content\/uploads\/2018\/01\/KU271806-768x512.jpg 768w, https:\/\/marekkuchcinski.pl\/wp-content\/uploads\/2018\/01\/KU271806-1024x683.jpg 1024w\" sizes=\"(max-width: 2736px) 100vw, 2736px\" \/><\/a> <a href=\"https:\/\/marekkuchcinski.pl\/wp-content\/uploads\/2018\/01\/KU272787.jpg\"><img loading=\"lazy\" decoding=\"async\" class=\"alignnone size-full wp-image-8273\" src=\"https:\/\/marekkuchcinski.pl\/wp-content\/uploads\/2018\/01\/KU272787.jpg\" alt=\"KU272787\" width=\"2736\" height=\"1824\" srcset=\"https:\/\/marekkuchcinski.pl\/wp-content\/uploads\/2018\/01\/KU272787.jpg 2048w, https:\/\/marekkuchcinski.pl\/wp-content\/uploads\/2018\/01\/KU272787-300x200.jpg 300w, https:\/\/marekkuchcinski.pl\/wp-content\/uploads\/2018\/01\/KU272787-768x512.jpg 768w, https:\/\/marekkuchcinski.pl\/wp-content\/uploads\/2018\/01\/KU272787-1024x683.jpg 1024w\" sizes=\"(max-width: 2736px) 100vw, 2736px\" \/><\/a> <a href=\"https:\/\/marekkuchcinski.pl\/wp-content\/uploads\/2018\/01\/KU272820.jpg\"><img loading=\"lazy\" decoding=\"async\" class=\"alignnone size-full wp-image-8274\" src=\"https:\/\/marekkuchcinski.pl\/wp-content\/uploads\/2018\/01\/KU272820.jpg\" alt=\"KU272820\" width=\"2736\" height=\"1824\" srcset=\"https:\/\/marekkuchcinski.pl\/wp-content\/uploads\/2018\/01\/KU272820.jpg 2048w, https:\/\/marekkuchcinski.pl\/wp-content\/uploads\/2018\/01\/KU272820-300x200.jpg 300w, https:\/\/marekkuchcinski.pl\/wp-content\/uploads\/2018\/01\/KU272820-768x512.jpg 768w, https:\/\/marekkuchcinski.pl\/wp-content\/uploads\/2018\/01\/KU272820-1024x683.jpg 1024w\" sizes=\"(max-width: 2736px) 100vw, 2736px\" \/><\/a> <a href=\"https:\/\/marekkuchcinski.pl\/wp-content\/uploads\/2018\/01\/KU273082_edited.jpg\"><img loading=\"lazy\" decoding=\"async\" class=\"alignnone size-full wp-image-8275\" src=\"https:\/\/marekkuchcinski.pl\/wp-content\/uploads\/2018\/01\/KU273082_edited.jpg\" alt=\"KU273082_edited\" width=\"2221\" height=\"1448\" srcset=\"https:\/\/marekkuchcinski.pl\/wp-content\/uploads\/2018\/01\/KU273082_edited.jpg 2048w, https:\/\/marekkuchcinski.pl\/wp-content\/uploads\/2018\/01\/KU273082_edited-300x196.jpg 300w, https:\/\/marekkuchcinski.pl\/wp-content\/uploads\/2018\/01\/KU273082_edited-768x501.jpg 768w, https:\/\/marekkuchcinski.pl\/wp-content\/uploads\/2018\/01\/KU273082_edited-1024x668.jpg 1024w\" sizes=\"(max-width: 2221px) 100vw, 2221px\" \/><\/a><\/p>\n<p><a href=\"https:\/\/marekkuchcinski.pl\/wp-content\/uploads\/2018\/01\/mmkmm.jpg\"><img loading=\"lazy\" decoding=\"async\" class=\"alignnone size-full wp-image-8277\" src=\"https:\/\/marekkuchcinski.pl\/wp-content\/uploads\/2018\/01\/mmkmm.jpg\" alt=\"mmkmm\" width=\"2407\" height=\"1651\" srcset=\"https:\/\/marekkuchcinski.pl\/wp-content\/uploads\/2018\/01\/mmkmm.jpg 2048w, https:\/\/marekkuchcinski.pl\/wp-content\/uploads\/2018\/01\/mmkmm-300x206.jpg 300w, https:\/\/marekkuchcinski.pl\/wp-content\/uploads\/2018\/01\/mmkmm-768x527.jpg 768w, https:\/\/marekkuchcinski.pl\/wp-content\/uploads\/2018\/01\/mmkmm-1024x702.jpg 1024w\" sizes=\"(max-width: 2407px) 100vw, 2407px\" \/><\/a><\/p>","protected":false},"excerpt":{"rendered":"<p>Na wniosek premiera Mateusza Morawieckiego Prezydent RP powo\u0142a\u0142 nowych cz\u0142onk\u00f3w Rady Ministr\u00f3w. W o\u015bmiu resortach zmieni\u0142o si\u0119 szefostwo, pi\u0119ciu ministr\u00f3w po\u017cegna\u0142o si\u0119 z KPRM: szef MON Antoni Macierewicz, minister spraw zagranicznych Witold Waszczykowski, szef resortu \u015brodowiska Jan Szyszko, minister zdrowia Konstanty Radziwi\u0142\u0142 oraz minister cyfryzacji Anna Stre\u017cy\u0144ska. Poszczeg\u00f3lnymi ministerstwami kieruj\u0105: Ministerstwo Finans\u00f3w &#8211; Teresa Czerwi\u0144ska [&hellip;]<\/p>\n","protected":false},"author":6,"featured_media":8277,"comment_status":"open","ping_status":"open","sticky":false,"template":"","format":"standard","meta":{"ngg_post_thumbnail":0,"footnotes":""},"categories":[82,3],"tags":[],"class_list":["post-8259","post","type-post","status-publish","format-standard","has-post-thumbnail","hentry","category-prawo-i-sprawiedliwosc","category-wydarzenia"],"_links":{"self":[{"href":"https:\/\/marekkuchcinski.pl\/ro\/wp-json\/wp\/v2\/posts\/8259","targetHints":{"allow":["GET"]}}],"collection":[{"href":"https:\/\/marekkuchcinski.pl\/ro\/wp-json\/wp\/v2\/posts"}],"about":[{"href":"https:\/\/marekkuchcinski.pl\/ro\/wp-json\/wp\/v2\/types\/post"}],"author":[{"embeddable":true,"href":"https:\/\/marekkuchcinski.pl\/ro\/wp-json\/wp\/v2\/users\/6"}],"replies":[{"embeddable":true,"href":"https:\/\/marekkuchcinski.pl\/ro\/wp-json\/wp\/v2\/comments?post=8259"}],"version-history":[{"count":2,"href":"https:\/\/marekkuchcinski.pl\/ro\/wp-json\/wp\/v2\/posts\/8259\/revisions"}],"predecessor-version":[{"id":8279,"href":"https:\/\/marekkuchcinski.pl\/ro\/wp-json\/wp\/v2\/posts\/8259\/revisions\/8279"}],"wp:featuredmedia":[{"embeddable":true,"href":"https:\/\/marekkuchcinski.pl\/ro\/wp-json\/wp\/v2\/media\/8277"}],"wp:attachment":[{"href":"https:\/\/marekkuchcinski.pl\/ro\/wp-json\/wp\/v2\/media?parent=8259"}],"wp:term":[{"taxonomy":"category","embeddable":true,"href":"https:\/\/marekkuchcinski.pl\/ro\/wp-json\/wp\/v2\/categories?post=8259"},{"taxonomy":"post_tag","embeddable":true,"href":"https:\/\/marekkuchcinski.pl\/ro\/wp-json\/wp\/v2\/tags?post=8259"}],"curies":[{"name":"wp","href":"https:\/\/api.w.org\/{rel}","templated":true}]}}