{"id":8071,"date":"2017-12-12T20:16:39","date_gmt":"2017-12-12T19:16:39","guid":{"rendered":"https:\/\/marekkuchcinski.pl\/?p=8071"},"modified":"2017-12-12T20:19:35","modified_gmt":"2017-12-12T19:19:35","slug":"spotkanie-laureatami-konkursu-opor-spoleczny-wobec-rzadow-komunistycznych-krajach-grupy-wyszehradzkiej","status":"publish","type":"post","link":"https:\/\/marekkuchcinski.pl\/ro\/wydarzenia\/spotkanie-laureatami-konkursu-opor-spoleczny-wobec-rzadow-komunistycznych-krajach-grupy-wyszehradzkiej\/","title":{"rendered":"\u00cent\u00e2lnire cu c\u00e2\u0219tig\u0103torii concursului \"Rezisten\u021ba social\u0103 la regimul comunist \u00een \u021b\u0103rile de la Vi\u0219egrad\""},"content":{"rendered":"<div class=\"gmail_default\"><strong>Sejm a g\u0103zduit participan\u021bii la un concurs pentru elevii de liceu din Voievodatul Podkarpackie, sub patronajul onorific al pre\u0219edintelui Sejm, Marek Kuchci\u0144ski.<\/strong><\/div>\n<div class=\"gmail_default\"><\/div>\n<div class=\"gmail_default\">Tema lucr\u0103rii a fost \"Rezisten\u021ba social\u0103 la regimul comunist \u00een \u021b\u0103rile de la Vi\u0219egrad\". Cancelaria Sejm-ului s-a al\u0103turat organiza\u021biei \u00eempreun\u0103 cu IPN Rzesz\u00f3w.<\/div>\n<div class=\"gmail_default\">Concursul este o alt\u0103 activitate din cadrul planului Grupului de la Vi\u0219egrad de cooperare \u00eentre parlamentele na\u021bionale.<\/div>\n<div class=\"gmail_default\"><\/div>\n<div class=\"gmail_default\"><a href=\"https:\/\/marekkuchcinski.pl\/wp-content\/uploads\/2017\/12\/KU251297.jpg\"><img fetchpriority=\"high\" decoding=\"async\" class=\"alignnone size-full wp-image-8072\" src=\"https:\/\/marekkuchcinski.pl\/wp-content\/uploads\/2017\/12\/KU251297.jpg\" alt=\"KU251297\" width=\"1800\" height=\"1200\" srcset=\"https:\/\/marekkuchcinski.pl\/wp-content\/uploads\/2017\/12\/KU251297.jpg 1800w, https:\/\/marekkuchcinski.pl\/wp-content\/uploads\/2017\/12\/KU251297-300x200.jpg 300w, https:\/\/marekkuchcinski.pl\/wp-content\/uploads\/2017\/12\/KU251297-768x512.jpg 768w, https:\/\/marekkuchcinski.pl\/wp-content\/uploads\/2017\/12\/KU251297-1024x683.jpg 1024w\" sizes=\"(max-width: 1800px) 100vw, 1800px\" \/><\/a> <a href=\"https:\/\/marekkuchcinski.pl\/wp-content\/uploads\/2017\/12\/KU251315.jpg\"><img decoding=\"async\" class=\"alignnone size-full wp-image-8073\" src=\"https:\/\/marekkuchcinski.pl\/wp-content\/uploads\/2017\/12\/KU251315.jpg\" alt=\"KU251315\" width=\"1800\" height=\"1200\" srcset=\"https:\/\/marekkuchcinski.pl\/wp-content\/uploads\/2017\/12\/KU251315.jpg 1800w, https:\/\/marekkuchcinski.pl\/wp-content\/uploads\/2017\/12\/KU251315-300x200.jpg 300w, https:\/\/marekkuchcinski.pl\/wp-content\/uploads\/2017\/12\/KU251315-768x512.jpg 768w, https:\/\/marekkuchcinski.pl\/wp-content\/uploads\/2017\/12\/KU251315-1024x683.jpg 1024w\" sizes=\"(max-width: 1800px) 100vw, 1800px\" \/><\/a> <a href=\"https:\/\/marekkuchcinski.pl\/wp-content\/uploads\/2017\/12\/KU251342.jpg\"><img decoding=\"async\" class=\"alignnone size-full wp-image-8074\" src=\"https:\/\/marekkuchcinski.pl\/wp-content\/uploads\/2017\/12\/KU251342.jpg\" alt=\"KU251342\" width=\"1800\" height=\"1200\" srcset=\"https:\/\/marekkuchcinski.pl\/wp-content\/uploads\/2017\/12\/KU251342.jpg 1800w, https:\/\/marekkuchcinski.pl\/wp-content\/uploads\/2017\/12\/KU251342-300x200.jpg 300w, https:\/\/marekkuchcinski.pl\/wp-content\/uploads\/2017\/12\/KU251342-768x512.jpg 768w, https:\/\/marekkuchcinski.pl\/wp-content\/uploads\/2017\/12\/KU251342-1024x683.jpg 1024w\" sizes=\"(max-width: 1800px) 100vw, 1800px\" \/><\/a> <a href=\"https:\/\/marekkuchcinski.pl\/wp-content\/uploads\/2017\/12\/KU251345.jpg\"><img loading=\"lazy\" decoding=\"async\" class=\"alignnone size-full wp-image-8075\" src=\"https:\/\/marekkuchcinski.pl\/wp-content\/uploads\/2017\/12\/KU251345.jpg\" alt=\"KU251345\" width=\"1800\" height=\"1200\" srcset=\"https:\/\/marekkuchcinski.pl\/wp-content\/uploads\/2017\/12\/KU251345.jpg 1800w, https:\/\/marekkuchcinski.pl\/wp-content\/uploads\/2017\/12\/KU251345-300x200.jpg 300w, https:\/\/marekkuchcinski.pl\/wp-content\/uploads\/2017\/12\/KU251345-768x512.jpg 768w, https:\/\/marekkuchcinski.pl\/wp-content\/uploads\/2017\/12\/KU251345-1024x683.jpg 1024w\" sizes=\"(max-width: 1800px) 100vw, 1800px\" \/><\/a> <a href=\"https:\/\/marekkuchcinski.pl\/wp-content\/uploads\/2017\/12\/KU251355.jpg\"><img loading=\"lazy\" decoding=\"async\" class=\"alignnone size-full wp-image-8076\" src=\"https:\/\/marekkuchcinski.pl\/wp-content\/uploads\/2017\/12\/KU251355.jpg\" alt=\"KU251355\" width=\"1800\" height=\"1200\" srcset=\"https:\/\/marekkuchcinski.pl\/wp-content\/uploads\/2017\/12\/KU251355.jpg 1800w, https:\/\/marekkuchcinski.pl\/wp-content\/uploads\/2017\/12\/KU251355-300x200.jpg 300w, https:\/\/marekkuchcinski.pl\/wp-content\/uploads\/2017\/12\/KU251355-768x512.jpg 768w, https:\/\/marekkuchcinski.pl\/wp-content\/uploads\/2017\/12\/KU251355-1024x683.jpg 1024w\" sizes=\"(max-width: 1800px) 100vw, 1800px\" \/><\/a> <a href=\"https:\/\/marekkuchcinski.pl\/wp-content\/uploads\/2017\/12\/KU251425-2.jpg\"><img loading=\"lazy\" decoding=\"async\" class=\"alignnone size-full wp-image-8077\" src=\"https:\/\/marekkuchcinski.pl\/wp-content\/uploads\/2017\/12\/KU251425-2.jpg\" alt=\"KU251425-2\" width=\"1800\" height=\"1096\" srcset=\"https:\/\/marekkuchcinski.pl\/wp-content\/uploads\/2017\/12\/KU251425-2.jpg 1800w, https:\/\/marekkuchcinski.pl\/wp-content\/uploads\/2017\/12\/KU251425-2-300x183.jpg 300w, https:\/\/marekkuchcinski.pl\/wp-content\/uploads\/2017\/12\/KU251425-2-768x468.jpg 768w, https:\/\/marekkuchcinski.pl\/wp-content\/uploads\/2017\/12\/KU251425-2-1024x624.jpg 1024w\" sizes=\"(max-width: 1800px) 100vw, 1800px\" \/><\/a> <a href=\"https:\/\/marekkuchcinski.pl\/wp-content\/uploads\/2017\/12\/KU251446.jpg\"><img loading=\"lazy\" decoding=\"async\" class=\"alignnone size-full wp-image-8078\" src=\"https:\/\/marekkuchcinski.pl\/wp-content\/uploads\/2017\/12\/KU251446.jpg\" alt=\"KU251446\" width=\"1800\" height=\"1200\" srcset=\"https:\/\/marekkuchcinski.pl\/wp-content\/uploads\/2017\/12\/KU251446.jpg 1800w, https:\/\/marekkuchcinski.pl\/wp-content\/uploads\/2017\/12\/KU251446-300x200.jpg 300w, https:\/\/marekkuchcinski.pl\/wp-content\/uploads\/2017\/12\/KU251446-768x512.jpg 768w, https:\/\/marekkuchcinski.pl\/wp-content\/uploads\/2017\/12\/KU251446-1024x683.jpg 1024w\" sizes=\"(max-width: 1800px) 100vw, 1800px\" \/><\/a> <a href=\"https:\/\/marekkuchcinski.pl\/wp-content\/uploads\/2017\/12\/KU251454.jpg\"><img loading=\"lazy\" decoding=\"async\" class=\"alignnone size-full wp-image-8079\" src=\"https:\/\/marekkuchcinski.pl\/wp-content\/uploads\/2017\/12\/KU251454.jpg\" alt=\"KU251454\" width=\"1800\" height=\"1200\" srcset=\"https:\/\/marekkuchcinski.pl\/wp-content\/uploads\/2017\/12\/KU251454.jpg 1800w, https:\/\/marekkuchcinski.pl\/wp-content\/uploads\/2017\/12\/KU251454-300x200.jpg 300w, https:\/\/marekkuchcinski.pl\/wp-content\/uploads\/2017\/12\/KU251454-768x512.jpg 768w, https:\/\/marekkuchcinski.pl\/wp-content\/uploads\/2017\/12\/KU251454-1024x683.jpg 1024w\" sizes=\"(max-width: 1800px) 100vw, 1800px\" \/><\/a> <a href=\"https:\/\/marekkuchcinski.pl\/wp-content\/uploads\/2017\/12\/KU251463.jpg\"><img loading=\"lazy\" decoding=\"async\" class=\"alignnone size-full wp-image-8080\" src=\"https:\/\/marekkuchcinski.pl\/wp-content\/uploads\/2017\/12\/KU251463.jpg\" alt=\"KU251463\" width=\"1800\" height=\"1200\" srcset=\"https:\/\/marekkuchcinski.pl\/wp-content\/uploads\/2017\/12\/KU251463.jpg 1800w, https:\/\/marekkuchcinski.pl\/wp-content\/uploads\/2017\/12\/KU251463-300x200.jpg 300w, https:\/\/marekkuchcinski.pl\/wp-content\/uploads\/2017\/12\/KU251463-768x512.jpg 768w, https:\/\/marekkuchcinski.pl\/wp-content\/uploads\/2017\/12\/KU251463-1024x683.jpg 1024w\" sizes=\"(max-width: 1800px) 100vw, 1800px\" \/><\/a><\/div>","protected":false},"excerpt":{"rendered":"<p>W\u00a0Sejmie go\u015bcili uczestnicy konkursu dla uczni\u00f3w szk\u00f3\u0142 \u015brednich z woj. podkarpackiego pod honorowym patronatem marsza\u0142ka Sejmu Marka Kuchci\u0144skiego. Tematem prac by\u0142 &#8222;Op\u00f3r spo\u0142eczny\u00a0 wobec rz\u0105d\u00f3w komunistycznych w krajach Grupy Wyszehradzkiej&#8221;. Do wsp\u00f3\u0142pracy z IPN Rzesz\u00f3w przy organizacji w\u0142\u0105czy\u0142a si\u0119 Kancelaria Sejmu. Konkurs jest kolejnym z dzia\u0142a\u0144 wpisuj\u0105cych si\u0119 w plan wsp\u00f3\u0142pracy parlament\u00f3w narodowych w ramach [&hellip;]<\/p>\n","protected":false},"author":6,"featured_media":8079,"comment_status":"open","ping_status":"open","sticky":false,"template":"","format":"standard","meta":{"ngg_post_thumbnail":0,"footnotes":""},"categories":[49,81,3],"tags":[],"class_list":["post-8071","post","type-post","status-publish","format-standard","has-post-thumbnail","hentry","category-podkarpacie","category-wiesci-z-sejmu","category-wydarzenia"],"_links":{"self":[{"href":"https:\/\/marekkuchcinski.pl\/ro\/wp-json\/wp\/v2\/posts\/8071","targetHints":{"allow":["GET"]}}],"collection":[{"href":"https:\/\/marekkuchcinski.pl\/ro\/wp-json\/wp\/v2\/posts"}],"about":[{"href":"https:\/\/marekkuchcinski.pl\/ro\/wp-json\/wp\/v2\/types\/post"}],"author":[{"embeddable":true,"href":"https:\/\/marekkuchcinski.pl\/ro\/wp-json\/wp\/v2\/users\/6"}],"replies":[{"embeddable":true,"href":"https:\/\/marekkuchcinski.pl\/ro\/wp-json\/wp\/v2\/comments?post=8071"}],"version-history":[{"count":3,"href":"https:\/\/marekkuchcinski.pl\/ro\/wp-json\/wp\/v2\/posts\/8071\/revisions"}],"predecessor-version":[{"id":8083,"href":"https:\/\/marekkuchcinski.pl\/ro\/wp-json\/wp\/v2\/posts\/8071\/revisions\/8083"}],"wp:featuredmedia":[{"embeddable":true,"href":"https:\/\/marekkuchcinski.pl\/ro\/wp-json\/wp\/v2\/media\/8079"}],"wp:attachment":[{"href":"https:\/\/marekkuchcinski.pl\/ro\/wp-json\/wp\/v2\/media?parent=8071"}],"wp:term":[{"taxonomy":"category","embeddable":true,"href":"https:\/\/marekkuchcinski.pl\/ro\/wp-json\/wp\/v2\/categories?post=8071"},{"taxonomy":"post_tag","embeddable":true,"href":"https:\/\/marekkuchcinski.pl\/ro\/wp-json\/wp\/v2\/tags?post=8071"}],"curies":[{"name":"wp","href":"https:\/\/api.w.org\/{rel}","templated":true}]}}