{"id":8055,"date":"2017-12-12T10:45:28","date_gmt":"2017-12-12T09:45:28","guid":{"rendered":"https:\/\/marekkuchcinski.pl\/?p=8055"},"modified":"2017-12-12T10:51:33","modified_gmt":"2017-12-12T09:51:33","slug":"prezydent-rp-powolal-prezesa-rady-ministrow-wraz-rzadem","status":"publish","type":"post","link":"https:\/\/marekkuchcinski.pl\/ro\/wydarzenia\/prezydent-rp-powolal-prezesa-rady-ministrow-wraz-rzadem\/","title":{"rendered":"Pre\u0219edintele Republicii Polone a numit prim-ministru \u00een cadrul guvernului de"},"content":{"rendered":"<p><strong>Pre\u0219edintele polonez Andrzej Duda l-a numit pe Mateusz Morawiecki \u00een func\u021bia de prim-ministru. Dup\u0103 cum a subliniat: noul prim-ministru a decis c\u0103 vrea s\u0103 lucreze cu ace\u0219ti oameni \u0219i s\u0103 \u00eei conving\u0103.\u00a0<\/strong>- Ne vom str\u0103dui s\u0103 facem din guvernul Dreptei Unite un guvern al unei Polonii unite, s\u0103 fie un guvern al tuturor cet\u0103\u021benilor, a declarat premierul.<\/p>\n<p>Pre\u0219edintele a numit, de asemenea, membri \u00een Consiliul de Mini\u0219tri:<\/p>\n<ul>\n<li>Dl Mateusz MORAWIECKI - \u00een calitate de Ministru al Dezvolt\u0103rii \u0219i Finan\u021belor<\/li>\n<li>Dna Beata SZYD\u0141O - pentru func\u021bia de vicepre\u0219edinte al Consiliului de Mini\u0219tri<\/li>\n<li>Dl Piotr GLI\u0143SKI - pentru func\u021biile de viceprim-ministru \u0219i ministru al culturii \u0219i patrimoniului na\u021bional<\/li>\n<li>Jaros\u0142aw GOWIN - pentru func\u021biile de viceprim-ministru \u0219i ministru al \u0219tiin\u021bei \u0219i \u00eenv\u0103\u021b\u0103m\u00e2ntului superior<\/li>\n<li>Mariusz B\u0141ASZCZAK - pentru func\u021bia de ministru de interne \u0219i administra\u021bie<\/li>\n<li>Dl Antoni MACIEREWICZ - pentru postul de ministru al ap\u0103r\u0103rii na\u021bionale<\/li>\n<li>Dl Witold WASZCZYKOWSKI - pentru postul de ministru al afacerilor externe<\/li>\n<li>Krzysztof TCH\u00d3RZEWSKI - pentru postul de ministru al energiei<\/li>\n<li>Zbigniew ZIOBRA - pentru func\u021bia de ministru al justi\u021biei<\/li>\n<li>Anna ZALEWSKA - pentru postul de ministru al Educa\u021biei Na\u021bionale<\/li>\n<li>Jan SZYSZKA - \u00een calitate de ministru al mediului<\/li>\n<li>Dna El\u017cbieta RAFALSKA - pentru Cabinetul ministrului pentru familie, munc\u0103 \u0219i politic\u0103 social\u0103<\/li>\n<li>Krzysztof JURGIEL - pentru func\u021bia de ministru al agriculturii \u0219i dezvolt\u0103rii rurale<\/li>\n<li>Andrzej ADAMCZYK - pentru func\u021bia de ministru al infrastructurii \u0219i construc\u021biilor<\/li>\n<li>Dl Konstanty RADZIWI\u0141 - \u00een calitate de ministru al s\u0103n\u0103t\u0103\u021bii<\/li>\n<li>Marek GR\u00d3BARCZYK \u00een calitate de ministru al afacerilor maritime \u0219i al naviga\u021biei interioare<\/li>\n<li>Dna Anna STRE\u00afY\u00d1SKA - pentru cabinetul ministrului digitaliz\u0103rii<\/li>\n<li>Dl Witold BA\u00d1KA - pentru postul de ministru al sportului \u0219i turismului<\/li>\n<li>Dna Beata KEMPA - pentru func\u021bia de ministru - membru al Consiliului de Mini\u0219tri<\/li>\n<li>Dna El\u017cbieta WITEK - pentru func\u021bia de ministru - membru al Consiliului de Mini\u0219tri<\/li>\n<li>Mariusz KAMI\u0143SKI - pentru func\u021bia de ministru - membru al Consiliului de Mini\u0219tri<\/li>\n<li>Dl Henryk KOWALCZYK - pentru func\u021bia de ministru - membru al Consiliului de Mini\u0219tri<\/li>\n<\/ul>\n<p>Noii membri ai Consiliului de Mini\u0219tri au depus jur\u0103m\u00e2ntul de \u00eenvestitur\u0103 \u00een fa\u021ba Pre\u0219edintelui Republicii.<\/p>\n<p><em>president.pl<\/em><\/p>\n<p><em>Foto: Pawe\u0142 Kula<\/em><\/p>\n<p><a href=\"https:\/\/marekkuchcinski.pl\/wp-content\/uploads\/2017\/12\/DSCF7692.jpg\"><img fetchpriority=\"high\" decoding=\"async\" class=\"alignnone size-full wp-image-8056\" src=\"https:\/\/marekkuchcinski.pl\/wp-content\/uploads\/2017\/12\/DSCF7692.jpg\" alt=\"DSCF7692\" width=\"4244\" height=\"2598\" srcset=\"https:\/\/marekkuchcinski.pl\/wp-content\/uploads\/2017\/12\/DSCF7692.jpg 2048w, https:\/\/marekkuchcinski.pl\/wp-content\/uploads\/2017\/12\/DSCF7692-300x184.jpg 300w, https:\/\/marekkuchcinski.pl\/wp-content\/uploads\/2017\/12\/DSCF7692-768x470.jpg 768w, https:\/\/marekkuchcinski.pl\/wp-content\/uploads\/2017\/12\/DSCF7692-1024x627.jpg 1024w\" sizes=\"(max-width: 4244px) 100vw, 4244px\" \/><\/a> <a href=\"https:\/\/marekkuchcinski.pl\/wp-content\/uploads\/2017\/12\/KU259519.jpg\"><img decoding=\"async\" class=\"alignnone size-full wp-image-8058\" src=\"https:\/\/marekkuchcinski.pl\/wp-content\/uploads\/2017\/12\/KU259519.jpg\" alt=\"KU259519\" width=\"1800\" height=\"1200\" srcset=\"https:\/\/marekkuchcinski.pl\/wp-content\/uploads\/2017\/12\/KU259519.jpg 1800w, https:\/\/marekkuchcinski.pl\/wp-content\/uploads\/2017\/12\/KU259519-300x200.jpg 300w, https:\/\/marekkuchcinski.pl\/wp-content\/uploads\/2017\/12\/KU259519-768x512.jpg 768w, https:\/\/marekkuchcinski.pl\/wp-content\/uploads\/2017\/12\/KU259519-1024x683.jpg 1024w\" sizes=\"(max-width: 1800px) 100vw, 1800px\" \/><\/a> <a href=\"https:\/\/marekkuchcinski.pl\/wp-content\/uploads\/2017\/12\/KU259538.jpg\"><img decoding=\"async\" class=\"alignnone size-full wp-image-8059\" src=\"https:\/\/marekkuchcinski.pl\/wp-content\/uploads\/2017\/12\/KU259538.jpg\" alt=\"KU259538\" width=\"1800\" height=\"1200\" srcset=\"https:\/\/marekkuchcinski.pl\/wp-content\/uploads\/2017\/12\/KU259538.jpg 1800w, https:\/\/marekkuchcinski.pl\/wp-content\/uploads\/2017\/12\/KU259538-300x200.jpg 300w, https:\/\/marekkuchcinski.pl\/wp-content\/uploads\/2017\/12\/KU259538-768x512.jpg 768w, https:\/\/marekkuchcinski.pl\/wp-content\/uploads\/2017\/12\/KU259538-1024x683.jpg 1024w\" sizes=\"(max-width: 1800px) 100vw, 1800px\" \/><\/a> <a href=\"https:\/\/marekkuchcinski.pl\/wp-content\/uploads\/2017\/12\/KU259570.jpg\"><img loading=\"lazy\" decoding=\"async\" class=\"alignnone size-full wp-image-8060\" src=\"https:\/\/marekkuchcinski.pl\/wp-content\/uploads\/2017\/12\/KU259570.jpg\" alt=\"KU259570\" width=\"1800\" height=\"1200\" srcset=\"https:\/\/marekkuchcinski.pl\/wp-content\/uploads\/2017\/12\/KU259570.jpg 1800w, https:\/\/marekkuchcinski.pl\/wp-content\/uploads\/2017\/12\/KU259570-300x200.jpg 300w, https:\/\/marekkuchcinski.pl\/wp-content\/uploads\/2017\/12\/KU259570-768x512.jpg 768w, https:\/\/marekkuchcinski.pl\/wp-content\/uploads\/2017\/12\/KU259570-1024x683.jpg 1024w\" sizes=\"(max-width: 1800px) 100vw, 1800px\" \/><\/a> <a href=\"https:\/\/marekkuchcinski.pl\/wp-content\/uploads\/2017\/12\/KU259677.jpg\"><img loading=\"lazy\" decoding=\"async\" class=\"alignnone size-full wp-image-8061\" src=\"https:\/\/marekkuchcinski.pl\/wp-content\/uploads\/2017\/12\/KU259677.jpg\" alt=\"KU259677\" width=\"1800\" height=\"1200\" srcset=\"https:\/\/marekkuchcinski.pl\/wp-content\/uploads\/2017\/12\/KU259677.jpg 1800w, https:\/\/marekkuchcinski.pl\/wp-content\/uploads\/2017\/12\/KU259677-300x200.jpg 300w, https:\/\/marekkuchcinski.pl\/wp-content\/uploads\/2017\/12\/KU259677-768x512.jpg 768w, https:\/\/marekkuchcinski.pl\/wp-content\/uploads\/2017\/12\/KU259677-1024x683.jpg 1024w\" sizes=\"(max-width: 1800px) 100vw, 1800px\" \/><\/a> <a href=\"https:\/\/marekkuchcinski.pl\/wp-content\/uploads\/2017\/12\/KU259814.jpg\"><img loading=\"lazy\" decoding=\"async\" class=\"alignnone size-full wp-image-8062\" src=\"https:\/\/marekkuchcinski.pl\/wp-content\/uploads\/2017\/12\/KU259814.jpg\" alt=\"KU259814\" width=\"1800\" height=\"1200\" srcset=\"https:\/\/marekkuchcinski.pl\/wp-content\/uploads\/2017\/12\/KU259814.jpg 1800w, https:\/\/marekkuchcinski.pl\/wp-content\/uploads\/2017\/12\/KU259814-300x200.jpg 300w, https:\/\/marekkuchcinski.pl\/wp-content\/uploads\/2017\/12\/KU259814-768x512.jpg 768w, https:\/\/marekkuchcinski.pl\/wp-content\/uploads\/2017\/12\/KU259814-1024x683.jpg 1024w\" sizes=\"(max-width: 1800px) 100vw, 1800px\" \/><\/a> <a href=\"https:\/\/marekkuchcinski.pl\/wp-content\/uploads\/2017\/12\/KU259927.jpg\"><img loading=\"lazy\" decoding=\"async\" class=\"alignnone size-full wp-image-8063\" src=\"https:\/\/marekkuchcinski.pl\/wp-content\/uploads\/2017\/12\/KU259927.jpg\" alt=\"KU259927\" width=\"1800\" height=\"1200\" srcset=\"https:\/\/marekkuchcinski.pl\/wp-content\/uploads\/2017\/12\/KU259927.jpg 1800w, https:\/\/marekkuchcinski.pl\/wp-content\/uploads\/2017\/12\/KU259927-300x200.jpg 300w, https:\/\/marekkuchcinski.pl\/wp-content\/uploads\/2017\/12\/KU259927-768x512.jpg 768w, https:\/\/marekkuchcinski.pl\/wp-content\/uploads\/2017\/12\/KU259927-1024x683.jpg 1024w\" sizes=\"(max-width: 1800px) 100vw, 1800px\" \/><\/a> <a href=\"https:\/\/marekkuchcinski.pl\/wp-content\/uploads\/2017\/12\/KU260517.jpg\"><img loading=\"lazy\" decoding=\"async\" class=\"alignnone size-full wp-image-8064\" src=\"https:\/\/marekkuchcinski.pl\/wp-content\/uploads\/2017\/12\/KU260517.jpg\" alt=\"KU260517\" width=\"1800\" height=\"1200\" srcset=\"https:\/\/marekkuchcinski.pl\/wp-content\/uploads\/2017\/12\/KU260517.jpg 1800w, https:\/\/marekkuchcinski.pl\/wp-content\/uploads\/2017\/12\/KU260517-300x200.jpg 300w, https:\/\/marekkuchcinski.pl\/wp-content\/uploads\/2017\/12\/KU260517-768x512.jpg 768w, https:\/\/marekkuchcinski.pl\/wp-content\/uploads\/2017\/12\/KU260517-1024x683.jpg 1024w\" sizes=\"(max-width: 1800px) 100vw, 1800px\" \/><\/a> <a href=\"https:\/\/marekkuchcinski.pl\/wp-content\/uploads\/2017\/12\/KU261037.jpg\"><img loading=\"lazy\" decoding=\"async\" class=\"alignnone size-full wp-image-8065\" src=\"https:\/\/marekkuchcinski.pl\/wp-content\/uploads\/2017\/12\/KU261037.jpg\" alt=\"KU261037\" width=\"1800\" height=\"1200\" srcset=\"https:\/\/marekkuchcinski.pl\/wp-content\/uploads\/2017\/12\/KU261037.jpg 1800w, https:\/\/marekkuchcinski.pl\/wp-content\/uploads\/2017\/12\/KU261037-300x200.jpg 300w, https:\/\/marekkuchcinski.pl\/wp-content\/uploads\/2017\/12\/KU261037-768x512.jpg 768w, https:\/\/marekkuchcinski.pl\/wp-content\/uploads\/2017\/12\/KU261037-1024x683.jpg 1024w\" sizes=\"(max-width: 1800px) 100vw, 1800px\" \/><\/a> <a href=\"https:\/\/marekkuchcinski.pl\/wp-content\/uploads\/2017\/12\/KU261126.jpg\"><img loading=\"lazy\" decoding=\"async\" class=\"alignnone size-full wp-image-8067\" src=\"https:\/\/marekkuchcinski.pl\/wp-content\/uploads\/2017\/12\/KU261126.jpg\" alt=\"KU261126\" width=\"1800\" height=\"1200\" srcset=\"https:\/\/marekkuchcinski.pl\/wp-content\/uploads\/2017\/12\/KU261126.jpg 1800w, https:\/\/marekkuchcinski.pl\/wp-content\/uploads\/2017\/12\/KU261126-300x200.jpg 300w, https:\/\/marekkuchcinski.pl\/wp-content\/uploads\/2017\/12\/KU261126-768x512.jpg 768w, https:\/\/marekkuchcinski.pl\/wp-content\/uploads\/2017\/12\/KU261126-1024x683.jpg 1024w\" sizes=\"(max-width: 1800px) 100vw, 1800px\" \/><\/a><\/p>","protected":false},"excerpt":{"rendered":"<p>Prezydent Rzeczypospolitej Polskiej Andrzej Duda powo\u0142a\u0142 Mateusza Morawieckiego na urz\u0105d Prezesa Rady Ministr\u00f3w. Jak podkre\u015bli\u0142: nowy premier zdecydowa\u0142, \u017ce chce pracowa\u0107 z tymi lud\u017ami i si\u0119 do nich przekona\u0107.\u00a0&#8211; B\u0119dziemy starali si\u0119, \u017ceby rz\u0105d Zjednoczonej Prawicy by\u0142 rz\u0105dem zjednoczonej Polski, \u017ceby by\u0142 rz\u0105dem wszystkich obywateli\u00a0&#8211; powiedzia\u0142 premier. Prezydent\u00a0 powo\u0142a\u0142 tak\u017ce w sk\u0142ad Rady Ministr\u00f3w: Mateusza [&hellip;]<\/p>\n","protected":false},"author":6,"featured_media":8062,"comment_status":"open","ping_status":"open","sticky":false,"template":"","format":"standard","meta":{"ngg_post_thumbnail":0,"footnotes":""},"categories":[82,3],"tags":[],"class_list":["post-8055","post","type-post","status-publish","format-standard","has-post-thumbnail","hentry","category-prawo-i-sprawiedliwosc","category-wydarzenia"],"_links":{"self":[{"href":"https:\/\/marekkuchcinski.pl\/ro\/wp-json\/wp\/v2\/posts\/8055","targetHints":{"allow":["GET"]}}],"collection":[{"href":"https:\/\/marekkuchcinski.pl\/ro\/wp-json\/wp\/v2\/posts"}],"about":[{"href":"https:\/\/marekkuchcinski.pl\/ro\/wp-json\/wp\/v2\/types\/post"}],"author":[{"embeddable":true,"href":"https:\/\/marekkuchcinski.pl\/ro\/wp-json\/wp\/v2\/users\/6"}],"replies":[{"embeddable":true,"href":"https:\/\/marekkuchcinski.pl\/ro\/wp-json\/wp\/v2\/comments?post=8055"}],"version-history":[{"count":3,"href":"https:\/\/marekkuchcinski.pl\/ro\/wp-json\/wp\/v2\/posts\/8055\/revisions"}],"predecessor-version":[{"id":8070,"href":"https:\/\/marekkuchcinski.pl\/ro\/wp-json\/wp\/v2\/posts\/8055\/revisions\/8070"}],"wp:featuredmedia":[{"embeddable":true,"href":"https:\/\/marekkuchcinski.pl\/ro\/wp-json\/wp\/v2\/media\/8062"}],"wp:attachment":[{"href":"https:\/\/marekkuchcinski.pl\/ro\/wp-json\/wp\/v2\/media?parent=8055"}],"wp:term":[{"taxonomy":"category","embeddable":true,"href":"https:\/\/marekkuchcinski.pl\/ro\/wp-json\/wp\/v2\/categories?post=8055"},{"taxonomy":"post_tag","embeddable":true,"href":"https:\/\/marekkuchcinski.pl\/ro\/wp-json\/wp\/v2\/tags?post=8055"}],"curies":[{"name":"wp","href":"https:\/\/api.w.org\/{rel}","templated":true}]}}