{"id":7622,"date":"2017-10-27T13:37:56","date_gmt":"2017-10-27T11:37:56","guid":{"rendered":"https:\/\/marekkuchcinski.pl\/?p=7622"},"modified":"2017-10-31T14:17:01","modified_gmt":"2017-10-31T13:17:01","slug":"spotkanie-komitetu-narodowych-obchodow-100-rocznicy-odzyskania-niepodleglosci","status":"publish","type":"post","link":"https:\/\/marekkuchcinski.pl\/ro\/wydarzenia\/spotkanie-komitetu-narodowych-obchodow-100-rocznicy-odzyskania-niepodleglosci\/","title":{"rendered":"\u0218edin\u021ba Comitetului pentru celebrarea na\u021bional\u0103 a 100 de ani de independen\u021b\u0103"},"content":{"rendered":"<p>Prima \u0219edin\u021b\u0103 de lucru a Comitetului na\u021bional pentru celebrarea celei de-a o sut\u0103 anivers\u0103ri a independen\u021bei Poloniei a avut loc joi, la Palatul Preziden\u021bial.<\/p>\n<p>\u00cen cuv\u00e2ntul s\u0103u de deschidere, pre\u0219edintele Republicii Polone, Andrzej Duda, \u0219i \u00een acela\u0219i timp pre\u0219edinte al Comitetului, a mul\u021bumit celor prezen\u021bi pentru continuarea dezbaterii privind preg\u0103tirile pentru anul centenarului redob\u00e2ndirii independen\u021bei. Pre\u0219edintele a anun\u021bat, de asemenea, c\u0103 componen\u021ba Comitetului va fi extins\u0103 pentru a include reprezentan\u021bi ai cercurilor asociate cu Mar\u0219ul Independen\u021bei \u0219i reprezentan\u021bi ai cluburilor \"Gazeta Polska\" care opereaz\u0103 \u00een \u00eentreaga lume.<\/p>\n<p>Pre\u0219edintele Andrzej Duda a mai anun\u021bat\u00a0<strong><a tabindex=\"132\" href=\"http:\/\/www.prezydent.pl\/aktualnosci\/wydarzenia\/art,760,prezydent-wnioskuje-o-zwolanie-na-5-grudnia-zgromadzenia-narodowego.html\">programat\u0103 s\u0103 aib\u0103 loc la 5 decembrie 2017 la Adunarea Na\u021bional\u0103,<\/a>\u00a0<\/strong>inaugur\u00e2nd dimensiunea statal\u0103 a s\u0103rb\u0103toririi centenarului. \u0218edin\u021ba a fost convocat\u0103 pentru a asculta o alocu\u021biune a Pre\u0219edintelui Republicii Polone cu ocazia anivers\u0103rii a 150 de ani de la na\u0219terea unuia dintre P\u0103rin\u021bii Independen\u021bei - J\u00f3zef Pi\u0142sudski. Mul\u021bumind pre\u0219edin\u021bilor Sejm \u0219i Senatului pentru sprijinul acordat acestei ini\u021biative, pre\u0219edintele a invitat to\u021bi membrii comisiei s\u0103 participe la Adunarea Na\u021bional\u0103.<\/p>\n<p>\u00cen cadrul reuniunii, Comitetul a adoptat \u00een unanimitate Regulamentul de procedur\u0103, care define\u0219te modalit\u0103\u021bile de desf\u0103\u0219urare a activit\u0103\u021bii sale, \u0219i a adoptat, de asemenea, programul de s\u0103rb\u0103tori pentru anul 2017, care include, pe l\u00e2ng\u0103 Adunarea Na\u021bional\u0103 men\u021bionat\u0103 mai sus, printre altele, un concert ceremonial pentru a marca cea de-a 99-a aniversare a redob\u00e2ndirii independen\u021bei de c\u0103tre Republica Polon\u0103, \"Ne vom \u00eentoarce plini de glorie\", la 9 noiembrie 2017, deschiderea expozi\u021biei \"Wyspia\u0144ski\", realizat\u0103 \u00een cadrul Programului multianual \"Niepodleg\u0142a\" pentru perioada 2017-2021 la Muzeul Na\u021bional din Cracovia, la 27 noiembrie 2017, \u0219i un concert ceremonial pentru a marca cea de-a 150-a aniversare a na\u0219terii mare\u0219alului J\u00f3zef Pi\u0142sudski, la 27 decembrie 2017.<\/p>\n<p><em>text: president.pl<\/em><\/p>\n<p><em>Foto: M. Olejnik<\/em><\/p>\n<p><a href=\"https:\/\/marekkuchcinski.pl\/wp-content\/uploads\/2017\/10\/23114821_1690187114370937_845194446_n.jpg\"><img fetchpriority=\"high\" decoding=\"async\" class=\"alignnone wp-image-7623\" src=\"https:\/\/marekkuchcinski.pl\/wp-content\/uploads\/2017\/10\/23114821_1690187114370937_845194446_n.jpg\" alt=\"23114821_1690187114370937_845194446_n\" width=\"857\" height=\"602\" srcset=\"https:\/\/marekkuchcinski.pl\/wp-content\/uploads\/2017\/10\/23114821_1690187114370937_845194446_n.jpg 642w, https:\/\/marekkuchcinski.pl\/wp-content\/uploads\/2017\/10\/23114821_1690187114370937_845194446_n-300x211.jpg 300w\" sizes=\"(max-width: 857px) 100vw, 857px\" \/><\/a> <a href=\"https:\/\/marekkuchcinski.pl\/wp-content\/uploads\/2017\/10\/Niepodleg\u0142a_edited.jpg\"><img decoding=\"async\" class=\"alignnone size-full wp-image-7636\" src=\"https:\/\/marekkuchcinski.pl\/wp-content\/uploads\/2017\/10\/Niepodleg\u0142a_edited.jpg\" alt=\"Niepodleg\u0142a_edited\" width=\"4896\" height=\"2760\" srcset=\"https:\/\/marekkuchcinski.pl\/wp-content\/uploads\/2017\/10\/Niepodleg\u0142a_edited.jpg 2048w, https:\/\/marekkuchcinski.pl\/wp-content\/uploads\/2017\/10\/Niepodleg\u0142a_edited-300x169.jpg 300w, https:\/\/marekkuchcinski.pl\/wp-content\/uploads\/2017\/10\/Niepodleg\u0142a_edited-768x433.jpg 768w, https:\/\/marekkuchcinski.pl\/wp-content\/uploads\/2017\/10\/Niepodleg\u0142a_edited-1024x577.jpg 1024w\" sizes=\"(max-width: 4896px) 100vw, 4896px\" \/><\/a> <a href=\"https:\/\/marekkuchcinski.pl\/wp-content\/uploads\/2017\/10\/DSCF7048.jpg\"><img decoding=\"async\" class=\"alignnone size-full wp-image-7626\" src=\"https:\/\/marekkuchcinski.pl\/wp-content\/uploads\/2017\/10\/DSCF7048.jpg\" alt=\"DSCF7048\" width=\"4896\" height=\"2760\" srcset=\"https:\/\/marekkuchcinski.pl\/wp-content\/uploads\/2017\/10\/DSCF7048.jpg 2048w, https:\/\/marekkuchcinski.pl\/wp-content\/uploads\/2017\/10\/DSCF7048-300x169.jpg 300w, https:\/\/marekkuchcinski.pl\/wp-content\/uploads\/2017\/10\/DSCF7048-768x433.jpg 768w, https:\/\/marekkuchcinski.pl\/wp-content\/uploads\/2017\/10\/DSCF7048-1024x577.jpg 1024w\" sizes=\"(max-width: 4896px) 100vw, 4896px\" \/><\/a> <a href=\"https:\/\/marekkuchcinski.pl\/wp-content\/uploads\/2017\/10\/DSCF7036.jpg\"><img loading=\"lazy\" decoding=\"async\" class=\"alignnone size-full wp-image-7627\" src=\"https:\/\/marekkuchcinski.pl\/wp-content\/uploads\/2017\/10\/DSCF7036.jpg\" alt=\"DSCF7036\" width=\"4896\" height=\"2760\" srcset=\"https:\/\/marekkuchcinski.pl\/wp-content\/uploads\/2017\/10\/DSCF7036.jpg 2048w, https:\/\/marekkuchcinski.pl\/wp-content\/uploads\/2017\/10\/DSCF7036-300x169.jpg 300w, https:\/\/marekkuchcinski.pl\/wp-content\/uploads\/2017\/10\/DSCF7036-768x433.jpg 768w, https:\/\/marekkuchcinski.pl\/wp-content\/uploads\/2017\/10\/DSCF7036-1024x577.jpg 1024w\" sizes=\"(max-width: 4896px) 100vw, 4896px\" \/><\/a> <a href=\"https:\/\/marekkuchcinski.pl\/wp-content\/uploads\/2017\/10\/DSCF7033.jpg\"><img loading=\"lazy\" decoding=\"async\" class=\"alignnone size-full wp-image-7628\" src=\"https:\/\/marekkuchcinski.pl\/wp-content\/uploads\/2017\/10\/DSCF7033.jpg\" alt=\"DSCF7033\" width=\"4896\" height=\"2760\" srcset=\"https:\/\/marekkuchcinski.pl\/wp-content\/uploads\/2017\/10\/DSCF7033.jpg 2048w, https:\/\/marekkuchcinski.pl\/wp-content\/uploads\/2017\/10\/DSCF7033-300x169.jpg 300w, https:\/\/marekkuchcinski.pl\/wp-content\/uploads\/2017\/10\/DSCF7033-768x433.jpg 768w, https:\/\/marekkuchcinski.pl\/wp-content\/uploads\/2017\/10\/DSCF7033-1024x577.jpg 1024w\" sizes=\"(max-width: 4896px) 100vw, 4896px\" \/><\/a> <a href=\"https:\/\/marekkuchcinski.pl\/wp-content\/uploads\/2017\/10\/DSCF7007.jpg\"><img loading=\"lazy\" decoding=\"async\" class=\"alignnone size-full wp-image-7630\" src=\"https:\/\/marekkuchcinski.pl\/wp-content\/uploads\/2017\/10\/DSCF7007.jpg\" alt=\"DSCF7007\" width=\"4896\" height=\"2760\" srcset=\"https:\/\/marekkuchcinski.pl\/wp-content\/uploads\/2017\/10\/DSCF7007.jpg 2048w, https:\/\/marekkuchcinski.pl\/wp-content\/uploads\/2017\/10\/DSCF7007-300x169.jpg 300w, https:\/\/marekkuchcinski.pl\/wp-content\/uploads\/2017\/10\/DSCF7007-768x433.jpg 768w, https:\/\/marekkuchcinski.pl\/wp-content\/uploads\/2017\/10\/DSCF7007-1024x577.jpg 1024w\" sizes=\"(max-width: 4896px) 100vw, 4896px\" \/><\/a> <a href=\"https:\/\/marekkuchcinski.pl\/wp-content\/uploads\/2017\/10\/DSCF6999.jpg\"><img loading=\"lazy\" decoding=\"async\" class=\"alignnone size-full wp-image-7632\" src=\"https:\/\/marekkuchcinski.pl\/wp-content\/uploads\/2017\/10\/DSCF6999.jpg\" alt=\"DSCF6999\" width=\"4896\" height=\"2760\" srcset=\"https:\/\/marekkuchcinski.pl\/wp-content\/uploads\/2017\/10\/DSCF6999.jpg 2048w, https:\/\/marekkuchcinski.pl\/wp-content\/uploads\/2017\/10\/DSCF6999-300x169.jpg 300w, https:\/\/marekkuchcinski.pl\/wp-content\/uploads\/2017\/10\/DSCF6999-768x433.jpg 768w, https:\/\/marekkuchcinski.pl\/wp-content\/uploads\/2017\/10\/DSCF6999-1024x577.jpg 1024w\" sizes=\"(max-width: 4896px) 100vw, 4896px\" \/><\/a><\/p>","protected":false},"excerpt":{"rendered":"<p>Pierwsze robocze posiedzenie Komitetu Narodowych Obchod\u00f3w Setnej Rocznicy Odzyskania Niepodleg\u0142o\u015bci Rzeczypospolitej Polskiej odby\u0142o si\u0119 w czwartek w Pa\u0142acu Prezydenckim. Prezydent Rzeczypospolitej Polskiej Andrzej Duda, a jednocze\u015bnie Przewodnicz\u0105cy Komitetu, w wyst\u0105pieniu otwieraj\u0105cym, podzi\u0119kowa\u0142 zebranym za kontynuowanie debaty, dotycz\u0105cej przygotowa\u0144 do roku stulecia odzyskania niepodleg\u0142o\u015bci. Prezydent zapowiedzia\u0142 tak\u017ce, \u017ce sk\u0142ad Komitetu zostanie poszerzony o przedstawicieli \u015brodowisk zwi\u0105zanych [&hellip;]<\/p>\n","protected":false},"author":6,"featured_media":7623,"comment_status":"open","ping_status":"open","sticky":false,"template":"","format":"standard","meta":{"ngg_post_thumbnail":0,"footnotes":""},"categories":[77,3],"tags":[],"class_list":["post-7622","post","type-post","status-publish","format-standard","has-post-thumbnail","hentry","category-wazne-daty","category-wydarzenia"],"_links":{"self":[{"href":"https:\/\/marekkuchcinski.pl\/ro\/wp-json\/wp\/v2\/posts\/7622","targetHints":{"allow":["GET"]}}],"collection":[{"href":"https:\/\/marekkuchcinski.pl\/ro\/wp-json\/wp\/v2\/posts"}],"about":[{"href":"https:\/\/marekkuchcinski.pl\/ro\/wp-json\/wp\/v2\/types\/post"}],"author":[{"embeddable":true,"href":"https:\/\/marekkuchcinski.pl\/ro\/wp-json\/wp\/v2\/users\/6"}],"replies":[{"embeddable":true,"href":"https:\/\/marekkuchcinski.pl\/ro\/wp-json\/wp\/v2\/comments?post=7622"}],"version-history":[{"count":2,"href":"https:\/\/marekkuchcinski.pl\/ro\/wp-json\/wp\/v2\/posts\/7622\/revisions"}],"predecessor-version":[{"id":7637,"href":"https:\/\/marekkuchcinski.pl\/ro\/wp-json\/wp\/v2\/posts\/7622\/revisions\/7637"}],"wp:featuredmedia":[{"embeddable":true,"href":"https:\/\/marekkuchcinski.pl\/ro\/wp-json\/wp\/v2\/media\/7623"}],"wp:attachment":[{"href":"https:\/\/marekkuchcinski.pl\/ro\/wp-json\/wp\/v2\/media?parent=7622"}],"wp:term":[{"taxonomy":"category","embeddable":true,"href":"https:\/\/marekkuchcinski.pl\/ro\/wp-json\/wp\/v2\/categories?post=7622"},{"taxonomy":"post_tag","embeddable":true,"href":"https:\/\/marekkuchcinski.pl\/ro\/wp-json\/wp\/v2\/tags?post=7622"}],"curies":[{"name":"wp","href":"https:\/\/api.w.org\/{rel}","templated":true}]}}