{"id":7484,"date":"2017-10-14T11:03:09","date_gmt":"2017-10-14T09:03:09","guid":{"rendered":"https:\/\/marekkuchcinski.pl\/?p=7484"},"modified":"2017-10-14T11:03:09","modified_gmt":"2017-10-14T09:03:09","slug":"zyczenia-okazji-edukacji-narodowej","status":"publish","type":"post","link":"https:\/\/marekkuchcinski.pl\/ro\/wydarzenia\/zyczenia-okazji-edukacji-narodowej\/","title":{"rendered":"Salut\u0103ri cu ocazia Zilei Na\u021bionale a Educa\u021biei"},"content":{"rendered":"<p style=\"text-align: center;\"><em>Cu prilejul Zilei Na\u021bionale a Educa\u021biei, to\u021bi profesorii \u0219i elevii\u00a0<\/em><br \/>\n<em>\u0219i elevilor, v\u0103 doresc ca rela\u021biile voastre s\u0103 fie pline de respect \u0219i \u00een\u021belegere reciproc\u0103, iar \u0219colile s\u0103 fie asociate cu un loc de energie pozitiv\u0103, care s\u0103 v\u0103 ofere bucurie \u0219i satisfac\u021bie \u00een cunoa\u0219terea \u0219i dezvoltarea voastr\u0103. Fie ca ceasul t\u0103u de\u0219tept\u0103tor de diminea\u021b\u0103 s\u0103 simbolizeze \u00eenceputul unui nou capitol al unei c\u0103r\u021bi care te atrage, te face memorabil, te distreaz\u0103, te \u00eenva\u021b\u0103 \u0219i \u00ee\u021bi treze\u0219te apetitul pentru mai mult, pentru continuarea cunoa\u0219terii. Continu\u0103m s\u0103 scriem cartea, ad\u0103ug\u0103m noi pagini, ne extindem orizonturile - asta \u00eenseamn\u0103 progresul. Iar pentru aceast\u0103 descoperire a mai multor capitole, le mul\u021bumesc din suflet celor care predau \u0219i sunt preda\u021bi.<\/em><\/p>\n<p><em>Marek Kuchci\u0144ski<\/em><\/p>","protected":false},"excerpt":{"rendered":"<p>Z okazji Dnia Edukacji Narodowej wszystkim nauczycielkom i nauczycielom oraz uczniom\u00a0 i uczennicom \u017cycz\u0119, by Wasze relacje by\u0142y pe\u0142ne wzajemnego szacunku i zrozumienia, szko\u0142y kojarzy\u0142y si\u0119 z miejscem pozytywnej energii, daj\u0105cym rado\u015b\u0107\u00a0i satysfakcj\u0119 ze zdobywanej wiedzy i rozwoju. Niech poranny budzik b\u0119dzie symbolem pocz\u0105tku nowego rozdzia\u0142u ksi\u0105\u017cki, kt\u00f3ra wci\u0105ga, zapada w pami\u0119\u0107, bawi, uczy i [&hellip;]<\/p>\n","protected":false},"author":6,"featured_media":7485,"comment_status":"open","ping_status":"open","sticky":false,"template":"","format":"standard","meta":{"ngg_post_thumbnail":0,"footnotes":""},"categories":[3],"tags":[],"class_list":["post-7484","post","type-post","status-publish","format-standard","has-post-thumbnail","hentry","category-wydarzenia"],"_links":{"self":[{"href":"https:\/\/marekkuchcinski.pl\/ro\/wp-json\/wp\/v2\/posts\/7484","targetHints":{"allow":["GET"]}}],"collection":[{"href":"https:\/\/marekkuchcinski.pl\/ro\/wp-json\/wp\/v2\/posts"}],"about":[{"href":"https:\/\/marekkuchcinski.pl\/ro\/wp-json\/wp\/v2\/types\/post"}],"author":[{"embeddable":true,"href":"https:\/\/marekkuchcinski.pl\/ro\/wp-json\/wp\/v2\/users\/6"}],"replies":[{"embeddable":true,"href":"https:\/\/marekkuchcinski.pl\/ro\/wp-json\/wp\/v2\/comments?post=7484"}],"version-history":[{"count":1,"href":"https:\/\/marekkuchcinski.pl\/ro\/wp-json\/wp\/v2\/posts\/7484\/revisions"}],"predecessor-version":[{"id":7486,"href":"https:\/\/marekkuchcinski.pl\/ro\/wp-json\/wp\/v2\/posts\/7484\/revisions\/7486"}],"wp:featuredmedia":[{"embeddable":true,"href":"https:\/\/marekkuchcinski.pl\/ro\/wp-json\/wp\/v2\/media\/7485"}],"wp:attachment":[{"href":"https:\/\/marekkuchcinski.pl\/ro\/wp-json\/wp\/v2\/media?parent=7484"}],"wp:term":[{"taxonomy":"category","embeddable":true,"href":"https:\/\/marekkuchcinski.pl\/ro\/wp-json\/wp\/v2\/categories?post=7484"},{"taxonomy":"post_tag","embeddable":true,"href":"https:\/\/marekkuchcinski.pl\/ro\/wp-json\/wp\/v2\/tags?post=7484"}],"curies":[{"name":"wp","href":"https:\/\/api.w.org\/{rel}","templated":true}]}}