{"id":7407,"date":"2017-09-28T13:48:19","date_gmt":"2017-09-28T11:48:19","guid":{"rendered":"https:\/\/marekkuchcinski.pl\/?p=7407"},"modified":"2017-09-28T13:48:19","modified_gmt":"2017-09-28T11:48:19","slug":"przemysl-naftowy-podkarpaciu-fotografii-sztuce-xix-xx-wieku","status":"publish","type":"post","link":"https:\/\/marekkuchcinski.pl\/ro\/bez-kategorii\/lms\/przemysl-naftowy-podkarpaciu-fotografii-sztuce-xix-xx-wieku\/","title":{"rendered":"\"Industria petrolier\u0103 din regiunea Podkarpacie \u00een fotografia \u0219i arta din secolele XIX \u0219i XX\""},"content":{"rendered":"<p><em>V\u0103 mul\u021bumim pentru invita\u021bia la vernisajul expozi\u021biei \"Industria petrolier\u0103 din regiunea Podkarpacie \u00een fotografia \u0219i arta secolelor XIX \u0219i XX\". \u00a0<\/em><\/p>\n<p><em>Sunt convins c\u0103 prezentarea lucr\u0103rilor artistice \u0219i a fotografiilor din secolele trecute va fi de mare interes pentru un public larg, deoarece nu avem prea des ocazia de a admira amintiri unice ale industriei petroliere din regiunea Podkarpacie. Sunt convins c\u0103 expozi\u021bia va fi un fel de c\u0103l\u0103torie \u00een trecut, \u00een lumea trecut\u0103 a culturii materiale \u0219i a revolu\u021biei industriale. Iar pentru pasiona\u021bii de fotografie, va fi o lec\u021bie de istorie extraordinar\u0103.<\/em><\/p>\n<p><em>Neav\u00e2nd posibilitatea de a v\u0103 mul\u021bumi personal, a\u0219 dori s\u0103 \u00eemi exprim aprecierea fa\u021b\u0103 de to\u021bi cei implica\u021bi \u00een preg\u0103tirea expozi\u021biei. A\u0219 dori s\u0103 v\u0103 mul\u021bumesc pentru c\u0103 a\u021bi adunat vechi amintiri \u00een Muzeul Podkarpackie, deoarece prezentarea larg\u0103 este de mare valoare nu numai din punct de vedere educa\u021bional, ci \u0219i istoric. <\/em><\/p>\n<p><em>\u00a0V\u0103 doresc o atmosfer\u0103 minunat\u0103 la deschidere, iar tuturor vizitatorilor o experien\u021b\u0103 pl\u0103cut\u0103. <\/em><\/p>\n<p><em>V\u0103 salut sincer \u0219i v\u0103 transmit cele mai bune g\u00e2nduri. <\/em><\/p>","protected":false},"excerpt":{"rendered":"<p>Serdecznie dzi\u0119kuj\u0119 za zaproszenie na otwarcie wystawy \u201ePrzemys\u0142 naftowy na Podkarpaciu w fotografii i sztuce XIX i XX wieku\u201d. \u00a0 Przekonany jestem, \u017ce prezentacja dzie\u0142 artystycznych oraz zdj\u0119\u0107 z ubieg\u0142ych stuleci\u00a0 cieszy\u0107 si\u0119 b\u0119dzie du\u017cym zainteresowaniem szerokiego kr\u0119gu odbiorc\u00f3w, jako \u017ce nie mamy okazji cz\u0119sto podziwia\u0107 unikatowych pami\u0105tek dotycz\u0105cych przemys\u0142u naftowego na Podkarpaciu. Przekonany jestem, [&hellip;]<\/p>","protected":false},"author":6,"featured_media":7408,"comment_status":"open","ping_status":"open","sticky":false,"template":"","format":"standard","meta":{"ngg_post_thumbnail":0,"footnotes":""},"categories":[104],"tags":[],"class_list":["post-7407","post","type-post","status-publish","format-standard","has-post-thumbnail","hentry","category-lms"],"yoast_head":"<!-- This site is optimized with the Yoast SEO plugin v24.7 - https:\/\/yoast.com\/wordpress\/plugins\/seo\/ -->\n<title>\u201ePrzemys\u0142 naftowy na Podkarpaciu w fotografii i sztuce XIX i XX wieku\u201d &#8211; Marek Kuchci\u0144ski<\/title>\n<meta name=\"robots\" content=\"index, follow, max-snippet:-1, max-image-preview:large, max-video-preview:-1\" \/>\n<link rel=\"canonical\" href=\"https:\/\/marekkuchcinski.pl\/ro\/bez-kategorii\/lms\/przemysl-naftowy-podkarpaciu-fotografii-sztuce-xix-xx-wieku\/\" \/>\n<meta property=\"og:locale\" content=\"ro_RO\" \/>\n<meta property=\"og:type\" content=\"article\" \/>\n<meta property=\"og:title\" content=\"\u201ePrzemys\u0142 naftowy na Podkarpaciu w fotografii i sztuce XIX i XX wieku\u201d &#8211; Marek Kuchci\u0144ski\" \/>\n<meta property=\"og:description\" content=\"Serdecznie dzi\u0119kuj\u0119 za zaproszenie na otwarcie wystawy \u201ePrzemys\u0142 naftowy na Podkarpaciu w fotografii i sztuce XIX i XX wieku\u201d. \u00a0 Przekonany jestem, \u017ce prezentacja dzie\u0142 artystycznych oraz zdj\u0119\u0107 z ubieg\u0142ych stuleci\u00a0 cieszy\u0107 si\u0119 b\u0119dzie du\u017cym zainteresowaniem szerokiego kr\u0119gu odbiorc\u00f3w, jako \u017ce nie mamy okazji cz\u0119sto podziwia\u0107 unikatowych pami\u0105tek dotycz\u0105cych przemys\u0142u naftowego na Podkarpaciu. Przekonany jestem, [&hellip;]\" \/>\n<meta property=\"og:url\" content=\"https:\/\/marekkuchcinski.pl\/ro\/bez-kategorii\/lms\/przemysl-naftowy-podkarpaciu-fotografii-sztuce-xix-xx-wieku\/\" \/>\n<meta property=\"og:site_name\" content=\"Marek Kuchci\u0144ski\" \/>\n<meta property=\"article:published_time\" content=\"2017-09-28T11:48:19+00:00\" \/>\n<meta property=\"og:image\" content=\"https:\/\/marekkuchcinski.pl\/wp-content\/uploads\/2017\/09\/przemys\u0142-naftowy.jpg\" \/>\n\t<meta property=\"og:image:width\" content=\"650\" \/>\n\t<meta property=\"og:image:height\" content=\"214\" \/>\n\t<meta property=\"og:image:type\" content=\"image\/jpeg\" \/>\n<meta name=\"author\" content=\"admin\" \/>\n<meta name=\"twitter:card\" content=\"summary_large_image\" \/>\n<meta name=\"twitter:label1\" content=\"Scris de\" \/>\n\t<meta name=\"twitter:data1\" content=\"admin\" \/>\n\t<meta name=\"twitter:label2\" content=\"Timp estimat pentru citire\" \/>\n\t<meta name=\"twitter:data2\" content=\"1 minute\" \/>\n<script type=\"application\/ld+json\" class=\"yoast-schema-graph\">{\"@context\":\"https:\/\/schema.org\",\"@graph\":[{\"@type\":\"Article\",\"@id\":\"https:\/\/marekkuchcinski.pl\/ro\/bez-kategorii\/lms\/przemysl-naftowy-podkarpaciu-fotografii-sztuce-xix-xx-wieku\/#article\",\"isPartOf\":{\"@id\":\"https:\/\/marekkuchcinski.pl\/ro\/bez-kategorii\/lms\/przemysl-naftowy-podkarpaciu-fotografii-sztuce-xix-xx-wieku\/\"},\"author\":{\"name\":\"admin\",\"@id\":\"https:\/\/marekkuchcinski.pl\/#\/schema\/person\/6f62700996b4d950b6ea2d1183b6c6be\"},\"headline\":\"\u201ePrzemys\u0142 naftowy na Podkarpaciu w fotografii i sztuce XIX i XX wieku\u201d\",\"datePublished\":\"2017-09-28T11:48:19+00:00\",\"mainEntityOfPage\":{\"@id\":\"https:\/\/marekkuchcinski.pl\/ro\/bez-kategorii\/lms\/przemysl-naftowy-podkarpaciu-fotografii-sztuce-xix-xx-wieku\/\"},\"wordCount\":173,\"commentCount\":0,\"publisher\":{\"@id\":\"https:\/\/marekkuchcinski.pl\/#organization\"},\"image\":{\"@id\":\"https:\/\/marekkuchcinski.pl\/ro\/bez-kategorii\/lms\/przemysl-naftowy-podkarpaciu-fotografii-sztuce-xix-xx-wieku\/#primaryimage\"},\"thumbnailUrl\":\"https:\/\/marekkuchcinski.pl\/wp-content\/uploads\/2017\/09\/przemys\u0142-naftowy.jpg\",\"articleSection\":[\"Listy Marsza\u0142ka Sejmu\"],\"inLanguage\":\"ro-RO\",\"potentialAction\":[{\"@type\":\"CommentAction\",\"name\":\"Comment\",\"target\":[\"https:\/\/marekkuchcinski.pl\/ro\/bez-kategorii\/lms\/przemysl-naftowy-podkarpaciu-fotografii-sztuce-xix-xx-wieku\/#respond\"]}]},{\"@type\":\"WebPage\",\"@id\":\"https:\/\/marekkuchcinski.pl\/ro\/bez-kategorii\/lms\/przemysl-naftowy-podkarpaciu-fotografii-sztuce-xix-xx-wieku\/\",\"url\":\"https:\/\/marekkuchcinski.pl\/ro\/bez-kategorii\/lms\/przemysl-naftowy-podkarpaciu-fotografii-sztuce-xix-xx-wieku\/\",\"name\":\"\u201ePrzemys\u0142 naftowy na Podkarpaciu w fotografii i sztuce XIX i XX wieku\u201d &#8211; Marek Kuchci\u0144ski\",\"isPartOf\":{\"@id\":\"https:\/\/marekkuchcinski.pl\/#website\"},\"primaryImageOfPage\":{\"@id\":\"https:\/\/marekkuchcinski.pl\/ro\/bez-kategorii\/lms\/przemysl-naftowy-podkarpaciu-fotografii-sztuce-xix-xx-wieku\/#primaryimage\"},\"image\":{\"@id\":\"https:\/\/marekkuchcinski.pl\/ro\/bez-kategorii\/lms\/przemysl-naftowy-podkarpaciu-fotografii-sztuce-xix-xx-wieku\/#primaryimage\"},\"thumbnailUrl\":\"https:\/\/marekkuchcinski.pl\/wp-content\/uploads\/2017\/09\/przemys\u0142-naftowy.jpg\",\"datePublished\":\"2017-09-28T11:48:19+00:00\",\"breadcrumb\":{\"@id\":\"https:\/\/marekkuchcinski.pl\/ro\/bez-kategorii\/lms\/przemysl-naftowy-podkarpaciu-fotografii-sztuce-xix-xx-wieku\/#breadcrumb\"},\"inLanguage\":\"ro-RO\",\"potentialAction\":[{\"@type\":\"ReadAction\",\"target\":[\"https:\/\/marekkuchcinski.pl\/ro\/bez-kategorii\/lms\/przemysl-naftowy-podkarpaciu-fotografii-sztuce-xix-xx-wieku\/\"]}]},{\"@type\":\"ImageObject\",\"inLanguage\":\"ro-RO\",\"@id\":\"https:\/\/marekkuchcinski.pl\/ro\/bez-kategorii\/lms\/przemysl-naftowy-podkarpaciu-fotografii-sztuce-xix-xx-wieku\/#primaryimage\",\"url\":\"https:\/\/marekkuchcinski.pl\/wp-content\/uploads\/2017\/09\/przemys\u0142-naftowy.jpg\",\"contentUrl\":\"https:\/\/marekkuchcinski.pl\/wp-content\/uploads\/2017\/09\/przemys\u0142-naftowy.jpg\",\"width\":650,\"height\":214},{\"@type\":\"BreadcrumbList\",\"@id\":\"https:\/\/marekkuchcinski.pl\/ro\/bez-kategorii\/lms\/przemysl-naftowy-podkarpaciu-fotografii-sztuce-xix-xx-wieku\/#breadcrumb\",\"itemListElement\":[{\"@type\":\"ListItem\",\"position\":1,\"name\":\"Strona g\u0142\u00f3wna\",\"item\":\"https:\/\/marekkuchcinski.pl\/\"},{\"@type\":\"ListItem\",\"position\":2,\"name\":\"\u201ePrzemys\u0142 naftowy na Podkarpaciu w fotografii i sztuce XIX i XX wieku\u201d\"}]},{\"@type\":\"WebSite\",\"@id\":\"https:\/\/marekkuchcinski.pl\/#website\",\"url\":\"https:\/\/marekkuchcinski.pl\/\",\"name\":\"Marek Kuchci\u0144ski\",\"description\":\"Pose\u0142 na sejm RP &ndash; okr\u0119g nr 22\",\"publisher\":{\"@id\":\"https:\/\/marekkuchcinski.pl\/#organization\"},\"potentialAction\":[{\"@type\":\"SearchAction\",\"target\":{\"@type\":\"EntryPoint\",\"urlTemplate\":\"https:\/\/marekkuchcinski.pl\/?s={search_term_string}\"},\"query-input\":{\"@type\":\"PropertyValueSpecification\",\"valueRequired\":true,\"valueName\":\"search_term_string\"}}],\"inLanguage\":\"ro-RO\"},{\"@type\":\"Organization\",\"@id\":\"https:\/\/marekkuchcinski.pl\/#organization\",\"name\":\"Marek Kuchci\u0144ski\",\"url\":\"https:\/\/marekkuchcinski.pl\/\",\"logo\":{\"@type\":\"ImageObject\",\"inLanguage\":\"ro-RO\",\"@id\":\"https:\/\/marekkuchcinski.pl\/#\/schema\/logo\/image\/\",\"url\":\"https:\/\/marekkuchcinski.pl\/wp-content\/uploads\/2022\/09\/Marek.jpg\",\"contentUrl\":\"https:\/\/marekkuchcinski.pl\/wp-content\/uploads\/2022\/09\/Marek.jpg\",\"width\":1600,\"height\":971,\"caption\":\"Marek Kuchci\u0144ski\"},\"image\":{\"@id\":\"https:\/\/marekkuchcinski.pl\/#\/schema\/logo\/image\/\"}},{\"@type\":\"Person\",\"@id\":\"https:\/\/marekkuchcinski.pl\/#\/schema\/person\/6f62700996b4d950b6ea2d1183b6c6be\",\"name\":\"admin\",\"image\":{\"@type\":\"ImageObject\",\"inLanguage\":\"ro-RO\",\"@id\":\"https:\/\/marekkuchcinski.pl\/#\/schema\/person\/image\/\",\"url\":\"https:\/\/secure.gravatar.com\/avatar\/4bab693b9d55c3d6b52c0296a8765085?s=96&d=mm&r=g\",\"contentUrl\":\"https:\/\/secure.gravatar.com\/avatar\/4bab693b9d55c3d6b52c0296a8765085?s=96&d=mm&r=g\",\"caption\":\"admin\"},\"url\":\"https:\/\/marekkuchcinski.pl\/ro\/author\/marta-olejnik\/\"}]}<\/script>\n<!-- \/ Yoast SEO plugin. -->","yoast_head_json":{"title":"\u201ePrzemys\u0142 naftowy na Podkarpaciu w fotografii i sztuce XIX i XX wieku\u201d &#8211; Marek Kuchci\u0144ski","robots":{"index":"index","follow":"follow","max-snippet":"max-snippet:-1","max-image-preview":"max-image-preview:large","max-video-preview":"max-video-preview:-1"},"canonical":"https:\/\/marekkuchcinski.pl\/ro\/bez-kategorii\/lms\/przemysl-naftowy-podkarpaciu-fotografii-sztuce-xix-xx-wieku\/","og_locale":"ro_RO","og_type":"article","og_title":"\u201ePrzemys\u0142 naftowy na Podkarpaciu w fotografii i sztuce XIX i XX wieku\u201d &#8211; Marek Kuchci\u0144ski","og_description":"Serdecznie dzi\u0119kuj\u0119 za zaproszenie na otwarcie wystawy \u201ePrzemys\u0142 naftowy na Podkarpaciu w fotografii i sztuce XIX i XX wieku\u201d. \u00a0 Przekonany jestem, \u017ce prezentacja dzie\u0142 artystycznych oraz zdj\u0119\u0107 z ubieg\u0142ych stuleci\u00a0 cieszy\u0107 si\u0119 b\u0119dzie du\u017cym zainteresowaniem szerokiego kr\u0119gu odbiorc\u00f3w, jako \u017ce nie mamy okazji cz\u0119sto podziwia\u0107 unikatowych pami\u0105tek dotycz\u0105cych przemys\u0142u naftowego na Podkarpaciu. Przekonany jestem, [&hellip;]","og_url":"https:\/\/marekkuchcinski.pl\/ro\/bez-kategorii\/lms\/przemysl-naftowy-podkarpaciu-fotografii-sztuce-xix-xx-wieku\/","og_site_name":"Marek Kuchci\u0144ski","article_published_time":"2017-09-28T11:48:19+00:00","og_image":[{"width":650,"height":214,"url":"https:\/\/marekkuchcinski.pl\/wp-content\/uploads\/2017\/09\/przemys\u0142-naftowy.jpg","type":"image\/jpeg"}],"author":"admin","twitter_card":"summary_large_image","twitter_misc":{"Scris de":"admin","Timp estimat pentru citire":"1 minute"},"schema":{"@context":"https:\/\/schema.org","@graph":[{"@type":"Article","@id":"https:\/\/marekkuchcinski.pl\/ro\/bez-kategorii\/lms\/przemysl-naftowy-podkarpaciu-fotografii-sztuce-xix-xx-wieku\/#article","isPartOf":{"@id":"https:\/\/marekkuchcinski.pl\/ro\/bez-kategorii\/lms\/przemysl-naftowy-podkarpaciu-fotografii-sztuce-xix-xx-wieku\/"},"author":{"name":"admin","@id":"https:\/\/marekkuchcinski.pl\/#\/schema\/person\/6f62700996b4d950b6ea2d1183b6c6be"},"headline":"\u201ePrzemys\u0142 naftowy na Podkarpaciu w fotografii i sztuce XIX i XX wieku\u201d","datePublished":"2017-09-28T11:48:19+00:00","mainEntityOfPage":{"@id":"https:\/\/marekkuchcinski.pl\/ro\/bez-kategorii\/lms\/przemysl-naftowy-podkarpaciu-fotografii-sztuce-xix-xx-wieku\/"},"wordCount":173,"commentCount":0,"publisher":{"@id":"https:\/\/marekkuchcinski.pl\/#organization"},"image":{"@id":"https:\/\/marekkuchcinski.pl\/ro\/bez-kategorii\/lms\/przemysl-naftowy-podkarpaciu-fotografii-sztuce-xix-xx-wieku\/#primaryimage"},"thumbnailUrl":"https:\/\/marekkuchcinski.pl\/wp-content\/uploads\/2017\/09\/przemys\u0142-naftowy.jpg","articleSection":["Listy Marsza\u0142ka Sejmu"],"inLanguage":"ro-RO","potentialAction":[{"@type":"CommentAction","name":"Comment","target":["https:\/\/marekkuchcinski.pl\/ro\/bez-kategorii\/lms\/przemysl-naftowy-podkarpaciu-fotografii-sztuce-xix-xx-wieku\/#respond"]}]},{"@type":"WebPage","@id":"https:\/\/marekkuchcinski.pl\/ro\/bez-kategorii\/lms\/przemysl-naftowy-podkarpaciu-fotografii-sztuce-xix-xx-wieku\/","url":"https:\/\/marekkuchcinski.pl\/ro\/bez-kategorii\/lms\/przemysl-naftowy-podkarpaciu-fotografii-sztuce-xix-xx-wieku\/","name":"\u201ePrzemys\u0142 naftowy na Podkarpaciu w fotografii i sztuce XIX i XX wieku\u201d &#8211; Marek Kuchci\u0144ski","isPartOf":{"@id":"https:\/\/marekkuchcinski.pl\/#website"},"primaryImageOfPage":{"@id":"https:\/\/marekkuchcinski.pl\/ro\/bez-kategorii\/lms\/przemysl-naftowy-podkarpaciu-fotografii-sztuce-xix-xx-wieku\/#primaryimage"},"image":{"@id":"https:\/\/marekkuchcinski.pl\/ro\/bez-kategorii\/lms\/przemysl-naftowy-podkarpaciu-fotografii-sztuce-xix-xx-wieku\/#primaryimage"},"thumbnailUrl":"https:\/\/marekkuchcinski.pl\/wp-content\/uploads\/2017\/09\/przemys\u0142-naftowy.jpg","datePublished":"2017-09-28T11:48:19+00:00","breadcrumb":{"@id":"https:\/\/marekkuchcinski.pl\/ro\/bez-kategorii\/lms\/przemysl-naftowy-podkarpaciu-fotografii-sztuce-xix-xx-wieku\/#breadcrumb"},"inLanguage":"ro-RO","potentialAction":[{"@type":"ReadAction","target":["https:\/\/marekkuchcinski.pl\/ro\/bez-kategorii\/lms\/przemysl-naftowy-podkarpaciu-fotografii-sztuce-xix-xx-wieku\/"]}]},{"@type":"ImageObject","inLanguage":"ro-RO","@id":"https:\/\/marekkuchcinski.pl\/ro\/bez-kategorii\/lms\/przemysl-naftowy-podkarpaciu-fotografii-sztuce-xix-xx-wieku\/#primaryimage","url":"https:\/\/marekkuchcinski.pl\/wp-content\/uploads\/2017\/09\/przemys\u0142-naftowy.jpg","contentUrl":"https:\/\/marekkuchcinski.pl\/wp-content\/uploads\/2017\/09\/przemys\u0142-naftowy.jpg","width":650,"height":214},{"@type":"BreadcrumbList","@id":"https:\/\/marekkuchcinski.pl\/ro\/bez-kategorii\/lms\/przemysl-naftowy-podkarpaciu-fotografii-sztuce-xix-xx-wieku\/#breadcrumb","itemListElement":[{"@type":"ListItem","position":1,"name":"Strona g\u0142\u00f3wna","item":"https:\/\/marekkuchcinski.pl\/"},{"@type":"ListItem","position":2,"name":"\u201ePrzemys\u0142 naftowy na Podkarpaciu w fotografii i sztuce XIX i XX wieku\u201d"}]},{"@type":"WebSite","@id":"https:\/\/marekkuchcinski.pl\/#website","url":"https:\/\/marekkuchcinski.pl\/","name":"Marek Kuchci\u0144ski","description":"Pose\u0142 na sejm RP &ndash; okr\u0119g nr 22","publisher":{"@id":"https:\/\/marekkuchcinski.pl\/#organization"},"potentialAction":[{"@type":"SearchAction","target":{"@type":"EntryPoint","urlTemplate":"https:\/\/marekkuchcinski.pl\/?s={search_term_string}"},"query-input":{"@type":"PropertyValueSpecification","valueRequired":true,"valueName":"search_term_string"}}],"inLanguage":"ro-RO"},{"@type":"Organization","@id":"https:\/\/marekkuchcinski.pl\/#organization","name":"Marek Kuchci\u0144ski","url":"https:\/\/marekkuchcinski.pl\/","logo":{"@type":"ImageObject","inLanguage":"ro-RO","@id":"https:\/\/marekkuchcinski.pl\/#\/schema\/logo\/image\/","url":"https:\/\/marekkuchcinski.pl\/wp-content\/uploads\/2022\/09\/Marek.jpg","contentUrl":"https:\/\/marekkuchcinski.pl\/wp-content\/uploads\/2022\/09\/Marek.jpg","width":1600,"height":971,"caption":"Marek Kuchci\u0144ski"},"image":{"@id":"https:\/\/marekkuchcinski.pl\/#\/schema\/logo\/image\/"}},{"@type":"Person","@id":"https:\/\/marekkuchcinski.pl\/#\/schema\/person\/6f62700996b4d950b6ea2d1183b6c6be","name":"admin","image":{"@type":"ImageObject","inLanguage":"ro-RO","@id":"https:\/\/marekkuchcinski.pl\/#\/schema\/person\/image\/","url":"https:\/\/secure.gravatar.com\/avatar\/4bab693b9d55c3d6b52c0296a8765085?s=96&d=mm&r=g","contentUrl":"https:\/\/secure.gravatar.com\/avatar\/4bab693b9d55c3d6b52c0296a8765085?s=96&d=mm&r=g","caption":"admin"},"url":"https:\/\/marekkuchcinski.pl\/ro\/author\/marta-olejnik\/"}]}},"_links":{"self":[{"href":"https:\/\/marekkuchcinski.pl\/ro\/wp-json\/wp\/v2\/posts\/7407","targetHints":{"allow":["GET"]}}],"collection":[{"href":"https:\/\/marekkuchcinski.pl\/ro\/wp-json\/wp\/v2\/posts"}],"about":[{"href":"https:\/\/marekkuchcinski.pl\/ro\/wp-json\/wp\/v2\/types\/post"}],"author":[{"embeddable":true,"href":"https:\/\/marekkuchcinski.pl\/ro\/wp-json\/wp\/v2\/users\/6"}],"replies":[{"embeddable":true,"href":"https:\/\/marekkuchcinski.pl\/ro\/wp-json\/wp\/v2\/comments?post=7407"}],"version-history":[{"count":1,"href":"https:\/\/marekkuchcinski.pl\/ro\/wp-json\/wp\/v2\/posts\/7407\/revisions"}],"predecessor-version":[{"id":7409,"href":"https:\/\/marekkuchcinski.pl\/ro\/wp-json\/wp\/v2\/posts\/7407\/revisions\/7409"}],"wp:featuredmedia":[{"embeddable":true,"href":"https:\/\/marekkuchcinski.pl\/ro\/wp-json\/wp\/v2\/media\/7408"}],"wp:attachment":[{"href":"https:\/\/marekkuchcinski.pl\/ro\/wp-json\/wp\/v2\/media?parent=7407"}],"wp:term":[{"taxonomy":"category","embeddable":true,"href":"https:\/\/marekkuchcinski.pl\/ro\/wp-json\/wp\/v2\/categories?post=7407"},{"taxonomy":"post_tag","embeddable":true,"href":"https:\/\/marekkuchcinski.pl\/ro\/wp-json\/wp\/v2\/tags?post=7407"}],"curies":[{"name":"wp","href":"https:\/\/api.w.org\/{rel}","templated":true}]}}