{"id":7329,"date":"2017-09-20T10:47:17","date_gmt":"2017-09-20T08:47:17","guid":{"rendered":"https:\/\/marekkuchcinski.pl\/?p=7329"},"modified":"2017-09-20T11:03:12","modified_gmt":"2017-09-20T09:03:12","slug":"60-latach-skazania-niepamiec-janos-esterhazy-doczekal-godnego-pochowku","status":"publish","type":"post","link":"https:\/\/marekkuchcinski.pl\/ro\/wydarzenia\/60-latach-skazania-niepamiec-janos-esterhazy-doczekal-godnego-pochowku\/","title":{"rendered":"Dup\u0103 ani de zile \u00een care a fost trimis \u00een uitare, J\u00e1nos Esterh\u00e1zy a primit o \u00eenmorm\u00e2ntare demn\u0103"},"content":{"rendered":"<p><strong>G\u0103sit\u0103 dup\u0103 60 de ani, cenu\u0219a lui J\u00e1nos Esterh\u00e1zy, un om care i-a ajutat pe polonezi \u00een timpul celui de-al Doilea R\u0103zboi Mondial, a fost depus\u0103 \u00eentr-o capel\u0103 din satul s\u0103u natal, Doln\u00ed Obdokovce. Ritualurile funerare au fost prezidate de arhiepiscopul mitropolit de Cracovia, Marek J\u0119draszewski.<\/strong><\/p>\n<p>- Sistemele totalitare au refuzat dreptul la un morm\u00e2nt oamenilor nobili \u0219i mari, iar acest lucru s-a aplicat \u0219i \u00een cazul lui J\u00e1nos Esterh\u00e1zy\", a declarat arhiepiscopul Marek J\u0119draszewski \u00een timpul ceremoniei din Capela \u00cen\u0103l\u021b\u0103rii Sfintei Cruci. - Cenu\u0219a eroului Ungariei, Poloniei \u0219i Slovaciei \u00ee\u0219i g\u0103se\u0219te, \u00een sf\u00e2r\u0219it, morm\u00e2ntul, ca expresie a amintirii noastre, dar \u0219i un loc care devine pentru noi to\u021bi o mare obliga\u021bie de solidaritate, de aducere aminte, de credin\u021b\u0103, de iertare \u0219i de reconciliere.<\/p>\n<div id=\"main\">\n<div class=\"lColA\">\n<div class=\"article\">\n<p>- J\u00e1nos Esterh\u00e1zy se sim\u021bea un democrat, un cre\u0219tin \u0219i un om din aceast\u0103 parte a Europei Centrale \u0219i de Est. \u00cen acele vremuri, oricare dintre aceste motive era suficient pentru a fi \u00eencarcerat sau chiar privat de via\u021b\u0103, a subliniat arhiepiscopul.<\/p>\n<p>Mitropolitul de Cracovia a evocat figura unui om politic care a fost un simbol al istoriei \u0219i tradi\u021biei comune polono-maghiare. J\u00e1nos Esterh\u00e1zy, profit\u00e2nd de rela\u021biile \u0219i leg\u0103turile sale de familie - era fiul unui aristocrat maghiar \u0219i al Elisabetei, fiica contelui Stanislaus Tarnowski - i-a ajutat pe polonezii care p\u0103trundeau \u00een Slovacia s\u0103 mearg\u0103 spre vest prin Ungaria \u0219i Rom\u00e2nia, unde se forma armata polonez\u0103.<\/p>\n<p>Fiind singurul membru al parlamentului primei Republici Slovace, s-a opus deport\u0103rii evreilor slovaci \u00een lag\u0103rele de exterminare din 1942. Dup\u0103 sf\u00e2r\u0219itul r\u0103zboiului, \u00een 1945, a fost \u00eencarcerat de serviciile comuniste din Slovacia \u0219i predat NKVD-ului. Condamnarea sa la moarte a fost comutat\u0103 pentru a lucra \u00een gulaguri, unde a \u00eent\u00e2lnit polonezi, solda\u021bi ai Armatei de cas\u0103 din districtul Vilnius. - Oriunde a fost, a \u00eent\u0103rit oamenii \u00een credin\u021b\u0103, \u00een speran\u021ba cre\u0219tin\u0103, tr\u0103g\u00e2ndu-\u0219i puterea spiritual\u0103 din Crucea lui Hristos\", a spus ierarhul. - \u0218i-a petrecut ultimii ani din via\u021b\u0103 \u00eentr-o \u00eenchisoare grea de l\u00e2ng\u0103 Ostrava \u0219i a murit acolo cu reputa\u021bia de sfin\u021benie. A fost un neobosit adept al Crucii lui Hristos. A murit \u00een 1957, dar memoria sa a fost interzis\u0103 maghiarilor, slovacilor, cehilor \u0219i polonezilor deopotriv\u0103.<\/p>\n<p>- Abia acum aceast\u0103 amintire este re\u00eenviat\u0103, iar ceremonia de ast\u0103zi i-a reunit pe episcopii din Ungaria, Slovacia \u0219i Polonia, la care a participat \u0219i un \u00eenalt reprezentant al Conferin\u021bei Episcopale Cehe. \u00cen persoana lui Esterhazy avem un om care ne une\u0219te, care une\u0219te popoarele din aceast\u0103 parte a Europei \u00een m\u0103rturisirea aceleia\u0219i credin\u021be, \u00een a-\u0219i trage puterea din Crucea lui Hristos, care \u00eenva\u021b\u0103 unitatea dincolo de diviziuni, care arat\u0103 c\u0103 adev\u0103rata cas\u0103 pentru to\u021bi este Biserica lui Hristos', a subliniat arhiepiscopul Marek J\u0119draszewski, care a precizat c\u0103 credin\u021ba \u00een Evanghelia lui Hristos este singura temelie care poate uni Europa \u0219i salva Europa \u00eentr-o epoc\u0103 \u00een care Evanghelia, Crucea \u0219i cei care au pus bazele Europei cre\u0219tine \u0219i ale unit\u0103\u021bii sale trebuie s\u0103 fie uita\u021bi cu orice pre\u021b.<\/p>\n<p>\"De-a lungul vie\u021bii sale a r\u0103mas fidel principiilor Europei cre\u0219tine \u0219i, \u00een ciuda pericolului total, a luat ap\u0103rarea celor persecuta\u021bi. Ast\u0103zi, el devine un simbol al curajului \u0219i al pruden\u021bei. (...) A\u0219a cum contemporanii s\u0103i au avut nevoie de el pentru a spune lucrurilor pe nume \u0219i pentru a avertiza \u00eempotriva ideologiilor nebune\u0219ti, nebune\u0219ti, tot a\u0219a \u0219i noi avem nevoie de el ast\u0103zi, pentru a nu ne pierde identitatea \u0219i a ne putea raporta la mesajul s\u0103u unic\", a scris pre\u0219edintele IPN, Jaros\u0142aw Szarek, despre J\u00e1nos Esterh\u00e1zy, \u00eentr-o scrisoare adresat\u0103 participan\u021bilor la ceremonie.<\/p>\n<p>Pentru ajutorul acordat refugia\u021bilor polonezi \u00een timpul celui de-al Doilea R\u0103zboi Mondial, J\u00e1nos Esterh\u00e1zy a fost decorat post-mortem cu Crucea de Comandor a Ordinului Polonia Restituta de c\u0103tre pre\u0219edintele Lech Kaczy\u0144ski \u00een 2009.<\/p>\n<p><em>sursa: Arhiepiscopia de Cracovia<\/em><\/p>\n<p><a href=\"https:\/\/marekkuchcinski.pl\/wp-content\/uploads\/2017\/09\/Esterhazy.jpg\"><img fetchpriority=\"high\" decoding=\"async\" class=\"alignnone wp-image-7330\" src=\"https:\/\/marekkuchcinski.pl\/wp-content\/uploads\/2017\/09\/Esterhazy.jpg\" alt=\"Esterhazy\" width=\"971\" height=\"1456\" srcset=\"https:\/\/marekkuchcinski.pl\/wp-content\/uploads\/2017\/09\/Esterhazy.jpg 683w, https:\/\/marekkuchcinski.pl\/wp-content\/uploads\/2017\/09\/Esterhazy-200x300.jpg 200w\" sizes=\"(max-width: 971px) 100vw, 971px\" \/><\/a><\/p>\n<\/div>\n<\/div>\n<\/div>","protected":false},"excerpt":{"rendered":"<p>Odnalezione po 60 latach prochy J\u00e1nosa Esterh\u00e1zego, cz\u0142owieka, kt\u00f3ry\u00a0 w czasie II wojny pomaga\u0142 Polakom, spocz\u0119\u0142y w kaplicy w jego rodzinnej miejscowo\u015bci w Dolnych Obdokovcach. Obrz\u0119dom pogrzebowym przewodniczy\u0142 metropolita krakowski abp Marek J\u0119draszewski. &#8211; Systemy totalitarne odmawia\u0142y prawa do grobu ludziom szlachetnym i wspania\u0142ym, odnosi\u0142o si\u0119 to tak\u017ce do J\u00e1nosa Esterh\u00e1zego &#8211; m\u00f3wi\u0142 podczas uroczysto\u015bci [&hellip;]<\/p>\n","protected":false},"author":6,"featured_media":7330,"comment_status":"open","ping_status":"open","sticky":false,"template":"","format":"standard","meta":{"ngg_post_thumbnail":0,"footnotes":""},"categories":[50,3],"tags":[],"class_list":["post-7329","post","type-post","status-publish","format-standard","has-post-thumbnail","hentry","category-wspolpraca-miedzynarodowa","category-wydarzenia"],"_links":{"self":[{"href":"https:\/\/marekkuchcinski.pl\/ro\/wp-json\/wp\/v2\/posts\/7329","targetHints":{"allow":["GET"]}}],"collection":[{"href":"https:\/\/marekkuchcinski.pl\/ro\/wp-json\/wp\/v2\/posts"}],"about":[{"href":"https:\/\/marekkuchcinski.pl\/ro\/wp-json\/wp\/v2\/types\/post"}],"author":[{"embeddable":true,"href":"https:\/\/marekkuchcinski.pl\/ro\/wp-json\/wp\/v2\/users\/6"}],"replies":[{"embeddable":true,"href":"https:\/\/marekkuchcinski.pl\/ro\/wp-json\/wp\/v2\/comments?post=7329"}],"version-history":[{"count":6,"href":"https:\/\/marekkuchcinski.pl\/ro\/wp-json\/wp\/v2\/posts\/7329\/revisions"}],"predecessor-version":[{"id":7336,"href":"https:\/\/marekkuchcinski.pl\/ro\/wp-json\/wp\/v2\/posts\/7329\/revisions\/7336"}],"wp:featuredmedia":[{"embeddable":true,"href":"https:\/\/marekkuchcinski.pl\/ro\/wp-json\/wp\/v2\/media\/7330"}],"wp:attachment":[{"href":"https:\/\/marekkuchcinski.pl\/ro\/wp-json\/wp\/v2\/media?parent=7329"}],"wp:term":[{"taxonomy":"category","embeddable":true,"href":"https:\/\/marekkuchcinski.pl\/ro\/wp-json\/wp\/v2\/categories?post=7329"},{"taxonomy":"post_tag","embeddable":true,"href":"https:\/\/marekkuchcinski.pl\/ro\/wp-json\/wp\/v2\/tags?post=7329"}],"curies":[{"name":"wp","href":"https:\/\/api.w.org\/{rel}","templated":true}]}}