{"id":7090,"date":"2017-08-15T09:50:54","date_gmt":"2017-08-15T07:50:54","guid":{"rendered":"https:\/\/marekkuchcinski.pl\/?p=7090"},"modified":"2017-08-15T09:50:54","modified_gmt":"2017-08-15T07:50:54","slug":"wielki-odpust-kalwaryjski","status":"publish","type":"post","link":"https:\/\/marekkuchcinski.pl\/ro\/wydarzenia\/wielki-odpust-kalwaryjski\/","title":{"rendered":"Marea Indulgen\u021b\u0103 a Calvarului"},"content":{"rendered":"<p>\u00cen ajunul Adormirii Maicii Domnului, credincio\u0219ii s-au adunat pe dealul Calvarului pentru a se ruga \u0219i pentru a asculta o omilie rostit\u0103 de arhiepiscopul mitropolit de Cracovia, Marek J\u0119draszewski. Marek J\u0119draszewski.<\/p>\n<p>Sacramentul Marii Indulgen\u021be implic\u0103 poc\u0103in\u021ba pentru p\u0103cate \u0219i iertarea acestora.<\/p>\n<p><a href=\"https:\/\/marekkuchcinski.pl\/wp-content\/uploads\/2017\/08\/FullSizeRender-1.jpg\"><img fetchpriority=\"high\" decoding=\"async\" class=\"alignnone size-full wp-image-7091\" src=\"https:\/\/marekkuchcinski.pl\/wp-content\/uploads\/2017\/08\/FullSizeRender-1.jpg\" alt=\"FullSizeRender (1)\" width=\"960\" height=\"998\" srcset=\"https:\/\/marekkuchcinski.pl\/wp-content\/uploads\/2017\/08\/FullSizeRender-1.jpg 960w, https:\/\/marekkuchcinski.pl\/wp-content\/uploads\/2017\/08\/FullSizeRender-1-289x300.jpg 289w, https:\/\/marekkuchcinski.pl\/wp-content\/uploads\/2017\/08\/FullSizeRender-1-768x798.jpg 768w\" sizes=\"(max-width: 960px) 100vw, 960px\" \/><\/a> <a href=\"https:\/\/marekkuchcinski.pl\/wp-content\/uploads\/2017\/08\/FullSizeRender.jpg\"><img decoding=\"async\" class=\"alignnone size-full wp-image-7092\" src=\"https:\/\/marekkuchcinski.pl\/wp-content\/uploads\/2017\/08\/FullSizeRender.jpg\" alt=\"FullSizeRender\" width=\"1527\" height=\"981\" srcset=\"https:\/\/marekkuchcinski.pl\/wp-content\/uploads\/2017\/08\/FullSizeRender.jpg 1527w, https:\/\/marekkuchcinski.pl\/wp-content\/uploads\/2017\/08\/FullSizeRender-300x193.jpg 300w, https:\/\/marekkuchcinski.pl\/wp-content\/uploads\/2017\/08\/FullSizeRender-768x493.jpg 768w, https:\/\/marekkuchcinski.pl\/wp-content\/uploads\/2017\/08\/FullSizeRender-1024x658.jpg 1024w\" sizes=\"(max-width: 1527px) 100vw, 1527px\" \/><\/a> <a href=\"https:\/\/marekkuchcinski.pl\/wp-content\/uploads\/2017\/08\/IMG_1910.jpg\"><img decoding=\"async\" class=\"alignnone size-full wp-image-7093\" src=\"https:\/\/marekkuchcinski.pl\/wp-content\/uploads\/2017\/08\/IMG_1910.jpg\" alt=\"IMG_1910\" width=\"1280\" height=\"960\" srcset=\"https:\/\/marekkuchcinski.pl\/wp-content\/uploads\/2017\/08\/IMG_1910.jpg 1280w, https:\/\/marekkuchcinski.pl\/wp-content\/uploads\/2017\/08\/IMG_1910-300x225.jpg 300w, https:\/\/marekkuchcinski.pl\/wp-content\/uploads\/2017\/08\/IMG_1910-768x576.jpg 768w, https:\/\/marekkuchcinski.pl\/wp-content\/uploads\/2017\/08\/IMG_1910-1024x768.jpg 1024w\" sizes=\"(max-width: 1280px) 100vw, 1280px\" \/><\/a><\/p>\n<p>&nbsp;<\/p>","protected":false},"excerpt":{"rendered":"<p>W wigili\u0119 Wniebowzi\u0119cia Naj\u015bwi\u0119tszej Marii Panny wierni zebrali si\u0119 na wzg\u00f3rzu kalwaryjskim, by modli\u0107 si\u0119 i wys\u0142ucha\u0107 homilii metropolity krakowskiego apb. Marka J\u0119draszewskiego. Sakrament Wielkiego Odpustu wi\u0105\u017ce si\u0119 z \u017calem za grzechy i przebaczeniem. &nbsp;<\/p>","protected":false},"author":6,"featured_media":7092,"comment_status":"open","ping_status":"open","sticky":false,"template":"","format":"standard","meta":{"ngg_post_thumbnail":0,"footnotes":""},"categories":[49,3],"tags":[],"class_list":["post-7090","post","type-post","status-publish","format-standard","has-post-thumbnail","hentry","category-podkarpacie","category-wydarzenia"],"_links":{"self":[{"href":"https:\/\/marekkuchcinski.pl\/ro\/wp-json\/wp\/v2\/posts\/7090","targetHints":{"allow":["GET"]}}],"collection":[{"href":"https:\/\/marekkuchcinski.pl\/ro\/wp-json\/wp\/v2\/posts"}],"about":[{"href":"https:\/\/marekkuchcinski.pl\/ro\/wp-json\/wp\/v2\/types\/post"}],"author":[{"embeddable":true,"href":"https:\/\/marekkuchcinski.pl\/ro\/wp-json\/wp\/v2\/users\/6"}],"replies":[{"embeddable":true,"href":"https:\/\/marekkuchcinski.pl\/ro\/wp-json\/wp\/v2\/comments?post=7090"}],"version-history":[{"count":1,"href":"https:\/\/marekkuchcinski.pl\/ro\/wp-json\/wp\/v2\/posts\/7090\/revisions"}],"predecessor-version":[{"id":7094,"href":"https:\/\/marekkuchcinski.pl\/ro\/wp-json\/wp\/v2\/posts\/7090\/revisions\/7094"}],"wp:featuredmedia":[{"embeddable":true,"href":"https:\/\/marekkuchcinski.pl\/ro\/wp-json\/wp\/v2\/media\/7092"}],"wp:attachment":[{"href":"https:\/\/marekkuchcinski.pl\/ro\/wp-json\/wp\/v2\/media?parent=7090"}],"wp:term":[{"taxonomy":"category","embeddable":true,"href":"https:\/\/marekkuchcinski.pl\/ro\/wp-json\/wp\/v2\/categories?post=7090"},{"taxonomy":"post_tag","embeddable":true,"href":"https:\/\/marekkuchcinski.pl\/ro\/wp-json\/wp\/v2\/tags?post=7090"}],"curies":[{"name":"wp","href":"https:\/\/api.w.org\/{rel}","templated":true}]}}