{"id":709,"date":"2016-01-27T16:43:19","date_gmt":"2016-01-27T15:43:19","guid":{"rendered":"https:\/\/marekkuchcinski.pl\/spotkanie-oplatkowe-pis-w-przemyslu\/"},"modified":"2016-08-25T16:57:55","modified_gmt":"2016-08-25T14:57:55","slug":"spotkanie-oplatkowe-pis-w-przemyslu","status":"publish","type":"post","link":"https:\/\/marekkuchcinski.pl\/ro\/wydarzenia\/spotkanie-oplatkowe-pis-w-przemyslu\/","title":{"rendered":"\u00cent\u00e2lnire a napolitanilor PiS la Przemy\u015bl"},"content":{"rendered":"<p>S\u00e2mb\u0103t\u0103, 23 ianuarie, Centrul Podkarpacki pentru Educa\u021bia Profesorilor din Przemy\u015bl a g\u0103zduit o \u00eent\u00e2lnire tradi\u021bional\u0103 de Anul Nou \u0219i de Cr\u0103ciun a membrilor \u0219i simpatizan\u021bilor partidului Lege \u0219i Justi\u021bie din Przemy\u015bl \u0219i din districtul Przemy\u015bl. Reuniunea a fost onorat\u0103 de prezen\u021ba lui Marek Kuchci\u0144ski, pre\u0219edintele Sejm-ului polonez.<\/p>\n<p>Printre stima\u021bii oaspe\u021bi s-au num\u0103rat \u0219i: Anna Schmidt-Rodziewicz \u0219i Andrzej Matusiewicz, membri ai Sejm-ului polonez, Ewa Leniart, voievodul Podkarpacki, Dariusz Iwaneczko, director al IPN din Rzesz\u00f3w, Janusz Hamryszczak \u0219i Grzegorz Hayder, viceprimari ai ora\u0219ului Przemy\u015bl, \u0219i Rafa\u0142 Sura, judec\u0103tor al Tribunalului de Stat.<\/p>\n<p>  <!--more-->  <\/p>\n<p>La \u00eent\u00e2lnire au participat \u0219i primarii comunelor din raionul Przemy\u015bl, consilieri \u0219i reprezentan\u021bi ai Consiliului de Administra\u021bie al NSZZ \"Solidarno\u015b\u0107\" din zona Przemy\u015bl, precum \u0219i NSZZ \"Solidarno\u015b\u0107\" a Fermierilor Individuali.<\/p>\n<p>Monseniorul Waldemar Janiga a citit Cuv\u00e2ntul lui Dumnezeu \u0219i a adresat un cuv\u00e2nt de \u00eenv\u0103\u021b\u0103tur\u0103 pastoral\u0103 celor prezen\u021bi. Pe de alt\u0103 parte, pre\u0219edintele Sejm-ului a prezentat situa\u021bia actual\u0103 din Polonia, subliniind c\u0103 majoritatea parlamentar\u0103 \u0219i guvernul polonez au adoptat deja solu\u021biile pe care s-au angajat s\u0103 le pun\u0103 \u00een aplicare \u00een timpul campaniei electorale. Dup\u0103 ce au fr\u00e2nt napolitana \u0219i \u0219i-au urat succes, parlamentarii, guvernatorul provinciei, viceprimarul \u0219i directorul Institutului pentru Memoria Na\u021bional\u0103 (IPN) au fost invita\u021bi s\u0103 \u00ee\u0219i rosteasc\u0103 discursurile. Astfel, participan\u021bii au avut ocazia de a ob\u021bine informa\u021bii \"la prima m\u00e2n\u0103\" despre activit\u0103\u021bile legislative \u00eentreprinse \u0219i planurile pentru acest an pentru Polonia, Podkarpacie \u0219i zona Przemy\u015bl.<\/p>\n<p>Oaspe\u021bii le-au urat tuturor celor prezen\u021bi prosperitate \u00een via\u021ba personal\u0103 \u0219i profesional\u0103 la \u00eenceput de 2016. Pre\u0219edintele prematur decedat al Consiliului Local din Przemy\u015bl, Wladyslaw Bukowski, nu a fost uitat. La ini\u021biativa Halinei Ukarma, cei aduna\u021bi au spus o rug\u0103ciune pentru el.<\/p>\n<p>Momentele artistice au fost f\u0103cute mai pl\u0103cute de Corul de camer\u0103 de tineret \"Vox Iuventum\" din Przemysl. La final, \u00een acompaniamentul unui acordeonist, s-au c\u00e2ntat colinde poloneze vechi.&nbsp;<\/p>\n<p>\u00cent\u00e2lnirea a fost g\u0103zduit\u0103 de Bo\u017cena Ryczan, reprezentanta PiS pentru districtul Przemy\u015bl, \u0219i Lucyna Podhalicz, reprezentanta PiS \u00een Przemy\u015bl.<\/p>\n<p><img fetchpriority=\"high\" decoding=\"async\" class=\"size-full wp-image-708\" src=\"https:\/\/marekkuchcinski.pl\/wp-content\/uploads\/2016\/01\/IMG_5896.JPG\" alt=\"\" width=\"800\" height=\"533\" srcset=\"https:\/\/marekkuchcinski.pl\/wp-content\/uploads\/2016\/01\/IMG_5896.JPG 800w, https:\/\/marekkuchcinski.pl\/wp-content\/uploads\/2016\/01\/IMG_5896-300x200.jpg 300w, https:\/\/marekkuchcinski.pl\/wp-content\/uploads\/2016\/01\/IMG_5896-768x512.jpg 768w\" sizes=\"(max-width: 800px) 100vw, 800px\" \/><\/p>\n<p><span style=\"font-family: Verdana, sans-serif; color: #555555;\">Text \u0219i fotografii: Aleksander Malicki.<\/span><\/p>","protected":false},"excerpt":{"rendered":"<p>W Podkarpackim Centrum Edukacji Nauczycieli w Przemy\u015blu w sobot\u0119, 23 stycznia, odby\u0142o si\u0119 tradycyjne noworoczno-op\u0142atkowe spotkanie cz\u0142onk\u00f3w i sympatyk\u00f3w Prawa i Sprawiedliwo\u015bci z Przemy\u015bla i powiatu przemyskiego. Spotkanie u\u015bwietni\u0142 swoj\u0105 obecno\u015bci\u0105 Marek Kuchci\u0144ski, marsza\u0142ek Sejmu RP. W\u015br\u00f3d szacownych go\u015bci byli tak\u017ce: Anna Schmidt-Rodziewicz i Andrzej Matusiewicz, pos\u0142owie na Sejm RP, Ewa Leniart, wojewoda podkarpacki, Dariusz [&hellip;]<\/p>\n","protected":false},"author":6,"featured_media":708,"comment_status":"open","ping_status":"open","sticky":false,"template":"","format":"standard","meta":{"ngg_post_thumbnail":0,"footnotes":""},"categories":[3],"tags":[],"class_list":["post-709","post","type-post","status-publish","format-standard","has-post-thumbnail","hentry","category-wydarzenia"],"_links":{"self":[{"href":"https:\/\/marekkuchcinski.pl\/ro\/wp-json\/wp\/v2\/posts\/709","targetHints":{"allow":["GET"]}}],"collection":[{"href":"https:\/\/marekkuchcinski.pl\/ro\/wp-json\/wp\/v2\/posts"}],"about":[{"href":"https:\/\/marekkuchcinski.pl\/ro\/wp-json\/wp\/v2\/types\/post"}],"author":[{"embeddable":true,"href":"https:\/\/marekkuchcinski.pl\/ro\/wp-json\/wp\/v2\/users\/6"}],"replies":[{"embeddable":true,"href":"https:\/\/marekkuchcinski.pl\/ro\/wp-json\/wp\/v2\/comments?post=709"}],"version-history":[{"count":1,"href":"https:\/\/marekkuchcinski.pl\/ro\/wp-json\/wp\/v2\/posts\/709\/revisions"}],"predecessor-version":[{"id":3094,"href":"https:\/\/marekkuchcinski.pl\/ro\/wp-json\/wp\/v2\/posts\/709\/revisions\/3094"}],"wp:featuredmedia":[{"embeddable":true,"href":"https:\/\/marekkuchcinski.pl\/ro\/wp-json\/wp\/v2\/media\/708"}],"wp:attachment":[{"href":"https:\/\/marekkuchcinski.pl\/ro\/wp-json\/wp\/v2\/media?parent=709"}],"wp:term":[{"taxonomy":"category","embeddable":true,"href":"https:\/\/marekkuchcinski.pl\/ro\/wp-json\/wp\/v2\/categories?post=709"},{"taxonomy":"post_tag","embeddable":true,"href":"https:\/\/marekkuchcinski.pl\/ro\/wp-json\/wp\/v2\/tags?post=709"}],"curies":[{"name":"wp","href":"https:\/\/api.w.org\/{rel}","templated":true}]}}