{"id":700,"date":"2016-01-23T10:00:34","date_gmt":"2016-01-23T09:00:34","guid":{"rendered":"https:\/\/marekkuchcinski.pl\/38-procent-poparcia-dla-prawa-i-sprawiedliwosci\/"},"modified":"2016-08-25T16:57:55","modified_gmt":"2016-08-25T14:57:55","slug":"38-procent-poparcia-dla-prawa-i-sprawiedliwosci","status":"publish","type":"post","link":"https:\/\/marekkuchcinski.pl\/ro\/wydarzenia\/38-procent-poparcia-dla-prawa-i-sprawiedliwosci\/","title":{"rendered":"38 la sut\u0103 sprijin pentru Lege \u0219i Justi\u021bie"},"content":{"rendered":"<p>Sondajul din ianuarie realizat de TNS Polska arat\u0103 c\u0103 38% dintre cei care doresc s\u0103 voteze sus\u021bin PiS, \u00een timp ce 16% sus\u021bin PO. - PO. 5 la sut\u0103 ar vota pentru Nowoczesna \u0219i 11 la sut\u0103 pentru Kukiz'15.<\/p>\n<p>La fel de optimist pentru PiS este \u0219i sondajul de \u00eencredere CBOS din ianuarie, cu pre\u0219edintele Andrzej Duda \u00een frunte, cu un sprijin de 56%, iar premierul Beata Szyd\u0142o, \u00een care au \u00eencredere 49% dintre responden\u021bi.<\/p>","protected":false},"excerpt":{"rendered":"<p>Ze styczniowych bada\u0144 przeprowadzonych przez TNS Polska wynika, \u017ce&nbsp;38 proc. chc\u0105cych g\u0142osowa\u0107 popiera PiS, za\u015b 16 proc. \u2013 PO. 5 proc. odda\u0142oby sw\u00f3j g\u0142os na Nowoczesn\u0105, a 11 proc. na Kukiz&#8217;15.&nbsp;Do Sejmu, wed\u0142ug badania, nie wesz\u0142oby PSL. R\u00f3wnie optymistyczne dla PiS-u jest styczniowe badanie zaufania CBOS-u, na kt\u00f3rego czele znalaz\u0142 si\u0119 prezydent Andrzej Duda \u2013 [&hellip;]<\/p>\n","protected":false},"author":6,"featured_media":0,"comment_status":"open","ping_status":"open","sticky":false,"template":"","format":"standard","meta":{"ngg_post_thumbnail":0,"footnotes":""},"categories":[3],"tags":[],"class_list":["post-700","post","type-post","status-publish","format-standard","hentry","category-wydarzenia"],"_links":{"self":[{"href":"https:\/\/marekkuchcinski.pl\/ro\/wp-json\/wp\/v2\/posts\/700","targetHints":{"allow":["GET"]}}],"collection":[{"href":"https:\/\/marekkuchcinski.pl\/ro\/wp-json\/wp\/v2\/posts"}],"about":[{"href":"https:\/\/marekkuchcinski.pl\/ro\/wp-json\/wp\/v2\/types\/post"}],"author":[{"embeddable":true,"href":"https:\/\/marekkuchcinski.pl\/ro\/wp-json\/wp\/v2\/users\/6"}],"replies":[{"embeddable":true,"href":"https:\/\/marekkuchcinski.pl\/ro\/wp-json\/wp\/v2\/comments?post=700"}],"version-history":[{"count":1,"href":"https:\/\/marekkuchcinski.pl\/ro\/wp-json\/wp\/v2\/posts\/700\/revisions"}],"predecessor-version":[{"id":3096,"href":"https:\/\/marekkuchcinski.pl\/ro\/wp-json\/wp\/v2\/posts\/700\/revisions\/3096"}],"wp:attachment":[{"href":"https:\/\/marekkuchcinski.pl\/ro\/wp-json\/wp\/v2\/media?parent=700"}],"wp:term":[{"taxonomy":"category","embeddable":true,"href":"https:\/\/marekkuchcinski.pl\/ro\/wp-json\/wp\/v2\/categories?post=700"},{"taxonomy":"post_tag","embeddable":true,"href":"https:\/\/marekkuchcinski.pl\/ro\/wp-json\/wp\/v2\/tags?post=700"}],"curies":[{"name":"wp","href":"https:\/\/api.w.org\/{rel}","templated":true}]}}