{"id":6834,"date":"2017-07-02T14:02:36","date_gmt":"2017-07-02T12:02:36","guid":{"rendered":"https:\/\/marekkuchcinski.pl\/?p=6834"},"modified":"2017-07-02T15:17:38","modified_gmt":"2017-07-02T13:17:38","slug":"marszalek-sejmu-jako-narody-musimy-wybrac-droge-szlachetnosci-odwaznie-chroniac-dla-czlowieka-najwazniejsze-godnosc","status":"publish","type":"post","link":"https:\/\/marekkuchcinski.pl\/ro\/wydarzenia\/marszalek-sejmu-jako-narody-musimy-wybrac-droge-szlachetnosci-odwaznie-chroniac-dla-czlowieka-najwazniejsze-godnosc\/","title":{"rendered":"Pre\u0219edintele Sejm-ului: Ca na\u021biuni, trebuie s\u0103 alegem calea noble\u021bii, protej\u00e2nd cu curaj ceea ce este cel mai important pentru fiin\u021bele umane: demnitatea."},"content":{"rendered":"<p>Predarea pre\u0219edin\u021biei Grupului de la Vi\u0219egrad c\u0103tre Ungaria a fost \u00eenso\u021bit\u0103 de semnele vremurilor, de simbolistica cre\u0219tin\u0103, reflect\u00e2nd for\u021ba \u0219i valorile nu numai ale r\u0103d\u0103cinilor noastre, ci \u0219i ale proximit\u0103\u021bii polono-maghiare, ale unei istorii comune, indisolubile.<\/p>\n<p>\u00cen deschiderea expozi\u021biei dedicate Sf\u00e2ntului Ladislau, pre\u0219edintele Sejm-ului a amintit c\u0103 <em>Cre\u0219tinismul a ajuns \u00een Europa Central\u0103 \u00een secolul de dinaintea domniei Sf\u00e2ntului Ladislau, c\u00e2nd au fost fondate statele noastre: Ungaria \u0219i Polonia, dar \u0219i Boemia sau Regatul Croa\u021biei. Sf\u00e2ntul Ladislau a devenit un simbol al virtu\u021bilor cre\u0219tine \u0219i cavalere\u0219ti \u00een ochii contemporanilor s\u0103i pentru secolele urm\u0103toare, iar aceast\u0103 expozi\u021bie \u0219i \u00eent\u00e2lnirea noastr\u0103 de ast\u0103zi sunt cea mai bun\u0103 dovad\u0103 a acestui lucru. Sf\u00e2ntul Ladislau, a c\u0103rui mam\u0103 era polonez\u0103 \u0219i a c\u0103rui str\u0103bunic\u0103 a fost ducesa ceh\u0103 Dabrowka, so\u021bia primului conduc\u0103tor cre\u0219tin al Poloniei - prin\u021bul Mieszko, personific\u0103 \u00een sine istoria rela\u021biilor \u0219i cooper\u0103rii de la Visegrad.<\/em><\/p>\n<p>Loca\u021bia expozi\u021biei nu a fost \u00eent\u00e2mpl\u0103toare - expozi\u021bia a fost amplasat\u0103 \u00een Cracovia, \u00eentre Biserica Sf\u00e2ntul Andrei - singura biseric\u0103 care a supravie\u021buit invaziilor din Europa la acea vreme - \u0219i monumentul lui Piotr Skarga, care, dup\u0103 cum a subliniat vorbitorul: <em>indic\u0103 direc\u021bia pe care ar trebui s\u0103 o urm\u0103m ca na\u021biuni care se preocup\u0103 de noble\u021be, protej\u00e2nd cu curaj ceea ce este cel mai important pentru fiin\u021bele umane: demnitatea.<\/em><\/p>\n<p>Pre\u0219edintele a fost \u00eenso\u021bit de pre\u0219edintele Parlamentului ungar<strong>\u00a0<\/strong>L\u00e1szl\u00f3 K\u00f6v\u00e9r, parlamentari \u0219i pelerini maghiari la Jasna G\u00f3ra.<\/p>\n<p><a href=\"https:\/\/marekkuchcinski.pl\/wp-content\/uploads\/2017\/07\/KU170248.jpg\"><img fetchpriority=\"high\" decoding=\"async\" class=\"alignnone size-full wp-image-6835\" src=\"https:\/\/marekkuchcinski.pl\/wp-content\/uploads\/2017\/07\/KU170248.jpg\" alt=\"KU170248\" width=\"800\" height=\"534\" srcset=\"https:\/\/marekkuchcinski.pl\/wp-content\/uploads\/2017\/07\/KU170248.jpg 800w, https:\/\/marekkuchcinski.pl\/wp-content\/uploads\/2017\/07\/KU170248-300x200.jpg 300w, https:\/\/marekkuchcinski.pl\/wp-content\/uploads\/2017\/07\/KU170248-768x513.jpg 768w\" sizes=\"(max-width: 800px) 100vw, 800px\" \/><\/a><a href=\"https:\/\/marekkuchcinski.pl\/wp-content\/uploads\/2017\/07\/KU170352.jpg\"><img decoding=\"async\" class=\"alignnone size-full wp-image-6836\" src=\"https:\/\/marekkuchcinski.pl\/wp-content\/uploads\/2017\/07\/KU170352.jpg\" alt=\"KU170352\" width=\"2736\" height=\"1824\" srcset=\"https:\/\/marekkuchcinski.pl\/wp-content\/uploads\/2017\/07\/KU170352.jpg 2048w, https:\/\/marekkuchcinski.pl\/wp-content\/uploads\/2017\/07\/KU170352-300x200.jpg 300w, https:\/\/marekkuchcinski.pl\/wp-content\/uploads\/2017\/07\/KU170352-768x512.jpg 768w, https:\/\/marekkuchcinski.pl\/wp-content\/uploads\/2017\/07\/KU170352-1024x683.jpg 1024w\" sizes=\"(max-width: 2736px) 100vw, 2736px\" \/><\/a> <a href=\"https:\/\/marekkuchcinski.pl\/wp-content\/uploads\/2017\/07\/KU170463.jpg\"><img decoding=\"async\" class=\"alignnone size-full wp-image-6871\" src=\"https:\/\/marekkuchcinski.pl\/wp-content\/uploads\/2017\/07\/KU170463.jpg\" alt=\"KU170463\" width=\"800\" height=\"535\" srcset=\"https:\/\/marekkuchcinski.pl\/wp-content\/uploads\/2017\/07\/KU170463.jpg 800w, https:\/\/marekkuchcinski.pl\/wp-content\/uploads\/2017\/07\/KU170463-300x201.jpg 300w, https:\/\/marekkuchcinski.pl\/wp-content\/uploads\/2017\/07\/KU170463-768x514.jpg 768w\" sizes=\"(max-width: 800px) 100vw, 800px\" \/><\/a><a href=\"https:\/\/marekkuchcinski.pl\/wp-content\/uploads\/2017\/07\/KU170337.jpg\"><img loading=\"lazy\" decoding=\"async\" class=\"alignnone wp-image-6837 size-full\" src=\"https:\/\/marekkuchcinski.pl\/wp-content\/uploads\/2017\/07\/KU170337-e1498996843463.jpg\" alt=\"KU170337\" width=\"1824\" height=\"2736\" srcset=\"https:\/\/marekkuchcinski.pl\/wp-content\/uploads\/2017\/07\/KU170337-e1498996843463.jpg 1365w, https:\/\/marekkuchcinski.pl\/wp-content\/uploads\/2017\/07\/KU170337-e1498996843463-200x300.jpg 200w, https:\/\/marekkuchcinski.pl\/wp-content\/uploads\/2017\/07\/KU170337-e1498996843463-768x1152.jpg 768w, https:\/\/marekkuchcinski.pl\/wp-content\/uploads\/2017\/07\/KU170337-e1498996843463-683x1024.jpg 683w\" sizes=\"(max-width: 1824px) 100vw, 1824px\" \/><\/a><a href=\"https:\/\/marekkuchcinski.pl\/wp-content\/uploads\/2017\/07\/DSCF4964.jpg\"><img loading=\"lazy\" decoding=\"async\" class=\"alignnone wp-image-6849\" src=\"https:\/\/marekkuchcinski.pl\/wp-content\/uploads\/2017\/07\/DSCF4892.jpg\" alt=\"DSCF4892\" width=\"607\" height=\"1077\" srcset=\"https:\/\/marekkuchcinski.pl\/wp-content\/uploads\/2017\/07\/DSCF4892.jpg 451w, https:\/\/marekkuchcinski.pl\/wp-content\/uploads\/2017\/07\/DSCF4892-169x300.jpg 169w\" sizes=\"(max-width: 607px) 100vw, 607px\" \/><img loading=\"lazy\" decoding=\"async\" class=\"alignnone size-full wp-image-6845\" src=\"https:\/\/marekkuchcinski.pl\/wp-content\/uploads\/2017\/07\/DSCF4964.jpg\" alt=\"DSCF4964\" width=\"800\" height=\"451\" srcset=\"https:\/\/marekkuchcinski.pl\/wp-content\/uploads\/2017\/07\/DSCF4964.jpg 800w, https:\/\/marekkuchcinski.pl\/wp-content\/uploads\/2017\/07\/DSCF4964-300x169.jpg 300w, https:\/\/marekkuchcinski.pl\/wp-content\/uploads\/2017\/07\/DSCF4964-768x433.jpg 768w\" sizes=\"(max-width: 800px) 100vw, 800px\" \/><\/a> <a href=\"https:\/\/marekkuchcinski.pl\/wp-content\/uploads\/2017\/07\/DSCF4961.jpg\"><img loading=\"lazy\" decoding=\"async\" class=\"alignnone size-full wp-image-6846\" src=\"https:\/\/marekkuchcinski.pl\/wp-content\/uploads\/2017\/07\/DSCF4961.jpg\" alt=\"DSCF4961\" width=\"800\" height=\"451\" srcset=\"https:\/\/marekkuchcinski.pl\/wp-content\/uploads\/2017\/07\/DSCF4961.jpg 800w, https:\/\/marekkuchcinski.pl\/wp-content\/uploads\/2017\/07\/DSCF4961-300x169.jpg 300w, https:\/\/marekkuchcinski.pl\/wp-content\/uploads\/2017\/07\/DSCF4961-768x433.jpg 768w\" sizes=\"(max-width: 800px) 100vw, 800px\" \/><\/a> <a href=\"https:\/\/marekkuchcinski.pl\/wp-content\/uploads\/2017\/07\/DSCF4920.jpg\"><img loading=\"lazy\" decoding=\"async\" class=\"alignnone size-full wp-image-6847\" src=\"https:\/\/marekkuchcinski.pl\/wp-content\/uploads\/2017\/07\/DSCF4920.jpg\" alt=\"DSCF4920\" width=\"800\" height=\"535\" srcset=\"https:\/\/marekkuchcinski.pl\/wp-content\/uploads\/2017\/07\/DSCF4920.jpg 800w, https:\/\/marekkuchcinski.pl\/wp-content\/uploads\/2017\/07\/DSCF4920-300x201.jpg 300w, https:\/\/marekkuchcinski.pl\/wp-content\/uploads\/2017\/07\/DSCF4920-768x514.jpg 768w\" sizes=\"(max-width: 800px) 100vw, 800px\" \/><\/a> <a href=\"https:\/\/marekkuchcinski.pl\/wp-content\/uploads\/2017\/07\/DSCF4846.jpg\"><img loading=\"lazy\" decoding=\"async\" class=\"alignnone size-full wp-image-6851\" src=\"https:\/\/marekkuchcinski.pl\/wp-content\/uploads\/2017\/07\/DSCF4846.jpg\" alt=\"DSCF4846\" width=\"800\" height=\"534\" srcset=\"https:\/\/marekkuchcinski.pl\/wp-content\/uploads\/2017\/07\/DSCF4846.jpg 800w, https:\/\/marekkuchcinski.pl\/wp-content\/uploads\/2017\/07\/DSCF4846-300x200.jpg 300w, https:\/\/marekkuchcinski.pl\/wp-content\/uploads\/2017\/07\/DSCF4846-768x513.jpg 768w\" sizes=\"(max-width: 800px) 100vw, 800px\" \/><\/a> <a href=\"https:\/\/marekkuchcinski.pl\/wp-content\/uploads\/2017\/07\/DSCF4825.jpg\"><img loading=\"lazy\" decoding=\"async\" class=\"alignnone size-full wp-image-6852\" src=\"https:\/\/marekkuchcinski.pl\/wp-content\/uploads\/2017\/07\/DSCF4825.jpg\" alt=\"DSCF4825\" width=\"800\" height=\"451\" srcset=\"https:\/\/marekkuchcinski.pl\/wp-content\/uploads\/2017\/07\/DSCF4825.jpg 800w, https:\/\/marekkuchcinski.pl\/wp-content\/uploads\/2017\/07\/DSCF4825-300x169.jpg 300w, https:\/\/marekkuchcinski.pl\/wp-content\/uploads\/2017\/07\/DSCF4825-768x433.jpg 768w\" sizes=\"(max-width: 800px) 100vw, 800px\" \/><\/a><a href=\"https:\/\/marekkuchcinski.pl\/wp-content\/uploads\/2017\/07\/KU179344.jpg\"><img loading=\"lazy\" decoding=\"async\" class=\"alignnone size-full wp-image-6839\" src=\"https:\/\/marekkuchcinski.pl\/wp-content\/uploads\/2017\/07\/KU179344.jpg\" alt=\"KU179344\" width=\"2736\" height=\"1824\" srcset=\"https:\/\/marekkuchcinski.pl\/wp-content\/uploads\/2017\/07\/KU179344.jpg 2048w, https:\/\/marekkuchcinski.pl\/wp-content\/uploads\/2017\/07\/KU179344-300x200.jpg 300w, https:\/\/marekkuchcinski.pl\/wp-content\/uploads\/2017\/07\/KU179344-768x512.jpg 768w, https:\/\/marekkuchcinski.pl\/wp-content\/uploads\/2017\/07\/KU179344-1024x683.jpg 1024w\" sizes=\"(max-width: 2736px) 100vw, 2736px\" \/><\/a> <a href=\"https:\/\/marekkuchcinski.pl\/wp-content\/uploads\/2017\/07\/KU179391.jpg\"><img loading=\"lazy\" decoding=\"async\" class=\"alignnone size-full wp-image-6838\" src=\"https:\/\/marekkuchcinski.pl\/wp-content\/uploads\/2017\/07\/KU179391.jpg\" alt=\"KU179391\" width=\"2736\" height=\"1824\" srcset=\"https:\/\/marekkuchcinski.pl\/wp-content\/uploads\/2017\/07\/KU179391.jpg 2048w, https:\/\/marekkuchcinski.pl\/wp-content\/uploads\/2017\/07\/KU179391-300x200.jpg 300w, https:\/\/marekkuchcinski.pl\/wp-content\/uploads\/2017\/07\/KU179391-768x512.jpg 768w, https:\/\/marekkuchcinski.pl\/wp-content\/uploads\/2017\/07\/KU179391-1024x683.jpg 1024w\" sizes=\"(max-width: 2736px) 100vw, 2736px\" \/><\/a> <a href=\"https:\/\/marekkuchcinski.pl\/wp-content\/uploads\/2017\/07\/KU178751.jpg\"><img loading=\"lazy\" decoding=\"async\" class=\"alignnone size-full wp-image-6841\" src=\"https:\/\/marekkuchcinski.pl\/wp-content\/uploads\/2017\/07\/KU178751.jpg\" alt=\"KU178751\" width=\"2736\" height=\"1824\" srcset=\"https:\/\/marekkuchcinski.pl\/wp-content\/uploads\/2017\/07\/KU178751.jpg 2048w, https:\/\/marekkuchcinski.pl\/wp-content\/uploads\/2017\/07\/KU178751-300x200.jpg 300w, https:\/\/marekkuchcinski.pl\/wp-content\/uploads\/2017\/07\/KU178751-768x512.jpg 768w, https:\/\/marekkuchcinski.pl\/wp-content\/uploads\/2017\/07\/KU178751-1024x683.jpg 1024w\" sizes=\"(max-width: 2736px) 100vw, 2736px\" \/><\/a><\/p>","protected":false},"excerpt":{"rendered":"<p>Przekazaniu prezydencji w Grupie Wyszehradzkiej W\u0119grom towarzyszy\u0142y znaki czasu, chrze\u015bcija\u0144ska symbolika, oddaj\u0105ca si\u0142\u0119 i warto\u015bci nie tylko naszych korzeni, ale te\u017c polsko-w\u0119gierskiej blisko\u015bci, wsp\u00f3lnej, nierozerwalnej historii. Otwieraj\u0105c wystaw\u0119 po\u015bwi\u0119con\u0105 \u015bwi\u0119temu W\u0142adys\u0142awowi, marsza\u0142ek Sejmu przypomnia\u0142, \u017ce do Europy \u015arodkowej chrze\u015bcija\u0144stwo dotar\u0142o w stuleciu poprzedzaj\u0105cym panowanie \u015bw. W\u0142adys\u0142awa, kiedy powstawa\u0142y nasze pa\u0144stwa: W\u0119gry i Polska, ale tak\u017ce [&hellip;]<\/p>\n","protected":false},"author":6,"featured_media":6871,"comment_status":"open","ping_status":"open","sticky":false,"template":"","format":"standard","meta":{"ngg_post_thumbnail":0,"footnotes":""},"categories":[50,3],"tags":[],"class_list":["post-6834","post","type-post","status-publish","format-standard","has-post-thumbnail","hentry","category-wspolpraca-miedzynarodowa","category-wydarzenia"],"_links":{"self":[{"href":"https:\/\/marekkuchcinski.pl\/ro\/wp-json\/wp\/v2\/posts\/6834","targetHints":{"allow":["GET"]}}],"collection":[{"href":"https:\/\/marekkuchcinski.pl\/ro\/wp-json\/wp\/v2\/posts"}],"about":[{"href":"https:\/\/marekkuchcinski.pl\/ro\/wp-json\/wp\/v2\/types\/post"}],"author":[{"embeddable":true,"href":"https:\/\/marekkuchcinski.pl\/ro\/wp-json\/wp\/v2\/users\/6"}],"replies":[{"embeddable":true,"href":"https:\/\/marekkuchcinski.pl\/ro\/wp-json\/wp\/v2\/comments?post=6834"}],"version-history":[{"count":6,"href":"https:\/\/marekkuchcinski.pl\/ro\/wp-json\/wp\/v2\/posts\/6834\/revisions"}],"predecessor-version":[{"id":6873,"href":"https:\/\/marekkuchcinski.pl\/ro\/wp-json\/wp\/v2\/posts\/6834\/revisions\/6873"}],"wp:featuredmedia":[{"embeddable":true,"href":"https:\/\/marekkuchcinski.pl\/ro\/wp-json\/wp\/v2\/media\/6871"}],"wp:attachment":[{"href":"https:\/\/marekkuchcinski.pl\/ro\/wp-json\/wp\/v2\/media?parent=6834"}],"wp:term":[{"taxonomy":"category","embeddable":true,"href":"https:\/\/marekkuchcinski.pl\/ro\/wp-json\/wp\/v2\/categories?post=6834"},{"taxonomy":"post_tag","embeddable":true,"href":"https:\/\/marekkuchcinski.pl\/ro\/wp-json\/wp\/v2\/tags?post=6834"}],"curies":[{"name":"wp","href":"https:\/\/api.w.org\/{rel}","templated":true}]}}