{"id":6770,"date":"2017-06-14T14:50:11","date_gmt":"2017-06-14T12:50:11","guid":{"rendered":"https:\/\/marekkuchcinski.pl\/?p=6770"},"modified":"2017-06-14T15:51:34","modified_gmt":"2017-06-14T13:51:34","slug":"77-rocznica-pierwszego-transportu-wiezniow-auschwitz","status":"publish","type":"post","link":"https:\/\/marekkuchcinski.pl\/ro\/wydarzenia\/77-rocznica-pierwszego-transportu-wiezniow-auschwitz\/","title":{"rendered":"77 de ani de la primul transport de prizonieri la Auschwitz"},"content":{"rendered":"<p>Cu ocazia Zilei na\u021bionale de comemorare a victimelor din lag\u0103rele de exterminare naziste germane, pre\u0219edintele Sejm, Marek Kuchci\u0144ski, a trimis o scrisoare organizatorilor \u0219i participan\u021bilor la ceremonie.<\/p>\n<p><a href=\"https:\/\/marekkuchcinski.pl\/wp-content\/uploads\/2017\/06\/auschwitz.jpg\"><img fetchpriority=\"high\" decoding=\"async\" class=\"alignnone wp-image-6775\" src=\"https:\/\/marekkuchcinski.pl\/wp-content\/uploads\/2017\/06\/auschwitz.jpg\" alt=\"auschwitz\" width=\"904\" height=\"1280\" srcset=\"https:\/\/marekkuchcinski.pl\/wp-content\/uploads\/2017\/06\/auschwitz.jpg 750w, https:\/\/marekkuchcinski.pl\/wp-content\/uploads\/2017\/06\/auschwitz-212x300.jpg 212w, https:\/\/marekkuchcinski.pl\/wp-content\/uploads\/2017\/06\/auschwitz-723x1024.jpg 723w\" sizes=\"(max-width: 904px) 100vw, 904px\" \/><\/a><\/p>\n<p><a href=\"https:\/\/marekkuchcinski.pl\/wp-content\/uploads\/2017\/06\/20090317_1899425209_3oHuCn6impHCVqcKHZpY.jpg\"><img decoding=\"async\" class=\"alignnone wp-image-6771\" src=\"https:\/\/marekkuchcinski.pl\/wp-content\/uploads\/2017\/06\/20090317_1899425209_3oHuCn6impHCVqcKHZpY.jpg\" alt=\"20090317_1899425209_3,oHuCn6impHCVqcKHZpY\" width=\"929\" height=\"696\" srcset=\"https:\/\/marekkuchcinski.pl\/wp-content\/uploads\/2017\/06\/20090317_1899425209_3oHuCn6impHCVqcKHZpY.jpg 650w, https:\/\/marekkuchcinski.pl\/wp-content\/uploads\/2017\/06\/20090317_1899425209_3oHuCn6impHCVqcKHZpY-300x225.jpg 300w\" sizes=\"(max-width: 929px) 100vw, 929px\" \/><\/a><\/p>\n<p><em>Rozariu f\u0103cut la Auschwitz din p\u00e2ine de de\u021binuta Franciszka Studzi\u0144ska. Colec\u021bia istoric\u0103 a Muzeului Auschwitz Birkenau<\/em><\/p>\n<h2 class=\"header-block\"><\/h2>","protected":false},"excerpt":{"rendered":"<p>Z okazji Narodowego Dnia Pami\u0119ci Ofiar Niemieckich Nazistowskich Oboz\u00f3w Zag\u0142ady marsza\u0142ek Sejmu Marek Kuchci\u0144ski przes\u0142a\u0142 list do organizator\u00f3w i uczestnik\u00f3w uroczysto\u015bci. R\u00f3\u017caniec wykonany w KL Auschwitz z chleba przez wi\u0119\u017aniark\u0119 Franciszk\u0119 Studzi\u0144sk\u0105.\u00a0Zbiory historyczne muzeum Auschwitz Birkenau<\/p>","protected":false},"author":6,"featured_media":6771,"comment_status":"open","ping_status":"open","sticky":false,"template":"","format":"standard","meta":{"ngg_post_thumbnail":0,"footnotes":""},"categories":[77,3],"tags":[],"class_list":["post-6770","post","type-post","status-publish","format-standard","has-post-thumbnail","hentry","category-wazne-daty","category-wydarzenia"],"_links":{"self":[{"href":"https:\/\/marekkuchcinski.pl\/ro\/wp-json\/wp\/v2\/posts\/6770","targetHints":{"allow":["GET"]}}],"collection":[{"href":"https:\/\/marekkuchcinski.pl\/ro\/wp-json\/wp\/v2\/posts"}],"about":[{"href":"https:\/\/marekkuchcinski.pl\/ro\/wp-json\/wp\/v2\/types\/post"}],"author":[{"embeddable":true,"href":"https:\/\/marekkuchcinski.pl\/ro\/wp-json\/wp\/v2\/users\/6"}],"replies":[{"embeddable":true,"href":"https:\/\/marekkuchcinski.pl\/ro\/wp-json\/wp\/v2\/comments?post=6770"}],"version-history":[{"count":3,"href":"https:\/\/marekkuchcinski.pl\/ro\/wp-json\/wp\/v2\/posts\/6770\/revisions"}],"predecessor-version":[{"id":6776,"href":"https:\/\/marekkuchcinski.pl\/ro\/wp-json\/wp\/v2\/posts\/6770\/revisions\/6776"}],"wp:featuredmedia":[{"embeddable":true,"href":"https:\/\/marekkuchcinski.pl\/ro\/wp-json\/wp\/v2\/media\/6771"}],"wp:attachment":[{"href":"https:\/\/marekkuchcinski.pl\/ro\/wp-json\/wp\/v2\/media?parent=6770"}],"wp:term":[{"taxonomy":"category","embeddable":true,"href":"https:\/\/marekkuchcinski.pl\/ro\/wp-json\/wp\/v2\/categories?post=6770"},{"taxonomy":"post_tag","embeddable":true,"href":"https:\/\/marekkuchcinski.pl\/ro\/wp-json\/wp\/v2\/tags?post=6770"}],"curies":[{"name":"wp","href":"https:\/\/api.w.org\/{rel}","templated":true}]}}