{"id":6589,"date":"2017-05-29T10:34:00","date_gmt":"2017-05-29T08:34:00","guid":{"rendered":"https:\/\/marekkuchcinski.pl\/?p=6589"},"modified":"2017-05-29T10:34:00","modified_gmt":"2017-05-29T08:34:00","slug":"dobra-zmiana-podkarpaciu","status":"publish","type":"post","link":"https:\/\/marekkuchcinski.pl\/ro\/wydarzenia\/dobra-zmiana-podkarpaciu\/","title":{"rendered":"Schimbare bun\u0103 \u00een Subcarpa\u021bi"},"content":{"rendered":"<p><strong>\u00cen cadrul unei \u00eent\u00e2lniri de ie\u0219ire din Strachocina, Clubul Parlamentar Lege \u0219i Justi\u021bie a luat m\u0103suri ferme pentru a accelera dezvoltarea regiunii Podkarpackie.<\/strong><\/p>\n<p>Programul partidului face apel la o dezvoltare durabil\u0103 \u0219i echilibrat\u0103 a Poloniei. Acesta include, \u00een primul r\u00e2nd:<\/p>\n<p>- m\u0103suri de cre\u0219tere a accesibilit\u0103\u021bii transporturilor \u00een regiunea Podkarpackie prin implementarea imediat\u0103 a investi\u021biilor rutiere \u0219i feroviare, de exemplu, Via Carpatia, dezvoltarea leg\u0103turilor de transport cu Slovacia sau a punctelor de trecere a frontierei cu Ucraina,<\/p>\n<p>- reconstruc\u021bia \u0219i dezvoltarea industriilor de petrol \u0219i gaze \u0219i de rafinare,<\/p>\n<p>- dezvoltarea agriculturii, \u00een special \u00een zonele muntoase \u0219i \u00eembun\u0103t\u0103\u021birea exploata\u021biilor agricole familiale,<\/p>\n<p>- implementarea rapid\u0103 a investi\u021biilor \u00een domeniul gestion\u0103rii apei \u0219i al protec\u021biei \u00eempotriva inunda\u021biilor prin construirea rezervorului K\u0105ty Myscowa,<\/p>\n<p>- lansarea infrastructurii sportive \u0219i turistice, \u00een primul r\u00e2nd \u00een Mun\u021bii Bieszczady, precum \u0219i dezvoltarea activit\u0103\u021bilor culturale \u0219i protejarea patrimoniului nostru na\u021bional,<\/p>\n<p>- s\u0103 intensifice activitatea de dezvoltare a Carpa\u021bilor \u0219i cooperarea interna\u021bional\u0103 \u00een jurul ideii de a face din aceast\u0103 regiune un centru turistic \u0219i cultural puternic \u00een Europa.<\/p>\n<p>Strachocina, unde s-a n\u0103scut Sf\u00e2ntul Andrei Bobola, patronul Poloniei, a fost vizitat\u0103, printre al\u021bii, de Marek Kuchci\u0144ski, pre\u0219edintele Sejm-ului, Ryszard Terlecki, pre\u0219edintele Comisiei pentru Lege \u0219i Justi\u021bie \u0219i vicepre\u0219edinte al Sejm-ului, Joachim Brudzi\u0144ski, pre\u0219edintele Partidului Lege \u0219i Justi\u021bie Jaros\u0142aw Kaczy\u0144ski.<\/p>\n<p>- Politicienii PiS se \u00eent\u00e2lnesc la Strachocina din 2005. Sf\u00e2ntul Andrzej Bobola este un sf\u00e2nt protector care protejeaz\u0103 foarte mult afacerile Poloniei - de aici \u0219i amintirea sa. \u0218i este bine c\u0103 exist\u0103 oameni \u00een Polonia care se str\u0103duiesc ca el s\u0103 fie recunoscut ca unul dintre cei mai importan\u021bi sfin\u021bi polonezi\", a declarat pre\u0219edintele Sejm-ului.<\/p>\n<p>Parlamentarii au participat \u0219i la o slujb\u0103 pentru unitatea patriei.<\/p>\n<p><a href=\"https:\/\/marekkuchcinski.pl\/wp-content\/uploads\/2017\/05\/DSC_0033.jpg\"><img fetchpriority=\"high\" decoding=\"async\" class=\"alignnone size-full wp-image-6590\" src=\"https:\/\/marekkuchcinski.pl\/wp-content\/uploads\/2017\/05\/DSC_0033.jpg\" alt=\"DSC_0033\" width=\"3008\" height=\"2000\" srcset=\"https:\/\/marekkuchcinski.pl\/wp-content\/uploads\/2017\/05\/DSC_0033.jpg 2048w, https:\/\/marekkuchcinski.pl\/wp-content\/uploads\/2017\/05\/DSC_0033-300x199.jpg 300w, https:\/\/marekkuchcinski.pl\/wp-content\/uploads\/2017\/05\/DSC_0033-768x511.jpg 768w, https:\/\/marekkuchcinski.pl\/wp-content\/uploads\/2017\/05\/DSC_0033-1024x681.jpg 1024w\" sizes=\"(max-width: 3008px) 100vw, 3008px\" \/><\/a> <a href=\"https:\/\/marekkuchcinski.pl\/wp-content\/uploads\/2017\/05\/DSC_0037.jpg\"><img decoding=\"async\" class=\"alignnone size-full wp-image-6591\" src=\"https:\/\/marekkuchcinski.pl\/wp-content\/uploads\/2017\/05\/DSC_0037.jpg\" alt=\"DSC_0037\" width=\"3008\" height=\"2000\" srcset=\"https:\/\/marekkuchcinski.pl\/wp-content\/uploads\/2017\/05\/DSC_0037.jpg 2048w, https:\/\/marekkuchcinski.pl\/wp-content\/uploads\/2017\/05\/DSC_0037-300x199.jpg 300w, https:\/\/marekkuchcinski.pl\/wp-content\/uploads\/2017\/05\/DSC_0037-768x511.jpg 768w, https:\/\/marekkuchcinski.pl\/wp-content\/uploads\/2017\/05\/DSC_0037-1024x681.jpg 1024w\" sizes=\"(max-width: 3008px) 100vw, 3008px\" \/><\/a> <a href=\"https:\/\/marekkuchcinski.pl\/wp-content\/uploads\/2017\/05\/DSC_0040.jpg\"><img decoding=\"async\" class=\"alignnone size-full wp-image-6592\" src=\"https:\/\/marekkuchcinski.pl\/wp-content\/uploads\/2017\/05\/DSC_0040.jpg\" alt=\"DSC_0040\" width=\"3008\" height=\"2000\" srcset=\"https:\/\/marekkuchcinski.pl\/wp-content\/uploads\/2017\/05\/DSC_0040.jpg 2048w, https:\/\/marekkuchcinski.pl\/wp-content\/uploads\/2017\/05\/DSC_0040-300x199.jpg 300w, https:\/\/marekkuchcinski.pl\/wp-content\/uploads\/2017\/05\/DSC_0040-768x511.jpg 768w, https:\/\/marekkuchcinski.pl\/wp-content\/uploads\/2017\/05\/DSC_0040-1024x681.jpg 1024w\" sizes=\"(max-width: 3008px) 100vw, 3008px\" \/><\/a> <a href=\"https:\/\/marekkuchcinski.pl\/wp-content\/uploads\/2017\/05\/DSC_0045.jpg\"><img loading=\"lazy\" decoding=\"async\" class=\"alignnone size-full wp-image-6594\" src=\"https:\/\/marekkuchcinski.pl\/wp-content\/uploads\/2017\/05\/DSC_0045.jpg\" alt=\"DSC_0045\" width=\"3008\" height=\"2000\" srcset=\"https:\/\/marekkuchcinski.pl\/wp-content\/uploads\/2017\/05\/DSC_0045.jpg 2048w, https:\/\/marekkuchcinski.pl\/wp-content\/uploads\/2017\/05\/DSC_0045-300x199.jpg 300w, https:\/\/marekkuchcinski.pl\/wp-content\/uploads\/2017\/05\/DSC_0045-768x511.jpg 768w, https:\/\/marekkuchcinski.pl\/wp-content\/uploads\/2017\/05\/DSC_0045-1024x681.jpg 1024w\" sizes=\"(max-width: 3008px) 100vw, 3008px\" \/><\/a> <a href=\"https:\/\/marekkuchcinski.pl\/wp-content\/uploads\/2017\/05\/DSC_0048.jpg\"><img loading=\"lazy\" decoding=\"async\" class=\"alignnone size-full wp-image-6596\" src=\"https:\/\/marekkuchcinski.pl\/wp-content\/uploads\/2017\/05\/DSC_0048.jpg\" alt=\"DSC_0048\" width=\"3008\" height=\"2000\" srcset=\"https:\/\/marekkuchcinski.pl\/wp-content\/uploads\/2017\/05\/DSC_0048.jpg 2048w, https:\/\/marekkuchcinski.pl\/wp-content\/uploads\/2017\/05\/DSC_0048-300x199.jpg 300w, https:\/\/marekkuchcinski.pl\/wp-content\/uploads\/2017\/05\/DSC_0048-768x511.jpg 768w, https:\/\/marekkuchcinski.pl\/wp-content\/uploads\/2017\/05\/DSC_0048-1024x681.jpg 1024w\" sizes=\"(max-width: 3008px) 100vw, 3008px\" \/><\/a><\/p>","protected":false},"excerpt":{"rendered":"<p>Podczas wyjazdowego spotkania w Strachocinie Klub Parlamentarny Prawo i Sprawiedliwo\u015b\u0107 podj\u0105\u0142 stanowcze kroki maj\u0105ce przyspieszy\u0107 rozw\u00f3j Podkarpacia. Program partii zak\u0142ada zr\u00f3wnowa\u017cony i r\u00f3wnomierny rozw\u00f3j Polski. Wpisuj\u0105 si\u0119 w niego przede wszystkim: \u2013 dzia\u0142ania na rzecz zwi\u0119kszenia dost\u0119pno\u015bci komunikacyjnej Podkarpacia poprzez niezw\u0142oczn\u0105 realizacj\u0119 inwestycji drogowych i kolejowych, m.in. Via Carpatia, rozw\u00f3j po\u0142\u0105cze\u0144 komunikacyjnych ze S\u0142owacj\u0105 czy [&hellip;]<\/p>\n","protected":false},"author":6,"featured_media":6602,"comment_status":"open","ping_status":"open","sticky":false,"template":"","format":"standard","meta":{"ngg_post_thumbnail":0,"footnotes":""},"categories":[49,3],"tags":[],"class_list":["post-6589","post","type-post","status-publish","format-standard","has-post-thumbnail","hentry","category-podkarpacie","category-wydarzenia"],"_links":{"self":[{"href":"https:\/\/marekkuchcinski.pl\/ro\/wp-json\/wp\/v2\/posts\/6589","targetHints":{"allow":["GET"]}}],"collection":[{"href":"https:\/\/marekkuchcinski.pl\/ro\/wp-json\/wp\/v2\/posts"}],"about":[{"href":"https:\/\/marekkuchcinski.pl\/ro\/wp-json\/wp\/v2\/types\/post"}],"author":[{"embeddable":true,"href":"https:\/\/marekkuchcinski.pl\/ro\/wp-json\/wp\/v2\/users\/6"}],"replies":[{"embeddable":true,"href":"https:\/\/marekkuchcinski.pl\/ro\/wp-json\/wp\/v2\/comments?post=6589"}],"version-history":[{"count":1,"href":"https:\/\/marekkuchcinski.pl\/ro\/wp-json\/wp\/v2\/posts\/6589\/revisions"}],"predecessor-version":[{"id":6603,"href":"https:\/\/marekkuchcinski.pl\/ro\/wp-json\/wp\/v2\/posts\/6589\/revisions\/6603"}],"wp:featuredmedia":[{"embeddable":true,"href":"https:\/\/marekkuchcinski.pl\/ro\/wp-json\/wp\/v2\/media\/6602"}],"wp:attachment":[{"href":"https:\/\/marekkuchcinski.pl\/ro\/wp-json\/wp\/v2\/media?parent=6589"}],"wp:term":[{"taxonomy":"category","embeddable":true,"href":"https:\/\/marekkuchcinski.pl\/ro\/wp-json\/wp\/v2\/categories?post=6589"},{"taxonomy":"post_tag","embeddable":true,"href":"https:\/\/marekkuchcinski.pl\/ro\/wp-json\/wp\/v2\/tags?post=6589"}],"curies":[{"name":"wp","href":"https:\/\/api.w.org\/{rel}","templated":true}]}}