{"id":6368,"date":"2017-05-11T23:00:23","date_gmt":"2017-05-11T21:00:23","guid":{"rendered":"https:\/\/marekkuchcinski.pl\/?p=6368"},"modified":"2017-05-12T10:36:42","modified_gmt":"2017-05-12T08:36:42","slug":"41-posiedzenie-sejmu","status":"publish","type":"post","link":"https:\/\/marekkuchcinski.pl\/ro\/wiesci-z-sejmu\/41-posiedzenie-sejmu\/","title":{"rendered":"Cea de-a 41-a \u0219edin\u021b\u0103 a Sejm-ului"},"content":{"rendered":"<p dir=\"ltr\">Un bloc de voturi \u00een care eurodeputa\u021bii au decis, printre altele, includerea vame\u0219ilor \u00een sistemul de pensii \u00een uniform\u0103 a fost principalul punct al celei de-a doua zile a celei de-a 41-a \u0219edin\u021be. Alte detalii privind lucr\u0103rile de ast\u0103zi ale Parlamentului sunt prezentate mai jos. Urm\u0103toarea \u0219edin\u021b\u0103, cea de-a 42-a, este programat\u0103 pentru 24 mai.<\/p>\n<p dir=\"ltr\">Sejm-ul a \u00eenceput ast\u0103zi lucr\u0103rile asupra proiectului de modificare a Legii privind promovarea ocup\u0103rii for\u021bei de munc\u0103 \u0219i a institu\u021biilor de pe pia\u021ba muncii \u0219i a altor acte legislative (nr. tip\u0103rit 1494), propus de guvern. Acesta stabile\u0219te noi norme pentru admiterea str\u0103inilor care doresc s\u0103 presteze munc\u0103 sezonier\u0103 \u0219i pe termen scurt \u00een Polonia. De asemenea, creeaz\u0103 baza pentru schimbul de date \u00eentre birouri cu privire la prestarea de munc\u0103 de c\u0103tre str\u0103ini. Proiectul a fost justificat de Stanis\u0142aw Szwed, secretar de stat la Ministerul Familiei, Muncii \u0219i Politicii Sociale. \u00cen cadrul discu\u021biei, s-a propus retrimiterea proiectului la Comisia pentru agricultur\u0103 \u0219i dezvoltare rural\u0103 pentru o analiz\u0103 suplimentar\u0103. Deputa\u021bii europeni vor lua o decizie \u00een acest sens prin vot.<\/p>\n<p dir=\"ltr\"><strong>Sejm-ul a adoptat dou\u0103 rezolu\u021bii<\/strong><\/p>\n<p dir=\"ltr\">Prin aclama\u021bie, deputa\u021bii europeni au adoptat o rezolu\u021bie cu ocazia celei de-a patruzecea anivers\u0103ri a Comitetului de Solidaritate Studen\u021beasc\u0103 din Cracovia.<\/p>\n<p dir=\"ltr\">De asemenea, deputa\u021bii europeni au adoptat o rezolu\u021bie prin care declar\u0103 proiectul de regulament al Parlamentului European \u0219i al Consiliului privind pia\u021ba intern\u0103 a energiei electrice (versiunea reformat\u0103) ca fiind incompatibil cu principiul subsidiarit\u0103\u021bii.<\/p>\n<p dir=\"ltr\"><strong>Legi adoptate de Sejm<\/strong><\/p>\n<p dir=\"ltr\">Sejm-ul a adoptat modific\u0103ri la Legea privind \u0218coala Na\u021bional\u0103 de Magistratur\u0103 \u0219i Procuratur\u0103, la Legea privind sistemul instan\u021belor comune \u0219i la alte c\u00e2teva acte. Noile dispozi\u021bii prev\u0103d recrutarea \u00een func\u021bia public\u0103 \u00een sistemul judiciar pe baza unui criteriu obiectivat, \u0219i anume un examen. Ace\u0219tia restituie \u0218colii Na\u021bionale competen\u021ba deplin\u0103 de a organiza cursul de formare judiciar\u0103, inclusiv organizarea de stagii. Stagiul de formare judiciar\u0103 la \u0218coala Na\u021bional\u0103 de Magistratur\u0103 \u0219i Parchet va fi principala cale de acces la profesia de judec\u0103tor. Absolven\u021bii cu cele mai bune note vor avea prioritate la depunerea candidaturilor pentru posturile de evaluator \u0219i judec\u0103tor. Proiectul de lege va fi acum examinat de Senat.<\/p>\n<p dir=\"ltr\">Deputa\u021bii au decis, de asemenea, s\u0103 includ\u0103 \u0219i vame\u0219ii \u00een sistemul de pensii \u00een uniform\u0103. Acesta este obiectivul principal al modific\u0103rii Legii privind pensiile pentru ofi\u021berii de poli\u021bie, Agen\u021bia de Securitate Intern\u0103, Agen\u021bia de Informa\u021bii, Serviciul de Contrainforma\u021bii Militare, Serviciul de Informa\u021bii Militare, Biroul Central Anticorup\u021bie, Poli\u021bia de Frontier\u0103, Biroul de Protec\u021bie a Guvernului, Serviciul de Stat de Pompieri \u0219i Serviciul Penitenciar \u0219i familiile acestora, precum \u0219i a altor acte adoptate ast\u0103zi. Noua legisla\u021bie pune \u00een aplicare hot\u0103r\u00e2rea K39\/13 a Tribunalului Constitu\u021bional din 3 martie 2015, care a declarat neconstitu\u021bional tratamentul diferit al ofi\u021berilor SC \u00een compara\u021bie cu alte servicii \u00een uniform\u0103. Legea va fi supus\u0103 acum activit\u0103\u021bii Senatului.<\/p>\n<p dir=\"ltr\"><strong>Legi trimise pre\u0219edintelui spre semnare<\/strong><\/p>\n<p dir=\"ltr\">Modific\u0103rile aduse Legii privind sistemul de asigur\u0103ri sociale \u0219i Codului muncii prev\u0103d c\u0103 fiecare pl\u0103titor va avea un cont individual de contribu\u021bii \u00een care va pl\u0103ti toate taxele ZUS. Acest lucru \u00eenseamn\u0103 c\u0103 va face o singur\u0103 plat\u0103 \u00een loc de trei sau patru, cum era p\u00e2n\u0103 acum. Se a\u0219teapt\u0103 ca aceast\u0103 schimbare s\u0103 afecteze aproape \u0219apte milioane de pl\u0103titori de prime. O singur\u0103 plat\u0103 c\u0103tre ZUS va \u00eenlocui contribu\u021biile existente pentru: Asigur\u0103ri sociale, asigur\u0103ri de s\u0103n\u0103tate, Fondul de munc\u0103 \u0219i Fondul de beneficii garantate pentru angaja\u021bi, precum \u0219i Fondul de pensii de tranzi\u021bie.<\/p>\n<p dir=\"ltr\">Modificarea Legii privind conservarea naturii introduce dispozi\u021bii care vor oferi posibilitatea de a verifica dac\u0103 t\u0103ierea de arbori \u0219i arbu\u0219ti a fost efectuat\u0103 \u00een scopuri neprofesionale. Conform amendamentului, t\u0103ierea trebuie s\u0103 fac\u0103 obiectul unei notific\u0103ri, iar proprietatea \u00een sine nu va putea fi utilizat\u0103 \u00een scopuri comerciale pentru o perioad\u0103 de cinci ani de la notificare.<\/p>\n<p dir=\"ltr\">Legea privind auditorii statutari, firmele de audit \u0219i supravegherea public\u0103, care aliniaz\u0103 sistemul juridic polonez la reglement\u0103rile UE privind auditul \u0219i situa\u021biile financiare.<\/p>\n<p dir=\"ltr\"><strong>Informa\u021bii actuale \u0219i \u00eentreb\u0103ri pe teme de actualitate<\/strong><\/p>\n<p dir=\"ltr\">\u00cen ultima zi a sesiunii, eurodeputa\u021bii au audiat, la solicitarea clubului PO, informa\u021bii de la Guvern cu privire la un nou proiect de act normativ al Ministerului Educa\u021biei Na\u021bionale privind renun\u021barea la posibilitatea de predare individual\u0103 \u00een gr\u0103dini\u021be \u0219i \u0219coli. Acesta a fost prezentat de secretarul de stat la Ministerul Educa\u021biei Na\u021bionale, Marzena Macha\u0142ek. De asemenea, deputa\u021bii au adresat mini\u0219trilor \u00eentreb\u0103ri referitoare la subiecte de actualitate. Printre acestea se num\u0103r\u0103: construc\u021bia autostr\u0103zii A2 \u00een estul Poloniei \u0219i modific\u0103ri ale legisla\u021biei privind protec\u021bia datelor cu caracter personal.<\/p>\n<p dir=\"ltr\">Urm\u0103toarea \u0219edin\u021b\u0103 a celui de-al 42-lea Sejm este programat\u0103 pentru perioada 24-26 mai anul curent.<\/p>\n<p><a href=\"https:\/\/marekkuchcinski.pl\/wp-content\/uploads\/2017\/05\/RZ__2008.jpg\"><img fetchpriority=\"high\" decoding=\"async\" class=\"alignnone size-full wp-image-6369\" src=\"https:\/\/marekkuchcinski.pl\/wp-content\/uploads\/2017\/05\/RZ__2008.jpg\" alt=\"RZ__2008\" width=\"3360\" height=\"2240\" srcset=\"https:\/\/marekkuchcinski.pl\/wp-content\/uploads\/2017\/05\/RZ__2008.jpg 2048w, https:\/\/marekkuchcinski.pl\/wp-content\/uploads\/2017\/05\/RZ__2008-300x200.jpg 300w, https:\/\/marekkuchcinski.pl\/wp-content\/uploads\/2017\/05\/RZ__2008-768x512.jpg 768w, https:\/\/marekkuchcinski.pl\/wp-content\/uploads\/2017\/05\/RZ__2008-1024x683.jpg 1024w\" sizes=\"(max-width: 3360px) 100vw, 3360px\" \/><\/a><\/p>","protected":false},"excerpt":{"rendered":"<p>Blok g\u0142osowa\u0144, w kt\u00f3rym pos\u0142owie zdecydowali m.in. o w\u0142\u0105czeniu celnik\u00f3w do systemu emerytur mundurowych to g\u0142\u00f3wny punkt drugiego dnia obrad 41. posiedzenia. Pozosta\u0142e szczeg\u00f3\u0142y dzisiejszych prac Izby przedstawiamy poni\u017cej. Nast\u0119pne, 42. posiedzenie, zaplanowano na 24 maja. Sejm rozpocz\u0105\u0142 dzi\u015b prace nad rz\u0105dowym projektem nowelizacji ustawy o promocji zatrudnienia i instytucjach rynku pracy oraz niekt\u00f3rych innych [&hellip;]<\/p>","protected":false},"author":6,"featured_media":6369,"comment_status":"open","ping_status":"open","sticky":false,"template":"","format":"standard","meta":{"ngg_post_thumbnail":0,"footnotes":""},"categories":[81],"tags":[],"class_list":["post-6368","post","type-post","status-publish","format-standard","has-post-thumbnail","hentry","category-wiesci-z-sejmu"],"yoast_head":"<!-- This site is optimized with the Yoast SEO plugin v24.7 - https:\/\/yoast.com\/wordpress\/plugins\/seo\/ -->\n<title>41. posiedzenie Sejmu &#8211; Marek Kuchci\u0144ski<\/title>\n<meta name=\"robots\" content=\"index, follow, max-snippet:-1, max-image-preview:large, max-video-preview:-1\" \/>\n<link rel=\"canonical\" href=\"https:\/\/marekkuchcinski.pl\/ro\/wiesci-z-sejmu\/41-posiedzenie-sejmu\/\" \/>\n<meta property=\"og:locale\" content=\"ro_RO\" \/>\n<meta property=\"og:type\" content=\"article\" \/>\n<meta property=\"og:title\" content=\"41. posiedzenie Sejmu &#8211; Marek Kuchci\u0144ski\" \/>\n<meta property=\"og:description\" content=\"Blok g\u0142osowa\u0144, w kt\u00f3rym pos\u0142owie zdecydowali m.in. o w\u0142\u0105czeniu celnik\u00f3w do systemu emerytur mundurowych to g\u0142\u00f3wny punkt drugiego dnia obrad 41. posiedzenia. Pozosta\u0142e szczeg\u00f3\u0142y dzisiejszych prac Izby przedstawiamy poni\u017cej. Nast\u0119pne, 42. posiedzenie, zaplanowano na 24 maja. Sejm rozpocz\u0105\u0142 dzi\u015b prace nad rz\u0105dowym projektem nowelizacji ustawy o promocji zatrudnienia i instytucjach rynku pracy oraz niekt\u00f3rych innych [&hellip;]\" \/>\n<meta property=\"og:url\" content=\"https:\/\/marekkuchcinski.pl\/ro\/wiesci-z-sejmu\/41-posiedzenie-sejmu\/\" \/>\n<meta property=\"og:site_name\" content=\"Marek Kuchci\u0144ski\" \/>\n<meta property=\"article:published_time\" content=\"2017-05-11T21:00:23+00:00\" \/>\n<meta property=\"article:modified_time\" content=\"2017-05-12T08:36:42+00:00\" \/>\n<meta property=\"og:image\" content=\"https:\/\/marekkuchcinski.pl\/wp-content\/uploads\/2017\/05\/RZ__2008.jpg\" \/>\n\t<meta property=\"og:image:width\" content=\"2048\" \/>\n\t<meta property=\"og:image:height\" content=\"1365\" \/>\n\t<meta property=\"og:image:type\" content=\"image\/jpeg\" \/>\n<meta name=\"author\" content=\"admin\" \/>\n<meta name=\"twitter:card\" content=\"summary_large_image\" \/>\n<meta name=\"twitter:label1\" content=\"Scris de\" \/>\n\t<meta name=\"twitter:data1\" content=\"admin\" \/>\n\t<meta name=\"twitter:label2\" content=\"Timp estimat pentru citire\" \/>\n\t<meta name=\"twitter:data2\" content=\"4 minutes\" \/>\n<script type=\"application\/ld+json\" class=\"yoast-schema-graph\">{\"@context\":\"https:\/\/schema.org\",\"@graph\":[{\"@type\":\"Article\",\"@id\":\"https:\/\/marekkuchcinski.pl\/hu\/wiesci-z-sejmu\/41-posiedzenie-sejmu\/#article\",\"isPartOf\":{\"@id\":\"https:\/\/marekkuchcinski.pl\/hu\/wiesci-z-sejmu\/41-posiedzenie-sejmu\/\"},\"author\":{\"name\":\"admin\",\"@id\":\"https:\/\/marekkuchcinski.pl\/#\/schema\/person\/6f62700996b4d950b6ea2d1183b6c6be\"},\"headline\":\"41. posiedzenie Sejmu\",\"datePublished\":\"2017-05-11T21:00:23+00:00\",\"dateModified\":\"2017-05-12T08:36:42+00:00\",\"mainEntityOfPage\":{\"@id\":\"https:\/\/marekkuchcinski.pl\/hu\/wiesci-z-sejmu\/41-posiedzenie-sejmu\/\"},\"wordCount\":703,\"commentCount\":0,\"publisher\":{\"@id\":\"https:\/\/marekkuchcinski.pl\/#organization\"},\"image\":{\"@id\":\"https:\/\/marekkuchcinski.pl\/hu\/wiesci-z-sejmu\/41-posiedzenie-sejmu\/#primaryimage\"},\"thumbnailUrl\":\"https:\/\/marekkuchcinski.pl\/wp-content\/uploads\/2017\/05\/RZ__2008.jpg\",\"articleSection\":[\"Wie\u015bci z Sejmu\"],\"inLanguage\":\"ro-RO\",\"potentialAction\":[{\"@type\":\"CommentAction\",\"name\":\"Comment\",\"target\":[\"https:\/\/marekkuchcinski.pl\/hu\/wiesci-z-sejmu\/41-posiedzenie-sejmu\/#respond\"]}]},{\"@type\":\"WebPage\",\"@id\":\"https:\/\/marekkuchcinski.pl\/hu\/wiesci-z-sejmu\/41-posiedzenie-sejmu\/\",\"url\":\"https:\/\/marekkuchcinski.pl\/hu\/wiesci-z-sejmu\/41-posiedzenie-sejmu\/\",\"name\":\"41. posiedzenie Sejmu &#8211; Marek Kuchci\u0144ski\",\"isPartOf\":{\"@id\":\"https:\/\/marekkuchcinski.pl\/#website\"},\"primaryImageOfPage\":{\"@id\":\"https:\/\/marekkuchcinski.pl\/hu\/wiesci-z-sejmu\/41-posiedzenie-sejmu\/#primaryimage\"},\"image\":{\"@id\":\"https:\/\/marekkuchcinski.pl\/hu\/wiesci-z-sejmu\/41-posiedzenie-sejmu\/#primaryimage\"},\"thumbnailUrl\":\"https:\/\/marekkuchcinski.pl\/wp-content\/uploads\/2017\/05\/RZ__2008.jpg\",\"datePublished\":\"2017-05-11T21:00:23+00:00\",\"dateModified\":\"2017-05-12T08:36:42+00:00\",\"breadcrumb\":{\"@id\":\"https:\/\/marekkuchcinski.pl\/hu\/wiesci-z-sejmu\/41-posiedzenie-sejmu\/#breadcrumb\"},\"inLanguage\":\"ro-RO\",\"potentialAction\":[{\"@type\":\"ReadAction\",\"target\":[\"https:\/\/marekkuchcinski.pl\/hu\/wiesci-z-sejmu\/41-posiedzenie-sejmu\/\"]}]},{\"@type\":\"ImageObject\",\"inLanguage\":\"ro-RO\",\"@id\":\"https:\/\/marekkuchcinski.pl\/hu\/wiesci-z-sejmu\/41-posiedzenie-sejmu\/#primaryimage\",\"url\":\"https:\/\/marekkuchcinski.pl\/wp-content\/uploads\/2017\/05\/RZ__2008.jpg\",\"contentUrl\":\"https:\/\/marekkuchcinski.pl\/wp-content\/uploads\/2017\/05\/RZ__2008.jpg\",\"width\":2048,\"height\":1365},{\"@type\":\"BreadcrumbList\",\"@id\":\"https:\/\/marekkuchcinski.pl\/hu\/wiesci-z-sejmu\/41-posiedzenie-sejmu\/#breadcrumb\",\"itemListElement\":[{\"@type\":\"ListItem\",\"position\":1,\"name\":\"Strona g\u0142\u00f3wna\",\"item\":\"https:\/\/marekkuchcinski.pl\/\"},{\"@type\":\"ListItem\",\"position\":2,\"name\":\"41. posiedzenie Sejmu\"}]},{\"@type\":\"WebSite\",\"@id\":\"https:\/\/marekkuchcinski.pl\/#website\",\"url\":\"https:\/\/marekkuchcinski.pl\/\",\"name\":\"Marek Kuchci\u0144ski\",\"description\":\"Pose\u0142 na sejm RP &ndash; okr\u0119g nr 22\",\"publisher\":{\"@id\":\"https:\/\/marekkuchcinski.pl\/#organization\"},\"potentialAction\":[{\"@type\":\"SearchAction\",\"target\":{\"@type\":\"EntryPoint\",\"urlTemplate\":\"https:\/\/marekkuchcinski.pl\/?s={search_term_string}\"},\"query-input\":{\"@type\":\"PropertyValueSpecification\",\"valueRequired\":true,\"valueName\":\"search_term_string\"}}],\"inLanguage\":\"ro-RO\"},{\"@type\":\"Organization\",\"@id\":\"https:\/\/marekkuchcinski.pl\/#organization\",\"name\":\"Marek Kuchci\u0144ski\",\"url\":\"https:\/\/marekkuchcinski.pl\/\",\"logo\":{\"@type\":\"ImageObject\",\"inLanguage\":\"ro-RO\",\"@id\":\"https:\/\/marekkuchcinski.pl\/#\/schema\/logo\/image\/\",\"url\":\"https:\/\/marekkuchcinski.pl\/wp-content\/uploads\/2022\/09\/Marek.jpg\",\"contentUrl\":\"https:\/\/marekkuchcinski.pl\/wp-content\/uploads\/2022\/09\/Marek.jpg\",\"width\":1600,\"height\":971,\"caption\":\"Marek Kuchci\u0144ski\"},\"image\":{\"@id\":\"https:\/\/marekkuchcinski.pl\/#\/schema\/logo\/image\/\"}},{\"@type\":\"Person\",\"@id\":\"https:\/\/marekkuchcinski.pl\/#\/schema\/person\/6f62700996b4d950b6ea2d1183b6c6be\",\"name\":\"admin\",\"image\":{\"@type\":\"ImageObject\",\"inLanguage\":\"ro-RO\",\"@id\":\"https:\/\/marekkuchcinski.pl\/#\/schema\/person\/image\/\",\"url\":\"https:\/\/secure.gravatar.com\/avatar\/4bab693b9d55c3d6b52c0296a8765085?s=96&d=mm&r=g\",\"contentUrl\":\"https:\/\/secure.gravatar.com\/avatar\/4bab693b9d55c3d6b52c0296a8765085?s=96&d=mm&r=g\",\"caption\":\"admin\"},\"url\":\"https:\/\/marekkuchcinski.pl\/ro\/author\/marta-olejnik\/\"}]}<\/script>\n<!-- \/ Yoast SEO plugin. -->","yoast_head_json":{"title":"41. posiedzenie Sejmu &#8211; Marek Kuchci\u0144ski","robots":{"index":"index","follow":"follow","max-snippet":"max-snippet:-1","max-image-preview":"max-image-preview:large","max-video-preview":"max-video-preview:-1"},"canonical":"https:\/\/marekkuchcinski.pl\/ro\/wiesci-z-sejmu\/41-posiedzenie-sejmu\/","og_locale":"ro_RO","og_type":"article","og_title":"41. posiedzenie Sejmu &#8211; Marek Kuchci\u0144ski","og_description":"Blok g\u0142osowa\u0144, w kt\u00f3rym pos\u0142owie zdecydowali m.in. o w\u0142\u0105czeniu celnik\u00f3w do systemu emerytur mundurowych to g\u0142\u00f3wny punkt drugiego dnia obrad 41. posiedzenia. Pozosta\u0142e szczeg\u00f3\u0142y dzisiejszych prac Izby przedstawiamy poni\u017cej. Nast\u0119pne, 42. posiedzenie, zaplanowano na 24 maja. Sejm rozpocz\u0105\u0142 dzi\u015b prace nad rz\u0105dowym projektem nowelizacji ustawy o promocji zatrudnienia i instytucjach rynku pracy oraz niekt\u00f3rych innych [&hellip;]","og_url":"https:\/\/marekkuchcinski.pl\/ro\/wiesci-z-sejmu\/41-posiedzenie-sejmu\/","og_site_name":"Marek Kuchci\u0144ski","article_published_time":"2017-05-11T21:00:23+00:00","article_modified_time":"2017-05-12T08:36:42+00:00","og_image":[{"width":2048,"height":1365,"url":"https:\/\/marekkuchcinski.pl\/wp-content\/uploads\/2017\/05\/RZ__2008.jpg","type":"image\/jpeg"}],"author":"admin","twitter_card":"summary_large_image","twitter_misc":{"Scris de":"admin","Timp estimat pentru citire":"4 minutes"},"schema":{"@context":"https:\/\/schema.org","@graph":[{"@type":"Article","@id":"https:\/\/marekkuchcinski.pl\/hu\/wiesci-z-sejmu\/41-posiedzenie-sejmu\/#article","isPartOf":{"@id":"https:\/\/marekkuchcinski.pl\/hu\/wiesci-z-sejmu\/41-posiedzenie-sejmu\/"},"author":{"name":"admin","@id":"https:\/\/marekkuchcinski.pl\/#\/schema\/person\/6f62700996b4d950b6ea2d1183b6c6be"},"headline":"41. posiedzenie Sejmu","datePublished":"2017-05-11T21:00:23+00:00","dateModified":"2017-05-12T08:36:42+00:00","mainEntityOfPage":{"@id":"https:\/\/marekkuchcinski.pl\/hu\/wiesci-z-sejmu\/41-posiedzenie-sejmu\/"},"wordCount":703,"commentCount":0,"publisher":{"@id":"https:\/\/marekkuchcinski.pl\/#organization"},"image":{"@id":"https:\/\/marekkuchcinski.pl\/hu\/wiesci-z-sejmu\/41-posiedzenie-sejmu\/#primaryimage"},"thumbnailUrl":"https:\/\/marekkuchcinski.pl\/wp-content\/uploads\/2017\/05\/RZ__2008.jpg","articleSection":["Wie\u015bci z Sejmu"],"inLanguage":"ro-RO","potentialAction":[{"@type":"CommentAction","name":"Comment","target":["https:\/\/marekkuchcinski.pl\/hu\/wiesci-z-sejmu\/41-posiedzenie-sejmu\/#respond"]}]},{"@type":"WebPage","@id":"https:\/\/marekkuchcinski.pl\/hu\/wiesci-z-sejmu\/41-posiedzenie-sejmu\/","url":"https:\/\/marekkuchcinski.pl\/hu\/wiesci-z-sejmu\/41-posiedzenie-sejmu\/","name":"41. posiedzenie Sejmu &#8211; Marek Kuchci\u0144ski","isPartOf":{"@id":"https:\/\/marekkuchcinski.pl\/#website"},"primaryImageOfPage":{"@id":"https:\/\/marekkuchcinski.pl\/hu\/wiesci-z-sejmu\/41-posiedzenie-sejmu\/#primaryimage"},"image":{"@id":"https:\/\/marekkuchcinski.pl\/hu\/wiesci-z-sejmu\/41-posiedzenie-sejmu\/#primaryimage"},"thumbnailUrl":"https:\/\/marekkuchcinski.pl\/wp-content\/uploads\/2017\/05\/RZ__2008.jpg","datePublished":"2017-05-11T21:00:23+00:00","dateModified":"2017-05-12T08:36:42+00:00","breadcrumb":{"@id":"https:\/\/marekkuchcinski.pl\/hu\/wiesci-z-sejmu\/41-posiedzenie-sejmu\/#breadcrumb"},"inLanguage":"ro-RO","potentialAction":[{"@type":"ReadAction","target":["https:\/\/marekkuchcinski.pl\/hu\/wiesci-z-sejmu\/41-posiedzenie-sejmu\/"]}]},{"@type":"ImageObject","inLanguage":"ro-RO","@id":"https:\/\/marekkuchcinski.pl\/hu\/wiesci-z-sejmu\/41-posiedzenie-sejmu\/#primaryimage","url":"https:\/\/marekkuchcinski.pl\/wp-content\/uploads\/2017\/05\/RZ__2008.jpg","contentUrl":"https:\/\/marekkuchcinski.pl\/wp-content\/uploads\/2017\/05\/RZ__2008.jpg","width":2048,"height":1365},{"@type":"BreadcrumbList","@id":"https:\/\/marekkuchcinski.pl\/hu\/wiesci-z-sejmu\/41-posiedzenie-sejmu\/#breadcrumb","itemListElement":[{"@type":"ListItem","position":1,"name":"Strona g\u0142\u00f3wna","item":"https:\/\/marekkuchcinski.pl\/"},{"@type":"ListItem","position":2,"name":"41. posiedzenie Sejmu"}]},{"@type":"WebSite","@id":"https:\/\/marekkuchcinski.pl\/#website","url":"https:\/\/marekkuchcinski.pl\/","name":"Marek Kuchci\u0144ski","description":"Pose\u0142 na sejm RP &ndash; okr\u0119g nr 22","publisher":{"@id":"https:\/\/marekkuchcinski.pl\/#organization"},"potentialAction":[{"@type":"SearchAction","target":{"@type":"EntryPoint","urlTemplate":"https:\/\/marekkuchcinski.pl\/?s={search_term_string}"},"query-input":{"@type":"PropertyValueSpecification","valueRequired":true,"valueName":"search_term_string"}}],"inLanguage":"ro-RO"},{"@type":"Organization","@id":"https:\/\/marekkuchcinski.pl\/#organization","name":"Marek Kuchci\u0144ski","url":"https:\/\/marekkuchcinski.pl\/","logo":{"@type":"ImageObject","inLanguage":"ro-RO","@id":"https:\/\/marekkuchcinski.pl\/#\/schema\/logo\/image\/","url":"https:\/\/marekkuchcinski.pl\/wp-content\/uploads\/2022\/09\/Marek.jpg","contentUrl":"https:\/\/marekkuchcinski.pl\/wp-content\/uploads\/2022\/09\/Marek.jpg","width":1600,"height":971,"caption":"Marek Kuchci\u0144ski"},"image":{"@id":"https:\/\/marekkuchcinski.pl\/#\/schema\/logo\/image\/"}},{"@type":"Person","@id":"https:\/\/marekkuchcinski.pl\/#\/schema\/person\/6f62700996b4d950b6ea2d1183b6c6be","name":"admin","image":{"@type":"ImageObject","inLanguage":"ro-RO","@id":"https:\/\/marekkuchcinski.pl\/#\/schema\/person\/image\/","url":"https:\/\/secure.gravatar.com\/avatar\/4bab693b9d55c3d6b52c0296a8765085?s=96&d=mm&r=g","contentUrl":"https:\/\/secure.gravatar.com\/avatar\/4bab693b9d55c3d6b52c0296a8765085?s=96&d=mm&r=g","caption":"admin"},"url":"https:\/\/marekkuchcinski.pl\/ro\/author\/marta-olejnik\/"}]}},"_links":{"self":[{"href":"https:\/\/marekkuchcinski.pl\/ro\/wp-json\/wp\/v2\/posts\/6368","targetHints":{"allow":["GET"]}}],"collection":[{"href":"https:\/\/marekkuchcinski.pl\/ro\/wp-json\/wp\/v2\/posts"}],"about":[{"href":"https:\/\/marekkuchcinski.pl\/ro\/wp-json\/wp\/v2\/types\/post"}],"author":[{"embeddable":true,"href":"https:\/\/marekkuchcinski.pl\/ro\/wp-json\/wp\/v2\/users\/6"}],"replies":[{"embeddable":true,"href":"https:\/\/marekkuchcinski.pl\/ro\/wp-json\/wp\/v2\/comments?post=6368"}],"version-history":[{"count":3,"href":"https:\/\/marekkuchcinski.pl\/ro\/wp-json\/wp\/v2\/posts\/6368\/revisions"}],"predecessor-version":[{"id":6382,"href":"https:\/\/marekkuchcinski.pl\/ro\/wp-json\/wp\/v2\/posts\/6368\/revisions\/6382"}],"wp:featuredmedia":[{"embeddable":true,"href":"https:\/\/marekkuchcinski.pl\/ro\/wp-json\/wp\/v2\/media\/6369"}],"wp:attachment":[{"href":"https:\/\/marekkuchcinski.pl\/ro\/wp-json\/wp\/v2\/media?parent=6368"}],"wp:term":[{"taxonomy":"category","embeddable":true,"href":"https:\/\/marekkuchcinski.pl\/ro\/wp-json\/wp\/v2\/categories?post=6368"},{"taxonomy":"post_tag","embeddable":true,"href":"https:\/\/marekkuchcinski.pl\/ro\/wp-json\/wp\/v2\/tags?post=6368"}],"curies":[{"name":"wp","href":"https:\/\/api.w.org\/{rel}","templated":true}]}}