{"id":6345,"date":"2017-05-09T16:32:33","date_gmt":"2017-05-09T14:32:33","guid":{"rendered":"https:\/\/marekkuchcinski.pl\/?p=6345"},"modified":"2017-05-09T16:32:33","modified_gmt":"2017-05-09T14:32:33","slug":"marszalek-sejmu-tym-roku-podejmujemy-szereg-inicjatyw-o-charakterze-regionalnym-zwiazanym-naszym-wspolistnieniem-europie","status":"publish","type":"post","link":"https:\/\/marekkuchcinski.pl\/ro\/wydarzenia\/marszalek-sejmu-tym-roku-podejmujemy-szereg-inicjatyw-o-charakterze-regionalnym-zwiazanym-naszym-wspolistnieniem-europie\/","title":{"rendered":"Pre\u0219edintele Sejm-ului: \u00cen acest an, lu\u0103m o serie de ini\u021biative de natur\u0103 regional\u0103, legate de coexisten\u021ba noastr\u0103 \u00een Europa."},"content":{"rendered":"<p>Seimul Republicii Polone \u00ee\u0219i va continua \u0219i dezvolta activitatea \u00een toate direc\u021biile existente \u0219i o va consolida \u00een toate domeniile \u0219i ariile relevante pentru mediul interna\u021bional contemporan\", a declarat Mare\u0219alul Seimului \u00een cadrul unei \u00eent\u00e2lniri cu corpul diplomatic cu ocazia Zilei Constitu\u021biei din 3 mai. - Ast\u0103zi merit\u0103 s\u0103 ne amintim c\u0103 Constitu\u021bia din 3 mai a fost un proiect cu caracter european, deoarece a reglementat \u00eentr-un mod nou coexisten\u021ba Poloniei \u0219i Lituaniei, a spus pre\u0219edintele Parlamentului.<\/p>\n<p>Marek Kuchci\u0144ski a subliniat c\u0103, \u00een calitate de pre\u0219edinte al Sejm, particip\u0103 la reuniuni interna\u021bionale de natur\u0103 multilateral\u0103 \u0219i bilateral\u0103, inclusiv la sesiunile pre\u0219edin\u021bilor de parlamente din Uniunea European\u0103. De asemenea, a amintit proiectul privind re\u00eennoirea Uniunii pe care Polonia l-a prezentat la reuniunea de la Luxemburg, \u0219i anume \"Europa solidarit\u0103\u021bii. Securitate, frontiere, institu\u021bii re\u00eennoite\".<\/p>\n<p>Fiind con\u0219tient de faptul c\u0103 Europa este mult mai larg\u0103 dec\u00e2t Uniunea European\u0103, am luat ini\u021biativa unei reuniuni a pre\u0219edin\u021bilor de parlamente din \u021b\u0103rile din Europa Central\u0103 \u0219i de Est care nu fac parte din UE. Conferin\u021ba a avut loc \u00een Sejm la sf\u00e2r\u0219itul lunii august a anului trecut \u0219i a confirmat validitatea acestei ini\u021biative. De aceea, \u0219i \u00een acest an, lu\u0103m o serie de ini\u021biative regionale legate de coexisten\u021ba noastr\u0103 \u00een Europa. Este vorba despre o proximitate mental\u0103, cultural\u0103 \u0219i politic\u0103\", a dat asigur\u0103ri pre\u0219edintele Parlamentului.<\/p>\n<p>Sejm-ul Republicii Polone, condus de mare\u0219alul Kuchci\u0144ski, duce o politic\u0103 extern\u0103 activ\u0103, iar diploma\u021bia parlamentar\u0103 devine din ce \u00een ce mai important\u0103. - Anul trecut, 2016 a fost anul \u00een care s-au \u00eemplinit 1050 de ani de la Botezul Poloniei - la Pozna\u0144 a avut loc o Adunare Na\u021bional\u0103 pentru a marca aceast\u0103 ocazie, iar \u00eentregul an a fost plin de numeroase ini\u021biative de comemorare a acestei importante anivers\u0103ri, a declarat pre\u0219edintele Sejm-ului. De asemenea, a amintit numeroasele \u00eent\u00e2lniri bilaterale oficiale \u0219i informale cu pre\u0219edin\u021bii parlamentelor din aproape toate \u021b\u0103rile europene, participarea Sejm-ului polonez la celebrarea Anului Solidarit\u0103\u021bii Polono-Ungare \u0219i a Zilelor Prieteniei Polono-Ungare, semnarea unui acord de cooperare strategic\u0103 \u00eentre parlamentele polonez \u0219i maghiar, precum \u0219i a proiectului Europa Carpatic\u0103, cu participarea parlamentarilor din \u021b\u0103rile Europei Centrale \u0219i de Est, numeroase \u00eent\u00e2lniri cvadrilaterale ale pre\u0219edin\u021bilor parlamentelor din \u021b\u0103rile Grupului de la Visegrad, \u00eent\u00e2lniri ale pre\u0219edin\u021bilor Sejm-ului polonez cu pre\u0219edin\u021bii altor parlamente, grupuri bilaterale \u0219i forumuri parlamentare, cooperare \u00een cadrul adun\u0103rilor parlamentare bilaterale \u0219i multilaterale, vizita \u00een Belarus a unei delega\u021bii a Grupului parlamentar polono-belarus, activitate \u00een cadrul dimensiunii parlamentare a Triunghiului de la Weimar.<\/p>\n<p><a href=\"https:\/\/marekkuchcinski.pl\/wp-content\/uploads\/2017\/05\/RZ__1017.jpg\"><img fetchpriority=\"high\" decoding=\"async\" class=\"alignnone size-full wp-image-6346\" src=\"https:\/\/marekkuchcinski.pl\/wp-content\/uploads\/2017\/05\/RZ__1017.jpg\" alt=\"RZ__1017\" width=\"3360\" height=\"2240\" srcset=\"https:\/\/marekkuchcinski.pl\/wp-content\/uploads\/2017\/05\/RZ__1017.jpg 2048w, https:\/\/marekkuchcinski.pl\/wp-content\/uploads\/2017\/05\/RZ__1017-300x200.jpg 300w, https:\/\/marekkuchcinski.pl\/wp-content\/uploads\/2017\/05\/RZ__1017-768x512.jpg 768w, https:\/\/marekkuchcinski.pl\/wp-content\/uploads\/2017\/05\/RZ__1017-1024x683.jpg 1024w\" sizes=\"(max-width: 3360px) 100vw, 3360px\" \/><\/a><\/p>\n<p>&nbsp;<\/p>","protected":false},"excerpt":{"rendered":"<p>Sejm Rzeczypospolitej Polskiej b\u0119dzie kontynuowa\u0142 i rozwija\u0142 swoj\u0105 aktywno\u015b\u0107 na wszystkich istniej\u0105cych kierunkach oraz wzmacnia\u0142 j\u0105 we wszystkich dziedzinach i obszarach, kt\u00f3re s\u0105 istotne dla wsp\u00f3\u0142czesnego \u015brodowiska mi\u0119dzynarodowego \u2013 powiedzia\u0142 marsza\u0142ek Sejmu podczas spotkania z korpusem dyplomatycznym z okazji \u015awi\u0119ta Konstytucji 3 maja. \u2013 Dzisiaj warto pami\u0119ta\u0107, \u017ce Konstytucja 3 maja by\u0142a projektem o\u00a0charakterze unijnym, [&hellip;]<\/p>\n","protected":false},"author":6,"featured_media":6347,"comment_status":"open","ping_status":"open","sticky":false,"template":"","format":"standard","meta":{"ngg_post_thumbnail":0,"footnotes":""},"categories":[50,3],"tags":[],"class_list":["post-6345","post","type-post","status-publish","format-standard","has-post-thumbnail","hentry","category-wspolpraca-miedzynarodowa","category-wydarzenia"],"_links":{"self":[{"href":"https:\/\/marekkuchcinski.pl\/ro\/wp-json\/wp\/v2\/posts\/6345","targetHints":{"allow":["GET"]}}],"collection":[{"href":"https:\/\/marekkuchcinski.pl\/ro\/wp-json\/wp\/v2\/posts"}],"about":[{"href":"https:\/\/marekkuchcinski.pl\/ro\/wp-json\/wp\/v2\/types\/post"}],"author":[{"embeddable":true,"href":"https:\/\/marekkuchcinski.pl\/ro\/wp-json\/wp\/v2\/users\/6"}],"replies":[{"embeddable":true,"href":"https:\/\/marekkuchcinski.pl\/ro\/wp-json\/wp\/v2\/comments?post=6345"}],"version-history":[{"count":1,"href":"https:\/\/marekkuchcinski.pl\/ro\/wp-json\/wp\/v2\/posts\/6345\/revisions"}],"predecessor-version":[{"id":6348,"href":"https:\/\/marekkuchcinski.pl\/ro\/wp-json\/wp\/v2\/posts\/6345\/revisions\/6348"}],"wp:featuredmedia":[{"embeddable":true,"href":"https:\/\/marekkuchcinski.pl\/ro\/wp-json\/wp\/v2\/media\/6347"}],"wp:attachment":[{"href":"https:\/\/marekkuchcinski.pl\/ro\/wp-json\/wp\/v2\/media?parent=6345"}],"wp:term":[{"taxonomy":"category","embeddable":true,"href":"https:\/\/marekkuchcinski.pl\/ro\/wp-json\/wp\/v2\/categories?post=6345"},{"taxonomy":"post_tag","embeddable":true,"href":"https:\/\/marekkuchcinski.pl\/ro\/wp-json\/wp\/v2\/tags?post=6345"}],"curies":[{"name":"wp","href":"https:\/\/api.w.org\/{rel}","templated":true}]}}