{"id":6322,"date":"2017-05-08T11:02:28","date_gmt":"2017-05-08T09:02:28","guid":{"rendered":"https:\/\/marekkuchcinski.pl\/?p=6322"},"modified":"2017-05-09T09:23:01","modified_gmt":"2017-05-09T07:23:01","slug":"papieski-odpust-maryjny-ku-czci-najswietszej-maryi-panny-laskawej-lwowskiej","status":"publish","type":"post","link":"https:\/\/marekkuchcinski.pl\/ro\/wydarzenia\/papieski-odpust-maryjny-ku-czci-najswietszej-maryi-panny-laskawej-lwowskiej\/","title":{"rendered":"S\u0103rb\u0103toarea Indulgen\u021bei Papale a Sfintei Fecioare Maria din Lviv"},"content":{"rendered":"<p>De opt ani, pe 7 mai, cei care muncesc \u00een fiecare zi pentru binele Micii lor Patrii vin la Sanctuarul Maicii Domnului. \u00cen acest an, \u00een fa\u021ba tabloului miraculos al Maicii Domnului din Catedrala din Lviv, s-au rugat Mare\u0219alul Sejm Marek Kuchci\u0144ski, parlamentari, oficiali ai administra\u021biei locale din Voievodatele Lubelskie \u0219i Podkarpackie. Pre\u0219edintele Sejm-ului a dezvelit bustul Sf\u00e2ntului Frate Albert, vorbind despre unicitatea \u021binutului Lubaczow:  - Fratele Albert \u0219i-a \u00eentemeiat aici schitul, a lucrat \u0219i a ac\u021bionat aici - a spus Marek Kuchci\u0144ski.<\/p>\n<p>\u00cen cadrul ceremoniei a fost deschis\u0103 \u0219i o expozi\u021bie dedicat\u0103 Sf\u00e2ntului Albert Chmielowski.<\/p>\n<p>Indulgen\u021ba marian\u0103 pontifical\u0103 \u00een cinstea Sfintei Fecioare Maria a Harului din Lw\u00f3w a fost instituit\u0103 de Papa Benedict al XVI-lea.<\/p>\n<p><em>Foto: Marcin Materniak<\/em><\/p>\n<p><em>Fotografie principal\u0103: Rafa\u0142 Morawski<\/em><\/p>\n<p><a href=\"https:\/\/marekkuchcinski.pl\/wp-content\/uploads\/2017\/05\/18301463_1308030789305031_7123598255944387678_n-1.jpg\"><img fetchpriority=\"high\" decoding=\"async\" class=\"alignnone size-full wp-image-6324\" src=\"https:\/\/marekkuchcinski.pl\/wp-content\/uploads\/2017\/05\/18301463_1308030789305031_7123598255944387678_n-1.jpg\" alt=\"18301463_1308030789305031_7123598255944387678_n\" width=\"960\" height=\"640\" srcset=\"https:\/\/marekkuchcinski.pl\/wp-content\/uploads\/2017\/05\/18301463_1308030789305031_7123598255944387678_n-1.jpg 960w, https:\/\/marekkuchcinski.pl\/wp-content\/uploads\/2017\/05\/18301463_1308030789305031_7123598255944387678_n-1-300x200.jpg 300w, https:\/\/marekkuchcinski.pl\/wp-content\/uploads\/2017\/05\/18301463_1308030789305031_7123598255944387678_n-1-768x512.jpg 768w\" sizes=\"(max-width: 960px) 100vw, 960px\" \/><\/a><a href=\"https:\/\/marekkuchcinski.pl\/wp-content\/uploads\/2017\/05\/012.jpg\"><img decoding=\"async\" class=\"alignnone size-full wp-image-6335\" src=\"https:\/\/marekkuchcinski.pl\/wp-content\/uploads\/2017\/05\/012.jpg\" alt=\"012\" width=\"3888\" height=\"2592\" srcset=\"https:\/\/marekkuchcinski.pl\/wp-content\/uploads\/2017\/05\/012.jpg 2048w, https:\/\/marekkuchcinski.pl\/wp-content\/uploads\/2017\/05\/012-300x200.jpg 300w, https:\/\/marekkuchcinski.pl\/wp-content\/uploads\/2017\/05\/012-768x512.jpg 768w, https:\/\/marekkuchcinski.pl\/wp-content\/uploads\/2017\/05\/012-1024x683.jpg 1024w\" sizes=\"(max-width: 3888px) 100vw, 3888px\" \/><\/a>Pre\u0219edintele Sejm-ului:<em> Ast\u0103zi lu\u0103m parte la o s\u0103rb\u0103toare indulgent\u0103 dedicat\u0103 unei mari cauze. Din perspectiva celor 1 050 de ani de existen\u021b\u0103 a statului polonez, aceasta este o dovad\u0103 \u00een plus c\u0103 istoria Poloniei \u0219i construirea na\u021biunii poloneze sunt indisolubil legate de cre\u0219tinism, catolicism \u0219i de institu\u021bia Bisericii Catolice.<\/em><\/p>\n<p><a href=\"https:\/\/marekkuchcinski.pl\/wp-content\/uploads\/2017\/05\/028.jpg\"><img decoding=\"async\" class=\"alignnone size-full wp-image-6336\" src=\"https:\/\/marekkuchcinski.pl\/wp-content\/uploads\/2017\/05\/028.jpg\" alt=\"028\" width=\"3888\" height=\"2592\" srcset=\"https:\/\/marekkuchcinski.pl\/wp-content\/uploads\/2017\/05\/028.jpg 2048w, https:\/\/marekkuchcinski.pl\/wp-content\/uploads\/2017\/05\/028-300x200.jpg 300w, https:\/\/marekkuchcinski.pl\/wp-content\/uploads\/2017\/05\/028-768x512.jpg 768w, https:\/\/marekkuchcinski.pl\/wp-content\/uploads\/2017\/05\/028-1024x683.jpg 1024w\" sizes=\"(max-width: 3888px) 100vw, 3888px\" \/><\/a><a href=\"https:\/\/marekkuchcinski.pl\/wp-content\/uploads\/2017\/05\/029.jpg\"><img loading=\"lazy\" decoding=\"async\" class=\"alignnone size-full wp-image-6337\" src=\"https:\/\/marekkuchcinski.pl\/wp-content\/uploads\/2017\/05\/029.jpg\" alt=\"029\" width=\"3487\" height=\"2325\" srcset=\"https:\/\/marekkuchcinski.pl\/wp-content\/uploads\/2017\/05\/029.jpg 2048w, https:\/\/marekkuchcinski.pl\/wp-content\/uploads\/2017\/05\/029-300x200.jpg 300w, https:\/\/marekkuchcinski.pl\/wp-content\/uploads\/2017\/05\/029-768x512.jpg 768w, https:\/\/marekkuchcinski.pl\/wp-content\/uploads\/2017\/05\/029-1024x683.jpg 1024w\" sizes=\"(max-width: 3487px) 100vw, 3487px\" \/><\/a><a href=\"https:\/\/marekkuchcinski.pl\/wp-content\/uploads\/2017\/05\/18268571_1308030875971689_818503331092786679_n-1.jpg\"><img loading=\"lazy\" decoding=\"async\" class=\"alignnone size-full wp-image-6332\" src=\"https:\/\/marekkuchcinski.pl\/wp-content\/uploads\/2017\/05\/18268571_1308030875971689_818503331092786679_n-1.jpg\" alt=\"18268571_1308030875971689_818503331092786679_n\" width=\"960\" height=\"628\" srcset=\"https:\/\/marekkuchcinski.pl\/wp-content\/uploads\/2017\/05\/18268571_1308030875971689_818503331092786679_n-1.jpg 960w, https:\/\/marekkuchcinski.pl\/wp-content\/uploads\/2017\/05\/18268571_1308030875971689_818503331092786679_n-1-300x196.jpg 300w, https:\/\/marekkuchcinski.pl\/wp-content\/uploads\/2017\/05\/18268571_1308030875971689_818503331092786679_n-1-768x502.jpg 768w\" sizes=\"(max-width: 960px) 100vw, 960px\" \/><\/a><\/p>","protected":false},"excerpt":{"rendered":"<p>Od o\u015bmiu lat, 7 maja, do Sanktuarium Matki Bo\u017cej \u0141askawej przyje\u017cd\u017caj\u0105 ci, kt\u00f3rzy na co dzie\u0144 pracuj\u0105 na rzecz Ma\u0142ych Ojczyzn. W tym roku przed cudownym obrazem Matki Boskiej z lwowskiej katedry,\u00a0modli\u0142 si\u0119 marsza\u0142ek Sejmu Marek Kuchci\u0144ski, pos\u0142owie, samorz\u0105dowcy z wojew\u00f3dztwa lubelskiego i podkarpackiego.\u00a0Marsza\u0142ek Sejmu ods\u0142onili popiersie \u015bw. Brata Alberta, m\u00f3wi\u0105c o wyj\u0105tkowo\u015bci ziemi lubaczowskiej: [&hellip;]<\/p>\n","protected":false},"author":6,"featured_media":6343,"comment_status":"open","ping_status":"open","sticky":false,"template":"","format":"standard","meta":{"ngg_post_thumbnail":0,"footnotes":""},"categories":[49,3],"tags":[],"class_list":["post-6322","post","type-post","status-publish","format-standard","has-post-thumbnail","hentry","category-podkarpacie","category-wydarzenia"],"_links":{"self":[{"href":"https:\/\/marekkuchcinski.pl\/ro\/wp-json\/wp\/v2\/posts\/6322","targetHints":{"allow":["GET"]}}],"collection":[{"href":"https:\/\/marekkuchcinski.pl\/ro\/wp-json\/wp\/v2\/posts"}],"about":[{"href":"https:\/\/marekkuchcinski.pl\/ro\/wp-json\/wp\/v2\/types\/post"}],"author":[{"embeddable":true,"href":"https:\/\/marekkuchcinski.pl\/ro\/wp-json\/wp\/v2\/users\/6"}],"replies":[{"embeddable":true,"href":"https:\/\/marekkuchcinski.pl\/ro\/wp-json\/wp\/v2\/comments?post=6322"}],"version-history":[{"count":7,"href":"https:\/\/marekkuchcinski.pl\/ro\/wp-json\/wp\/v2\/posts\/6322\/revisions"}],"predecessor-version":[{"id":6344,"href":"https:\/\/marekkuchcinski.pl\/ro\/wp-json\/wp\/v2\/posts\/6322\/revisions\/6344"}],"wp:featuredmedia":[{"embeddable":true,"href":"https:\/\/marekkuchcinski.pl\/ro\/wp-json\/wp\/v2\/media\/6343"}],"wp:attachment":[{"href":"https:\/\/marekkuchcinski.pl\/ro\/wp-json\/wp\/v2\/media?parent=6322"}],"wp:term":[{"taxonomy":"category","embeddable":true,"href":"https:\/\/marekkuchcinski.pl\/ro\/wp-json\/wp\/v2\/categories?post=6322"},{"taxonomy":"post_tag","embeddable":true,"href":"https:\/\/marekkuchcinski.pl\/ro\/wp-json\/wp\/v2\/tags?post=6322"}],"curies":[{"name":"wp","href":"https:\/\/api.w.org\/{rel}","templated":true}]}}