{"id":6047,"date":"2017-04-14T11:36:47","date_gmt":"2017-04-14T09:36:47","guid":{"rendered":"https:\/\/marekkuchcinski.pl\/?p=6047"},"modified":"2017-04-14T11:37:27","modified_gmt":"2017-04-14T09:37:27","slug":"sto-temu-zmarl-ludwik-zamenhof-tworca-jezyka-esperanto","status":"publish","type":"post","link":"https:\/\/marekkuchcinski.pl\/ro\/wazne-daty\/sto-temu-zmarl-ludwik-zamenhof-tworca-jezyka-esperanto\/","title":{"rendered":"\u00cen urm\u0103 cu o sut\u0103 de ani murea Ludwik Zamenhof, creatorul limbii esperanto."},"content":{"rendered":"<p>S-a n\u0103scut \u00een Bialystok, un ora\u0219 multina\u021bional \u0219i multilingv. Acest mediu, \u00een care se vorbea polonez\u0103, idi\u0219, ucrainean\u0103, bielorus\u0103, lituanian\u0103 \u0219i german\u0103, l-a inspirat s\u0103 creeze o nou\u0103 limb\u0103 - esperanto. \u00cen drama sa \"Turnul Babel sau Tragedia Bialystok \u00een cinci acte\", a dat vina pe bariera lingvistic\u0103, pe diferen\u021bele culturale \u0219i religioase pentru toate ne\u00een\u021belegerile dintre oameni.<\/p>\n<p>Visul lui Zamenhof era o limb\u0103 care s\u0103 uneasc\u0103 to\u021bi oamenii din lume. \u00cen 1887, sub pseudonimul Dr. Esperanto, a publicat un manual de \u00eenv\u0103\u021bare a noii limbi. Ast\u0103zi, este vorbit\u0103 de aproximativ un milion de persoane \u0219i exist\u0103 peste o mie de localit\u0103\u021bi care \u00eei poart\u0103 numele sau numele Esperanto.<\/p>\n<p>Parlamentul polonez a adoptat o rezolu\u021bie care \u00eel comemoreaz\u0103 pe creatorul celui mai popular limbaj artificial din lume.\u00a0<em><a href=\"https:\/\/marekkuchcinski.pl\/wp-content\/uploads\/2017\/04\/Uchwa\u0142a.pdf\">Rezolu\u021bia<\/a><\/em><\/p>\n<p><a href=\"https:\/\/marekkuchcinski.pl\/wp-content\/uploads\/2017\/04\/0006IJIJ5FRLQTW7-C123-F4.jpg\"><img fetchpriority=\"high\" decoding=\"async\" class=\"alignnone size-full wp-image-6049\" src=\"https:\/\/marekkuchcinski.pl\/wp-content\/uploads\/2017\/04\/0006IJIJ5FRLQTW7-C123-F4.jpg\" alt=\"0006IJIJ5FRLQTW7-C123-F4\" width=\"915\" height=\"500\" srcset=\"https:\/\/marekkuchcinski.pl\/wp-content\/uploads\/2017\/04\/0006IJIJ5FRLQTW7-C123-F4.jpg 915w, https:\/\/marekkuchcinski.pl\/wp-content\/uploads\/2017\/04\/0006IJIJ5FRLQTW7-C123-F4-300x164.jpg 300w, https:\/\/marekkuchcinski.pl\/wp-content\/uploads\/2017\/04\/0006IJIJ5FRLQTW7-C123-F4-768x420.jpg 768w\" sizes=\"(max-width: 915px) 100vw, 915px\" \/><\/a><\/p>\n<p><span class=\"embed-work-detail-title\">Ludwik Zamenhof<\/span><cite class=\"embed-work-detail-source\">\/PA Archive\/PA Images \/PA\/EPA \/PA\/EPA<\/cite><\/p>","protected":false},"excerpt":{"rendered":"<p>Urodzi\u0142 si\u0119 w Bia\u0142ymstoku, mie\u015bcie wielonarodowym i wieloj\u0119zycznym. To otoczenie, kt\u00f3re pos\u0142ugiwa\u0142o si\u0119 j\u0119zykiem polskim, jidysz, ukrai\u0144skim, bia\u0142oruskim, litewskim i niemieckim zainspirowa\u0142o go do stworzenia nowego j\u0119zyka \u2013 esperanto. W dramacie \u201eWie\u017ca Babel, czyli tragedia bia\u0142ostocka w pi\u0119ciu aktach\u201d win\u0105 za wszelkie nieporozumienia mi\u0119dzy lud\u017ami obarczy\u0142 barier\u0119 j\u0119zykow\u0105, r\u00f3\u017cnice kulturowe, religijne. Marzeniem Zamenhofa by\u0142 j\u0119zyk, [&hellip;]<\/p>\n","protected":false},"author":6,"featured_media":6049,"comment_status":"open","ping_status":"open","sticky":false,"template":"","format":"standard","meta":{"ngg_post_thumbnail":0,"footnotes":""},"categories":[77,81],"tags":[],"class_list":["post-6047","post","type-post","status-publish","format-standard","has-post-thumbnail","hentry","category-wazne-daty","category-wiesci-z-sejmu"],"_links":{"self":[{"href":"https:\/\/marekkuchcinski.pl\/ro\/wp-json\/wp\/v2\/posts\/6047","targetHints":{"allow":["GET"]}}],"collection":[{"href":"https:\/\/marekkuchcinski.pl\/ro\/wp-json\/wp\/v2\/posts"}],"about":[{"href":"https:\/\/marekkuchcinski.pl\/ro\/wp-json\/wp\/v2\/types\/post"}],"author":[{"embeddable":true,"href":"https:\/\/marekkuchcinski.pl\/ro\/wp-json\/wp\/v2\/users\/6"}],"replies":[{"embeddable":true,"href":"https:\/\/marekkuchcinski.pl\/ro\/wp-json\/wp\/v2\/comments?post=6047"}],"version-history":[{"count":1,"href":"https:\/\/marekkuchcinski.pl\/ro\/wp-json\/wp\/v2\/posts\/6047\/revisions"}],"predecessor-version":[{"id":6050,"href":"https:\/\/marekkuchcinski.pl\/ro\/wp-json\/wp\/v2\/posts\/6047\/revisions\/6050"}],"wp:featuredmedia":[{"embeddable":true,"href":"https:\/\/marekkuchcinski.pl\/ro\/wp-json\/wp\/v2\/media\/6049"}],"wp:attachment":[{"href":"https:\/\/marekkuchcinski.pl\/ro\/wp-json\/wp\/v2\/media?parent=6047"}],"wp:term":[{"taxonomy":"category","embeddable":true,"href":"https:\/\/marekkuchcinski.pl\/ro\/wp-json\/wp\/v2\/categories?post=6047"},{"taxonomy":"post_tag","embeddable":true,"href":"https:\/\/marekkuchcinski.pl\/ro\/wp-json\/wp\/v2\/tags?post=6047"}],"curies":[{"name":"wp","href":"https:\/\/api.w.org\/{rel}","templated":true}]}}