{"id":5800,"date":"2017-04-06T14:32:21","date_gmt":"2017-04-06T12:32:21","guid":{"rendered":"https:\/\/marekkuchcinski.pl\/?p=5800"},"modified":"2017-04-06T14:32:21","modified_gmt":"2017-04-06T12:32:21","slug":"sto-temu-tymczasowa-rada-stanu-wydala-deklaracje-dotyczaca-przynaleznosci-panstwowej-kresow","status":"publish","type":"post","link":"https:\/\/marekkuchcinski.pl\/ro\/wazne-daty\/sto-temu-tymczasowa-rada-stanu-wydala-deklaracje-dotyczaca-przynaleznosci-panstwowej-kresow\/","title":{"rendered":"\u00cen urm\u0103 cu o sut\u0103 de ani, Consiliul Provizoriu de Stat a emis o declara\u021bie privind apartenen\u021ba statal\u0103 a \u021ainutului de Frontier\u0103"},"content":{"rendered":"<p><strong>La 6 aprilie 1917, Consiliul de Stat Provizoriu nu a fost de acord cu proclama\u021bia rus\u0103, care indica, printre altele, c\u0103 o Polonie ren\u0103scut\u0103 va fi unit\u0103 printr-o alian\u021b\u0103 militar\u0103 cu Rusia \u0219i c\u0103 forma grani\u021belor Poloniei va fi decis\u0103 de o Adunare Constituant\u0103 rus\u0103.<\/p>\n<p><\/strong><\/p>","protected":false},"excerpt":{"rendered":"<p>La 6 aprilie 1917, Consiliul de Stat Provizoriu nu a fost de acord cu proclama\u021bia rus\u0103, care indica, printre altele, c\u0103 o Polonie ren\u0103scut\u0103 va fi unit\u0103 printr-o alian\u021b\u0103 militar\u0103 cu Rusia \u0219i c\u0103 forma grani\u021belor Poloniei va fi decis\u0103 de o Adunare Constituant\u0103 rus\u0103.<\/p>","protected":false},"author":6,"featured_media":5802,"comment_status":"open","ping_status":"open","sticky":false,"template":"","format":"standard","meta":{"ngg_post_thumbnail":0,"footnotes":""},"categories":[77],"tags":[],"class_list":["post-5800","post","type-post","status-publish","format-standard","has-post-thumbnail","hentry","category-wazne-daty"],"yoast_head":"<!-- This site is optimized with the Yoast SEO plugin v24.7 - https:\/\/yoast.com\/wordpress\/plugins\/seo\/ -->\n<title>Sto lat temu Tymczasowa Rada Stanu wyda\u0142a deklaracj\u0119 dotycz\u0105c\u0105 przynale\u017cno\u015bci pa\u0144stwowej Kres\u00f3w &#8211; Marek Kuchci\u0144ski<\/title>\n<meta name=\"robots\" content=\"index, follow, max-snippet:-1, max-image-preview:large, max-video-preview:-1\" \/>\n<link rel=\"canonical\" href=\"https:\/\/marekkuchcinski.pl\/ro\/wazne-daty\/sto-temu-tymczasowa-rada-stanu-wydala-deklaracje-dotyczaca-przynaleznosci-panstwowej-kresow\/\" \/>\n<meta property=\"og:locale\" content=\"ro_RO\" \/>\n<meta property=\"og:type\" content=\"article\" \/>\n<meta property=\"og:title\" content=\"Sto lat temu Tymczasowa Rada Stanu wyda\u0142a deklaracj\u0119 dotycz\u0105c\u0105 przynale\u017cno\u015bci pa\u0144stwowej Kres\u00f3w &#8211; Marek Kuchci\u0144ski\" \/>\n<meta property=\"og:description\" content=\"6 kwietnia 1917 roku Tymczasowa Rada Stanu nie zgodzi\u0142a si\u0119 na rosyjsk\u0105 proklamacj\u0119, w kt\u00f3rej zaznaczono m.in., \u017ce odrodzona Polska mia\u0142aby by\u0107 po\u0142\u0105czona sojuszem wojskowym z\u00a0Rosj\u0105, a\u00a0o kszta\u0142cie granic Polski zadecydowa\u0107 mia\u0142oby rosyjskie zgromadzenie konstytucyjne.\" \/>\n<meta property=\"og:url\" content=\"https:\/\/marekkuchcinski.pl\/ro\/wazne-daty\/sto-temu-tymczasowa-rada-stanu-wydala-deklaracje-dotyczaca-przynaleznosci-panstwowej-kresow\/\" \/>\n<meta property=\"og:site_name\" content=\"Marek Kuchci\u0144ski\" \/>\n<meta property=\"article:published_time\" content=\"2017-04-06T12:32:21+00:00\" \/>\n<meta property=\"og:image\" content=\"https:\/\/marekkuchcinski.pl\/wp-content\/uploads\/2017\/04\/fuks3-1.jpg\" \/>\n\t<meta property=\"og:image:width\" content=\"804\" \/>\n\t<meta property=\"og:image:height\" content=\"632\" \/>\n\t<meta property=\"og:image:type\" content=\"image\/jpeg\" \/>\n<meta name=\"author\" content=\"admin\" \/>\n<meta name=\"twitter:card\" content=\"summary_large_image\" \/>\n<meta name=\"twitter:label1\" content=\"Scris de\" \/>\n\t<meta name=\"twitter:data1\" content=\"admin\" \/>\n<script type=\"application\/ld+json\" class=\"yoast-schema-graph\">{\"@context\":\"https:\/\/schema.org\",\"@graph\":[{\"@type\":\"Article\",\"@id\":\"https:\/\/marekkuchcinski.pl\/en\/wazne-daty\/sto-temu-tymczasowa-rada-stanu-wydala-deklaracje-dotyczaca-przynaleznosci-panstwowej-kresow\/#article\",\"isPartOf\":{\"@id\":\"https:\/\/marekkuchcinski.pl\/en\/wazne-daty\/sto-temu-tymczasowa-rada-stanu-wydala-deklaracje-dotyczaca-przynaleznosci-panstwowej-kresow\/\"},\"author\":{\"name\":\"admin\",\"@id\":\"https:\/\/marekkuchcinski.pl\/#\/schema\/person\/6f62700996b4d950b6ea2d1183b6c6be\"},\"headline\":\"Sto lat temu Tymczasowa Rada Stanu wyda\u0142a deklaracj\u0119 dotycz\u0105c\u0105 przynale\u017cno\u015bci pa\u0144stwowej Kres\u00f3w\",\"datePublished\":\"2017-04-06T12:32:21+00:00\",\"mainEntityOfPage\":{\"@id\":\"https:\/\/marekkuchcinski.pl\/en\/wazne-daty\/sto-temu-tymczasowa-rada-stanu-wydala-deklaracje-dotyczaca-przynaleznosci-panstwowej-kresow\/\"},\"wordCount\":60,\"commentCount\":0,\"publisher\":{\"@id\":\"https:\/\/marekkuchcinski.pl\/#organization\"},\"image\":{\"@id\":\"https:\/\/marekkuchcinski.pl\/en\/wazne-daty\/sto-temu-tymczasowa-rada-stanu-wydala-deklaracje-dotyczaca-przynaleznosci-panstwowej-kresow\/#primaryimage\"},\"thumbnailUrl\":\"https:\/\/marekkuchcinski.pl\/wp-content\/uploads\/2017\/04\/fuks3-1.jpg\",\"articleSection\":[\"Wa\u017cne daty\"],\"inLanguage\":\"ro-RO\",\"potentialAction\":[{\"@type\":\"CommentAction\",\"name\":\"Comment\",\"target\":[\"https:\/\/marekkuchcinski.pl\/en\/wazne-daty\/sto-temu-tymczasowa-rada-stanu-wydala-deklaracje-dotyczaca-przynaleznosci-panstwowej-kresow\/#respond\"]}]},{\"@type\":\"WebPage\",\"@id\":\"https:\/\/marekkuchcinski.pl\/en\/wazne-daty\/sto-temu-tymczasowa-rada-stanu-wydala-deklaracje-dotyczaca-przynaleznosci-panstwowej-kresow\/\",\"url\":\"https:\/\/marekkuchcinski.pl\/en\/wazne-daty\/sto-temu-tymczasowa-rada-stanu-wydala-deklaracje-dotyczaca-przynaleznosci-panstwowej-kresow\/\",\"name\":\"Sto lat temu Tymczasowa Rada Stanu wyda\u0142a deklaracj\u0119 dotycz\u0105c\u0105 przynale\u017cno\u015bci pa\u0144stwowej Kres\u00f3w &#8211; Marek Kuchci\u0144ski\",\"isPartOf\":{\"@id\":\"https:\/\/marekkuchcinski.pl\/#website\"},\"primaryImageOfPage\":{\"@id\":\"https:\/\/marekkuchcinski.pl\/en\/wazne-daty\/sto-temu-tymczasowa-rada-stanu-wydala-deklaracje-dotyczaca-przynaleznosci-panstwowej-kresow\/#primaryimage\"},\"image\":{\"@id\":\"https:\/\/marekkuchcinski.pl\/en\/wazne-daty\/sto-temu-tymczasowa-rada-stanu-wydala-deklaracje-dotyczaca-przynaleznosci-panstwowej-kresow\/#primaryimage\"},\"thumbnailUrl\":\"https:\/\/marekkuchcinski.pl\/wp-content\/uploads\/2017\/04\/fuks3-1.jpg\",\"datePublished\":\"2017-04-06T12:32:21+00:00\",\"breadcrumb\":{\"@id\":\"https:\/\/marekkuchcinski.pl\/en\/wazne-daty\/sto-temu-tymczasowa-rada-stanu-wydala-deklaracje-dotyczaca-przynaleznosci-panstwowej-kresow\/#breadcrumb\"},\"inLanguage\":\"ro-RO\",\"potentialAction\":[{\"@type\":\"ReadAction\",\"target\":[\"https:\/\/marekkuchcinski.pl\/en\/wazne-daty\/sto-temu-tymczasowa-rada-stanu-wydala-deklaracje-dotyczaca-przynaleznosci-panstwowej-kresow\/\"]}]},{\"@type\":\"ImageObject\",\"inLanguage\":\"ro-RO\",\"@id\":\"https:\/\/marekkuchcinski.pl\/en\/wazne-daty\/sto-temu-tymczasowa-rada-stanu-wydala-deklaracje-dotyczaca-przynaleznosci-panstwowej-kresow\/#primaryimage\",\"url\":\"https:\/\/marekkuchcinski.pl\/wp-content\/uploads\/2017\/04\/fuks3-1.jpg\",\"contentUrl\":\"https:\/\/marekkuchcinski.pl\/wp-content\/uploads\/2017\/04\/fuks3-1.jpg\",\"width\":804,\"height\":632},{\"@type\":\"BreadcrumbList\",\"@id\":\"https:\/\/marekkuchcinski.pl\/en\/wazne-daty\/sto-temu-tymczasowa-rada-stanu-wydala-deklaracje-dotyczaca-przynaleznosci-panstwowej-kresow\/#breadcrumb\",\"itemListElement\":[{\"@type\":\"ListItem\",\"position\":1,\"name\":\"Strona g\u0142\u00f3wna\",\"item\":\"https:\/\/marekkuchcinski.pl\/\"},{\"@type\":\"ListItem\",\"position\":2,\"name\":\"Sto lat temu Tymczasowa Rada Stanu wyda\u0142a deklaracj\u0119 dotycz\u0105c\u0105 przynale\u017cno\u015bci pa\u0144stwowej Kres\u00f3w\"}]},{\"@type\":\"WebSite\",\"@id\":\"https:\/\/marekkuchcinski.pl\/#website\",\"url\":\"https:\/\/marekkuchcinski.pl\/\",\"name\":\"Marek Kuchci\u0144ski\",\"description\":\"Pose\u0142 na sejm RP &ndash; okr\u0119g nr 22\",\"publisher\":{\"@id\":\"https:\/\/marekkuchcinski.pl\/#organization\"},\"potentialAction\":[{\"@type\":\"SearchAction\",\"target\":{\"@type\":\"EntryPoint\",\"urlTemplate\":\"https:\/\/marekkuchcinski.pl\/?s={search_term_string}\"},\"query-input\":{\"@type\":\"PropertyValueSpecification\",\"valueRequired\":true,\"valueName\":\"search_term_string\"}}],\"inLanguage\":\"ro-RO\"},{\"@type\":\"Organization\",\"@id\":\"https:\/\/marekkuchcinski.pl\/#organization\",\"name\":\"Marek Kuchci\u0144ski\",\"url\":\"https:\/\/marekkuchcinski.pl\/\",\"logo\":{\"@type\":\"ImageObject\",\"inLanguage\":\"ro-RO\",\"@id\":\"https:\/\/marekkuchcinski.pl\/#\/schema\/logo\/image\/\",\"url\":\"https:\/\/marekkuchcinski.pl\/wp-content\/uploads\/2022\/09\/Marek.jpg\",\"contentUrl\":\"https:\/\/marekkuchcinski.pl\/wp-content\/uploads\/2022\/09\/Marek.jpg\",\"width\":1600,\"height\":971,\"caption\":\"Marek Kuchci\u0144ski\"},\"image\":{\"@id\":\"https:\/\/marekkuchcinski.pl\/#\/schema\/logo\/image\/\"}},{\"@type\":\"Person\",\"@id\":\"https:\/\/marekkuchcinski.pl\/#\/schema\/person\/6f62700996b4d950b6ea2d1183b6c6be\",\"name\":\"admin\",\"image\":{\"@type\":\"ImageObject\",\"inLanguage\":\"ro-RO\",\"@id\":\"https:\/\/marekkuchcinski.pl\/#\/schema\/person\/image\/\",\"url\":\"https:\/\/secure.gravatar.com\/avatar\/4bab693b9d55c3d6b52c0296a8765085?s=96&d=mm&r=g\",\"contentUrl\":\"https:\/\/secure.gravatar.com\/avatar\/4bab693b9d55c3d6b52c0296a8765085?s=96&d=mm&r=g\",\"caption\":\"admin\"},\"url\":\"https:\/\/marekkuchcinski.pl\/ro\/author\/marta-olejnik\/\"}]}<\/script>\n<!-- \/ Yoast SEO plugin. -->","yoast_head_json":{"title":"Sto lat temu Tymczasowa Rada Stanu wyda\u0142a deklaracj\u0119 dotycz\u0105c\u0105 przynale\u017cno\u015bci pa\u0144stwowej Kres\u00f3w &#8211; Marek Kuchci\u0144ski","robots":{"index":"index","follow":"follow","max-snippet":"max-snippet:-1","max-image-preview":"max-image-preview:large","max-video-preview":"max-video-preview:-1"},"canonical":"https:\/\/marekkuchcinski.pl\/ro\/wazne-daty\/sto-temu-tymczasowa-rada-stanu-wydala-deklaracje-dotyczaca-przynaleznosci-panstwowej-kresow\/","og_locale":"ro_RO","og_type":"article","og_title":"Sto lat temu Tymczasowa Rada Stanu wyda\u0142a deklaracj\u0119 dotycz\u0105c\u0105 przynale\u017cno\u015bci pa\u0144stwowej Kres\u00f3w &#8211; Marek Kuchci\u0144ski","og_description":"6 kwietnia 1917 roku Tymczasowa Rada Stanu nie zgodzi\u0142a si\u0119 na rosyjsk\u0105 proklamacj\u0119, w kt\u00f3rej zaznaczono m.in., \u017ce odrodzona Polska mia\u0142aby by\u0107 po\u0142\u0105czona sojuszem wojskowym z\u00a0Rosj\u0105, a\u00a0o kszta\u0142cie granic Polski zadecydowa\u0107 mia\u0142oby rosyjskie zgromadzenie konstytucyjne.","og_url":"https:\/\/marekkuchcinski.pl\/ro\/wazne-daty\/sto-temu-tymczasowa-rada-stanu-wydala-deklaracje-dotyczaca-przynaleznosci-panstwowej-kresow\/","og_site_name":"Marek Kuchci\u0144ski","article_published_time":"2017-04-06T12:32:21+00:00","og_image":[{"width":804,"height":632,"url":"https:\/\/marekkuchcinski.pl\/wp-content\/uploads\/2017\/04\/fuks3-1.jpg","type":"image\/jpeg"}],"author":"admin","twitter_card":"summary_large_image","twitter_misc":{"Scris de":"admin"},"schema":{"@context":"https:\/\/schema.org","@graph":[{"@type":"Article","@id":"https:\/\/marekkuchcinski.pl\/en\/wazne-daty\/sto-temu-tymczasowa-rada-stanu-wydala-deklaracje-dotyczaca-przynaleznosci-panstwowej-kresow\/#article","isPartOf":{"@id":"https:\/\/marekkuchcinski.pl\/en\/wazne-daty\/sto-temu-tymczasowa-rada-stanu-wydala-deklaracje-dotyczaca-przynaleznosci-panstwowej-kresow\/"},"author":{"name":"admin","@id":"https:\/\/marekkuchcinski.pl\/#\/schema\/person\/6f62700996b4d950b6ea2d1183b6c6be"},"headline":"Sto lat temu Tymczasowa Rada Stanu wyda\u0142a deklaracj\u0119 dotycz\u0105c\u0105 przynale\u017cno\u015bci pa\u0144stwowej Kres\u00f3w","datePublished":"2017-04-06T12:32:21+00:00","mainEntityOfPage":{"@id":"https:\/\/marekkuchcinski.pl\/en\/wazne-daty\/sto-temu-tymczasowa-rada-stanu-wydala-deklaracje-dotyczaca-przynaleznosci-panstwowej-kresow\/"},"wordCount":60,"commentCount":0,"publisher":{"@id":"https:\/\/marekkuchcinski.pl\/#organization"},"image":{"@id":"https:\/\/marekkuchcinski.pl\/en\/wazne-daty\/sto-temu-tymczasowa-rada-stanu-wydala-deklaracje-dotyczaca-przynaleznosci-panstwowej-kresow\/#primaryimage"},"thumbnailUrl":"https:\/\/marekkuchcinski.pl\/wp-content\/uploads\/2017\/04\/fuks3-1.jpg","articleSection":["Wa\u017cne daty"],"inLanguage":"ro-RO","potentialAction":[{"@type":"CommentAction","name":"Comment","target":["https:\/\/marekkuchcinski.pl\/en\/wazne-daty\/sto-temu-tymczasowa-rada-stanu-wydala-deklaracje-dotyczaca-przynaleznosci-panstwowej-kresow\/#respond"]}]},{"@type":"WebPage","@id":"https:\/\/marekkuchcinski.pl\/en\/wazne-daty\/sto-temu-tymczasowa-rada-stanu-wydala-deklaracje-dotyczaca-przynaleznosci-panstwowej-kresow\/","url":"https:\/\/marekkuchcinski.pl\/en\/wazne-daty\/sto-temu-tymczasowa-rada-stanu-wydala-deklaracje-dotyczaca-przynaleznosci-panstwowej-kresow\/","name":"Sto lat temu Tymczasowa Rada Stanu wyda\u0142a deklaracj\u0119 dotycz\u0105c\u0105 przynale\u017cno\u015bci pa\u0144stwowej Kres\u00f3w &#8211; Marek Kuchci\u0144ski","isPartOf":{"@id":"https:\/\/marekkuchcinski.pl\/#website"},"primaryImageOfPage":{"@id":"https:\/\/marekkuchcinski.pl\/en\/wazne-daty\/sto-temu-tymczasowa-rada-stanu-wydala-deklaracje-dotyczaca-przynaleznosci-panstwowej-kresow\/#primaryimage"},"image":{"@id":"https:\/\/marekkuchcinski.pl\/en\/wazne-daty\/sto-temu-tymczasowa-rada-stanu-wydala-deklaracje-dotyczaca-przynaleznosci-panstwowej-kresow\/#primaryimage"},"thumbnailUrl":"https:\/\/marekkuchcinski.pl\/wp-content\/uploads\/2017\/04\/fuks3-1.jpg","datePublished":"2017-04-06T12:32:21+00:00","breadcrumb":{"@id":"https:\/\/marekkuchcinski.pl\/en\/wazne-daty\/sto-temu-tymczasowa-rada-stanu-wydala-deklaracje-dotyczaca-przynaleznosci-panstwowej-kresow\/#breadcrumb"},"inLanguage":"ro-RO","potentialAction":[{"@type":"ReadAction","target":["https:\/\/marekkuchcinski.pl\/en\/wazne-daty\/sto-temu-tymczasowa-rada-stanu-wydala-deklaracje-dotyczaca-przynaleznosci-panstwowej-kresow\/"]}]},{"@type":"ImageObject","inLanguage":"ro-RO","@id":"https:\/\/marekkuchcinski.pl\/en\/wazne-daty\/sto-temu-tymczasowa-rada-stanu-wydala-deklaracje-dotyczaca-przynaleznosci-panstwowej-kresow\/#primaryimage","url":"https:\/\/marekkuchcinski.pl\/wp-content\/uploads\/2017\/04\/fuks3-1.jpg","contentUrl":"https:\/\/marekkuchcinski.pl\/wp-content\/uploads\/2017\/04\/fuks3-1.jpg","width":804,"height":632},{"@type":"BreadcrumbList","@id":"https:\/\/marekkuchcinski.pl\/en\/wazne-daty\/sto-temu-tymczasowa-rada-stanu-wydala-deklaracje-dotyczaca-przynaleznosci-panstwowej-kresow\/#breadcrumb","itemListElement":[{"@type":"ListItem","position":1,"name":"Strona g\u0142\u00f3wna","item":"https:\/\/marekkuchcinski.pl\/"},{"@type":"ListItem","position":2,"name":"Sto lat temu Tymczasowa Rada Stanu wyda\u0142a deklaracj\u0119 dotycz\u0105c\u0105 przynale\u017cno\u015bci pa\u0144stwowej Kres\u00f3w"}]},{"@type":"WebSite","@id":"https:\/\/marekkuchcinski.pl\/#website","url":"https:\/\/marekkuchcinski.pl\/","name":"Marek Kuchci\u0144ski","description":"Pose\u0142 na sejm RP &ndash; okr\u0119g nr 22","publisher":{"@id":"https:\/\/marekkuchcinski.pl\/#organization"},"potentialAction":[{"@type":"SearchAction","target":{"@type":"EntryPoint","urlTemplate":"https:\/\/marekkuchcinski.pl\/?s={search_term_string}"},"query-input":{"@type":"PropertyValueSpecification","valueRequired":true,"valueName":"search_term_string"}}],"inLanguage":"ro-RO"},{"@type":"Organization","@id":"https:\/\/marekkuchcinski.pl\/#organization","name":"Marek Kuchci\u0144ski","url":"https:\/\/marekkuchcinski.pl\/","logo":{"@type":"ImageObject","inLanguage":"ro-RO","@id":"https:\/\/marekkuchcinski.pl\/#\/schema\/logo\/image\/","url":"https:\/\/marekkuchcinski.pl\/wp-content\/uploads\/2022\/09\/Marek.jpg","contentUrl":"https:\/\/marekkuchcinski.pl\/wp-content\/uploads\/2022\/09\/Marek.jpg","width":1600,"height":971,"caption":"Marek Kuchci\u0144ski"},"image":{"@id":"https:\/\/marekkuchcinski.pl\/#\/schema\/logo\/image\/"}},{"@type":"Person","@id":"https:\/\/marekkuchcinski.pl\/#\/schema\/person\/6f62700996b4d950b6ea2d1183b6c6be","name":"admin","image":{"@type":"ImageObject","inLanguage":"ro-RO","@id":"https:\/\/marekkuchcinski.pl\/#\/schema\/person\/image\/","url":"https:\/\/secure.gravatar.com\/avatar\/4bab693b9d55c3d6b52c0296a8765085?s=96&d=mm&r=g","contentUrl":"https:\/\/secure.gravatar.com\/avatar\/4bab693b9d55c3d6b52c0296a8765085?s=96&d=mm&r=g","caption":"admin"},"url":"https:\/\/marekkuchcinski.pl\/ro\/author\/marta-olejnik\/"}]}},"_links":{"self":[{"href":"https:\/\/marekkuchcinski.pl\/ro\/wp-json\/wp\/v2\/posts\/5800","targetHints":{"allow":["GET"]}}],"collection":[{"href":"https:\/\/marekkuchcinski.pl\/ro\/wp-json\/wp\/v2\/posts"}],"about":[{"href":"https:\/\/marekkuchcinski.pl\/ro\/wp-json\/wp\/v2\/types\/post"}],"author":[{"embeddable":true,"href":"https:\/\/marekkuchcinski.pl\/ro\/wp-json\/wp\/v2\/users\/6"}],"replies":[{"embeddable":true,"href":"https:\/\/marekkuchcinski.pl\/ro\/wp-json\/wp\/v2\/comments?post=5800"}],"version-history":[{"count":1,"href":"https:\/\/marekkuchcinski.pl\/ro\/wp-json\/wp\/v2\/posts\/5800\/revisions"}],"predecessor-version":[{"id":5803,"href":"https:\/\/marekkuchcinski.pl\/ro\/wp-json\/wp\/v2\/posts\/5800\/revisions\/5803"}],"wp:featuredmedia":[{"embeddable":true,"href":"https:\/\/marekkuchcinski.pl\/ro\/wp-json\/wp\/v2\/media\/5802"}],"wp:attachment":[{"href":"https:\/\/marekkuchcinski.pl\/ro\/wp-json\/wp\/v2\/media?parent=5800"}],"wp:term":[{"taxonomy":"category","embeddable":true,"href":"https:\/\/marekkuchcinski.pl\/ro\/wp-json\/wp\/v2\/categories?post=5800"},{"taxonomy":"post_tag","embeddable":true,"href":"https:\/\/marekkuchcinski.pl\/ro\/wp-json\/wp\/v2\/tags?post=5800"}],"curies":[{"name":"wp","href":"https:\/\/api.w.org\/{rel}","templated":true}]}}