{"id":5756,"date":"2017-04-04T14:41:41","date_gmt":"2017-04-04T12:41:41","guid":{"rendered":"https:\/\/marekkuchcinski.pl\/?p=5756"},"modified":"2017-04-04T14:46:38","modified_gmt":"2017-04-04T12:46:38","slug":"marszalek-kuchcinski-expo-2022-lodzi-pelne-poparcie-polskiego-parlamentu","status":"publish","type":"post","link":"https:\/\/marekkuchcinski.pl\/ro\/wydarzenia\/marszalek-kuchcinski-expo-2022-lodzi-pelne-poparcie-polskiego-parlamentu\/","title":{"rendered":"Pre\u0219edintele Kuchci\u0144ski: Expo 2022 de la \u0141\u00f3d\u017a are sprijinul deplin al Parlamentului polonez"},"content":{"rendered":"<p>Pre\u0219edintele Sejm-ului, Marek Kuchci\u0144ski, s-a \u00eent\u00e2lnit cu misiunea de evaluare a Biroului Interna\u021bional de Expozi\u021bii (BIE). Scopul \u00eent\u00e2lnirii a fost de a discuta despre organizarea expozi\u021biei mondiale Expo 2022 la \u0141\u00f3d\u017a. <a href=\"https:\/\/marekkuchcinski.pl\/wp-content\/uploads\/2017\/04\/56e15c9975033_o-3.jpg\"><img fetchpriority=\"high\" decoding=\"async\" class=\"wp-image-5763 alignleft\" src=\"https:\/\/marekkuchcinski.pl\/wp-content\/uploads\/2017\/04\/56e15c9975033_o-3.jpg\" alt=\"56e15c9975033_o (3)\" width=\"219\" height=\"282\" srcset=\"https:\/\/marekkuchcinski.pl\/wp-content\/uploads\/2017\/04\/56e15c9975033_o-3.jpg 323w, https:\/\/marekkuchcinski.pl\/wp-content\/uploads\/2017\/04\/56e15c9975033_o-3-233x300.jpg 233w\" sizes=\"(max-width: 219px) 100vw, 219px\" \/><\/a>Acesta face parte dintr-o serie de ini\u021biative \u00eentreprinse de autorit\u0103\u021bile poloneze pentru a lansa proiecte de revitalizare la scar\u0103 larg\u0103 \u00een \u00eentreaga \u021bar\u0103.<\/p>\n<p>- \u00cempreun\u0103 cu guvernul, suntem hot\u0103r\u00e2\u021bi ca Polonia s\u0103 g\u0103zduiasc\u0103 expozi\u021bia\", a sus\u021binut mare\u0219alul. - Datorit\u0103 transform\u0103rii sale, tradi\u021biei, multiculturalismului \u0219i realiz\u0103rilor str\u0103mo\u0219ilor no\u0219tri, \u0141\u00f3d\u017a este un loc ideal pentru a g\u0103zdui Expo \u00een 2022.<\/p>\n<p>De asemenea, pre\u0219edintele Parlamentului a dat asigur\u0103ri de sprijinul deplin al Parlamentului pentru aceast\u0103 ini\u021biativ\u0103 \u0219i de necesitatea demersului din punctul de vedere al acestei p\u0103r\u021bi a Europei, unde p\u00e2n\u0103 acum nu a fost organizat\u0103 nicio expozi\u021bie. - Suntem dornici de succes, vrem s\u0103 ne inspir\u0103m din cuno\u0219tin\u021bele \u00eentregii lumi, dar, \u00een calitate de lider al regiunii - de la Marea Adriatic\u0103 la Marea Baltic\u0103 - \u00eemp\u0103rt\u0103\u0219im mult din experien\u021ba \u021b\u0103rii dup\u0103 transformare - a sus\u021binut el.<\/p>\n<p>Polonia propune o \u00eentoarcere la r\u0103d\u0103cinile sale \u0219i la tradi\u021bia expozi\u021biilor mondiale. \u0141\u00f3d\u017a are oportunitatea de a organiza expozi\u021bia chiar \u00een inima ora\u0219ului, \u00een zona Noului Centru din \u0141\u00f3d\u017a \u0219i a noii g\u0103ri \u0141\u00f3d\u017a Fabryczna.<\/p>\n<p>EXPO din \u0141\u00f3d\u017a va contribui la dezvoltarea proiectelor de revitalizare din \u00eentreaga lume. EXPO 2022 de la \u0141\u00f3d\u017a va deveni o platform\u0103 excelent\u0103 pentru ca ace\u0219tia s\u0103 fac\u0103 schimb de idei \u0219i de experien\u021b\u0103, iar cuno\u0219tin\u021bele dob\u00e2ndite vor putea fi transferate ulterior pe terenul lor local.<\/p>\n<p>Tema este City Re:Invented - regenerarea urban\u0103. Este relevant pentru \u00eentreaga lume \u0219i se \u00eenscrie \u00een tendin\u021bele ora\u0219elor inteligente, a calit\u0103\u021bii ridicate a vie\u021bii \u00een ora\u0219e, inclusiv a transportului durabil, a ora\u0219elor ecologice, a culturii timpului liber \u0219i a ora\u0219elor prietenoase cu locuitorii.<\/p>\n<p>Facilit\u0103\u021bile create \u00een cadrul EXPO vor fi utilizate pe deplin dup\u0103 expozi\u021bie.  Se estimeaz\u0103 c\u0103 86% din infrastructura expozi\u021bional\u0103 va deveni o parte permanent\u0103 a ora\u0219ului, \u00een timp ce restul de 14% va fi reciclat \u0219i utilizat \u00een alt\u0103 parte.<\/p>\n<p>Decizia de atribuire a dreptului de a g\u0103zdui EXPO 2022\/2023 va fi luat\u0103 prin votul delega\u021bilor BIE \u00een cadrul Adun\u0103rii Generale a BIE din noiembrie 2017. 168 de \u021b\u0103ri sunt membre ale BIE.<\/p>\n<p>Data expozi\u021biei: 15 iunie - 15 septembrie 2022.<\/p>\n<p><a href=\"https:\/\/marekkuchcinski.pl\/wp-content\/uploads\/2017\/04\/RZ__3654-1.jpg\"><img decoding=\"async\" class=\"alignnone size-full wp-image-5757\" src=\"https:\/\/marekkuchcinski.pl\/wp-content\/uploads\/2017\/04\/RZ__3654-1.jpg\" alt=\"RZ__3654 (1)\" width=\"2835\" height=\"1890\" srcset=\"https:\/\/marekkuchcinski.pl\/wp-content\/uploads\/2017\/04\/RZ__3654-1.jpg 2048w, https:\/\/marekkuchcinski.pl\/wp-content\/uploads\/2017\/04\/RZ__3654-1-300x200.jpg 300w, https:\/\/marekkuchcinski.pl\/wp-content\/uploads\/2017\/04\/RZ__3654-1-768x512.jpg 768w, https:\/\/marekkuchcinski.pl\/wp-content\/uploads\/2017\/04\/RZ__3654-1-1024x683.jpg 1024w\" sizes=\"(max-width: 2835px) 100vw, 2835px\" \/><\/a><\/p>","protected":false},"excerpt":{"rendered":"<p>Marsza\u0142ek Sejmu Marek Kuchci\u0144ski spotka\u0142 si\u0119 z Misj\u0105 Ewaluacyjn\u0105 Mi\u0119dzynarodowego Biura Wystaw (BIE). Celem spotkania by\u0142a rozmowa na temat organizacji \u015bwiatowej wystawy Expo 2022 w \u0141odzi. Wpisuje si\u0119 ona w szereg podejmowanych przez w\u0142adze Polski inicjatyw, kt\u00f3re maj\u0105 na celu uruchomienie szeroko zakrojonych projekt\u00f3w rewitalizacyjnych w ca\u0142ym kraju. \u2013 Razem z rz\u0105dem jeste\u015bmy zdeterminowani, by [&hellip;]<\/p>\n","protected":false},"author":6,"featured_media":5757,"comment_status":"open","ping_status":"open","sticky":false,"template":"","format":"standard","meta":{"ngg_post_thumbnail":0,"footnotes":""},"categories":[81,50,3],"tags":[],"class_list":["post-5756","post","type-post","status-publish","format-standard","has-post-thumbnail","hentry","category-wiesci-z-sejmu","category-wspolpraca-miedzynarodowa","category-wydarzenia"],"_links":{"self":[{"href":"https:\/\/marekkuchcinski.pl\/ro\/wp-json\/wp\/v2\/posts\/5756","targetHints":{"allow":["GET"]}}],"collection":[{"href":"https:\/\/marekkuchcinski.pl\/ro\/wp-json\/wp\/v2\/posts"}],"about":[{"href":"https:\/\/marekkuchcinski.pl\/ro\/wp-json\/wp\/v2\/types\/post"}],"author":[{"embeddable":true,"href":"https:\/\/marekkuchcinski.pl\/ro\/wp-json\/wp\/v2\/users\/6"}],"replies":[{"embeddable":true,"href":"https:\/\/marekkuchcinski.pl\/ro\/wp-json\/wp\/v2\/comments?post=5756"}],"version-history":[{"count":3,"href":"https:\/\/marekkuchcinski.pl\/ro\/wp-json\/wp\/v2\/posts\/5756\/revisions"}],"predecessor-version":[{"id":5764,"href":"https:\/\/marekkuchcinski.pl\/ro\/wp-json\/wp\/v2\/posts\/5756\/revisions\/5764"}],"wp:featuredmedia":[{"embeddable":true,"href":"https:\/\/marekkuchcinski.pl\/ro\/wp-json\/wp\/v2\/media\/5757"}],"wp:attachment":[{"href":"https:\/\/marekkuchcinski.pl\/ro\/wp-json\/wp\/v2\/media?parent=5756"}],"wp:term":[{"taxonomy":"category","embeddable":true,"href":"https:\/\/marekkuchcinski.pl\/ro\/wp-json\/wp\/v2\/categories?post=5756"},{"taxonomy":"post_tag","embeddable":true,"href":"https:\/\/marekkuchcinski.pl\/ro\/wp-json\/wp\/v2\/tags?post=5756"}],"curies":[{"name":"wp","href":"https:\/\/api.w.org\/{rel}","templated":true}]}}