{"id":5589,"date":"2017-03-11T09:29:18","date_gmt":"2017-03-11T08:29:18","guid":{"rendered":"https:\/\/marekkuchcinski.pl\/?p=5589"},"modified":"2017-03-11T09:43:29","modified_gmt":"2017-03-11T08:43:29","slug":"nagroda-im-lecha-kaczynskiego-dla-andrzeja-gwiazdy","status":"publish","type":"post","link":"https:\/\/marekkuchcinski.pl\/ro\/wydarzenia\/nagroda-im-lecha-kaczynskiego-dla-andrzeja-gwiazdy\/","title":{"rendered":"Premiul Lech Kaczy\u0144ski pentru Andrzej Gwiazdy"},"content":{"rendered":"<p><strong>Laureatul din acest an al Premiului Lech Kaczy\u0144ski este Andrzej Gwiazda, un activist legendar al opozi\u021biei anticomuniste, co-fondator al Sindicatelor Libere de pe Coast\u0103 \u0219i al Sindicatului Solidaritatea, cavaler al Ordinului Vulturul Alb.<\/strong><\/p>\n<p>- De fapt, \u00eentreaga via\u021b\u0103 a domnului Andrzej Gwiazdy \u0219i a so\u021biei sale Joanna, care l-a \u00eenso\u021bit \u00een aceast\u0103 via\u021b\u0103, este o lupt\u0103 pentru o Polonie liber\u0103, suveran\u0103, o Polonie a adev\u0103rului. \u0218i asta este ceea ce pre\u0219edintele Lech Kaczy\u0144ski a apreciat at\u00e2t de mult - a declarat pre\u0219edintele Andrzej Duda. - Nu a fost doar o persoan\u0103 pe care pre\u0219edintele Lech Kaczy\u0144ski o considera un vechi prieten, ci a fost o persoan\u0103 pe care pre\u0219edintele a considerat-o cu siguran\u021b\u0103 un model de om, un patriot de neclintit - a spus pre\u0219edintele.<\/p>\n<p>Andrzej Gwiazda \u0219i-a amintit c\u0103 Lech Kaczy\u0144ski, ori de c\u00e2te ori existau persoane dispuse s\u0103 coopereze, \u0219i-a riscat pozi\u021bia sa deja respectabil\u0103 prin aderarea la activitatea independent\u0103, a riscat s\u0103 fie concediat de la locul de munc\u0103, s\u0103 i se \u00eenchid\u0103 procesul \u0219tiin\u021bific. - Acest lucru a fost mai grav dec\u00e2t represiunile de genul 24 de ore \u00een groap\u0103 sau \u00eenchisoarea\", a spus el.<\/p>\n<p>La gal\u0103 au participat \u0219i pre\u0219edin\u021bii Sejm-ului, Marek Kuchci\u0144ski, \u0219i Senatului, Stanis\u0142aw Karczewski, pre\u0219edintele partidului Lege \u0219i Justi\u021bie, Jaros\u0142aw Kaczy\u0144ski, \u0219i fiica lui Lech Kaczy\u0144ski, Marta Kaczy\u0144ska.<\/p>\n<p>Premiul Lech Kaczy\u0144ski este acordat unor persoane remarcabile care au servit bine na\u021biunii poloneze. Printre c\u00e2\u0219tig\u0103torii anteriori se num\u0103r\u0103: pre\u0219edintele Andrzej Duda, Krzysztof Wyszkowski, profesorul Krzysztof Szwagrzyk, Zofia Romaszewska, W\u0142adys\u0142aw Stasiak.<\/p>\n<p><em>Foto: Andrzej Hrehorowicz, KPRP<\/em><\/p>\n<p><a href=\"https:\/\/marekkuchcinski.pl\/wp-content\/uploads\/2017\/03\/dwnld614112143.jpg\"><img fetchpriority=\"high\" decoding=\"async\" class=\"alignnone size-full wp-image-5594\" src=\"https:\/\/marekkuchcinski.pl\/wp-content\/uploads\/2017\/03\/dwnld614112143.jpg\" alt=\"dwnld614112143\" width=\"1500\" height=\"1000\" srcset=\"https:\/\/marekkuchcinski.pl\/wp-content\/uploads\/2017\/03\/dwnld614112143.jpg 1500w, https:\/\/marekkuchcinski.pl\/wp-content\/uploads\/2017\/03\/dwnld614112143-300x200.jpg 300w, https:\/\/marekkuchcinski.pl\/wp-content\/uploads\/2017\/03\/dwnld614112143-768x512.jpg 768w, https:\/\/marekkuchcinski.pl\/wp-content\/uploads\/2017\/03\/dwnld614112143-1024x683.jpg 1024w\" sizes=\"(max-width: 1500px) 100vw, 1500px\" \/><\/a> <a href=\"https:\/\/marekkuchcinski.pl\/wp-content\/uploads\/2017\/03\/gw2.jpg\"><img decoding=\"async\" class=\"alignnone size-full wp-image-5596\" src=\"https:\/\/marekkuchcinski.pl\/wp-content\/uploads\/2017\/03\/gw2.jpg\" alt=\"gw2\" width=\"1400\" height=\"933\" srcset=\"https:\/\/marekkuchcinski.pl\/wp-content\/uploads\/2017\/03\/gw2.jpg 1400w, https:\/\/marekkuchcinski.pl\/wp-content\/uploads\/2017\/03\/gw2-300x200.jpg 300w, https:\/\/marekkuchcinski.pl\/wp-content\/uploads\/2017\/03\/gw2-768x512.jpg 768w, https:\/\/marekkuchcinski.pl\/wp-content\/uploads\/2017\/03\/gw2-1024x682.jpg 1024w\" sizes=\"(max-width: 1400px) 100vw, 1400px\" \/><\/a> <a href=\"https:\/\/marekkuchcinski.pl\/wp-content\/uploads\/2017\/03\/gw4.jpg\"><img decoding=\"async\" class=\"alignnone size-full wp-image-5597\" src=\"https:\/\/marekkuchcinski.pl\/wp-content\/uploads\/2017\/03\/gw4.jpg\" alt=\"gw4\" width=\"1500\" height=\"1000\" srcset=\"https:\/\/marekkuchcinski.pl\/wp-content\/uploads\/2017\/03\/gw4.jpg 1500w, https:\/\/marekkuchcinski.pl\/wp-content\/uploads\/2017\/03\/gw4-300x200.jpg 300w, https:\/\/marekkuchcinski.pl\/wp-content\/uploads\/2017\/03\/gw4-768x512.jpg 768w, https:\/\/marekkuchcinski.pl\/wp-content\/uploads\/2017\/03\/gw4-1024x683.jpg 1024w\" sizes=\"(max-width: 1500px) 100vw, 1500px\" \/><\/a><\/p>","protected":false},"excerpt":{"rendered":"<p>Tegorocznym laureatem Nagrody im. Lecha Kaczy\u0144skiego zosta\u0142 Andrzej Gwiazda, legendarny dzia\u0142acz opozycji antykomunistycznej, wsp\u00f3\u0142tw\u00f3rca Wolnych Zwi\u0105zk\u00f3w Zawodowych Wybrze\u017ca i NSZZ \u201eSolidarno\u015b\u0107\u201d, kawaler Orderu Or\u0142a Bia\u0142ego. \u2013 W\u0142a\u015bciwie ca\u0142e \u017cycie pana Andrzeja Gwiazdy i tak\u017ce jego \u017cony, kt\u00f3ra mu przez to \u017cycie towarzyszy, pani Joanny, to jest d\u0105\u017cenie do wolnej, suwerennej Polski, Polski prawdy. I to [&hellip;]<\/p>\n","protected":false},"author":6,"featured_media":5596,"comment_status":"open","ping_status":"open","sticky":false,"template":"","format":"standard","meta":{"ngg_post_thumbnail":0,"footnotes":""},"categories":[82,3],"tags":[],"class_list":["post-5589","post","type-post","status-publish","format-standard","has-post-thumbnail","hentry","category-prawo-i-sprawiedliwosc","category-wydarzenia"],"_links":{"self":[{"href":"https:\/\/marekkuchcinski.pl\/ro\/wp-json\/wp\/v2\/posts\/5589","targetHints":{"allow":["GET"]}}],"collection":[{"href":"https:\/\/marekkuchcinski.pl\/ro\/wp-json\/wp\/v2\/posts"}],"about":[{"href":"https:\/\/marekkuchcinski.pl\/ro\/wp-json\/wp\/v2\/types\/post"}],"author":[{"embeddable":true,"href":"https:\/\/marekkuchcinski.pl\/ro\/wp-json\/wp\/v2\/users\/6"}],"replies":[{"embeddable":true,"href":"https:\/\/marekkuchcinski.pl\/ro\/wp-json\/wp\/v2\/comments?post=5589"}],"version-history":[{"count":5,"href":"https:\/\/marekkuchcinski.pl\/ro\/wp-json\/wp\/v2\/posts\/5589\/revisions"}],"predecessor-version":[{"id":5598,"href":"https:\/\/marekkuchcinski.pl\/ro\/wp-json\/wp\/v2\/posts\/5589\/revisions\/5598"}],"wp:featuredmedia":[{"embeddable":true,"href":"https:\/\/marekkuchcinski.pl\/ro\/wp-json\/wp\/v2\/media\/5596"}],"wp:attachment":[{"href":"https:\/\/marekkuchcinski.pl\/ro\/wp-json\/wp\/v2\/media?parent=5589"}],"wp:term":[{"taxonomy":"category","embeddable":true,"href":"https:\/\/marekkuchcinski.pl\/ro\/wp-json\/wp\/v2\/categories?post=5589"},{"taxonomy":"post_tag","embeddable":true,"href":"https:\/\/marekkuchcinski.pl\/ro\/wp-json\/wp\/v2\/tags?post=5589"}],"curies":[{"name":"wp","href":"https:\/\/api.w.org\/{rel}","templated":true}]}}