{"id":5421,"date":"2017-02-24T12:04:10","date_gmt":"2017-02-24T11:04:10","guid":{"rendered":"https:\/\/marekkuchcinski.pl\/?p=5421"},"modified":"2017-02-27T15:18:00","modified_gmt":"2017-02-27T14:18:00","slug":"sejm-podjal-uchwale-upamietniajaca-ksiedza-franciszka-blachnickiego","status":"publish","type":"post","link":"https:\/\/marekkuchcinski.pl\/ro\/wazne-daty\/sejm-podjal-uchwale-upamietniajaca-ksiedza-franciszka-blachnickiego\/","title":{"rendered":"Sejm-ul a adoptat o rezolu\u021bie de comemorare a p\u0103rintelui Franciszek Blachnicki"},"content":{"rendered":"<p>Cu ocazia celei de-a 30-a anivers\u0103ri a mor\u021bii p\u0103rintelui Franciszek Blachnicki, care are loc \u00een februarie 2017, Sejm-ul Republicii Polone aduce un omagiu acestui mare patriot, soldat, cleric \u0219i activist social.<\/p>\n<p>P\u0103rintele Franciszek Blachnicki \u0219i-a dedicat \u00eentreaga via\u021b\u0103 pentru binele patriei sale. A luptat ca soldat \u00een campania din septembrie, a fost activ \u00een rezisten\u021ba, a fost \u00eenchis \u00eentr-un lag\u0103r de concentrare \u0219i a fost persecutat de serviciile de securitate comuniste. Activitatea sa social\u0103 s-a bazat pe valori universale, model\u00e2nd atitudinile morale ale na\u021biunii.  \u00cen calitate de fondator al Mi\u0219c\u0103rii Lumin\u0103 - Via\u021b\u0103, a educat tinerii \u0219i adul\u021bii \u00een spiritul patriotismului, al moralit\u0103\u021bii \u0219i al responsabilit\u0103\u021bii.<\/p>\n<p>Celebr\u0103rile care au marcat cea de-a 30-a aniversare a mor\u021bii p\u0103rintelui Franciszek Blachnicki s-au desf\u0103\u0219urat sub patronajul onorific al pre\u0219edintelui Republicii Polone, Andrzej Duda.<\/p>\n<p>Sejm-ul Republicii Polone - apreciind meritele P\u0103rintelui Franciszek Blachnicki pentru na\u021biunea polonez\u0103 \u0219i contribu\u021bia sa la dezvoltarea moral\u0103 a multor genera\u021bii - aduce un omagiu memoriei sale.<\/p>\n<p><a href=\"https:\/\/marekkuchcinski.pl\/wp-content\/uploads\/2017\/02\/094056_lu11s04_1972_kurs_anim_oaz_51-1.jpg\"><img fetchpriority=\"high\" decoding=\"async\" class=\"alignnone wp-image-5423\" src=\"https:\/\/marekkuchcinski.pl\/wp-content\/uploads\/2017\/02\/094056_lu11s04_1972_kurs_anim_oaz_51-1.jpg\" alt=\"094056_lu11s04_1972_kurs_anim_oaz_51\" width=\"988\" height=\"424\" srcset=\"https:\/\/marekkuchcinski.pl\/wp-content\/uploads\/2017\/02\/094056_lu11s04_1972_kurs_anim_oaz_51-1.jpg 650w, https:\/\/marekkuchcinski.pl\/wp-content\/uploads\/2017\/02\/094056_lu11s04_1972_kurs_anim_oaz_51-1-300x129.jpg 300w\" sizes=\"(max-width: 988px) 100vw, 988px\" \/><\/a> <a href=\"https:\/\/marekkuchcinski.pl\/wp-content\/uploads\/2017\/02\/ks-franciszek-blachnicki-fot.jpg\"><img decoding=\"async\" class=\"alignnone wp-image-5424\" src=\"https:\/\/marekkuchcinski.pl\/wp-content\/uploads\/2017\/02\/ks-franciszek-blachnicki-fot.jpg\" alt=\"ks-franciszek-blachnicki-fot\" width=\"981\" height=\"692\" srcset=\"https:\/\/marekkuchcinski.pl\/wp-content\/uploads\/2017\/02\/ks-franciszek-blachnicki-fot.jpg 512w, https:\/\/marekkuchcinski.pl\/wp-content\/uploads\/2017\/02\/ks-franciszek-blachnicki-fot-300x212.jpg 300w\" sizes=\"(max-width: 981px) 100vw, 981px\" \/><\/a> <a href=\"https:\/\/marekkuchcinski.pl\/wp-content\/uploads\/2017\/02\/blachnicki_oswiecim.jpg\"><img decoding=\"async\" class=\"alignnone wp-image-5425\" src=\"https:\/\/marekkuchcinski.pl\/wp-content\/uploads\/2017\/02\/blachnicki_oswiecim.jpg\" alt=\"blachnicki_oswiecim\" width=\"1036\" height=\"468\" srcset=\"https:\/\/marekkuchcinski.pl\/wp-content\/uploads\/2017\/02\/blachnicki_oswiecim.jpg 640w, https:\/\/marekkuchcinski.pl\/wp-content\/uploads\/2017\/02\/blachnicki_oswiecim-300x135.jpg 300w\" sizes=\"(max-width: 1036px) 100vw, 1036px\" \/><\/a><\/p>","protected":false},"excerpt":{"rendered":"<p>W przypadaj\u0105c\u0105 w lutym 2017 roku 30. rocznic\u0119 \u015bmierci ks. Franciszka Blachnickiego, Sejm Rzeczypospolitej Polskiej oddaje ho\u0142d temu wielkiemu patriocie, \u017co\u0142nierzowi, duchownemu i dzia\u0142aczowi spo\u0142ecznemu. Ks. Franciszek Blachnicki po\u015bwi\u0119ci\u0142 ca\u0142e swoje \u017cycie dobru ojczyzny. Walczy\u0142 jako \u017co\u0142nierz w kampanii wrze\u015bniowej, dzia\u0142a\u0142 w konspiracji, by\u0142 osadzony w obozie koncentracyjnym,\u00a0 prze\u015bladowany przez komunistyczne s\u0142u\u017cby bezpiecze\u0144stwa. Jego dzia\u0142alno\u015b\u0107 [&hellip;]<\/p>\n","protected":false},"author":6,"featured_media":5422,"comment_status":"open","ping_status":"open","sticky":false,"template":"","format":"standard","meta":{"ngg_post_thumbnail":0,"footnotes":""},"categories":[77,81],"tags":[],"class_list":["post-5421","post","type-post","status-publish","format-standard","has-post-thumbnail","hentry","category-wazne-daty","category-wiesci-z-sejmu"],"_links":{"self":[{"href":"https:\/\/marekkuchcinski.pl\/ro\/wp-json\/wp\/v2\/posts\/5421","targetHints":{"allow":["GET"]}}],"collection":[{"href":"https:\/\/marekkuchcinski.pl\/ro\/wp-json\/wp\/v2\/posts"}],"about":[{"href":"https:\/\/marekkuchcinski.pl\/ro\/wp-json\/wp\/v2\/types\/post"}],"author":[{"embeddable":true,"href":"https:\/\/marekkuchcinski.pl\/ro\/wp-json\/wp\/v2\/users\/6"}],"replies":[{"embeddable":true,"href":"https:\/\/marekkuchcinski.pl\/ro\/wp-json\/wp\/v2\/comments?post=5421"}],"version-history":[{"count":2,"href":"https:\/\/marekkuchcinski.pl\/ro\/wp-json\/wp\/v2\/posts\/5421\/revisions"}],"predecessor-version":[{"id":5465,"href":"https:\/\/marekkuchcinski.pl\/ro\/wp-json\/wp\/v2\/posts\/5421\/revisions\/5465"}],"wp:featuredmedia":[{"embeddable":true,"href":"https:\/\/marekkuchcinski.pl\/ro\/wp-json\/wp\/v2\/media\/5422"}],"wp:attachment":[{"href":"https:\/\/marekkuchcinski.pl\/ro\/wp-json\/wp\/v2\/media?parent=5421"}],"wp:term":[{"taxonomy":"category","embeddable":true,"href":"https:\/\/marekkuchcinski.pl\/ro\/wp-json\/wp\/v2\/categories?post=5421"},{"taxonomy":"post_tag","embeddable":true,"href":"https:\/\/marekkuchcinski.pl\/ro\/wp-json\/wp\/v2\/tags?post=5421"}],"curies":[{"name":"wp","href":"https:\/\/api.w.org\/{rel}","templated":true}]}}