{"id":5378,"date":"2017-02-15T10:37:32","date_gmt":"2017-02-15T09:37:32","guid":{"rendered":"https:\/\/marekkuchcinski.pl\/?p=5378"},"modified":"2017-02-23T10:42:27","modified_gmt":"2017-02-23T09:42:27","slug":"15-lutego-dniem-wyszehradzkim","status":"publish","type":"post","link":"https:\/\/marekkuchcinski.pl\/ro\/wazne-daty\/15-lutego-dniem-wyszehradzkim\/","title":{"rendered":"15 februarie Ziua de la Vi\u0219egrad"},"content":{"rendered":"<p>Grupul de la Vi\u0219egrad (V4) este o form\u0103 regional\u0103 informal\u0103 de cooperare \u00eentre patru \u021b\u0103ri din Europa Central\u0103 - Polonia, Republica Ceh\u0103, Slovacia \u0219i Ungaria, care sunt legate nu numai de vecin\u0103tate \u0219i de condi\u021bii geopolitice similare, ci mai ales de istoria, tradi\u021bia, cultura \u0219i valorile comune. Ideea care a stat la baza \u00eenfiin\u021b\u0103rii Grupului a fost aceea de a intensifica cooperarea \u00een vederea construirii unor structuri statale democratice \u0219i a unei economii de pia\u021b\u0103 libere, iar pe termen lung de a participa la procesul de integrare european\u0103. Data cre\u0103rii sale este 15 februarie 1991, c\u00e2nd pre\u0219edin\u021bii Poloniei, Lech Wa\u0142\u0119sa, \u0219i Cehoslovaciei, V\u00e1clav Havel, \u0219i premierul ungar J\u00f3zsef Antall au semnat o declara\u021bie comun\u0103 \u00een ora\u0219ul maghiar Visegrad, stabilind obiectivele \u0219i condi\u021biile de cooperare reciproc\u0103. Din 2004, toate \u021b\u0103rile V4 sunt membre ale Uniunii Europene, iar Grupul de la Visegrad ofer\u0103 un forum pentru schimbul de experien\u021b\u0103 \u0219i pentru dezvoltarea unor pozi\u021bii comune \u00een probleme importante pentru viitorul regiunii \u0219i al UE.<\/p>\n<p>Pe l\u00e2ng\u0103 chestiunile europene, cooperarea \u00een cadrul V4 se concentreaz\u0103 \u00een primul r\u00e2nd pe consolidarea stabilit\u0103\u021bii \u00een Europa Central\u0103, pe schimbul de informa\u021bii, pe promovarea unei comunit\u0103\u021bi culturale \u0219i pe cooperarea \u00een domeniile culturii, \u0219tiin\u021bei, educa\u021biei \u0219i schimburilor de tineri. Domeniile prioritare de cooperare sunt extinderea infrastructurii de transport \u0219i consolidarea securit\u0103\u021bii energetice \u00een regiune. Exist\u0103, de asemenea, un mecanism de cooperare cu \u021b\u0103rile ter\u021be \u00een formula \"V4+\".<\/p>\n<p>Numero\u0219i \u0219i diver\u0219i actori sunt implica\u021bi \u00een cooperarea de la Vi\u0219egrad: pre\u0219edin\u021bi, prim-mini\u0219tri, mini\u0219tri, parlamente, institu\u021bii guvernamentale, ONG-uri, centre de cercetare, universit\u0103\u021bi sau institu\u021bii culturale. Singura form\u0103 de cooperare pe deplin institu\u021bionalizat\u0103 \u00een cadrul V4 este Fondul Interna\u021bional Visegrad (FIV). Pre\u0219edin\u021bia grupului este asigurat\u0103 prin rota\u021bie \u0219i dureaz\u0103 un an, cu un program adoptat de prim-mini\u0219trii \u021b\u0103rilor din grupul de la Vi\u0219egrad. Polonia de\u021bine pre\u0219edin\u021bia Grupului de la 1 iulie 2016 p\u00e2n\u0103 la 30 iunie 2017.<\/p>\n<p>Informa\u021bii suplimentare despre Grupul de la Vi\u0219egrad sunt disponibile pe site-ul oficial al Grupului: <u><a href=\"http:\/\/www.visegradgroup.eu\/\">http:\/\/www.visegradgroup.eu\/<\/a><\/u><\/p>\n<p><em>MFA<\/em><\/p>\n<p>&nbsp;<\/p>","protected":false},"excerpt":{"rendered":"<p>Grupa Wyszehradzka (V4) jest nieformaln\u0105 regionaln\u0105 form\u0105 wsp\u00f3\u0142pracy czterech pa\u0144stw \u015arodkowej Europy \u2013 Polski, Czech, S\u0142owacji i W\u0119gier, kt\u00f3re \u0142\u0105czy nie tylko s\u0105siedztwo i podobne uwarunkowania geopolityczne, ale przede wszystkim wsp\u00f3lna historia, tradycja, kultura oraz warto\u015bci. Ide\u0105 utworzenia Grupy by\u0142a intensyfikacja wsp\u00f3\u0142pracy w zakresie budowy demokratycznych struktur pa\u0144stwowych oraz wolnorynkowej gospodarki, a w dalszej perspektywie [&hellip;]<\/p>","protected":false},"author":6,"featured_media":5379,"comment_status":"open","ping_status":"open","sticky":false,"template":"","format":"standard","meta":{"ngg_post_thumbnail":0,"footnotes":""},"categories":[77],"tags":[],"class_list":["post-5378","post","type-post","status-publish","format-standard","has-post-thumbnail","hentry","category-wazne-daty"],"yoast_head":"<!-- This site is optimized with the Yoast SEO plugin v24.7 - https:\/\/yoast.com\/wordpress\/plugins\/seo\/ -->\n<title>15 lutego Dniem Wyszehradzkim &#8211; Marek Kuchci\u0144ski<\/title>\n<meta name=\"robots\" content=\"index, follow, max-snippet:-1, max-image-preview:large, max-video-preview:-1\" \/>\n<link rel=\"canonical\" href=\"https:\/\/marekkuchcinski.pl\/ro\/wazne-daty\/15-lutego-dniem-wyszehradzkim\/\" \/>\n<meta property=\"og:locale\" content=\"ro_RO\" \/>\n<meta property=\"og:type\" content=\"article\" \/>\n<meta property=\"og:title\" content=\"15 lutego Dniem Wyszehradzkim &#8211; Marek Kuchci\u0144ski\" \/>\n<meta property=\"og:description\" content=\"Grupa Wyszehradzka (V4) jest nieformaln\u0105 regionaln\u0105 form\u0105 wsp\u00f3\u0142pracy czterech pa\u0144stw \u015arodkowej Europy \u2013 Polski, Czech, S\u0142owacji i W\u0119gier, kt\u00f3re \u0142\u0105czy nie tylko s\u0105siedztwo i podobne uwarunkowania geopolityczne, ale przede wszystkim wsp\u00f3lna historia, tradycja, kultura oraz warto\u015bci. Ide\u0105 utworzenia Grupy by\u0142a intensyfikacja wsp\u00f3\u0142pracy w zakresie budowy demokratycznych struktur pa\u0144stwowych oraz wolnorynkowej gospodarki, a w dalszej perspektywie [&hellip;]\" \/>\n<meta property=\"og:url\" content=\"https:\/\/marekkuchcinski.pl\/ro\/wazne-daty\/15-lutego-dniem-wyszehradzkim\/\" \/>\n<meta property=\"og:site_name\" content=\"Marek Kuchci\u0144ski\" \/>\n<meta property=\"article:published_time\" content=\"2017-02-15T09:37:32+00:00\" \/>\n<meta property=\"article:modified_time\" content=\"2017-02-23T09:42:27+00:00\" \/>\n<meta property=\"og:image\" content=\"https:\/\/marekkuchcinski.pl\/wp-content\/uploads\/2017\/02\/cf1f077a911c3f077bef2e6ad1677e47.jpeg\" \/>\n\t<meta property=\"og:image:width\" content=\"726\" \/>\n\t<meta property=\"og:image:height\" content=\"393\" \/>\n\t<meta property=\"og:image:type\" content=\"image\/jpeg\" \/>\n<meta name=\"author\" content=\"admin\" \/>\n<meta name=\"twitter:card\" content=\"summary_large_image\" \/>\n<meta name=\"twitter:label1\" content=\"Scris de\" \/>\n\t<meta name=\"twitter:data1\" content=\"admin\" \/>\n\t<meta name=\"twitter:label2\" content=\"Timp estimat pentru citire\" \/>\n\t<meta name=\"twitter:data2\" content=\"2 minutes\" \/>\n<script type=\"application\/ld+json\" class=\"yoast-schema-graph\">{\"@context\":\"https:\/\/schema.org\",\"@graph\":[{\"@type\":\"Article\",\"@id\":\"https:\/\/marekkuchcinski.pl\/wazne-daty\/15-lutego-dniem-wyszehradzkim\/#article\",\"isPartOf\":{\"@id\":\"https:\/\/marekkuchcinski.pl\/wazne-daty\/15-lutego-dniem-wyszehradzkim\/\"},\"author\":{\"name\":\"admin\",\"@id\":\"https:\/\/marekkuchcinski.pl\/#\/schema\/person\/6f62700996b4d950b6ea2d1183b6c6be\"},\"headline\":\"15 lutego Dniem Wyszehradzkim\",\"datePublished\":\"2017-02-15T09:37:32+00:00\",\"dateModified\":\"2017-02-23T09:42:27+00:00\",\"mainEntityOfPage\":{\"@id\":\"https:\/\/marekkuchcinski.pl\/wazne-daty\/15-lutego-dniem-wyszehradzkim\/\"},\"wordCount\":317,\"commentCount\":0,\"publisher\":{\"@id\":\"https:\/\/marekkuchcinski.pl\/#organization\"},\"image\":{\"@id\":\"https:\/\/marekkuchcinski.pl\/wazne-daty\/15-lutego-dniem-wyszehradzkim\/#primaryimage\"},\"thumbnailUrl\":\"https:\/\/marekkuchcinski.pl\/wp-content\/uploads\/2017\/02\/cf1f077a911c3f077bef2e6ad1677e47.jpeg\",\"articleSection\":[\"Wa\u017cne daty\"],\"inLanguage\":\"ro-RO\",\"potentialAction\":[{\"@type\":\"CommentAction\",\"name\":\"Comment\",\"target\":[\"https:\/\/marekkuchcinski.pl\/wazne-daty\/15-lutego-dniem-wyszehradzkim\/#respond\"]}]},{\"@type\":\"WebPage\",\"@id\":\"https:\/\/marekkuchcinski.pl\/wazne-daty\/15-lutego-dniem-wyszehradzkim\/\",\"url\":\"https:\/\/marekkuchcinski.pl\/wazne-daty\/15-lutego-dniem-wyszehradzkim\/\",\"name\":\"15 lutego Dniem Wyszehradzkim &#8211; Marek Kuchci\u0144ski\",\"isPartOf\":{\"@id\":\"https:\/\/marekkuchcinski.pl\/#website\"},\"primaryImageOfPage\":{\"@id\":\"https:\/\/marekkuchcinski.pl\/wazne-daty\/15-lutego-dniem-wyszehradzkim\/#primaryimage\"},\"image\":{\"@id\":\"https:\/\/marekkuchcinski.pl\/wazne-daty\/15-lutego-dniem-wyszehradzkim\/#primaryimage\"},\"thumbnailUrl\":\"https:\/\/marekkuchcinski.pl\/wp-content\/uploads\/2017\/02\/cf1f077a911c3f077bef2e6ad1677e47.jpeg\",\"datePublished\":\"2017-02-15T09:37:32+00:00\",\"dateModified\":\"2017-02-23T09:42:27+00:00\",\"breadcrumb\":{\"@id\":\"https:\/\/marekkuchcinski.pl\/wazne-daty\/15-lutego-dniem-wyszehradzkim\/#breadcrumb\"},\"inLanguage\":\"ro-RO\",\"potentialAction\":[{\"@type\":\"ReadAction\",\"target\":[\"https:\/\/marekkuchcinski.pl\/wazne-daty\/15-lutego-dniem-wyszehradzkim\/\"]}]},{\"@type\":\"ImageObject\",\"inLanguage\":\"ro-RO\",\"@id\":\"https:\/\/marekkuchcinski.pl\/wazne-daty\/15-lutego-dniem-wyszehradzkim\/#primaryimage\",\"url\":\"https:\/\/marekkuchcinski.pl\/wp-content\/uploads\/2017\/02\/cf1f077a911c3f077bef2e6ad1677e47.jpeg\",\"contentUrl\":\"https:\/\/marekkuchcinski.pl\/wp-content\/uploads\/2017\/02\/cf1f077a911c3f077bef2e6ad1677e47.jpeg\",\"width\":726,\"height\":393},{\"@type\":\"BreadcrumbList\",\"@id\":\"https:\/\/marekkuchcinski.pl\/wazne-daty\/15-lutego-dniem-wyszehradzkim\/#breadcrumb\",\"itemListElement\":[{\"@type\":\"ListItem\",\"position\":1,\"name\":\"Strona g\u0142\u00f3wna\",\"item\":\"https:\/\/marekkuchcinski.pl\/\"},{\"@type\":\"ListItem\",\"position\":2,\"name\":\"15 lutego Dniem Wyszehradzkim\"}]},{\"@type\":\"WebSite\",\"@id\":\"https:\/\/marekkuchcinski.pl\/#website\",\"url\":\"https:\/\/marekkuchcinski.pl\/\",\"name\":\"Marek Kuchci\u0144ski\",\"description\":\"Pose\u0142 na sejm RP &ndash; okr\u0119g nr 22\",\"publisher\":{\"@id\":\"https:\/\/marekkuchcinski.pl\/#organization\"},\"potentialAction\":[{\"@type\":\"SearchAction\",\"target\":{\"@type\":\"EntryPoint\",\"urlTemplate\":\"https:\/\/marekkuchcinski.pl\/?s={search_term_string}\"},\"query-input\":{\"@type\":\"PropertyValueSpecification\",\"valueRequired\":true,\"valueName\":\"search_term_string\"}}],\"inLanguage\":\"ro-RO\"},{\"@type\":\"Organization\",\"@id\":\"https:\/\/marekkuchcinski.pl\/#organization\",\"name\":\"Marek Kuchci\u0144ski\",\"url\":\"https:\/\/marekkuchcinski.pl\/\",\"logo\":{\"@type\":\"ImageObject\",\"inLanguage\":\"ro-RO\",\"@id\":\"https:\/\/marekkuchcinski.pl\/#\/schema\/logo\/image\/\",\"url\":\"https:\/\/marekkuchcinski.pl\/wp-content\/uploads\/2022\/09\/Marek.jpg\",\"contentUrl\":\"https:\/\/marekkuchcinski.pl\/wp-content\/uploads\/2022\/09\/Marek.jpg\",\"width\":1600,\"height\":971,\"caption\":\"Marek Kuchci\u0144ski\"},\"image\":{\"@id\":\"https:\/\/marekkuchcinski.pl\/#\/schema\/logo\/image\/\"}},{\"@type\":\"Person\",\"@id\":\"https:\/\/marekkuchcinski.pl\/#\/schema\/person\/6f62700996b4d950b6ea2d1183b6c6be\",\"name\":\"admin\",\"image\":{\"@type\":\"ImageObject\",\"inLanguage\":\"ro-RO\",\"@id\":\"https:\/\/marekkuchcinski.pl\/#\/schema\/person\/image\/\",\"url\":\"https:\/\/secure.gravatar.com\/avatar\/4bab693b9d55c3d6b52c0296a8765085?s=96&d=mm&r=g\",\"contentUrl\":\"https:\/\/secure.gravatar.com\/avatar\/4bab693b9d55c3d6b52c0296a8765085?s=96&d=mm&r=g\",\"caption\":\"admin\"},\"url\":\"https:\/\/marekkuchcinski.pl\/ro\/author\/marta-olejnik\/\"}]}<\/script>\n<!-- \/ Yoast SEO plugin. -->","yoast_head_json":{"title":"15 lutego Dniem Wyszehradzkim &#8211; Marek Kuchci\u0144ski","robots":{"index":"index","follow":"follow","max-snippet":"max-snippet:-1","max-image-preview":"max-image-preview:large","max-video-preview":"max-video-preview:-1"},"canonical":"https:\/\/marekkuchcinski.pl\/ro\/wazne-daty\/15-lutego-dniem-wyszehradzkim\/","og_locale":"ro_RO","og_type":"article","og_title":"15 lutego Dniem Wyszehradzkim &#8211; Marek Kuchci\u0144ski","og_description":"Grupa Wyszehradzka (V4) jest nieformaln\u0105 regionaln\u0105 form\u0105 wsp\u00f3\u0142pracy czterech pa\u0144stw \u015arodkowej Europy \u2013 Polski, Czech, S\u0142owacji i W\u0119gier, kt\u00f3re \u0142\u0105czy nie tylko s\u0105siedztwo i podobne uwarunkowania geopolityczne, ale przede wszystkim wsp\u00f3lna historia, tradycja, kultura oraz warto\u015bci. Ide\u0105 utworzenia Grupy by\u0142a intensyfikacja wsp\u00f3\u0142pracy w zakresie budowy demokratycznych struktur pa\u0144stwowych oraz wolnorynkowej gospodarki, a w dalszej perspektywie [&hellip;]","og_url":"https:\/\/marekkuchcinski.pl\/ro\/wazne-daty\/15-lutego-dniem-wyszehradzkim\/","og_site_name":"Marek Kuchci\u0144ski","article_published_time":"2017-02-15T09:37:32+00:00","article_modified_time":"2017-02-23T09:42:27+00:00","og_image":[{"width":726,"height":393,"url":"https:\/\/marekkuchcinski.pl\/wp-content\/uploads\/2017\/02\/cf1f077a911c3f077bef2e6ad1677e47.jpeg","type":"image\/jpeg"}],"author":"admin","twitter_card":"summary_large_image","twitter_misc":{"Scris de":"admin","Timp estimat pentru citire":"2 minutes"},"schema":{"@context":"https:\/\/schema.org","@graph":[{"@type":"Article","@id":"https:\/\/marekkuchcinski.pl\/wazne-daty\/15-lutego-dniem-wyszehradzkim\/#article","isPartOf":{"@id":"https:\/\/marekkuchcinski.pl\/wazne-daty\/15-lutego-dniem-wyszehradzkim\/"},"author":{"name":"admin","@id":"https:\/\/marekkuchcinski.pl\/#\/schema\/person\/6f62700996b4d950b6ea2d1183b6c6be"},"headline":"15 lutego Dniem Wyszehradzkim","datePublished":"2017-02-15T09:37:32+00:00","dateModified":"2017-02-23T09:42:27+00:00","mainEntityOfPage":{"@id":"https:\/\/marekkuchcinski.pl\/wazne-daty\/15-lutego-dniem-wyszehradzkim\/"},"wordCount":317,"commentCount":0,"publisher":{"@id":"https:\/\/marekkuchcinski.pl\/#organization"},"image":{"@id":"https:\/\/marekkuchcinski.pl\/wazne-daty\/15-lutego-dniem-wyszehradzkim\/#primaryimage"},"thumbnailUrl":"https:\/\/marekkuchcinski.pl\/wp-content\/uploads\/2017\/02\/cf1f077a911c3f077bef2e6ad1677e47.jpeg","articleSection":["Wa\u017cne daty"],"inLanguage":"ro-RO","potentialAction":[{"@type":"CommentAction","name":"Comment","target":["https:\/\/marekkuchcinski.pl\/wazne-daty\/15-lutego-dniem-wyszehradzkim\/#respond"]}]},{"@type":"WebPage","@id":"https:\/\/marekkuchcinski.pl\/wazne-daty\/15-lutego-dniem-wyszehradzkim\/","url":"https:\/\/marekkuchcinski.pl\/wazne-daty\/15-lutego-dniem-wyszehradzkim\/","name":"15 lutego Dniem Wyszehradzkim &#8211; Marek Kuchci\u0144ski","isPartOf":{"@id":"https:\/\/marekkuchcinski.pl\/#website"},"primaryImageOfPage":{"@id":"https:\/\/marekkuchcinski.pl\/wazne-daty\/15-lutego-dniem-wyszehradzkim\/#primaryimage"},"image":{"@id":"https:\/\/marekkuchcinski.pl\/wazne-daty\/15-lutego-dniem-wyszehradzkim\/#primaryimage"},"thumbnailUrl":"https:\/\/marekkuchcinski.pl\/wp-content\/uploads\/2017\/02\/cf1f077a911c3f077bef2e6ad1677e47.jpeg","datePublished":"2017-02-15T09:37:32+00:00","dateModified":"2017-02-23T09:42:27+00:00","breadcrumb":{"@id":"https:\/\/marekkuchcinski.pl\/wazne-daty\/15-lutego-dniem-wyszehradzkim\/#breadcrumb"},"inLanguage":"ro-RO","potentialAction":[{"@type":"ReadAction","target":["https:\/\/marekkuchcinski.pl\/wazne-daty\/15-lutego-dniem-wyszehradzkim\/"]}]},{"@type":"ImageObject","inLanguage":"ro-RO","@id":"https:\/\/marekkuchcinski.pl\/wazne-daty\/15-lutego-dniem-wyszehradzkim\/#primaryimage","url":"https:\/\/marekkuchcinski.pl\/wp-content\/uploads\/2017\/02\/cf1f077a911c3f077bef2e6ad1677e47.jpeg","contentUrl":"https:\/\/marekkuchcinski.pl\/wp-content\/uploads\/2017\/02\/cf1f077a911c3f077bef2e6ad1677e47.jpeg","width":726,"height":393},{"@type":"BreadcrumbList","@id":"https:\/\/marekkuchcinski.pl\/wazne-daty\/15-lutego-dniem-wyszehradzkim\/#breadcrumb","itemListElement":[{"@type":"ListItem","position":1,"name":"Strona g\u0142\u00f3wna","item":"https:\/\/marekkuchcinski.pl\/"},{"@type":"ListItem","position":2,"name":"15 lutego Dniem Wyszehradzkim"}]},{"@type":"WebSite","@id":"https:\/\/marekkuchcinski.pl\/#website","url":"https:\/\/marekkuchcinski.pl\/","name":"Marek Kuchci\u0144ski","description":"Pose\u0142 na sejm RP &ndash; okr\u0119g nr 22","publisher":{"@id":"https:\/\/marekkuchcinski.pl\/#organization"},"potentialAction":[{"@type":"SearchAction","target":{"@type":"EntryPoint","urlTemplate":"https:\/\/marekkuchcinski.pl\/?s={search_term_string}"},"query-input":{"@type":"PropertyValueSpecification","valueRequired":true,"valueName":"search_term_string"}}],"inLanguage":"ro-RO"},{"@type":"Organization","@id":"https:\/\/marekkuchcinski.pl\/#organization","name":"Marek Kuchci\u0144ski","url":"https:\/\/marekkuchcinski.pl\/","logo":{"@type":"ImageObject","inLanguage":"ro-RO","@id":"https:\/\/marekkuchcinski.pl\/#\/schema\/logo\/image\/","url":"https:\/\/marekkuchcinski.pl\/wp-content\/uploads\/2022\/09\/Marek.jpg","contentUrl":"https:\/\/marekkuchcinski.pl\/wp-content\/uploads\/2022\/09\/Marek.jpg","width":1600,"height":971,"caption":"Marek Kuchci\u0144ski"},"image":{"@id":"https:\/\/marekkuchcinski.pl\/#\/schema\/logo\/image\/"}},{"@type":"Person","@id":"https:\/\/marekkuchcinski.pl\/#\/schema\/person\/6f62700996b4d950b6ea2d1183b6c6be","name":"admin","image":{"@type":"ImageObject","inLanguage":"ro-RO","@id":"https:\/\/marekkuchcinski.pl\/#\/schema\/person\/image\/","url":"https:\/\/secure.gravatar.com\/avatar\/4bab693b9d55c3d6b52c0296a8765085?s=96&d=mm&r=g","contentUrl":"https:\/\/secure.gravatar.com\/avatar\/4bab693b9d55c3d6b52c0296a8765085?s=96&d=mm&r=g","caption":"admin"},"url":"https:\/\/marekkuchcinski.pl\/ro\/author\/marta-olejnik\/"}]}},"_links":{"self":[{"href":"https:\/\/marekkuchcinski.pl\/ro\/wp-json\/wp\/v2\/posts\/5378","targetHints":{"allow":["GET"]}}],"collection":[{"href":"https:\/\/marekkuchcinski.pl\/ro\/wp-json\/wp\/v2\/posts"}],"about":[{"href":"https:\/\/marekkuchcinski.pl\/ro\/wp-json\/wp\/v2\/types\/post"}],"author":[{"embeddable":true,"href":"https:\/\/marekkuchcinski.pl\/ro\/wp-json\/wp\/v2\/users\/6"}],"replies":[{"embeddable":true,"href":"https:\/\/marekkuchcinski.pl\/ro\/wp-json\/wp\/v2\/comments?post=5378"}],"version-history":[{"count":1,"href":"https:\/\/marekkuchcinski.pl\/ro\/wp-json\/wp\/v2\/posts\/5378\/revisions"}],"predecessor-version":[{"id":5380,"href":"https:\/\/marekkuchcinski.pl\/ro\/wp-json\/wp\/v2\/posts\/5378\/revisions\/5380"}],"wp:featuredmedia":[{"embeddable":true,"href":"https:\/\/marekkuchcinski.pl\/ro\/wp-json\/wp\/v2\/media\/5379"}],"wp:attachment":[{"href":"https:\/\/marekkuchcinski.pl\/ro\/wp-json\/wp\/v2\/media?parent=5378"}],"wp:term":[{"taxonomy":"category","embeddable":true,"href":"https:\/\/marekkuchcinski.pl\/ro\/wp-json\/wp\/v2\/categories?post=5378"},{"taxonomy":"post_tag","embeddable":true,"href":"https:\/\/marekkuchcinski.pl\/ro\/wp-json\/wp\/v2\/tags?post=5378"}],"curies":[{"name":"wp","href":"https:\/\/api.w.org\/{rel}","templated":true}]}}