{"id":5376,"date":"2017-02-14T12:15:35","date_gmt":"2017-02-14T11:15:35","guid":{"rendered":"https:\/\/marekkuchcinski.pl\/?p=5376"},"modified":"2017-02-27T14:09:36","modified_gmt":"2017-02-27T13:09:36","slug":"14-lutego-1942-roku-zwiazek-walki-zbrojnej-zostal-przemianowany-armie-krajowa","status":"publish","type":"post","link":"https:\/\/marekkuchcinski.pl\/ro\/wazne-daty\/14-lutego-1942-roku-zwiazek-walki-zbrojnej-zostal-przemianowany-armie-krajowa\/","title":{"rendered":"La 14 februarie 1942, Uniunea de Lupt\u0103 Armat\u0103 a fost redenumit\u0103 Armata Na\u021bional\u0103."},"content":{"rendered":"<p>\u00cen urm\u0103 cu 75 de ani, la 14 februarie 1942, din ordinul generalului W\u0142adys\u0142aw Sikorski, comandantul-\u0219ef al for\u021belor armate poloneze, Uniunea clandestin\u0103 a luptei armate care activa \u00een Polonia ocupat\u0103 a fost transformat\u0103 \u00een Armata Na\u021bional\u0103 (AK), a c\u0103rei activitate este una dintre cele mai glorioase pagini din istoria Poloniei \u0219i care a avut o contribu\u021bie enorm\u0103 la lupta pentru libertatea Europei.<\/p>\n<p>Armata Na\u021bional\u0103 a fost cea mai bine organizat\u0103 \u0219i cea mai mare armat\u0103 clandestin\u0103 din Europa ocupat\u0103. Acesta era format din peste dou\u0103 sute de organiza\u021bii. Sute de mii de solda\u021bi, care au dob\u00e2ndit experien\u021b\u0103 de lupt\u0103 \u00een condi\u021biile conspira\u021biei urbane \u0219i ale r\u0103zboiului de partizani, au fost capabili s\u0103 provoace armata regulat\u0103 \u00een lupt\u0103 deschis\u0103: mai \u00eent\u00e2i \u00een timpul Opera\u021biunii Tempest - o opera\u021biune \u00eempotriva germanilor lansat\u0103 atunci c\u00e2nd primele trupe ale Armatei Ro\u0219ii au intrat pe teritoriul celei de-a doua Republici Poloneze, \u0219i apoi \u00een Revolta de la Var\u0219ovia - cea mai mare \u0219i mai lung\u0103 b\u0103t\u0103lie insurgent\u0103 din Europa ocupat\u0103, care a inspirat g\u00e2ndurile \u0219i visele polonezilor liberi pentru urm\u0103toarea jum\u0103tate de secol.<\/p>\n<p>Dup\u0103 sf\u00e2r\u0219itul celui de-al Doilea R\u0103zboi Mondial, solda\u021bii Armatei Na\u021bionale au fost persecuta\u021bi \u0219i h\u0103r\u021bui\u021bi de autorit\u0103\u021bile Republicii Populare Poloneze, fiind condamna\u021bi la mul\u021bi ani de \u00eenchisoare \u0219i chiar la moarte.<br \/>\nDup\u0103 ani de lupt\u0103 armat\u0103 \u00eempotriva ocupan\u021bilor, a venit \u0219i o perioad\u0103 de lupt\u0103 pentru adev\u0103r \u0219i memorie. Marea determinare \u0219i credin\u021ba \u00een victorie care i-a \u00eenso\u021bit pe c\u00e2mpul de lupt\u0103 a f\u0103cut posibil\u0103 p\u0103strarea adev\u0103rului despre Polonia \u00een timpul celui de-al Doilea R\u0103zboi Mondial \u0219i nu a permis ca memoria camarazilor de arme c\u0103zu\u021bi, uci\u0219i \u0219i expulza\u021bi din patria lor s\u0103 fie distrus\u0103.<\/p>\n<p>Ast\u0103zi, Armata Na\u021bional\u0103 nu este doar un simbol al luptei pentru o republic\u0103 liber\u0103 \u0219i independent\u0103, ci \u0219i un simbol al celor mai \u00eenalte valori, cum ar fi curajul, patriotismul \u0219i disponibilitatea de a face sacrificii pentru binele Poloniei.<\/p>\n<p>Sejm-ul Republicii Polone aduce un omagiu tuturor solda\u021bilor Armatei Na\u021bionale \u0219i \u00ee\u0219i exprim\u0103 convingerea c\u0103 atitudinea lor va fi un indicator moral pentru genera\u021biile viitoare de polonezi, eliber\u00e2nd un sentiment de m\u00e2ndrie na\u021bional\u0103 \u0219i cre\u00e2nd o leg\u0103tur\u0103 cu Patria.<\/p>\n<div style=\"width: 640px;\" class=\"wp-video\"><!--[if lt IE 9]><script>document.createElement('video');<\/script><![endif]-->\n<video class=\"wp-video-shortcode\" id=\"video-5376-1\" width=\"640\" height=\"480\" preload=\"metadata\" controls=\"controls\"><source type=\"video\/mp4\" src=\"https:\/\/marekkuchcinski.pl\/wp-content\/uploads\/2017\/02\/Uchwa\u0142a-AK.mp4?_=1\" \/><a href=\"https:\/\/marekkuchcinski.pl\/wp-content\/uploads\/2017\/02\/Uchwa\u0142a-AK.mp4\">https:\/\/marekkuchcinski.pl\/wp-content\/uploads\/2017\/02\/Uchwa\u0142a-AK.mp4<\/a><\/video><\/div>","protected":false},"excerpt":{"rendered":"<p>Siedemdziesi\u0105t pi\u0119\u0107 lat temu, 14 lutego 1942 r., z rozkazu Naczelnego Wodza Polskich Si\u0142 Zbrojnych gen. W\u0142adys\u0142awa Sikorskiego dzia\u0142aj\u0105cy w okupowanej Polsce konspiracyjny Zwi\u0105zek Walki Zbrojnej\u00a0 zosta\u0142 przekszta\u0142cony w Armi\u0119 Krajow\u0105, kt\u00f3rej dzia\u0142alno\u015b\u0107 jest jedn\u0105 z najbardziej chlubnych kart w historii Polski i kt\u00f3ra wnios\u0142a ogromny wk\u0142ad w walk\u0119 o wolno\u015b\u0107 Europy. Armia Krajowa by\u0142a [&hellip;]<\/p>","protected":false},"author":6,"featured_media":0,"comment_status":"open","ping_status":"open","sticky":false,"template":"","format":"standard","meta":{"ngg_post_thumbnail":0,"footnotes":""},"categories":[48,77],"tags":[],"class_list":["post-5376","post","type-post","status-publish","format-standard","hentry","category-multimedia","category-wazne-daty"],"yoast_head":"<!-- This site is optimized with the Yoast SEO plugin v24.7 - https:\/\/yoast.com\/wordpress\/plugins\/seo\/ -->\n<title>14 lutego 1942 roku Zwi\u0105zek Walki Zbrojnej zosta\u0142 przemianowany w Armi\u0119 Krajow\u0105 &#8211; Marek Kuchci\u0144ski<\/title>\n<meta name=\"robots\" content=\"index, follow, max-snippet:-1, max-image-preview:large, max-video-preview:-1\" \/>\n<link rel=\"canonical\" href=\"https:\/\/marekkuchcinski.pl\/ro\/wazne-daty\/14-lutego-1942-roku-zwiazek-walki-zbrojnej-zostal-przemianowany-armie-krajowa\/\" \/>\n<meta property=\"og:locale\" content=\"ro_RO\" \/>\n<meta property=\"og:type\" content=\"article\" \/>\n<meta property=\"og:title\" content=\"14 lutego 1942 roku Zwi\u0105zek Walki Zbrojnej zosta\u0142 przemianowany w Armi\u0119 Krajow\u0105 &#8211; Marek Kuchci\u0144ski\" \/>\n<meta property=\"og:description\" content=\"Siedemdziesi\u0105t pi\u0119\u0107 lat temu, 14 lutego 1942 r., z rozkazu Naczelnego Wodza Polskich Si\u0142 Zbrojnych gen. W\u0142adys\u0142awa Sikorskiego dzia\u0142aj\u0105cy w okupowanej Polsce konspiracyjny Zwi\u0105zek Walki Zbrojnej\u00a0 zosta\u0142 przekszta\u0142cony w Armi\u0119 Krajow\u0105, kt\u00f3rej dzia\u0142alno\u015b\u0107 jest jedn\u0105 z najbardziej chlubnych kart w historii Polski i kt\u00f3ra wnios\u0142a ogromny wk\u0142ad w walk\u0119 o wolno\u015b\u0107 Europy. Armia Krajowa by\u0142a [&hellip;]\" \/>\n<meta property=\"og:url\" content=\"https:\/\/marekkuchcinski.pl\/ro\/wazne-daty\/14-lutego-1942-roku-zwiazek-walki-zbrojnej-zostal-przemianowany-armie-krajowa\/\" \/>\n<meta property=\"og:site_name\" content=\"Marek Kuchci\u0144ski\" \/>\n<meta property=\"article:published_time\" content=\"2017-02-14T11:15:35+00:00\" \/>\n<meta property=\"article:modified_time\" content=\"2017-02-27T13:09:36+00:00\" \/>\n<meta property=\"og:image\" content=\"https:\/\/marekkuchcinski.pl\/wp-content\/uploads\/2022\/09\/Marek.jpg\" \/>\n\t<meta property=\"og:image:width\" content=\"1600\" \/>\n\t<meta property=\"og:image:height\" content=\"971\" \/>\n\t<meta property=\"og:image:type\" content=\"image\/jpeg\" \/>\n<meta name=\"author\" content=\"admin\" \/>\n<meta name=\"twitter:card\" content=\"summary_large_image\" \/>\n<meta name=\"twitter:label1\" content=\"Scris de\" \/>\n\t<meta name=\"twitter:data1\" content=\"admin\" \/>\n\t<meta name=\"twitter:label2\" content=\"Timp estimat pentru citire\" \/>\n\t<meta name=\"twitter:data2\" content=\"2 minutes\" \/>\n<script type=\"application\/ld+json\" class=\"yoast-schema-graph\">{\"@context\":\"https:\/\/schema.org\",\"@graph\":[{\"@type\":\"Article\",\"@id\":\"https:\/\/marekkuchcinski.pl\/wazne-daty\/14-lutego-1942-roku-zwiazek-walki-zbrojnej-zostal-przemianowany-armie-krajowa\/#article\",\"isPartOf\":{\"@id\":\"https:\/\/marekkuchcinski.pl\/wazne-daty\/14-lutego-1942-roku-zwiazek-walki-zbrojnej-zostal-przemianowany-armie-krajowa\/\"},\"author\":{\"name\":\"admin\",\"@id\":\"https:\/\/marekkuchcinski.pl\/#\/schema\/person\/6f62700996b4d950b6ea2d1183b6c6be\"},\"headline\":\"14 lutego 1942 roku Zwi\u0105zek Walki Zbrojnej zosta\u0142 przemianowany w Armi\u0119 Krajow\u0105\",\"datePublished\":\"2017-02-14T11:15:35+00:00\",\"dateModified\":\"2017-02-27T13:09:36+00:00\",\"mainEntityOfPage\":{\"@id\":\"https:\/\/marekkuchcinski.pl\/wazne-daty\/14-lutego-1942-roku-zwiazek-walki-zbrojnej-zostal-przemianowany-armie-krajowa\/\"},\"wordCount\":350,\"commentCount\":0,\"publisher\":{\"@id\":\"https:\/\/marekkuchcinski.pl\/#organization\"},\"articleSection\":[\"Multimedia\",\"Wa\u017cne daty\"],\"inLanguage\":\"ro-RO\",\"potentialAction\":[{\"@type\":\"CommentAction\",\"name\":\"Comment\",\"target\":[\"https:\/\/marekkuchcinski.pl\/wazne-daty\/14-lutego-1942-roku-zwiazek-walki-zbrojnej-zostal-przemianowany-armie-krajowa\/#respond\"]}]},{\"@type\":\"WebPage\",\"@id\":\"https:\/\/marekkuchcinski.pl\/wazne-daty\/14-lutego-1942-roku-zwiazek-walki-zbrojnej-zostal-przemianowany-armie-krajowa\/\",\"url\":\"https:\/\/marekkuchcinski.pl\/wazne-daty\/14-lutego-1942-roku-zwiazek-walki-zbrojnej-zostal-przemianowany-armie-krajowa\/\",\"name\":\"14 lutego 1942 roku Zwi\u0105zek Walki Zbrojnej zosta\u0142 przemianowany w Armi\u0119 Krajow\u0105 &#8211; Marek Kuchci\u0144ski\",\"isPartOf\":{\"@id\":\"https:\/\/marekkuchcinski.pl\/#website\"},\"datePublished\":\"2017-02-14T11:15:35+00:00\",\"dateModified\":\"2017-02-27T13:09:36+00:00\",\"breadcrumb\":{\"@id\":\"https:\/\/marekkuchcinski.pl\/wazne-daty\/14-lutego-1942-roku-zwiazek-walki-zbrojnej-zostal-przemianowany-armie-krajowa\/#breadcrumb\"},\"inLanguage\":\"ro-RO\",\"potentialAction\":[{\"@type\":\"ReadAction\",\"target\":[\"https:\/\/marekkuchcinski.pl\/wazne-daty\/14-lutego-1942-roku-zwiazek-walki-zbrojnej-zostal-przemianowany-armie-krajowa\/\"]}]},{\"@type\":\"BreadcrumbList\",\"@id\":\"https:\/\/marekkuchcinski.pl\/wazne-daty\/14-lutego-1942-roku-zwiazek-walki-zbrojnej-zostal-przemianowany-armie-krajowa\/#breadcrumb\",\"itemListElement\":[{\"@type\":\"ListItem\",\"position\":1,\"name\":\"Strona g\u0142\u00f3wna\",\"item\":\"https:\/\/marekkuchcinski.pl\/\"},{\"@type\":\"ListItem\",\"position\":2,\"name\":\"14 lutego 1942 roku Zwi\u0105zek Walki Zbrojnej zosta\u0142 przemianowany w Armi\u0119 Krajow\u0105\"}]},{\"@type\":\"WebSite\",\"@id\":\"https:\/\/marekkuchcinski.pl\/#website\",\"url\":\"https:\/\/marekkuchcinski.pl\/\",\"name\":\"Marek Kuchci\u0144ski\",\"description\":\"Pose\u0142 na sejm RP &ndash; okr\u0119g nr 22\",\"publisher\":{\"@id\":\"https:\/\/marekkuchcinski.pl\/#organization\"},\"potentialAction\":[{\"@type\":\"SearchAction\",\"target\":{\"@type\":\"EntryPoint\",\"urlTemplate\":\"https:\/\/marekkuchcinski.pl\/?s={search_term_string}\"},\"query-input\":{\"@type\":\"PropertyValueSpecification\",\"valueRequired\":true,\"valueName\":\"search_term_string\"}}],\"inLanguage\":\"ro-RO\"},{\"@type\":\"Organization\",\"@id\":\"https:\/\/marekkuchcinski.pl\/#organization\",\"name\":\"Marek Kuchci\u0144ski\",\"url\":\"https:\/\/marekkuchcinski.pl\/\",\"logo\":{\"@type\":\"ImageObject\",\"inLanguage\":\"ro-RO\",\"@id\":\"https:\/\/marekkuchcinski.pl\/#\/schema\/logo\/image\/\",\"url\":\"https:\/\/marekkuchcinski.pl\/wp-content\/uploads\/2022\/09\/Marek.jpg\",\"contentUrl\":\"https:\/\/marekkuchcinski.pl\/wp-content\/uploads\/2022\/09\/Marek.jpg\",\"width\":1600,\"height\":971,\"caption\":\"Marek Kuchci\u0144ski\"},\"image\":{\"@id\":\"https:\/\/marekkuchcinski.pl\/#\/schema\/logo\/image\/\"}},{\"@type\":\"Person\",\"@id\":\"https:\/\/marekkuchcinski.pl\/#\/schema\/person\/6f62700996b4d950b6ea2d1183b6c6be\",\"name\":\"admin\",\"image\":{\"@type\":\"ImageObject\",\"inLanguage\":\"ro-RO\",\"@id\":\"https:\/\/marekkuchcinski.pl\/#\/schema\/person\/image\/\",\"url\":\"https:\/\/secure.gravatar.com\/avatar\/4bab693b9d55c3d6b52c0296a8765085?s=96&d=mm&r=g\",\"contentUrl\":\"https:\/\/secure.gravatar.com\/avatar\/4bab693b9d55c3d6b52c0296a8765085?s=96&d=mm&r=g\",\"caption\":\"admin\"},\"url\":\"https:\/\/marekkuchcinski.pl\/ro\/author\/marta-olejnik\/\"}]}<\/script>\n<!-- \/ Yoast SEO plugin. -->","yoast_head_json":{"title":"14 lutego 1942 roku Zwi\u0105zek Walki Zbrojnej zosta\u0142 przemianowany w Armi\u0119 Krajow\u0105 &#8211; Marek Kuchci\u0144ski","robots":{"index":"index","follow":"follow","max-snippet":"max-snippet:-1","max-image-preview":"max-image-preview:large","max-video-preview":"max-video-preview:-1"},"canonical":"https:\/\/marekkuchcinski.pl\/ro\/wazne-daty\/14-lutego-1942-roku-zwiazek-walki-zbrojnej-zostal-przemianowany-armie-krajowa\/","og_locale":"ro_RO","og_type":"article","og_title":"14 lutego 1942 roku Zwi\u0105zek Walki Zbrojnej zosta\u0142 przemianowany w Armi\u0119 Krajow\u0105 &#8211; Marek Kuchci\u0144ski","og_description":"Siedemdziesi\u0105t pi\u0119\u0107 lat temu, 14 lutego 1942 r., z rozkazu Naczelnego Wodza Polskich Si\u0142 Zbrojnych gen. W\u0142adys\u0142awa Sikorskiego dzia\u0142aj\u0105cy w okupowanej Polsce konspiracyjny Zwi\u0105zek Walki Zbrojnej\u00a0 zosta\u0142 przekszta\u0142cony w Armi\u0119 Krajow\u0105, kt\u00f3rej dzia\u0142alno\u015b\u0107 jest jedn\u0105 z najbardziej chlubnych kart w historii Polski i kt\u00f3ra wnios\u0142a ogromny wk\u0142ad w walk\u0119 o wolno\u015b\u0107 Europy. Armia Krajowa by\u0142a [&hellip;]","og_url":"https:\/\/marekkuchcinski.pl\/ro\/wazne-daty\/14-lutego-1942-roku-zwiazek-walki-zbrojnej-zostal-przemianowany-armie-krajowa\/","og_site_name":"Marek Kuchci\u0144ski","article_published_time":"2017-02-14T11:15:35+00:00","article_modified_time":"2017-02-27T13:09:36+00:00","og_image":[{"width":1600,"height":971,"url":"https:\/\/marekkuchcinski.pl\/wp-content\/uploads\/2022\/09\/Marek.jpg","type":"image\/jpeg"}],"author":"admin","twitter_card":"summary_large_image","twitter_misc":{"Scris de":"admin","Timp estimat pentru citire":"2 minutes"},"schema":{"@context":"https:\/\/schema.org","@graph":[{"@type":"Article","@id":"https:\/\/marekkuchcinski.pl\/wazne-daty\/14-lutego-1942-roku-zwiazek-walki-zbrojnej-zostal-przemianowany-armie-krajowa\/#article","isPartOf":{"@id":"https:\/\/marekkuchcinski.pl\/wazne-daty\/14-lutego-1942-roku-zwiazek-walki-zbrojnej-zostal-przemianowany-armie-krajowa\/"},"author":{"name":"admin","@id":"https:\/\/marekkuchcinski.pl\/#\/schema\/person\/6f62700996b4d950b6ea2d1183b6c6be"},"headline":"14 lutego 1942 roku Zwi\u0105zek Walki Zbrojnej zosta\u0142 przemianowany w Armi\u0119 Krajow\u0105","datePublished":"2017-02-14T11:15:35+00:00","dateModified":"2017-02-27T13:09:36+00:00","mainEntityOfPage":{"@id":"https:\/\/marekkuchcinski.pl\/wazne-daty\/14-lutego-1942-roku-zwiazek-walki-zbrojnej-zostal-przemianowany-armie-krajowa\/"},"wordCount":350,"commentCount":0,"publisher":{"@id":"https:\/\/marekkuchcinski.pl\/#organization"},"articleSection":["Multimedia","Wa\u017cne daty"],"inLanguage":"ro-RO","potentialAction":[{"@type":"CommentAction","name":"Comment","target":["https:\/\/marekkuchcinski.pl\/wazne-daty\/14-lutego-1942-roku-zwiazek-walki-zbrojnej-zostal-przemianowany-armie-krajowa\/#respond"]}]},{"@type":"WebPage","@id":"https:\/\/marekkuchcinski.pl\/wazne-daty\/14-lutego-1942-roku-zwiazek-walki-zbrojnej-zostal-przemianowany-armie-krajowa\/","url":"https:\/\/marekkuchcinski.pl\/wazne-daty\/14-lutego-1942-roku-zwiazek-walki-zbrojnej-zostal-przemianowany-armie-krajowa\/","name":"14 lutego 1942 roku Zwi\u0105zek Walki Zbrojnej zosta\u0142 przemianowany w Armi\u0119 Krajow\u0105 &#8211; Marek Kuchci\u0144ski","isPartOf":{"@id":"https:\/\/marekkuchcinski.pl\/#website"},"datePublished":"2017-02-14T11:15:35+00:00","dateModified":"2017-02-27T13:09:36+00:00","breadcrumb":{"@id":"https:\/\/marekkuchcinski.pl\/wazne-daty\/14-lutego-1942-roku-zwiazek-walki-zbrojnej-zostal-przemianowany-armie-krajowa\/#breadcrumb"},"inLanguage":"ro-RO","potentialAction":[{"@type":"ReadAction","target":["https:\/\/marekkuchcinski.pl\/wazne-daty\/14-lutego-1942-roku-zwiazek-walki-zbrojnej-zostal-przemianowany-armie-krajowa\/"]}]},{"@type":"BreadcrumbList","@id":"https:\/\/marekkuchcinski.pl\/wazne-daty\/14-lutego-1942-roku-zwiazek-walki-zbrojnej-zostal-przemianowany-armie-krajowa\/#breadcrumb","itemListElement":[{"@type":"ListItem","position":1,"name":"Strona g\u0142\u00f3wna","item":"https:\/\/marekkuchcinski.pl\/"},{"@type":"ListItem","position":2,"name":"14 lutego 1942 roku Zwi\u0105zek Walki Zbrojnej zosta\u0142 przemianowany w Armi\u0119 Krajow\u0105"}]},{"@type":"WebSite","@id":"https:\/\/marekkuchcinski.pl\/#website","url":"https:\/\/marekkuchcinski.pl\/","name":"Marek Kuchci\u0144ski","description":"Pose\u0142 na sejm RP &ndash; okr\u0119g nr 22","publisher":{"@id":"https:\/\/marekkuchcinski.pl\/#organization"},"potentialAction":[{"@type":"SearchAction","target":{"@type":"EntryPoint","urlTemplate":"https:\/\/marekkuchcinski.pl\/?s={search_term_string}"},"query-input":{"@type":"PropertyValueSpecification","valueRequired":true,"valueName":"search_term_string"}}],"inLanguage":"ro-RO"},{"@type":"Organization","@id":"https:\/\/marekkuchcinski.pl\/#organization","name":"Marek Kuchci\u0144ski","url":"https:\/\/marekkuchcinski.pl\/","logo":{"@type":"ImageObject","inLanguage":"ro-RO","@id":"https:\/\/marekkuchcinski.pl\/#\/schema\/logo\/image\/","url":"https:\/\/marekkuchcinski.pl\/wp-content\/uploads\/2022\/09\/Marek.jpg","contentUrl":"https:\/\/marekkuchcinski.pl\/wp-content\/uploads\/2022\/09\/Marek.jpg","width":1600,"height":971,"caption":"Marek Kuchci\u0144ski"},"image":{"@id":"https:\/\/marekkuchcinski.pl\/#\/schema\/logo\/image\/"}},{"@type":"Person","@id":"https:\/\/marekkuchcinski.pl\/#\/schema\/person\/6f62700996b4d950b6ea2d1183b6c6be","name":"admin","image":{"@type":"ImageObject","inLanguage":"ro-RO","@id":"https:\/\/marekkuchcinski.pl\/#\/schema\/person\/image\/","url":"https:\/\/secure.gravatar.com\/avatar\/4bab693b9d55c3d6b52c0296a8765085?s=96&d=mm&r=g","contentUrl":"https:\/\/secure.gravatar.com\/avatar\/4bab693b9d55c3d6b52c0296a8765085?s=96&d=mm&r=g","caption":"admin"},"url":"https:\/\/marekkuchcinski.pl\/ro\/author\/marta-olejnik\/"}]}},"_links":{"self":[{"href":"https:\/\/marekkuchcinski.pl\/ro\/wp-json\/wp\/v2\/posts\/5376","targetHints":{"allow":["GET"]}}],"collection":[{"href":"https:\/\/marekkuchcinski.pl\/ro\/wp-json\/wp\/v2\/posts"}],"about":[{"href":"https:\/\/marekkuchcinski.pl\/ro\/wp-json\/wp\/v2\/types\/post"}],"author":[{"embeddable":true,"href":"https:\/\/marekkuchcinski.pl\/ro\/wp-json\/wp\/v2\/users\/6"}],"replies":[{"embeddable":true,"href":"https:\/\/marekkuchcinski.pl\/ro\/wp-json\/wp\/v2\/comments?post=5376"}],"version-history":[{"count":1,"href":"https:\/\/marekkuchcinski.pl\/ro\/wp-json\/wp\/v2\/posts\/5376\/revisions"}],"predecessor-version":[{"id":5462,"href":"https:\/\/marekkuchcinski.pl\/ro\/wp-json\/wp\/v2\/posts\/5376\/revisions\/5462"}],"wp:attachment":[{"href":"https:\/\/marekkuchcinski.pl\/ro\/wp-json\/wp\/v2\/media?parent=5376"}],"wp:term":[{"taxonomy":"category","embeddable":true,"href":"https:\/\/marekkuchcinski.pl\/ro\/wp-json\/wp\/v2\/categories?post=5376"},{"taxonomy":"post_tag","embeddable":true,"href":"https:\/\/marekkuchcinski.pl\/ro\/wp-json\/wp\/v2\/tags?post=5376"}],"curies":[{"name":"wp","href":"https:\/\/api.w.org\/{rel}","templated":true}]}}