{"id":5373,"date":"2017-02-20T20:22:26","date_gmt":"2017-02-20T19:22:26","guid":{"rendered":"https:\/\/marekkuchcinski.pl\/?p=5373"},"modified":"2017-02-23T10:24:21","modified_gmt":"2017-02-23T09:24:21","slug":"spotkanie-marszalka-sejmu-przewodniczacym-czeskiego-senatu","status":"publish","type":"post","link":"https:\/\/marekkuchcinski.pl\/ro\/wydarzenia\/spotkanie-marszalka-sejmu-przewodniczacym-czeskiego-senatu\/","title":{"rendered":"\u00cent\u00e2lnire a pre\u0219edintelui Sejm cu pre\u0219edintele Senatului ceh"},"content":{"rendered":"<p dir=\"ltr\">Aprofundarea rela\u021biilor bilaterale, cooperarea \u00een cadrul Grupului de la Visegrad (V4), consolidarea activit\u0103\u021bilor comune \u00een proiecte de infrastructur\u0103 \u0219i viitorul Uniunii Europene - acestea sunt c\u00e2teva dintre subiectele \u00eent\u00e2lnirii de luni dintre pre\u0219edintele Sejm, Marek Kuchci\u0144ski, \u0219i \u0219eful Senatului ceh, Milan \u0160t\u011bch. Pre\u0219edintele Camerei superioare a parlamentului ceh se afl\u0103 \u00een prezent \u00eentr-o vizit\u0103 oficial\u0103 de dou\u0103 zile \u00een Polonia.<\/p>\n<p dir=\"ltr\">Politicienii au discutat despre perspectivele de dezvoltare a rela\u021biilor foarte bune dintre Polonia \u0219i Cehia \u0219i despre problemele pe care cele dou\u0103 \u021b\u0103ri le-ar putea aborda \u00een cadrul cooper\u0103rii interparlamentare, cum ar fi problema situa\u021biei aerului. Pre\u0219edintele Sejm-ului \u0219i pre\u0219edintele Senatului ceh au vorbit, de asemenea, despre consolidarea cooper\u0103rii de la Visegrad, inclusiv despre agenda summitului \u0219efilor de parlamente din \u021b\u0103rile V4, planificat pentru 6-7 martie la Var\u0219ovia. Dup\u0103 cum a declarat Marek Kuchci\u0144ski, printre subiectele propuse pentru viitoarea discu\u021bie \u00een formatul V4 se num\u0103r\u0103, printre altele, \u00eentreprinderi comune \u00een domeniul culturii, promov\u00e2nd tradi\u021bia de c\u00e2teva sute de ani a cooper\u0103rii de la Visegrad.<\/p>\n<p dir=\"ltr\">\u00cent\u00e2lnirea a fost, de asemenea, o oportunitate de a discuta posibilit\u0103\u021bile de extindere a leg\u0103turilor de transport \u0219i a cooper\u0103rii dintre Polonia \u0219i Republica Ceh\u0103 \u00een domeniul infrastructurii, inclusiv \u00een ceea ce prive\u0219te construc\u021bia canalului Oder-Dun\u0103re. Pre\u0219edintele Sejm-ului a subliniat importan\u021ba fundamental\u0103 a unei ac\u021biuni comune pentru consolidarea coridorului care leag\u0103 nordul \u0219i sudul Europei. \u0218eful Senatului ceh \u0219i-a exprimat, de asemenea, opinia c\u0103 este necesar\u0103 conectarea prin infrastructur\u0103 a nordului \u0219i sudului, estului \u0219i vestului continentului european.<\/p>\n<p dir=\"ltr\">S-a f\u0103cut referire, de asemenea, la discu\u021biile \u00een curs de desf\u0103\u0219urare cu privire la viitoarea form\u0103 a UE dup\u0103 Brexit. Politicienii au convenit asupra necesit\u0103\u021bii de a defini competen\u021bele guvernelor \u0219i parlamentelor na\u021bionale, pe de o parte, \u0219i ale Parlamentului European sau ale Comisiei Europene, pe de alt\u0103 parte, astfel \u00eenc\u00e2t deciziile UE s\u0103 fie u\u0219or de \u00een\u021beles de c\u0103tre cet\u0103\u021benii statelor membre. Pre\u0219edintele Marek Kuchci\u0144ski a subliniat necesitatea de a consolida parlamentele na\u021bionale \u00een raport cu institu\u021biile UE.<\/p>\n<p dir=\"ltr\"><em>Foto: Rafa\u0142 Zambrzycki, KS<\/em><\/p>\n<p dir=\"ltr\"><a href=\"https:\/\/marekkuchcinski.pl\/wp-content\/uploads\/2017\/02\/RZ__5569.view_.jpg\"><img fetchpriority=\"high\" decoding=\"async\" class=\"alignnone  wp-image-5374\" src=\"https:\/\/marekkuchcinski.pl\/wp-content\/uploads\/2017\/02\/RZ__5569.view_.jpg\" alt=\"RZ__5569.view\" width=\"1016\" height=\"677\" srcset=\"https:\/\/marekkuchcinski.pl\/wp-content\/uploads\/2017\/02\/RZ__5569.view_.jpg 800w, https:\/\/marekkuchcinski.pl\/wp-content\/uploads\/2017\/02\/RZ__5569.view_-300x200.jpg 300w, https:\/\/marekkuchcinski.pl\/wp-content\/uploads\/2017\/02\/RZ__5569.view_-768x512.jpg 768w\" sizes=\"(max-width: 1016px) 100vw, 1016px\" \/><\/a><\/p>","protected":false},"excerpt":{"rendered":"<p>Pog\u0142\u0119bienie stosunk\u00f3w dwustronnych, wsp\u00f3\u0142pracy w ramach Grupy Wyszehradzkiej (V4), wzmocnienie wsp\u00f3lnych dzia\u0142a\u0144 w zakresie projekt\u00f3w infrastrukturalnych i przysz\u0142o\u015b\u0107 Unii Europejskiej &#8211; to niekt\u00f3re tematy poniedzia\u0142kowego spotkania marsza\u0142ka Sejmu Marka Kuchci\u0144skiego z szefem czeskiego Senatu Milanem \u0160t\u011bchem. Przewodnicz\u0105cy Izby wy\u017cszej parlamentu Czech przebywa aktualnie z dwudniow\u0105 oficjaln\u0105 wizyt\u0105 w Polsce. Politycy rozmawiali o perspektywach rozwoju bardzo [&hellip;]<\/p>\n","protected":false},"author":6,"featured_media":5374,"comment_status":"open","ping_status":"open","sticky":false,"template":"","format":"standard","meta":{"ngg_post_thumbnail":0,"footnotes":""},"categories":[81,50,3],"tags":[],"class_list":["post-5373","post","type-post","status-publish","format-standard","has-post-thumbnail","hentry","category-wiesci-z-sejmu","category-wspolpraca-miedzynarodowa","category-wydarzenia"],"_links":{"self":[{"href":"https:\/\/marekkuchcinski.pl\/ro\/wp-json\/wp\/v2\/posts\/5373","targetHints":{"allow":["GET"]}}],"collection":[{"href":"https:\/\/marekkuchcinski.pl\/ro\/wp-json\/wp\/v2\/posts"}],"about":[{"href":"https:\/\/marekkuchcinski.pl\/ro\/wp-json\/wp\/v2\/types\/post"}],"author":[{"embeddable":true,"href":"https:\/\/marekkuchcinski.pl\/ro\/wp-json\/wp\/v2\/users\/6"}],"replies":[{"embeddable":true,"href":"https:\/\/marekkuchcinski.pl\/ro\/wp-json\/wp\/v2\/comments?post=5373"}],"version-history":[{"count":1,"href":"https:\/\/marekkuchcinski.pl\/ro\/wp-json\/wp\/v2\/posts\/5373\/revisions"}],"predecessor-version":[{"id":5375,"href":"https:\/\/marekkuchcinski.pl\/ro\/wp-json\/wp\/v2\/posts\/5373\/revisions\/5375"}],"wp:featuredmedia":[{"embeddable":true,"href":"https:\/\/marekkuchcinski.pl\/ro\/wp-json\/wp\/v2\/media\/5374"}],"wp:attachment":[{"href":"https:\/\/marekkuchcinski.pl\/ro\/wp-json\/wp\/v2\/media?parent=5373"}],"wp:term":[{"taxonomy":"category","embeddable":true,"href":"https:\/\/marekkuchcinski.pl\/ro\/wp-json\/wp\/v2\/categories?post=5373"},{"taxonomy":"post_tag","embeddable":true,"href":"https:\/\/marekkuchcinski.pl\/ro\/wp-json\/wp\/v2\/tags?post=5373"}],"curies":[{"name":"wp","href":"https:\/\/api.w.org\/{rel}","templated":true}]}}