{"id":5369,"date":"2017-02-23T10:20:46","date_gmt":"2017-02-23T09:20:46","guid":{"rendered":"https:\/\/marekkuchcinski.pl\/?p=5369"},"modified":"2017-02-23T10:20:46","modified_gmt":"2017-02-23T09:20:46","slug":"marszalek-kuchcinski-ws-wniosku-o-odwolanie-argumenty-postawione-opozycje-byly-bezzasadne","status":"publish","type":"post","link":"https:\/\/marekkuchcinski.pl\/ro\/wydarzenia\/marszalek-kuchcinski-ws-wniosku-o-odwolanie-argumenty-postawione-opozycje-byly-bezzasadne\/","title":{"rendered":"Pre\u0219edintele Kuchci\u0144ski cu privire la cererea de respingere: argumentele prezentate de opozi\u021bie au fost nefondate"},"content":{"rendered":"<p>- A fost inutil\", a\u0219a a declarat Marek Kuchci\u0144ski, pre\u0219edintele Sejm-ului, la Radio 24 polonez, despre mo\u021biunea Platformei Civice de demitere a pre\u0219edintelui Sejm-ului \u0219i votul pe aceast\u0103 tem\u0103. Mo\u021biunea opozi\u021biei a fost respins\u0103 cu votul a 241 de deputa\u021bi, 174 au sus\u021binut-o \u0219i 24 s-au ab\u021binut.<\/p>\n<p>\u00cen justificarea mo\u021biunii de demitere a pre\u0219edintelui Sejm-ului, politicienii Platformei Civice au afirmat c\u0103 activitatea legislativ\u0103 privind proiectul legii bugetului pentru 2017 \"a fost plin\u0103 de grave vicii juridice, deoarece a avut loc cu \u00eenc\u0103lcarea Constitu\u021biei Republicii Polone \u0219i a Regulamentului de procedur\u0103 al Sejm-ului Republicii Polone\".<\/p>\n<p>- Argumentele prezentate de opozi\u021bie au fost nefondate. A devenit un lucru bun c\u0103 rezultatul votului este a\u0219a \u0219i nu diferit\", a comentat Marek Kuchci\u0144ski. Opozan\u021bii partidului de guvern\u0103m\u00e2nt, pe tema \u0219edin\u021bei din 16 decembrie 2016, l-au acuzat \u0219i pe pre\u0219edintele Sejm-ului c\u0103 l-a exclus \u00een mod nejustificat pe deputatul Micha\u0142 Szczerba de la \u0219edin\u021b\u0103. Acest incident a fost cauza direct\u0103 a ocup\u0103rii s\u0103lii plenare.<\/p>\n<p>- Obliga\u021bia vorbitorului este de a se asigura c\u0103 jum\u0103t\u0103\u021bile de \u0219edin\u021b\u0103 respect\u0103 regulile de procedur\u0103, de exemplu, c\u0103 vorbesc pe subiect. Acesta este un lucru cu care parlamentarii opozi\u021biei au multe probleme\", a subliniat politicianul de la Lege \u0219i Justi\u021bie, men\u021bion\u00e2nd \u00een acela\u0219i timp c\u0103 nu a fost luat\u0103 \u00eenc\u0103 nicio decizie de c\u0103tre prezidiul Sejm-ului cu privire la eventualele sanc\u021biuni pentru parlamentarii opozi\u021biei care au condus protestul din camera inferioar\u0103 a parlamentului.<\/p>\n<p>- Eu \u00eensumi nu am terminat \u00eenc\u0103 de analizat comportamentul deputa\u021bilor din 16 decembrie\", a recunoscut pre\u0219edintele Kuchci\u0144ski, apreciind totodat\u0103 c\u0103 politicienii din opozi\u021bie au \u00eenc\u0103lcat \u00een mod repetat regulile de procedur\u0103 ale Sejm-ului \u00een actuala legislatur\u0103. - Cu toate acestea, parlamentarii partidelor de opozi\u021bie nu accept\u0103 acest lucru. Este ca \u0219i cum ar fi condus o ma\u0219in\u0103 \u00eempotriva fluxului de trafic \u0219i mai t\u00e2rziu s-ar fi sup\u0103rat c\u0103 au fost prin\u0219i de poli\u021bie\", a subliniat el.<\/p>\n<p><em>Foto: Rafa\u0142 Zambrzycki, KS<\/em><\/p>\n<p><a href=\"https:\/\/marekkuchcinski.pl\/wp-content\/uploads\/2017\/02\/unnamed-1-1.jpg\"><img fetchpriority=\"high\" decoding=\"async\" class=\"alignnone size-full wp-image-5370\" src=\"https:\/\/marekkuchcinski.pl\/wp-content\/uploads\/2017\/02\/unnamed-1-1.jpg\" alt=\"unnamed (1)\" width=\"898\" height=\"599\" srcset=\"https:\/\/marekkuchcinski.pl\/wp-content\/uploads\/2017\/02\/unnamed-1-1.jpg 898w, https:\/\/marekkuchcinski.pl\/wp-content\/uploads\/2017\/02\/unnamed-1-1-300x200.jpg 300w, https:\/\/marekkuchcinski.pl\/wp-content\/uploads\/2017\/02\/unnamed-1-1-768x512.jpg 768w\" sizes=\"(max-width: 898px) 100vw, 898px\" \/><\/a> <a href=\"https:\/\/marekkuchcinski.pl\/wp-content\/uploads\/2017\/02\/unnamed.jpg\"><img decoding=\"async\" class=\"alignnone size-full wp-image-5371\" src=\"https:\/\/marekkuchcinski.pl\/wp-content\/uploads\/2017\/02\/unnamed.jpg\" alt=\"unnamed\" width=\"898\" height=\"599\" srcset=\"https:\/\/marekkuchcinski.pl\/wp-content\/uploads\/2017\/02\/unnamed.jpg 898w, https:\/\/marekkuchcinski.pl\/wp-content\/uploads\/2017\/02\/unnamed-300x200.jpg 300w, https:\/\/marekkuchcinski.pl\/wp-content\/uploads\/2017\/02\/unnamed-768x512.jpg 768w\" sizes=\"(max-width: 898px) 100vw, 898px\" \/><\/a><\/p>\n<p>&nbsp;<\/p>","protected":false},"excerpt":{"rendered":"<p>\u2013 To by\u0142o niepotrzebne \u2013 tak o wniosku Platformy Obywatelskiej dotycz\u0105cym odwo\u0142ania marsza\u0142ka Sejmu i g\u0142osowaniu w tej kwestii m\u00f3wi\u0142 w Polskim Radiu 24 marsza\u0142ek Sejmu Marek Kuchci\u0144ski. Wniosek opozycji zosta\u0142 odrzucony g\u0142osami 241 pos\u0142\u00f3w, popar\u0142o go 174, a wstrzyma\u0142o si\u0119 24. W uzasadnieniu wniosku o odwo\u0142anie marsza\u0142ka Sejmu politycy Platformy Obywatelskiej stwierdzili, \u017ce prace [&hellip;]<\/p>\n","protected":false},"author":6,"featured_media":5370,"comment_status":"open","ping_status":"open","sticky":false,"template":"","format":"standard","meta":{"ngg_post_thumbnail":0,"footnotes":""},"categories":[81,3],"tags":[],"class_list":["post-5369","post","type-post","status-publish","format-standard","has-post-thumbnail","hentry","category-wiesci-z-sejmu","category-wydarzenia"],"_links":{"self":[{"href":"https:\/\/marekkuchcinski.pl\/ro\/wp-json\/wp\/v2\/posts\/5369","targetHints":{"allow":["GET"]}}],"collection":[{"href":"https:\/\/marekkuchcinski.pl\/ro\/wp-json\/wp\/v2\/posts"}],"about":[{"href":"https:\/\/marekkuchcinski.pl\/ro\/wp-json\/wp\/v2\/types\/post"}],"author":[{"embeddable":true,"href":"https:\/\/marekkuchcinski.pl\/ro\/wp-json\/wp\/v2\/users\/6"}],"replies":[{"embeddable":true,"href":"https:\/\/marekkuchcinski.pl\/ro\/wp-json\/wp\/v2\/comments?post=5369"}],"version-history":[{"count":1,"href":"https:\/\/marekkuchcinski.pl\/ro\/wp-json\/wp\/v2\/posts\/5369\/revisions"}],"predecessor-version":[{"id":5372,"href":"https:\/\/marekkuchcinski.pl\/ro\/wp-json\/wp\/v2\/posts\/5369\/revisions\/5372"}],"wp:featuredmedia":[{"embeddable":true,"href":"https:\/\/marekkuchcinski.pl\/ro\/wp-json\/wp\/v2\/media\/5370"}],"wp:attachment":[{"href":"https:\/\/marekkuchcinski.pl\/ro\/wp-json\/wp\/v2\/media?parent=5369"}],"wp:term":[{"taxonomy":"category","embeddable":true,"href":"https:\/\/marekkuchcinski.pl\/ro\/wp-json\/wp\/v2\/categories?post=5369"},{"taxonomy":"post_tag","embeddable":true,"href":"https:\/\/marekkuchcinski.pl\/ro\/wp-json\/wp\/v2\/tags?post=5369"}],"curies":[{"name":"wp","href":"https:\/\/api.w.org\/{rel}","templated":true}]}}