{"id":5319,"date":"2017-02-14T22:35:10","date_gmt":"2017-02-14T21:35:10","guid":{"rendered":"https:\/\/marekkuchcinski.pl\/?p=5319"},"modified":"2017-02-15T08:52:47","modified_gmt":"2017-02-15T07:52:47","slug":"25-temu-lech-kaczynski-zostal-prezesem-nik","status":"publish","type":"post","link":"https:\/\/marekkuchcinski.pl\/ro\/wazne-daty\/25-temu-lech-kaczynski-zostal-prezesem-nik\/","title":{"rendered":"\u00cen urm\u0103 cu 25 de ani, Lech Kaczy\u0144ski a devenit pre\u0219edinte al NIK"},"content":{"rendered":"<p>Lech Kaczy\u0144ski a fost pre\u0219edinte al NIK \u00eentre 1992 \u0219i 1995. \u00cen timpul mandatului s\u0103u, \u00eencrederea publicului \u00een NIK a crescut de la 30% la 60%. \u00cen aceast\u0103 perioad\u0103, sub auspiciile NIK au fost organizate a\u0219a-numitele Simpozioane Falzmann (numele provine de la Micha\u0142 Falzmann, auditorul Camerei, care a descoperit scandalul FOZZ). El a fost autorul Legii NIK din 1994, datorit\u0103 c\u0103reia institu\u021bia a ob\u021binut independen\u021ba \u0219i autonomia politic\u0103. Aceast\u0103 lege a stabilit standarde de lucru ridicate pentru auditorii NIK.<\/p>\n<p>La preluarea func\u021biei, Lech Kaczy\u0144ski a declarat c\u0103 structura NIK era dep\u0103\u0219it\u0103, c\u0103 informa\u021biile erau deficitare. Noile persoane ar trebui s\u0103 fie competente \u0219i s\u0103 nu fie legate de grup\u0103ri politice.<\/p>\n<p>\u00cen 1994, la ini\u021biativa lui Lech Kaczy\u0144ski, a intrat \u00een vigoare o nou\u0103 lege privind Camera Suprem\u0103 de Control, datorit\u0103 c\u0103reia institu\u021bia a dob\u00e2ndit independen\u021b\u0103 \u0219i autonomie politic\u0103. Aceast\u0103 lege a stabilit standarde de lucru ridicate pentru auditorii NIK.<\/p>\n<p>Un succes al NIK \u00een timpul pre\u0219edin\u021biei lui Lech Kaczy\u0144ski a fost extinderea investiga\u021biilor sale \u00een domenii care p\u00e2n\u0103 atunci nu fuseser\u0103 practic controlate, cum ar fi armata, poli\u021bia \u0219i poli\u021bia de frontier\u0103. \u00centre 1992 \u0219i 1994, ca urmare a auditurilor NIK\u00a0<strong>7200 de miliarde PLN recuperate din diverse titluri<\/strong>iar \u00een aceea\u0219i perioad\u0103, cheltuielile bugetare pentru NIK s-au ridicat la 1 200 de miliarde PLN (acestea sunt sumele \u00eenainte de denominare). NIK, \u00een timpul pre\u0219edin\u021biei lui Lech Kaczy\u0144ski, a controlat, printre altele, \u0219i scandalul privatiz\u0103rii Bank \u015al\u0105ski.<\/p>","protected":false},"excerpt":{"rendered":"<p>Prezesem NIK Lech Kaczy\u0144ski by\u0142\u00a0od 1992 do 1995 roku. W trakcie sprawowanej przez niego kadencji zaufanie spo\u0142eczne do NIK wzros\u0142o z 30 do 60 proc. W tym czasie, pod patronatem NIK organizowano tzw. sympozja falzmannowskie (nazwa pochodzi od nazwiska Micha\u0142a Falzmanna, kontrolera Izby, kt\u00f3ry wykry\u0142 afer\u0119 FOZZ). By\u0142 autorem ustawy o NIK z 1994 r., [&hellip;]<\/p>","protected":false},"author":6,"featured_media":5320,"comment_status":"open","ping_status":"open","sticky":false,"template":"","format":"standard","meta":{"ngg_post_thumbnail":0,"footnotes":""},"categories":[77],"tags":[],"class_list":["post-5319","post","type-post","status-publish","format-standard","has-post-thumbnail","hentry","category-wazne-daty"],"yoast_head":"<!-- This site is optimized with the Yoast SEO plugin v24.7 - https:\/\/yoast.com\/wordpress\/plugins\/seo\/ -->\n<title>25 lat temu Lech Kaczy\u0144ski zosta\u0142 prezesem NIK &#8211; Marek Kuchci\u0144ski<\/title>\n<meta name=\"robots\" content=\"index, follow, max-snippet:-1, max-image-preview:large, max-video-preview:-1\" \/>\n<link rel=\"canonical\" href=\"https:\/\/marekkuchcinski.pl\/ro\/wazne-daty\/25-temu-lech-kaczynski-zostal-prezesem-nik\/\" \/>\n<meta property=\"og:locale\" content=\"ro_RO\" \/>\n<meta property=\"og:type\" content=\"article\" \/>\n<meta property=\"og:title\" content=\"25 lat temu Lech Kaczy\u0144ski zosta\u0142 prezesem NIK &#8211; Marek Kuchci\u0144ski\" \/>\n<meta property=\"og:description\" content=\"Prezesem NIK Lech Kaczy\u0144ski by\u0142\u00a0od 1992 do 1995 roku. W trakcie sprawowanej przez niego kadencji zaufanie spo\u0142eczne do NIK wzros\u0142o z 30 do 60 proc. W tym czasie, pod patronatem NIK organizowano tzw. sympozja falzmannowskie (nazwa pochodzi od nazwiska Micha\u0142a Falzmanna, kontrolera Izby, kt\u00f3ry wykry\u0142 afer\u0119 FOZZ). By\u0142 autorem ustawy o NIK z 1994 r., [&hellip;]\" \/>\n<meta property=\"og:url\" content=\"https:\/\/marekkuchcinski.pl\/ro\/wazne-daty\/25-temu-lech-kaczynski-zostal-prezesem-nik\/\" \/>\n<meta property=\"og:site_name\" content=\"Marek Kuchci\u0144ski\" \/>\n<meta property=\"article:published_time\" content=\"2017-02-14T21:35:10+00:00\" \/>\n<meta property=\"article:modified_time\" content=\"2017-02-15T07:52:47+00:00\" \/>\n<meta property=\"og:image\" content=\"https:\/\/marekkuchcinski.pl\/wp-content\/uploads\/2017\/02\/Lech_Kaczynski_2008_03.jpg\" \/>\n\t<meta property=\"og:image:width\" content=\"515\" \/>\n\t<meta property=\"og:image:height\" content=\"430\" \/>\n\t<meta property=\"og:image:type\" content=\"image\/jpeg\" \/>\n<meta name=\"author\" content=\"admin\" \/>\n<meta name=\"twitter:card\" content=\"summary_large_image\" \/>\n<meta name=\"twitter:label1\" content=\"Scris de\" \/>\n\t<meta name=\"twitter:data1\" content=\"admin\" \/>\n\t<meta name=\"twitter:label2\" content=\"Timp estimat pentru citire\" \/>\n\t<meta name=\"twitter:data2\" content=\"1 minute\" \/>\n<script type=\"application\/ld+json\" class=\"yoast-schema-graph\">{\"@context\":\"https:\/\/schema.org\",\"@graph\":[{\"@type\":\"Article\",\"@id\":\"https:\/\/marekkuchcinski.pl\/en\/wazne-daty\/25-temu-lech-kaczynski-zostal-prezesem-nik\/#article\",\"isPartOf\":{\"@id\":\"https:\/\/marekkuchcinski.pl\/en\/wazne-daty\/25-temu-lech-kaczynski-zostal-prezesem-nik\/\"},\"author\":{\"name\":\"admin\",\"@id\":\"https:\/\/marekkuchcinski.pl\/#\/schema\/person\/6f62700996b4d950b6ea2d1183b6c6be\"},\"headline\":\"25 lat temu Lech Kaczy\u0144ski zosta\u0142 prezesem NIK\",\"datePublished\":\"2017-02-14T21:35:10+00:00\",\"dateModified\":\"2017-02-15T07:52:47+00:00\",\"mainEntityOfPage\":{\"@id\":\"https:\/\/marekkuchcinski.pl\/en\/wazne-daty\/25-temu-lech-kaczynski-zostal-prezesem-nik\/\"},\"wordCount\":233,\"commentCount\":0,\"publisher\":{\"@id\":\"https:\/\/marekkuchcinski.pl\/#organization\"},\"image\":{\"@id\":\"https:\/\/marekkuchcinski.pl\/en\/wazne-daty\/25-temu-lech-kaczynski-zostal-prezesem-nik\/#primaryimage\"},\"thumbnailUrl\":\"https:\/\/marekkuchcinski.pl\/wp-content\/uploads\/2017\/02\/Lech_Kaczynski_2008_03.jpg\",\"articleSection\":[\"Wa\u017cne daty\"],\"inLanguage\":\"ro-RO\",\"potentialAction\":[{\"@type\":\"CommentAction\",\"name\":\"Comment\",\"target\":[\"https:\/\/marekkuchcinski.pl\/en\/wazne-daty\/25-temu-lech-kaczynski-zostal-prezesem-nik\/#respond\"]}]},{\"@type\":\"WebPage\",\"@id\":\"https:\/\/marekkuchcinski.pl\/en\/wazne-daty\/25-temu-lech-kaczynski-zostal-prezesem-nik\/\",\"url\":\"https:\/\/marekkuchcinski.pl\/en\/wazne-daty\/25-temu-lech-kaczynski-zostal-prezesem-nik\/\",\"name\":\"25 lat temu Lech Kaczy\u0144ski zosta\u0142 prezesem NIK &#8211; Marek Kuchci\u0144ski\",\"isPartOf\":{\"@id\":\"https:\/\/marekkuchcinski.pl\/#website\"},\"primaryImageOfPage\":{\"@id\":\"https:\/\/marekkuchcinski.pl\/en\/wazne-daty\/25-temu-lech-kaczynski-zostal-prezesem-nik\/#primaryimage\"},\"image\":{\"@id\":\"https:\/\/marekkuchcinski.pl\/en\/wazne-daty\/25-temu-lech-kaczynski-zostal-prezesem-nik\/#primaryimage\"},\"thumbnailUrl\":\"https:\/\/marekkuchcinski.pl\/wp-content\/uploads\/2017\/02\/Lech_Kaczynski_2008_03.jpg\",\"datePublished\":\"2017-02-14T21:35:10+00:00\",\"dateModified\":\"2017-02-15T07:52:47+00:00\",\"breadcrumb\":{\"@id\":\"https:\/\/marekkuchcinski.pl\/en\/wazne-daty\/25-temu-lech-kaczynski-zostal-prezesem-nik\/#breadcrumb\"},\"inLanguage\":\"ro-RO\",\"potentialAction\":[{\"@type\":\"ReadAction\",\"target\":[\"https:\/\/marekkuchcinski.pl\/en\/wazne-daty\/25-temu-lech-kaczynski-zostal-prezesem-nik\/\"]}]},{\"@type\":\"ImageObject\",\"inLanguage\":\"ro-RO\",\"@id\":\"https:\/\/marekkuchcinski.pl\/en\/wazne-daty\/25-temu-lech-kaczynski-zostal-prezesem-nik\/#primaryimage\",\"url\":\"https:\/\/marekkuchcinski.pl\/wp-content\/uploads\/2017\/02\/Lech_Kaczynski_2008_03.jpg\",\"contentUrl\":\"https:\/\/marekkuchcinski.pl\/wp-content\/uploads\/2017\/02\/Lech_Kaczynski_2008_03.jpg\",\"width\":515,\"height\":430},{\"@type\":\"BreadcrumbList\",\"@id\":\"https:\/\/marekkuchcinski.pl\/en\/wazne-daty\/25-temu-lech-kaczynski-zostal-prezesem-nik\/#breadcrumb\",\"itemListElement\":[{\"@type\":\"ListItem\",\"position\":1,\"name\":\"Strona g\u0142\u00f3wna\",\"item\":\"https:\/\/marekkuchcinski.pl\/\"},{\"@type\":\"ListItem\",\"position\":2,\"name\":\"25 lat temu Lech Kaczy\u0144ski zosta\u0142 prezesem NIK\"}]},{\"@type\":\"WebSite\",\"@id\":\"https:\/\/marekkuchcinski.pl\/#website\",\"url\":\"https:\/\/marekkuchcinski.pl\/\",\"name\":\"Marek Kuchci\u0144ski\",\"description\":\"Pose\u0142 na sejm RP &ndash; okr\u0119g nr 22\",\"publisher\":{\"@id\":\"https:\/\/marekkuchcinski.pl\/#organization\"},\"potentialAction\":[{\"@type\":\"SearchAction\",\"target\":{\"@type\":\"EntryPoint\",\"urlTemplate\":\"https:\/\/marekkuchcinski.pl\/?s={search_term_string}\"},\"query-input\":{\"@type\":\"PropertyValueSpecification\",\"valueRequired\":true,\"valueName\":\"search_term_string\"}}],\"inLanguage\":\"ro-RO\"},{\"@type\":\"Organization\",\"@id\":\"https:\/\/marekkuchcinski.pl\/#organization\",\"name\":\"Marek Kuchci\u0144ski\",\"url\":\"https:\/\/marekkuchcinski.pl\/\",\"logo\":{\"@type\":\"ImageObject\",\"inLanguage\":\"ro-RO\",\"@id\":\"https:\/\/marekkuchcinski.pl\/#\/schema\/logo\/image\/\",\"url\":\"https:\/\/marekkuchcinski.pl\/wp-content\/uploads\/2022\/09\/Marek.jpg\",\"contentUrl\":\"https:\/\/marekkuchcinski.pl\/wp-content\/uploads\/2022\/09\/Marek.jpg\",\"width\":1600,\"height\":971,\"caption\":\"Marek Kuchci\u0144ski\"},\"image\":{\"@id\":\"https:\/\/marekkuchcinski.pl\/#\/schema\/logo\/image\/\"}},{\"@type\":\"Person\",\"@id\":\"https:\/\/marekkuchcinski.pl\/#\/schema\/person\/6f62700996b4d950b6ea2d1183b6c6be\",\"name\":\"admin\",\"image\":{\"@type\":\"ImageObject\",\"inLanguage\":\"ro-RO\",\"@id\":\"https:\/\/marekkuchcinski.pl\/#\/schema\/person\/image\/\",\"url\":\"https:\/\/secure.gravatar.com\/avatar\/4bab693b9d55c3d6b52c0296a8765085?s=96&d=mm&r=g\",\"contentUrl\":\"https:\/\/secure.gravatar.com\/avatar\/4bab693b9d55c3d6b52c0296a8765085?s=96&d=mm&r=g\",\"caption\":\"admin\"},\"url\":\"https:\/\/marekkuchcinski.pl\/ro\/author\/marta-olejnik\/\"}]}<\/script>\n<!-- \/ Yoast SEO plugin. -->","yoast_head_json":{"title":"25 lat temu Lech Kaczy\u0144ski zosta\u0142 prezesem NIK &#8211; Marek Kuchci\u0144ski","robots":{"index":"index","follow":"follow","max-snippet":"max-snippet:-1","max-image-preview":"max-image-preview:large","max-video-preview":"max-video-preview:-1"},"canonical":"https:\/\/marekkuchcinski.pl\/ro\/wazne-daty\/25-temu-lech-kaczynski-zostal-prezesem-nik\/","og_locale":"ro_RO","og_type":"article","og_title":"25 lat temu Lech Kaczy\u0144ski zosta\u0142 prezesem NIK &#8211; Marek Kuchci\u0144ski","og_description":"Prezesem NIK Lech Kaczy\u0144ski by\u0142\u00a0od 1992 do 1995 roku. W trakcie sprawowanej przez niego kadencji zaufanie spo\u0142eczne do NIK wzros\u0142o z 30 do 60 proc. W tym czasie, pod patronatem NIK organizowano tzw. sympozja falzmannowskie (nazwa pochodzi od nazwiska Micha\u0142a Falzmanna, kontrolera Izby, kt\u00f3ry wykry\u0142 afer\u0119 FOZZ). By\u0142 autorem ustawy o NIK z 1994 r., [&hellip;]","og_url":"https:\/\/marekkuchcinski.pl\/ro\/wazne-daty\/25-temu-lech-kaczynski-zostal-prezesem-nik\/","og_site_name":"Marek Kuchci\u0144ski","article_published_time":"2017-02-14T21:35:10+00:00","article_modified_time":"2017-02-15T07:52:47+00:00","og_image":[{"width":515,"height":430,"url":"https:\/\/marekkuchcinski.pl\/wp-content\/uploads\/2017\/02\/Lech_Kaczynski_2008_03.jpg","type":"image\/jpeg"}],"author":"admin","twitter_card":"summary_large_image","twitter_misc":{"Scris de":"admin","Timp estimat pentru citire":"1 minute"},"schema":{"@context":"https:\/\/schema.org","@graph":[{"@type":"Article","@id":"https:\/\/marekkuchcinski.pl\/en\/wazne-daty\/25-temu-lech-kaczynski-zostal-prezesem-nik\/#article","isPartOf":{"@id":"https:\/\/marekkuchcinski.pl\/en\/wazne-daty\/25-temu-lech-kaczynski-zostal-prezesem-nik\/"},"author":{"name":"admin","@id":"https:\/\/marekkuchcinski.pl\/#\/schema\/person\/6f62700996b4d950b6ea2d1183b6c6be"},"headline":"25 lat temu Lech Kaczy\u0144ski zosta\u0142 prezesem NIK","datePublished":"2017-02-14T21:35:10+00:00","dateModified":"2017-02-15T07:52:47+00:00","mainEntityOfPage":{"@id":"https:\/\/marekkuchcinski.pl\/en\/wazne-daty\/25-temu-lech-kaczynski-zostal-prezesem-nik\/"},"wordCount":233,"commentCount":0,"publisher":{"@id":"https:\/\/marekkuchcinski.pl\/#organization"},"image":{"@id":"https:\/\/marekkuchcinski.pl\/en\/wazne-daty\/25-temu-lech-kaczynski-zostal-prezesem-nik\/#primaryimage"},"thumbnailUrl":"https:\/\/marekkuchcinski.pl\/wp-content\/uploads\/2017\/02\/Lech_Kaczynski_2008_03.jpg","articleSection":["Wa\u017cne daty"],"inLanguage":"ro-RO","potentialAction":[{"@type":"CommentAction","name":"Comment","target":["https:\/\/marekkuchcinski.pl\/en\/wazne-daty\/25-temu-lech-kaczynski-zostal-prezesem-nik\/#respond"]}]},{"@type":"WebPage","@id":"https:\/\/marekkuchcinski.pl\/en\/wazne-daty\/25-temu-lech-kaczynski-zostal-prezesem-nik\/","url":"https:\/\/marekkuchcinski.pl\/en\/wazne-daty\/25-temu-lech-kaczynski-zostal-prezesem-nik\/","name":"25 lat temu Lech Kaczy\u0144ski zosta\u0142 prezesem NIK &#8211; Marek Kuchci\u0144ski","isPartOf":{"@id":"https:\/\/marekkuchcinski.pl\/#website"},"primaryImageOfPage":{"@id":"https:\/\/marekkuchcinski.pl\/en\/wazne-daty\/25-temu-lech-kaczynski-zostal-prezesem-nik\/#primaryimage"},"image":{"@id":"https:\/\/marekkuchcinski.pl\/en\/wazne-daty\/25-temu-lech-kaczynski-zostal-prezesem-nik\/#primaryimage"},"thumbnailUrl":"https:\/\/marekkuchcinski.pl\/wp-content\/uploads\/2017\/02\/Lech_Kaczynski_2008_03.jpg","datePublished":"2017-02-14T21:35:10+00:00","dateModified":"2017-02-15T07:52:47+00:00","breadcrumb":{"@id":"https:\/\/marekkuchcinski.pl\/en\/wazne-daty\/25-temu-lech-kaczynski-zostal-prezesem-nik\/#breadcrumb"},"inLanguage":"ro-RO","potentialAction":[{"@type":"ReadAction","target":["https:\/\/marekkuchcinski.pl\/en\/wazne-daty\/25-temu-lech-kaczynski-zostal-prezesem-nik\/"]}]},{"@type":"ImageObject","inLanguage":"ro-RO","@id":"https:\/\/marekkuchcinski.pl\/en\/wazne-daty\/25-temu-lech-kaczynski-zostal-prezesem-nik\/#primaryimage","url":"https:\/\/marekkuchcinski.pl\/wp-content\/uploads\/2017\/02\/Lech_Kaczynski_2008_03.jpg","contentUrl":"https:\/\/marekkuchcinski.pl\/wp-content\/uploads\/2017\/02\/Lech_Kaczynski_2008_03.jpg","width":515,"height":430},{"@type":"BreadcrumbList","@id":"https:\/\/marekkuchcinski.pl\/en\/wazne-daty\/25-temu-lech-kaczynski-zostal-prezesem-nik\/#breadcrumb","itemListElement":[{"@type":"ListItem","position":1,"name":"Strona g\u0142\u00f3wna","item":"https:\/\/marekkuchcinski.pl\/"},{"@type":"ListItem","position":2,"name":"25 lat temu Lech Kaczy\u0144ski zosta\u0142 prezesem NIK"}]},{"@type":"WebSite","@id":"https:\/\/marekkuchcinski.pl\/#website","url":"https:\/\/marekkuchcinski.pl\/","name":"Marek Kuchci\u0144ski","description":"Pose\u0142 na sejm RP &ndash; okr\u0119g nr 22","publisher":{"@id":"https:\/\/marekkuchcinski.pl\/#organization"},"potentialAction":[{"@type":"SearchAction","target":{"@type":"EntryPoint","urlTemplate":"https:\/\/marekkuchcinski.pl\/?s={search_term_string}"},"query-input":{"@type":"PropertyValueSpecification","valueRequired":true,"valueName":"search_term_string"}}],"inLanguage":"ro-RO"},{"@type":"Organization","@id":"https:\/\/marekkuchcinski.pl\/#organization","name":"Marek Kuchci\u0144ski","url":"https:\/\/marekkuchcinski.pl\/","logo":{"@type":"ImageObject","inLanguage":"ro-RO","@id":"https:\/\/marekkuchcinski.pl\/#\/schema\/logo\/image\/","url":"https:\/\/marekkuchcinski.pl\/wp-content\/uploads\/2022\/09\/Marek.jpg","contentUrl":"https:\/\/marekkuchcinski.pl\/wp-content\/uploads\/2022\/09\/Marek.jpg","width":1600,"height":971,"caption":"Marek Kuchci\u0144ski"},"image":{"@id":"https:\/\/marekkuchcinski.pl\/#\/schema\/logo\/image\/"}},{"@type":"Person","@id":"https:\/\/marekkuchcinski.pl\/#\/schema\/person\/6f62700996b4d950b6ea2d1183b6c6be","name":"admin","image":{"@type":"ImageObject","inLanguage":"ro-RO","@id":"https:\/\/marekkuchcinski.pl\/#\/schema\/person\/image\/","url":"https:\/\/secure.gravatar.com\/avatar\/4bab693b9d55c3d6b52c0296a8765085?s=96&d=mm&r=g","contentUrl":"https:\/\/secure.gravatar.com\/avatar\/4bab693b9d55c3d6b52c0296a8765085?s=96&d=mm&r=g","caption":"admin"},"url":"https:\/\/marekkuchcinski.pl\/ro\/author\/marta-olejnik\/"}]}},"_links":{"self":[{"href":"https:\/\/marekkuchcinski.pl\/ro\/wp-json\/wp\/v2\/posts\/5319","targetHints":{"allow":["GET"]}}],"collection":[{"href":"https:\/\/marekkuchcinski.pl\/ro\/wp-json\/wp\/v2\/posts"}],"about":[{"href":"https:\/\/marekkuchcinski.pl\/ro\/wp-json\/wp\/v2\/types\/post"}],"author":[{"embeddable":true,"href":"https:\/\/marekkuchcinski.pl\/ro\/wp-json\/wp\/v2\/users\/6"}],"replies":[{"embeddable":true,"href":"https:\/\/marekkuchcinski.pl\/ro\/wp-json\/wp\/v2\/comments?post=5319"}],"version-history":[{"count":3,"href":"https:\/\/marekkuchcinski.pl\/ro\/wp-json\/wp\/v2\/posts\/5319\/revisions"}],"predecessor-version":[{"id":5323,"href":"https:\/\/marekkuchcinski.pl\/ro\/wp-json\/wp\/v2\/posts\/5319\/revisions\/5323"}],"wp:featuredmedia":[{"embeddable":true,"href":"https:\/\/marekkuchcinski.pl\/ro\/wp-json\/wp\/v2\/media\/5320"}],"wp:attachment":[{"href":"https:\/\/marekkuchcinski.pl\/ro\/wp-json\/wp\/v2\/media?parent=5319"}],"wp:term":[{"taxonomy":"category","embeddable":true,"href":"https:\/\/marekkuchcinski.pl\/ro\/wp-json\/wp\/v2\/categories?post=5319"},{"taxonomy":"post_tag","embeddable":true,"href":"https:\/\/marekkuchcinski.pl\/ro\/wp-json\/wp\/v2\/tags?post=5319"}],"curies":[{"name":"wp","href":"https:\/\/api.w.org\/{rel}","templated":true}]}}