{"id":5153,"date":"2017-01-28T23:25:53","date_gmt":"2017-01-28T22:25:53","guid":{"rendered":"https:\/\/marekkuchcinski.pl\/?p=5153"},"modified":"2017-01-29T13:41:58","modified_gmt":"2017-01-29T12:41:58","slug":"przedstawiciele-lokalnych-struktur-pis-rozmawiali-o-koniecznych-reformach-poziomie-ogolnopolskim-samorzadowym","status":"publish","type":"post","link":"https:\/\/marekkuchcinski.pl\/ro\/wydarzenia\/przedstawiciele-lokalnych-struktur-pis-rozmawiali-o-koniecznych-reformach-poziomie-ogolnopolskim-samorzadowym\/","title":{"rendered":"Reprezentan\u021bii structurilor locale de drept \u0219i justi\u021bie au discutat despre reformele necesare la nivel na\u021bional \u0219i local."},"content":{"rendered":"<p><strong>- Introducerea schimb\u0103rilor nu va fi u\u0219oar\u0103, dar trebuie s\u0103 le facem pentru ca Polonia s\u0103 fie mai bun\u0103\", a sus\u021binut Jaros\u0142aw Kaczy\u0144ski, pre\u0219edintele partidului Lege \u0219i Justi\u021bie.<\/strong><\/p>\n<p>La Rzesz\u00f3w a avut loc ast\u0103zi o \u00eent\u00e2lnire a structurilor locale de drept \u0219i justi\u021bie. Au fost discutate alegerile locale, modific\u0103rile aduse legii electorale, problemele locale \u0219i na\u021bionale. Pre\u0219edintele Partidului Lege \u0219i Justi\u021bie a vorbit despre schimb\u0103rile \u0219i reformele necesare care ar trebui s\u0103 aib\u0103 loc. - Vom fi ataca\u021bi, dar dac\u0103 ne mobiliz\u0103m s\u0103 muncim din greu, avem \u0219anse mari s\u0103 c\u00e2\u0219tig\u0103m. Putem face Polonia mai bun\u0103 \u0219i o putem \u00eempinge spre dezvoltare\", a afirmat el. Fostul premier a mai spus c\u0103 datoria istoric\u0103 a partidului fa\u021b\u0103 de Polonia este de a schimba sistemul post-comunist.<\/p>\n<p>Potrivit lui Jaros\u0142aw Kaczy\u0144ski, unele reforme, cum ar fi cea a serviciilor de s\u0103n\u0103tate, vor lovi \u00een interesele diferitelor grupuri, care vor fi \u00eent\u00e2mpinate cu opozi\u021bie \u0219i atacuri. \u00cen acela\u0219i timp, el a dat asigur\u0103ri c\u0103 reformele deja introduse, de exemplu, \u00een domeniul educa\u021biei, sunt bine preg\u0103tite.<\/p>\n<p>Reuniunea a fost prezidat\u0103 de pre\u0219edintele Sejm, Marek Kuchci\u0144ski. Printre cei prezen\u021bi s-au num\u0103rat mare\u0219alul Senatului Stanis\u0142aw Karczewski, adjunctul mare\u0219alului Sejm-ului Joachim Brudzi\u0144ski \u0219i purt\u0103torul de cuv\u00e2nt al Partidului Lege \u0219i Justi\u021bie, Beata Mazurek. Vizita pre\u0219edintelui PiS \u00een Podkarpacie face parte dintr-o serie de \u00eent\u00e2lniri cu reprezentan\u021bi ai structurilor regionale ale partidului.<\/p>\n<p><a href=\"https:\/\/marekkuchcinski.pl\/wp-content\/uploads\/2017\/01\/DSCF0770-001.jpg\"><img fetchpriority=\"high\" decoding=\"async\" class=\"alignnone size-full wp-image-5155\" src=\"https:\/\/marekkuchcinski.pl\/wp-content\/uploads\/2017\/01\/DSCF0770-001.jpg\" alt=\"DSCF0770-001\" width=\"3815\" height=\"2541\" srcset=\"https:\/\/marekkuchcinski.pl\/wp-content\/uploads\/2017\/01\/DSCF0770-001.jpg 2048w, https:\/\/marekkuchcinski.pl\/wp-content\/uploads\/2017\/01\/DSCF0770-001-300x200.jpg 300w, https:\/\/marekkuchcinski.pl\/wp-content\/uploads\/2017\/01\/DSCF0770-001-768x512.jpg 768w, https:\/\/marekkuchcinski.pl\/wp-content\/uploads\/2017\/01\/DSCF0770-001-1024x682.jpg 1024w\" sizes=\"(max-width: 3815px) 100vw, 3815px\" \/><\/a> <a href=\"https:\/\/marekkuchcinski.pl\/wp-content\/uploads\/2017\/01\/DSCF0808.jpg\"><img decoding=\"async\" class=\"alignnone size-full wp-image-5156\" src=\"https:\/\/marekkuchcinski.pl\/wp-content\/uploads\/2017\/01\/DSCF0808.jpg\" alt=\"DSCF0808\" width=\"2216\" height=\"1484\" srcset=\"https:\/\/marekkuchcinski.pl\/wp-content\/uploads\/2017\/01\/DSCF0808.jpg 2048w, https:\/\/marekkuchcinski.pl\/wp-content\/uploads\/2017\/01\/DSCF0808-300x201.jpg 300w, https:\/\/marekkuchcinski.pl\/wp-content\/uploads\/2017\/01\/DSCF0808-768x514.jpg 768w, https:\/\/marekkuchcinski.pl\/wp-content\/uploads\/2017\/01\/DSCF0808-1024x686.jpg 1024w\" sizes=\"(max-width: 2216px) 100vw, 2216px\" \/><\/a> <a href=\"https:\/\/marekkuchcinski.pl\/wp-content\/uploads\/2017\/01\/DSCF0826.jpg\"><img decoding=\"async\" class=\"alignnone size-full wp-image-5157\" src=\"https:\/\/marekkuchcinski.pl\/wp-content\/uploads\/2017\/01\/DSCF0826.jpg\" alt=\"DSCF0826\" width=\"2053\" height=\"1368\" srcset=\"https:\/\/marekkuchcinski.pl\/wp-content\/uploads\/2017\/01\/DSCF0826.jpg 2048w, https:\/\/marekkuchcinski.pl\/wp-content\/uploads\/2017\/01\/DSCF0826-300x200.jpg 300w, https:\/\/marekkuchcinski.pl\/wp-content\/uploads\/2017\/01\/DSCF0826-768x512.jpg 768w, https:\/\/marekkuchcinski.pl\/wp-content\/uploads\/2017\/01\/DSCF0826-1024x682.jpg 1024w\" sizes=\"(max-width: 2053px) 100vw, 2053px\" \/><\/a> <a href=\"https:\/\/marekkuchcinski.pl\/wp-content\/uploads\/2017\/01\/DSCF0785.jpg\"><img loading=\"lazy\" decoding=\"async\" class=\"alignnone size-full wp-image-5158\" src=\"https:\/\/marekkuchcinski.pl\/wp-content\/uploads\/2017\/01\/DSCF0785.jpg\" alt=\"DSCF0785\" width=\"4896\" height=\"2760\" srcset=\"https:\/\/marekkuchcinski.pl\/wp-content\/uploads\/2017\/01\/DSCF0785.jpg 2048w, https:\/\/marekkuchcinski.pl\/wp-content\/uploads\/2017\/01\/DSCF0785-300x169.jpg 300w, https:\/\/marekkuchcinski.pl\/wp-content\/uploads\/2017\/01\/DSCF0785-768x433.jpg 768w, https:\/\/marekkuchcinski.pl\/wp-content\/uploads\/2017\/01\/DSCF0785-1024x577.jpg 1024w\" sizes=\"(max-width: 4896px) 100vw, 4896px\" \/><\/a><a href=\"https:\/\/marekkuchcinski.pl\/wp-content\/uploads\/2017\/01\/DSCF0859.jpg\"><img loading=\"lazy\" decoding=\"async\" class=\"alignnone size-full wp-image-5159\" src=\"https:\/\/marekkuchcinski.pl\/wp-content\/uploads\/2017\/01\/DSCF0859.jpg\" alt=\"DSCF0859\" width=\"2647\" height=\"1768\" srcset=\"https:\/\/marekkuchcinski.pl\/wp-content\/uploads\/2017\/01\/DSCF0859.jpg 2048w, https:\/\/marekkuchcinski.pl\/wp-content\/uploads\/2017\/01\/DSCF0859-300x200.jpg 300w, https:\/\/marekkuchcinski.pl\/wp-content\/uploads\/2017\/01\/DSCF0859-768x513.jpg 768w, https:\/\/marekkuchcinski.pl\/wp-content\/uploads\/2017\/01\/DSCF0859-1024x684.jpg 1024w\" sizes=\"(max-width: 2647px) 100vw, 2647px\" \/><\/a><\/p>\n<p>&nbsp;<\/p>","protected":false},"excerpt":{"rendered":"<p>\u2013 Wprowadzenie zmian nie b\u0119dzie \u0142atwe, ale musimy si\u0119 ich podj\u0105\u0107, aby\u00a0Polska by\u0142a lepsza \u2013 przekonywa\u0142 \u00a0prezes PiS Jaros\u0142aw Kaczy\u0144ski. Dzi\u015b w Rzeszowie odby\u0142o si\u0119 spotkanie lokalnych struktur Prawa i Sprawiedliwo\u015bci. Poruszano na nim temat wybor\u00f3w samorz\u0105dowych, zmiany ordynacji wyborczej, problemy lokalne i og\u00f3lnopolskie. Prezes PiS m\u00f3wi\u0142 o koniecznych zmianach oraz reformach, kt\u00f3re powinny nast\u0105pi\u0107. [&hellip;]<\/p>\n","protected":false},"author":6,"featured_media":5162,"comment_status":"open","ping_status":"open","sticky":false,"template":"","format":"standard","meta":{"ngg_post_thumbnail":0,"footnotes":""},"categories":[49,82,3],"tags":[],"class_list":["post-5153","post","type-post","status-publish","format-standard","has-post-thumbnail","hentry","category-podkarpacie","category-prawo-i-sprawiedliwosc","category-wydarzenia"],"_links":{"self":[{"href":"https:\/\/marekkuchcinski.pl\/ro\/wp-json\/wp\/v2\/posts\/5153","targetHints":{"allow":["GET"]}}],"collection":[{"href":"https:\/\/marekkuchcinski.pl\/ro\/wp-json\/wp\/v2\/posts"}],"about":[{"href":"https:\/\/marekkuchcinski.pl\/ro\/wp-json\/wp\/v2\/types\/post"}],"author":[{"embeddable":true,"href":"https:\/\/marekkuchcinski.pl\/ro\/wp-json\/wp\/v2\/users\/6"}],"replies":[{"embeddable":true,"href":"https:\/\/marekkuchcinski.pl\/ro\/wp-json\/wp\/v2\/comments?post=5153"}],"version-history":[{"count":3,"href":"https:\/\/marekkuchcinski.pl\/ro\/wp-json\/wp\/v2\/posts\/5153\/revisions"}],"predecessor-version":[{"id":5164,"href":"https:\/\/marekkuchcinski.pl\/ro\/wp-json\/wp\/v2\/posts\/5153\/revisions\/5164"}],"wp:featuredmedia":[{"embeddable":true,"href":"https:\/\/marekkuchcinski.pl\/ro\/wp-json\/wp\/v2\/media\/5162"}],"wp:attachment":[{"href":"https:\/\/marekkuchcinski.pl\/ro\/wp-json\/wp\/v2\/media?parent=5153"}],"wp:term":[{"taxonomy":"category","embeddable":true,"href":"https:\/\/marekkuchcinski.pl\/ro\/wp-json\/wp\/v2\/categories?post=5153"},{"taxonomy":"post_tag","embeddable":true,"href":"https:\/\/marekkuchcinski.pl\/ro\/wp-json\/wp\/v2\/tags?post=5153"}],"curies":[{"name":"wp","href":"https:\/\/api.w.org\/{rel}","templated":true}]}}