{"id":5025,"date":"2017-01-17T14:07:09","date_gmt":"2017-01-17T13:07:09","guid":{"rendered":"https:\/\/marekkuchcinski.pl\/?p=5025"},"modified":"2017-01-17T14:07:09","modified_gmt":"2017-01-17T13:07:09","slug":"153-rocznica-bitwy-ilza","status":"publish","type":"post","link":"https:\/\/marekkuchcinski.pl\/ro\/wazne-daty\/153-rocznica-bitwy-ilza\/","title":{"rendered":"153-a aniversare a b\u0103t\u0103liei de la Ilza"},"content":{"rendered":"<p>La 16 ianuarie 1864, a avut loc b\u0103t\u0103lia de la I\u0142\u017ca. Confruntarea victorioas\u0103 cu armata \u021barist\u0103 a fost unul dintre cele mai impresionante succese militare ale insurgen\u021bilor din ianuarie.<\/p>\n<p>Succesul \u00een b\u0103t\u0103lia de la Ilza a fost posibil prin \u00een\u0219el\u0103ciune. Comandantul regimentului de insurgen\u021bi, locotenent-colonelul Karol Kalita de Brenzenheim alias R\u0119baj\u0142o (foto), a reu\u0219it s\u0103-i atrag\u0103 pe ru\u0219i \u00eentr-o capcan\u0103, ocup\u00e2nd satul Lubienia cu un batalion \u0219i ascunz\u00e2ndu-l pe cel\u0103lalt \u00een spatele dealurilor.<\/p>\n<p><em>sursa: nowahistoria.interia.pl<\/em><\/p>\n<p>&nbsp;<\/p>\n<p>&nbsp;<\/p>","protected":false},"excerpt":{"rendered":"<p>16 stycznia 1864 r. mia\u0142a miejsce bitwa pod I\u0142\u017c\u0105. Zwyci\u0119skie starcie z wojskami carskimi by\u0142o jednym z najbardziej efektownych militarnych sukces\u00f3w powsta\u0144c\u00f3w styczniowych. Sukces w\u00a0bitwie pod I\u0142\u017c\u0105 mo\u017cliwy by\u0142 dzi\u0119ki podst\u0119powi. Dowodz\u0105cy pu\u0142kiem powsta\u0144czym podpu\u0142kownik Karol Kalita de Brenzenheim pseudonim R\u0119baj\u0142o (fot.) udanie wci\u0105gn\u0105\u0142 Rosjan w\u00a0pu\u0142apk\u0119, zajmuj\u0105c wie\u015b Lubieni\u0119 jednym batalionem, a\u00a0drugi ukrywaj\u0105c za wzg\u00f3rzami. [&hellip;]<\/p>\n","protected":false},"author":6,"featured_media":5026,"comment_status":"open","ping_status":"open","sticky":false,"template":"","format":"standard","meta":{"ngg_post_thumbnail":0,"footnotes":""},"categories":[77],"tags":[],"class_list":["post-5025","post","type-post","status-publish","format-standard","has-post-thumbnail","hentry","category-wazne-daty"],"_links":{"self":[{"href":"https:\/\/marekkuchcinski.pl\/ro\/wp-json\/wp\/v2\/posts\/5025","targetHints":{"allow":["GET"]}}],"collection":[{"href":"https:\/\/marekkuchcinski.pl\/ro\/wp-json\/wp\/v2\/posts"}],"about":[{"href":"https:\/\/marekkuchcinski.pl\/ro\/wp-json\/wp\/v2\/types\/post"}],"author":[{"embeddable":true,"href":"https:\/\/marekkuchcinski.pl\/ro\/wp-json\/wp\/v2\/users\/6"}],"replies":[{"embeddable":true,"href":"https:\/\/marekkuchcinski.pl\/ro\/wp-json\/wp\/v2\/comments?post=5025"}],"version-history":[{"count":1,"href":"https:\/\/marekkuchcinski.pl\/ro\/wp-json\/wp\/v2\/posts\/5025\/revisions"}],"predecessor-version":[{"id":5027,"href":"https:\/\/marekkuchcinski.pl\/ro\/wp-json\/wp\/v2\/posts\/5025\/revisions\/5027"}],"wp:featuredmedia":[{"embeddable":true,"href":"https:\/\/marekkuchcinski.pl\/ro\/wp-json\/wp\/v2\/media\/5026"}],"wp:attachment":[{"href":"https:\/\/marekkuchcinski.pl\/ro\/wp-json\/wp\/v2\/media?parent=5025"}],"wp:term":[{"taxonomy":"category","embeddable":true,"href":"https:\/\/marekkuchcinski.pl\/ro\/wp-json\/wp\/v2\/categories?post=5025"},{"taxonomy":"post_tag","embeddable":true,"href":"https:\/\/marekkuchcinski.pl\/ro\/wp-json\/wp\/v2\/tags?post=5025"}],"curies":[{"name":"wp","href":"https:\/\/api.w.org\/{rel}","templated":true}]}}