{"id":4933,"date":"2016-12-29T22:35:53","date_gmt":"2016-12-29T21:35:53","guid":{"rendered":"https:\/\/marekkuchcinski.pl\/?p=4933"},"modified":"2016-12-30T19:27:50","modified_gmt":"2016-12-30T18:27:50","slug":"sesja-naukowa-poswiecona-abp-ignacemu-tokarczukowi","status":"publish","type":"post","link":"https:\/\/marekkuchcinski.pl\/ro\/wydarzenia\/sesja-naukowa-poswiecona-abp-ignacemu-tokarczukowi\/","title":{"rendered":"Sesiune \u0219tiin\u021bific\u0103 dedicat\u0103 Arhiepiscopului Mitropolit de Przemy\u015bl, Arhiepiscopul Ignacy Tokarczuk"},"content":{"rendered":"<p>Cu ocazia celei de-a patra anivers\u0103ri a mor\u021bii Arhiepiscopului Ignacy Tokarczuk, a avut loc o sesiune \u0219tiin\u021bific\u0103 dedicat\u0103 marelui p\u0103stor. Conferin\u021ba a fost preg\u0103tit\u0103 de Institutul Filialei de Memorie Na\u021bional\u0103 din Rzesz\u00f3w, Muzeul Na\u021bional al Regiunii Przemy\u015bl, Departamentul de Istorie \u0219i Patrimoniu Cultural al Universit\u0103\u021bii Pontificale Ioan Paul al II-lea din Cracovia \u0219i Parohia Arhiepiscopal\u0103 Sf\u00e2ntul Ioan Botez\u0103torul \u0219i Adormirea Sfintei Fecioare Maria din Przemy\u015bl. Sf\u00e2ntul Ioan Botez\u0103torul \u0219i Adormirea Sfintei Fecioare Maria \u00een Przemy\u015bl. Vorbitorii au fost:<\/p>\n<ul>\n<li><em>Dr. Jan Musia\u0142 - Publica\u021bii nerebeli ale diecezei de Przemy\u015bl \u00een anii 1980<\/em><\/li>\n<li><em>dr Mariusz Krzysztofi\u0144ski - Prezentarea c\u0103r\u021bii Non omnis moriar. Arhiepiscopul Ignacy Tokarczuk \u00een memoriile sale<\/em><\/li>\n<li><em>Prof. Dr. J\u00f3zef Wo\u0142cza\u0144ski - Prezentare de carte - \"I-am iubit pe ace\u0219ti oameni cu toat\u0103 inima \u0219i devotamentul meu. Amintiri 1918-1976\u00a0<\/em><\/li>\n<\/ul>\n<p>Arhiepiscopul Ignacy Tokarczuk este o icoan\u0103 a luptei \u00eempotriva comunismului. A fost radical \u0219i intransigent. Supravegheat \u0219i persecutat de SB, nu a renun\u021bat niciodat\u0103 la lupta sa pentru libertate \u0219i adev\u0103r. Mitropolitul de Przemy\u015bl a fost considerat de autorit\u0103\u021bile de la acea vreme inamicul ecleziastic num\u0103rul trei - imediat dup\u0103 Ioan Paul al II-lea \u0219i cardinalul Stefan Wyszy\u0144ski. La mijlocul anilor 1970, el a anun\u021bat pr\u0103bu\u0219irea sistemului comunist \u0219i c\u0103l\u0103toria popoarelor asuprite spre libertate. A sprijinit Solidaritatea, pe cei reprima\u021bi, \u0219i i-a dat sfaturi p\u0103rintelui Jerzy Popie\u0142uszko. Datorit\u0103 lui, \u00een dieceza de Przemy\u015bl au fost \u00eenfiin\u021bate 220 de parohii noi.<\/p>\n<p><a href=\"https:\/\/marekkuchcinski.pl\/wp-content\/uploads\/2016\/12\/tokarczuk.jpg\"><img fetchpriority=\"high\" decoding=\"async\" class=\"alignnone wp-image-4937\" src=\"https:\/\/marekkuchcinski.pl\/wp-content\/uploads\/2016\/12\/tokarczuk.jpg\" alt=\"tokarczuk\" width=\"781\" height=\"588\" srcset=\"https:\/\/marekkuchcinski.pl\/wp-content\/uploads\/2016\/12\/tokarczuk.jpg 619w, https:\/\/marekkuchcinski.pl\/wp-content\/uploads\/2016\/12\/tokarczuk-300x226.jpg 300w\" sizes=\"(max-width: 781px) 100vw, 781px\" \/><\/a><a href=\"https:\/\/marekkuchcinski.pl\/wp-content\/uploads\/2016\/12\/DSC09911.jpg\"><img decoding=\"async\" class=\"alignnone size-full wp-image-4953\" src=\"https:\/\/marekkuchcinski.pl\/wp-content\/uploads\/2016\/12\/DSC09911.jpg\" alt=\"dsc09911\" width=\"1021\" height=\"554\" srcset=\"https:\/\/marekkuchcinski.pl\/wp-content\/uploads\/2016\/12\/DSC09911.jpg 1021w, https:\/\/marekkuchcinski.pl\/wp-content\/uploads\/2016\/12\/DSC09911-300x163.jpg 300w, https:\/\/marekkuchcinski.pl\/wp-content\/uploads\/2016\/12\/DSC09911-768x417.jpg 768w\" sizes=\"(max-width: 1021px) 100vw, 1021px\" \/><\/a><a href=\"https:\/\/marekkuchcinski.pl\/wp-content\/uploads\/2016\/12\/DSC0092-001-1.jpg\"><img decoding=\"async\" class=\"alignnone size-full wp-image-4946\" src=\"https:\/\/marekkuchcinski.pl\/wp-content\/uploads\/2016\/12\/DSC0092-001-1.jpg\" alt=\"_dsc0092-001\" width=\"1872\" height=\"1403\" srcset=\"https:\/\/marekkuchcinski.pl\/wp-content\/uploads\/2016\/12\/DSC0092-001-1.jpg 1872w, https:\/\/marekkuchcinski.pl\/wp-content\/uploads\/2016\/12\/DSC0092-001-1-300x225.jpg 300w, https:\/\/marekkuchcinski.pl\/wp-content\/uploads\/2016\/12\/DSC0092-001-1-768x576.jpg 768w, https:\/\/marekkuchcinski.pl\/wp-content\/uploads\/2016\/12\/DSC0092-001-1-1024x767.jpg 1024w\" sizes=\"(max-width: 1872px) 100vw, 1872px\" \/><\/a>De la st\u00e2nga la dreapta: Dariusz Iwaneczko, director al Institutului de comemorare na\u021bional\u0103 din Rzesz\u00f3w, Dariusz Iwaneczko, director al Muzeului \u021a\u0103rii Przemysl.<br \/>\nJan Jarosz \u0219i Mare\u0219alul Sejm-ului Marek Kuchci\u0144ski <a href=\"https:\/\/marekkuchcinski.pl\/wp-content\/uploads\/2016\/12\/DSC0017.jpg\"><img loading=\"lazy\" decoding=\"async\" class=\"alignnone wp-image-4949 size-full\" src=\"https:\/\/marekkuchcinski.pl\/wp-content\/uploads\/2016\/12\/DSC0017.jpg\" alt=\"_dsc0017\" width=\"3207\" height=\"2142\" srcset=\"https:\/\/marekkuchcinski.pl\/wp-content\/uploads\/2016\/12\/DSC0017.jpg 2048w, https:\/\/marekkuchcinski.pl\/wp-content\/uploads\/2016\/12\/DSC0017-300x200.jpg 300w, https:\/\/marekkuchcinski.pl\/wp-content\/uploads\/2016\/12\/DSC0017-768x513.jpg 768w, https:\/\/marekkuchcinski.pl\/wp-content\/uploads\/2016\/12\/DSC0017-1024x684.jpg 1024w\" sizes=\"(max-width: 3207px) 100vw, 3207px\" \/><\/a> <a href=\"https:\/\/marekkuchcinski.pl\/wp-content\/uploads\/2016\/12\/DSC0027.jpg\"><img loading=\"lazy\" decoding=\"async\" class=\"alignnone size-full wp-image-4950\" src=\"https:\/\/marekkuchcinski.pl\/wp-content\/uploads\/2016\/12\/DSC0027.jpg\" alt=\"_dsc0027\" width=\"1950\" height=\"1306\" srcset=\"https:\/\/marekkuchcinski.pl\/wp-content\/uploads\/2016\/12\/DSC0027.jpg 1950w, https:\/\/marekkuchcinski.pl\/wp-content\/uploads\/2016\/12\/DSC0027-300x201.jpg 300w, https:\/\/marekkuchcinski.pl\/wp-content\/uploads\/2016\/12\/DSC0027-768x514.jpg 768w, https:\/\/marekkuchcinski.pl\/wp-content\/uploads\/2016\/12\/DSC0027-1024x686.jpg 1024w\" sizes=\"(max-width: 1950px) 100vw, 1950px\" \/><\/a><\/p>\n<p>&nbsp;<\/p>\n<p>&nbsp;<\/p>","protected":false},"excerpt":{"rendered":"<p>W\u00a0czwart\u0105\u00a0rocznic\u0119 \u015bmierci ks. abp. Ignacego Tokarczuka odby\u0142a si\u0119 sesja naukowa po\u015bwi\u0119cona wielkiemu pasterzowi. Konferencj\u0119\u00a0przygotowa\u0142\u00a0Instytut Pami\u0119ci Narodowej Oddzia\u0142 w Rzeszowie,\u00a0Muzeum Narodowe Ziemi Przemyskiej w Przemy\u015blu,\u00a0Wydzia\u0142 Historii i Dziedzictwa Kulturowego\u00a0Uniwersytetu Papieskiego Jana Paw\u0142a II w Krakowie oraz\u00a0Parafi\u0119 Archikatedralna pw. \u015aw. Jana Chrzciciela i Wniebowzi\u0119cia NMP w Przemy\u015blu. Prelegentami byli: dr Jan Musia\u0142 \u2013\u00a0Bezdebitowe wydawnictwa diecezji przemyskiej w [&hellip;]<\/p>\n","protected":false},"author":6,"featured_media":4937,"comment_status":"open","ping_status":"open","sticky":false,"template":"","format":"standard","meta":{"ngg_post_thumbnail":0,"footnotes":""},"categories":[49,77,3],"tags":[],"class_list":["post-4933","post","type-post","status-publish","format-standard","has-post-thumbnail","hentry","category-podkarpacie","category-wazne-daty","category-wydarzenia"],"_links":{"self":[{"href":"https:\/\/marekkuchcinski.pl\/ro\/wp-json\/wp\/v2\/posts\/4933","targetHints":{"allow":["GET"]}}],"collection":[{"href":"https:\/\/marekkuchcinski.pl\/ro\/wp-json\/wp\/v2\/posts"}],"about":[{"href":"https:\/\/marekkuchcinski.pl\/ro\/wp-json\/wp\/v2\/types\/post"}],"author":[{"embeddable":true,"href":"https:\/\/marekkuchcinski.pl\/ro\/wp-json\/wp\/v2\/users\/6"}],"replies":[{"embeddable":true,"href":"https:\/\/marekkuchcinski.pl\/ro\/wp-json\/wp\/v2\/comments?post=4933"}],"version-history":[{"count":15,"href":"https:\/\/marekkuchcinski.pl\/ro\/wp-json\/wp\/v2\/posts\/4933\/revisions"}],"predecessor-version":[{"id":4956,"href":"https:\/\/marekkuchcinski.pl\/ro\/wp-json\/wp\/v2\/posts\/4933\/revisions\/4956"}],"wp:featuredmedia":[{"embeddable":true,"href":"https:\/\/marekkuchcinski.pl\/ro\/wp-json\/wp\/v2\/media\/4937"}],"wp:attachment":[{"href":"https:\/\/marekkuchcinski.pl\/ro\/wp-json\/wp\/v2\/media?parent=4933"}],"wp:term":[{"taxonomy":"category","embeddable":true,"href":"https:\/\/marekkuchcinski.pl\/ro\/wp-json\/wp\/v2\/categories?post=4933"},{"taxonomy":"post_tag","embeddable":true,"href":"https:\/\/marekkuchcinski.pl\/ro\/wp-json\/wp\/v2\/tags?post=4933"}],"curies":[{"name":"wp","href":"https:\/\/api.w.org\/{rel}","templated":true}]}}