{"id":4611,"date":"2016-11-24T11:48:48","date_gmt":"2016-11-24T10:48:48","guid":{"rendered":"https:\/\/marekkuchcinski.pl\/?p=4611"},"modified":"2016-12-16T13:53:03","modified_gmt":"2016-12-16T12:53:03","slug":"kuchcinski-budowa-rozbudowa-przejsc-granicznych-drogowych-lotniczych-kolejowych-fundament-wspolpracy-tej-czesci-europy","status":"publish","type":"post","link":"https:\/\/marekkuchcinski.pl\/ro\/wydarzenia\/kuchcinski-budowa-rozbudowa-przejsc-granicznych-drogowych-lotniczych-kolejowych-fundament-wspolpracy-tej-czesci-europy\/","title":{"rendered":"Kuchci\u0144ski: Construc\u021bia \u0219i extinderea punctelor de trecere a frontierelor rutiere, aeriene \u0219i feroviare reprezint\u0103 fundamentul cooper\u0103rii \u00een aceast\u0103 parte a Europei"},"content":{"rendered":"<div class=\"entry\">\n<div id=\"artykul\">\n<p class=\"first\"><strong>Cu participarea mini\u0219trilor Infrastructurii din Polonia \u0219i Ucraina \u0219i a pre\u0219edintelui Sejm-ului, Marek Kuchcinski, a avut loc la Krasiczyn (Podkarpackie) o reuniune \u00een afara sediului Comisiei pentru infrastructur\u0103 a Sejm-ului. \u00cen cadrul reuniunii s-a discutat, printre altele, despre construc\u021bia punctului de trecere a frontierei Malhovice-Nizhankovice.<\/strong><\/p>\n<p>Pre\u0219edintele Sejm-ului, Marek Kuchcinski, a afirmat c\u0103 salut\u0103 ini\u021biativa de a construi un nou punct de trecere a frontierei cu Ucraina.<\/p>\n<blockquote><p><strong>- Aceasta este o chestiune care ar trebui s\u0103 uneasc\u0103 \u00eentreaga Europ\u0103. Este bine c\u0103 acceler\u0103m construirea diferitelor forme de cooperare \u0219i conexiuni \u00een partea noastr\u0103 de Europ\u0103. Construc\u021bia \u0219i extinderea punctelor de trecere a frontierei rutiere, aeriene \u0219i feroviare reprezint\u0103 fundamentul cooper\u0103rii. V\u0103 mul\u021bumim pentru aceast\u0103 ini\u021biativ\u0103.<\/strong>\u00a0- a spus el.<\/p><\/blockquote>\n<p>Potrivit lui Kuchcinski, Polonia ar trebui s\u0103 sprijine \"ideea de a conecta Kievul cu Parisul\". \"De asemenea, personal, sus\u021bin din toat\u0103 inima acest expres transeuropean\", a ad\u0103ugat el.<\/p>\n<\/div>\n<p class=\"first\"><a href=\"https:\/\/marekkuchcinski.pl\/wp-content\/uploads\/2016\/11\/Zrzut-ekranu-2016-12-16-o-13.36.26.jpg\"><img fetchpriority=\"high\" decoding=\"async\" class=\"alignnone size-full wp-image-4885\" src=\"https:\/\/marekkuchcinski.pl\/wp-content\/uploads\/2016\/11\/Zrzut-ekranu-2016-12-16-o-13.36.26.jpg\" alt=\"zrzut-ekranu-2016-12-16-o-13-36-26\" width=\"1901\" height=\"1269\" srcset=\"https:\/\/marekkuchcinski.pl\/wp-content\/uploads\/2016\/11\/Zrzut-ekranu-2016-12-16-o-13.36.26.jpg 1901w, https:\/\/marekkuchcinski.pl\/wp-content\/uploads\/2016\/11\/Zrzut-ekranu-2016-12-16-o-13.36.26-300x200.jpg 300w, https:\/\/marekkuchcinski.pl\/wp-content\/uploads\/2016\/11\/Zrzut-ekranu-2016-12-16-o-13.36.26-768x513.jpg 768w, https:\/\/marekkuchcinski.pl\/wp-content\/uploads\/2016\/11\/Zrzut-ekranu-2016-12-16-o-13.36.26-1024x684.jpg 1024w\" sizes=\"(max-width: 1901px) 100vw, 1901px\" \/><\/a><\/p>\n<div id=\"artykul\">\n<p class=\"second\">Pre\u0219edintele Comisiei pentru infrastructur\u0103, Bogdan Rzonca, a subliniat c\u0103 f\u0103r\u0103 o bun\u0103 infrastructur\u0103 rutier\u0103 \u0219i feroviar\u0103 nu exist\u0103 rela\u021bii economice bune.<\/p>\n<blockquote><p>-\u00a0<strong>Exist\u0103 mai multe puncte de trecere a frontierei \u00eentre Polonia \u0219i Ucraina, dar nu sunt suficiente; cu siguran\u021b\u0103, un alt punct de trecere a frontierei la Malhowice-Nizhankowice este posibil de construit. At\u00e2t partea polonez\u0103, c\u00e2t \u0219i cea ucrainean\u0103 sunt \u00een favoarea acestei treceri. Prezen\u021ba ambilor mini\u0219tri \u00een comisie este o dovad\u0103 c\u0103 nu vrem s\u0103 vorbim \u00een zadar, doar despre ni\u0219te apeluri sau declara\u021bii, ci despre necesitatea construirii acestui pasaj.<\/strong>\u00a0- a ad\u0103ugat el.<\/p><\/blockquote>\n<p>El a subliniat c\u0103 punctul de trecere planificat ar consta \u00eentr-o singur\u0103 cl\u0103dire, unde serviciile de frontier\u0103 ale ambelor \u021b\u0103ri vor verifica \u00eempreun\u0103 c\u0103l\u0103torii.<\/p>\n<p>\"Acest lucru va reduce semnificativ costurile de construc\u021bie a pasajului \u0219i exist\u0103 un acord de ambele p\u0103r\u021bi\", a spus Rzonca. La cererea acestuia, comisia a adoptat, de asemenea, un de-sideratum adresat primului-ministru, prin care se solicit\u0103 analize economice ale leg\u0103turii feroviare Kiev-Wroc\u0142aw-Dresda-Paris.<\/p>\n<p>Potrivit unei purt\u0103toare de cuv\u00e2nt a Voievodatului Podkarpackie, Ma\u0142gorzata Waksmundzka-Szarek, \u00een prezent se lucreaz\u0103 la elaborarea unui program func\u021bional-utilitar pentru trecerea de pietoni, iar documenta\u021bia tehnic\u0103 va fi elaborat\u0103 \u00een 2017.<\/p>\n<p>Purt\u0103torul de cuv\u00e2nt a subliniat c\u0103 pentru crearea punctului de trecere sunt necesare \u00eembun\u0103t\u0103\u021biri ale infrastructurii rutiere pe partea ucrainean\u0103. Dac\u0103 se va \u00eent\u00e2mpla acest lucru, pasajul ar putea fi construit p\u00e2n\u0103 \u00een 2019.<\/p>\n<p>&nbsp;<\/p>\n<p>Ministrul Infrastructurii \u0219i Construc\u021biilor, Andrzej Adamczyk, care a discutat cu omologul s\u0103u ucrainean, Volodymyr Omelan, \u00eenainte de \u00eenceperea comisiei, a declarat c\u0103 discu\u021bia a vizat, printre altele, posibilitatea de a dezvolta transportul feroviar pe ruta Przemy\u015bl-Lviv.<\/p>\n<blockquote><p>-\u00a0<strong>Exist\u0103 o astfel de posibilitate de a realiza conexiunea f\u0103r\u0103 a translata boghiurile de cale ferat\u0103 (datorit\u0103 ampatamentului). Vom discuta acest lucru. Dorim s\u0103 corel\u0103m aceast\u0103 conexiune cu trenurile care vor merge spre interior de la Przemy\u015bl<\/strong>\u00a0- a ad\u0103ugat el.<\/p><\/blockquote>\n<p>Ministrul a precizat c\u0103 el \u0219i Omelan au convenit ca o echip\u0103 polono-ucrainean\u0103 s\u0103 \u00eenceap\u0103 la jum\u0103tatea lunii decembrie s\u0103 caute solu\u021bii \u00een domeniul transportului feroviar.<\/p>\n<p>Referindu-se la ideea de a lansa o conexiune Kiev-Wroc\u0142aw-Dresda-Paris, Adamczyk a subliniat c\u0103 mai \u00eent\u00e2i trebuie efectuate analize economice.<\/p>\n<blockquote><p>-\u00a0<strong>Aceast\u0103 problem\u0103 va fi discutat\u0103 de echipa polono-ucrainean\u0103 pe care o vom \u00eenfiin\u021ba \u00een decembrie. De asemenea, vom lua \u00een considerare posibilitatea ca leg\u0103tura Kiev-Przemy\u015bl s\u0103 fie cu ecartament larg, urm\u00e2nd ca leg\u0103turile de la Przemy\u015bl s\u0103 urmeze.<\/strong>\u00a0- a ad\u0103ugat \u0219eful Ministerului Infrastructurii.<\/p><\/blockquote>\n<p>La reuniunea comisiei au participat, de asemenea, reprezentan\u021bi ai comisiei pentru infrastructur\u0103 din cadrul Verkhovna Rada (Parlamentul Ucrainei).<\/p>\n<p><a href=\"https:\/\/marekkuchcinski.pl\/wp-content\/uploads\/2016\/11\/Zrzut-ekranu-2016-12-16-o-13.36.26.jpg\"><img fetchpriority=\"high\" decoding=\"async\" class=\"alignnone size-full wp-image-4885\" src=\"https:\/\/marekkuchcinski.pl\/wp-content\/uploads\/2016\/11\/Zrzut-ekranu-2016-12-16-o-13.36.26.jpg\" alt=\"zrzut-ekranu-2016-12-16-o-13-36-26\" width=\"1901\" height=\"1269\" srcset=\"https:\/\/marekkuchcinski.pl\/wp-content\/uploads\/2016\/11\/Zrzut-ekranu-2016-12-16-o-13.36.26.jpg 1901w, https:\/\/marekkuchcinski.pl\/wp-content\/uploads\/2016\/11\/Zrzut-ekranu-2016-12-16-o-13.36.26-300x200.jpg 300w, https:\/\/marekkuchcinski.pl\/wp-content\/uploads\/2016\/11\/Zrzut-ekranu-2016-12-16-o-13.36.26-768x513.jpg 768w, https:\/\/marekkuchcinski.pl\/wp-content\/uploads\/2016\/11\/Zrzut-ekranu-2016-12-16-o-13.36.26-1024x684.jpg 1024w\" sizes=\"(max-width: 1901px) 100vw, 1901px\" \/><\/a><\/p>\n<p><em><strong>PAP<\/strong><\/em><\/p>\n<\/div>\n<\/div>\n<div class=\"related\"><\/div>","protected":false},"excerpt":{"rendered":"<p>Z udzia\u0142em ministr\u00f3w infrastruktury Polski i Ukrainy oraz marsza\u0142ka Sejmu Marka Kuchci\u0144skiego odby\u0142o si\u0119 w Krasiczynie (Podkarpackie) wyjazdowe posiedzenie sejmowej komisji infrastruktury. Na spotkaniu rozmawiano m.in. o budowie przej\u015bcia granicznego Malhowice-Ni\u017cankowice. Marsza\u0142ek Sejmu Marek Kuchci\u0144ski zapewnia\u0142, \u017ce cieszy si\u0119 z inicjatywy wybudowania nowego przej\u015bcia granicznego z Ukrain\u0105. \u2013 Jest to sprawa, kt\u00f3ra powinna \u0142\u0105czy\u0107 ca\u0142\u0105 [&hellip;]<\/p>\n","protected":false},"author":6,"featured_media":4612,"comment_status":"open","ping_status":"open","sticky":false,"template":"","format":"standard","meta":{"ngg_post_thumbnail":0,"footnotes":""},"categories":[49,82,50,3],"tags":[],"class_list":["post-4611","post","type-post","status-publish","format-standard","has-post-thumbnail","hentry","category-podkarpacie","category-prawo-i-sprawiedliwosc","category-wspolpraca-miedzynarodowa","category-wydarzenia"],"_links":{"self":[{"href":"https:\/\/marekkuchcinski.pl\/ro\/wp-json\/wp\/v2\/posts\/4611","targetHints":{"allow":["GET"]}}],"collection":[{"href":"https:\/\/marekkuchcinski.pl\/ro\/wp-json\/wp\/v2\/posts"}],"about":[{"href":"https:\/\/marekkuchcinski.pl\/ro\/wp-json\/wp\/v2\/types\/post"}],"author":[{"embeddable":true,"href":"https:\/\/marekkuchcinski.pl\/ro\/wp-json\/wp\/v2\/users\/6"}],"replies":[{"embeddable":true,"href":"https:\/\/marekkuchcinski.pl\/ro\/wp-json\/wp\/v2\/comments?post=4611"}],"version-history":[{"count":4,"href":"https:\/\/marekkuchcinski.pl\/ro\/wp-json\/wp\/v2\/posts\/4611\/revisions"}],"predecessor-version":[{"id":4887,"href":"https:\/\/marekkuchcinski.pl\/ro\/wp-json\/wp\/v2\/posts\/4611\/revisions\/4887"}],"wp:featuredmedia":[{"embeddable":true,"href":"https:\/\/marekkuchcinski.pl\/ro\/wp-json\/wp\/v2\/media\/4612"}],"wp:attachment":[{"href":"https:\/\/marekkuchcinski.pl\/ro\/wp-json\/wp\/v2\/media?parent=4611"}],"wp:term":[{"taxonomy":"category","embeddable":true,"href":"https:\/\/marekkuchcinski.pl\/ro\/wp-json\/wp\/v2\/categories?post=4611"},{"taxonomy":"post_tag","embeddable":true,"href":"https:\/\/marekkuchcinski.pl\/ro\/wp-json\/wp\/v2\/tags?post=4611"}],"curies":[{"name":"wp","href":"https:\/\/api.w.org\/{rel}","templated":true}]}}