{"id":442,"date":"2014-02-27T18:08:34","date_gmt":"2014-02-27T17:08:34","guid":{"rendered":"https:\/\/marekkuchcinski.pl\/?p=442"},"modified":"2016-08-25T16:58:47","modified_gmt":"2016-08-25T14:58:47","slug":"2-zjazd-kongresu-prawa-i-sprawiedliwosci-w-warszawie-program-na-tu-i-na-teraz-dla-polski","status":"publish","type":"post","link":"https:\/\/marekkuchcinski.pl\/ro\/wydarzenia\/2-zjazd-kongresu-prawa-i-sprawiedliwosci-w-warszawie-program-na-tu-i-na-teraz-dla-polski\/","title":{"rendered":"Al 2-lea Congres de Drept \u0219i Justi\u021bie de la Var\u0219ovia.  Program \"pentru aici \u0219i acum\" pentru Polonia"},"content":{"rendered":"<p><img decoding=\"async\" class=\"alignleft size-full wp-image-441\" src=\"https:\/\/marekkuchcinski.pl\/wp-content\/uploads\/2014\/02\/article22714_9520.jpg\" width=\"160\" height=\"106\" alt=\"2. zjazd Kongresu Prawa i Sprawiedliwo\u015bci w Warszawie\" style=\"float: left;\" srcset=\"https:\/\/marekkuchcinski.pl\/wp-content\/uploads\/2014\/02\/article22714_9520.jpg 600w, https:\/\/marekkuchcinski.pl\/wp-content\/uploads\/2014\/02\/article22714_9520-300x198.jpg 300w\" sizes=\"(max-width: 160px) 100vw, 160px\" \/>S\u00e2mb\u0103t\u0103, 15 februarie, a avut loc cel de-al doilea congres al Congresului pentru Drept \u0219i Justi\u021bie la Sala de sport \u0219i divertisment Arena Ursyn\u00f3w din Var\u0219ovia. Au participat peste 1.100 de delega\u021bi \u0219i invita\u021bi. Scopul principal \u0219i fundamental al congresului a fost prezentarea noului program al partidului nostru, care a fost f\u0103cut\u0103 de pre\u0219edintele Lege \u0219i Justi\u021bie Jaros\u0142aw Kaczy\u0144ski.<\/p>\n<p>  <!--more-->  <\/p>\n<p>Programul \"Drept \u0219i justi\u021bie\" prezentat s-a bazat pe trei elemente de baz\u0103 <br \/> \u0219i funda\u021bii prioritare: s\u0103n\u0103tate, munc\u0103 \u0219i familie.  Pre\u0219edintele Jaros\u0142aw Kaczy\u0144ski l-a descris ca fiind un program \"pentru aici \u0219i acum\".  Programul descrie \u00een detaliu cele mai mari probleme cu care se confrunt\u0103 societatea polonez\u0103. Acesta a diagnosticat foarte concret sistemul care func\u021bioneaz\u0103 \u00een prezent sub conducerea lui Tusk \u0219i a Platformei Civice.&nbsp;<\/p>\n<p>Conceptul de \u00eembun\u0103t\u0103\u021bire a asisten\u021bei medicale pentru polonezi, bazat pe noul program, a fost prezentat de Jadwiga Wisniewska, deputat; aspecte legate de problema critic\u0103 a \u0219omajului \u00een Polonia de ast\u0103zi au fost prezentate de Beata Szyd\u0142o, vicepre\u0219edinte al partidului Lege \u0219i Justi\u021bie, iar aspecte legate de politica pro-familie de c\u0103tre Andrzej Duda, deputat.<\/p>\n<p>Programul se refer\u0103 \u00een mod clar \u0219i f\u0103r\u0103 echivoc la valorile fundamentale \u0219i de baz\u0103 pe care Partidul Lege \u0219i Justi\u021bie le urm\u0103re\u0219te \u00een mod consecvent ca partid conservator. Aceste valori sunt: libertate, na\u021biune, comunitate, stat eficient, solidaritate, unitate.<\/p>\n<p>Raison d'etat polonez\u0103 este ca Polonia s\u0103 fie o na\u021biune puternic\u0103 \u0219i m\u00e2ndr\u0103 \u00een Europa. Potrivit pre\u0219edintelui Lege \u0219i Justi\u021bie, \"polonezii s-au s\u0103turat de sistemul Tusk\", \"polonezii s-au s\u0103turat de arogan\u021ba puterii. Acest sistem este lipsit de empatie pentru omul obi\u0219nuit, pentru cet\u0103\u021beanul care este suprimat \u0219i nu este ascultat de autorit\u0103\u021bi, care este umilit de autorit\u0103\u021bi. Platforma Civic\u0103 a creat astfel un sistem care func\u021bioneaz\u0103 pe principiul distribuirii privilegiilor, promov\u0103rilor \u0219i posturilor pentru un anumit grup \u00eengust de interese, nu pentru stat, nu pentru popor. Ai o via\u021b\u0103 mai bun\u0103? - a \u00eentrebat Jaros\u0142aw Kaczy\u0144ski.<\/p>\n<p>Nu este un program pentru gloria puterii, nu este un program pentru t\u0103ierea de panglici, este un program pentru poporul polonez \u0219i familiile sale, este un program care va duce la locuri de munc\u0103, la o bun\u0103 asisten\u021b\u0103 medical\u0103, la pensii decente, este un program pentru poporul polonez pentru aici \u0219i acum, pentru ast\u0103zi \u0219i pentru m\u00e2ine. Acest program este o alternativ\u0103 real\u0103 pentru Polonia, cea mai bun\u0103 care a fost prezentat\u0103 ast\u0103zi. Acesta pledeaz\u0103 pentru schimb\u0103ri profunde, printre care eliminarea Fondului Na\u021bional de S\u0103n\u0103tate (FNS), s\u0103li de sport, reforma procuraturii \u0219i a sistemului judiciar, reducerea v\u00e2rstei de pensionare, apartamente de \u00eenchiriat cu posibilitatea de a le prelua. Obiectivul principal al programului, bazat pe trei piloni: s\u0103n\u0103tate, munc\u0103 \u0219i familie, este \u00een primul r\u00e2nd o politic\u0103 de dezvoltare a Poloniei, o dezvoltare durabil\u0103 a \u021b\u0103rii noastre.  \u00cen Polonia, dup\u0103 c\u0103derea comunismului, pentru prima dat\u0103 \u00een ultimii 25 de ani, a fost creat un program at\u00e2t de precis.<\/p>\n<p>La cel de-al doilea congres al Congresului Lege \u0219i Justi\u021bie au participat \u00een totalitate parlamentarii de Lege \u0219i Justi\u021bie din Podkarpacie, din raion: Przemy\u015bl - Krosno nr. 22, Rzesz\u00f3w - Tarnobrzeg nr. 23, condus\u0103 de vicepre\u0219edintele Sejm-ului Republicii Polone, Marek Kuchci\u0144ski, senatorii Republicii Polone Alicja Zaj\u0105c, Alicja Sagatowska, Andrzej Matusiewicz, Zdzis\u0142aw Pupa \u0219i deputa\u021bi: Piotr Babinetz, Bogdan Rzo\u0144ca, Stanis\u0142aw O\u017cog, Andrzej Szlachta, Stanis\u0142aw Piotrowicz, J\u00f3zefa Hrynkiewicz, Kazimierz Moskal, Jan Warzecha, Zbigniew Chmielowiec \u0219i Krzysztof Popio\u0142ek.<\/p>","protected":false},"excerpt":{"rendered":"<p>S\u00e2mb\u0103t\u0103, 15 februarie, a avut loc cel de-al doilea congres al Congresului pentru Drept \u0219i Justi\u021bie la Sala de sport \u0219i divertisment Arena Ursyn\u00f3w din Var\u0219ovia. Au participat peste 1.100 de delega\u021bi \u0219i invita\u021bi. Scopul principal \u0219i fundamental al congresului a fost prezentarea noului program al partidului nostru, care a fost f\u0103cut\u0103 de pre\u0219edintele Lege \u0219i Justi\u021bie Jaros\u0142aw Kaczy\u0144ski.<\/p>","protected":false},"author":6,"featured_media":441,"comment_status":"open","ping_status":"open","sticky":false,"template":"","format":"standard","meta":{"ngg_post_thumbnail":0,"footnotes":""},"categories":[3],"tags":[],"class_list":["post-442","post","type-post","status-publish","format-standard","has-post-thumbnail","hentry","category-wydarzenia"],"yoast_head":"<!-- This site is optimized with the Yoast SEO plugin v24.7 - https:\/\/yoast.com\/wordpress\/plugins\/seo\/ -->\n<title>2. zjazd Kongresu Prawa i Sprawiedliwo\u015bci w Warszawie. Program &quot;na tu i na teraz&quot; dla Polski &#8211; Marek Kuchci\u0144ski<\/title>\n<meta name=\"robots\" content=\"index, follow, max-snippet:-1, max-image-preview:large, max-video-preview:-1\" \/>\n<link rel=\"canonical\" href=\"https:\/\/marekkuchcinski.pl\/ro\/wydarzenia\/2-zjazd-kongresu-prawa-i-sprawiedliwosci-w-warszawie-program-na-tu-i-na-teraz-dla-polski\/\" \/>\n<meta property=\"og:locale\" content=\"ro_RO\" \/>\n<meta property=\"og:type\" content=\"article\" \/>\n<meta property=\"og:title\" content=\"2. zjazd Kongresu Prawa i Sprawiedliwo\u015bci w Warszawie. Program &quot;na tu i na teraz&quot; dla Polski &#8211; Marek Kuchci\u0144ski\" \/>\n<meta property=\"og:description\" content=\"W sobot\u0119, 15 lutego, w Hali Widowiskowo-Sportowej &#8222;Arena Ursyn\u00f3w&#8221; w Warszawie odby\u0142 si\u0119 2. zjazd Kongresu Prawa i Sprawiedliwo\u015bci. Zjawi\u0142o si\u0119 na nim ponad 1100 delegat\u00f3w i&nbsp;zaproszonych go\u015bci. G\u0142\u00f3wnym i fundamentalnym celem kongresu by\u0142a prezentacja nowego programu naszej partii, kt\u00f3rego dokona\u0142 prezes Prawa i Sprawiedliwo\u015bci Jaros\u0142aw Kaczy\u0144ski.\" \/>\n<meta property=\"og:url\" content=\"https:\/\/marekkuchcinski.pl\/ro\/wydarzenia\/2-zjazd-kongresu-prawa-i-sprawiedliwosci-w-warszawie-program-na-tu-i-na-teraz-dla-polski\/\" \/>\n<meta property=\"og:site_name\" content=\"Marek Kuchci\u0144ski\" \/>\n<meta property=\"article:published_time\" content=\"2014-02-27T17:08:34+00:00\" \/>\n<meta property=\"article:modified_time\" content=\"2016-08-25T14:58:47+00:00\" \/>\n<meta property=\"og:image\" content=\"https:\/\/marekkuchcinski.pl\/wp-content\/uploads\/2014\/02\/article22714_9520.jpg\" \/>\n\t<meta property=\"og:image:width\" content=\"600\" \/>\n\t<meta property=\"og:image:height\" content=\"396\" \/>\n\t<meta property=\"og:image:type\" content=\"image\/jpeg\" \/>\n<meta name=\"author\" content=\"admin\" \/>\n<meta name=\"twitter:card\" content=\"summary_large_image\" \/>\n<meta name=\"twitter:label1\" content=\"Scris de\" \/>\n\t<meta name=\"twitter:data1\" content=\"admin\" \/>\n\t<meta name=\"twitter:label2\" content=\"Timp estimat pentru citire\" \/>\n\t<meta name=\"twitter:data2\" content=\"3 minutes\" \/>\n<script type=\"application\/ld+json\" class=\"yoast-schema-graph\">{\"@context\":\"https:\/\/schema.org\",\"@graph\":[{\"@type\":\"Article\",\"@id\":\"https:\/\/marekkuchcinski.pl\/uk\/wydarzenia\/2-zjazd-kongresu-prawa-i-sprawiedliwosci-w-warszawie-program-na-tu-i-na-teraz-dla-polski\/#article\",\"isPartOf\":{\"@id\":\"https:\/\/marekkuchcinski.pl\/uk\/wydarzenia\/2-zjazd-kongresu-prawa-i-sprawiedliwosci-w-warszawie-program-na-tu-i-na-teraz-dla-polski\/\"},\"author\":{\"name\":\"admin\",\"@id\":\"https:\/\/marekkuchcinski.pl\/#\/schema\/person\/6f62700996b4d950b6ea2d1183b6c6be\"},\"headline\":\"2. zjazd Kongresu Prawa i Sprawiedliwo\u015bci w Warszawie. Program &#8222;na tu i na teraz&#8221; dla Polski\",\"datePublished\":\"2014-02-27T17:08:34+00:00\",\"dateModified\":\"2016-08-25T14:58:47+00:00\",\"mainEntityOfPage\":{\"@id\":\"https:\/\/marekkuchcinski.pl\/uk\/wydarzenia\/2-zjazd-kongresu-prawa-i-sprawiedliwosci-w-warszawie-program-na-tu-i-na-teraz-dla-polski\/\"},\"wordCount\":561,\"commentCount\":0,\"publisher\":{\"@id\":\"https:\/\/marekkuchcinski.pl\/#organization\"},\"image\":{\"@id\":\"https:\/\/marekkuchcinski.pl\/uk\/wydarzenia\/2-zjazd-kongresu-prawa-i-sprawiedliwosci-w-warszawie-program-na-tu-i-na-teraz-dla-polski\/#primaryimage\"},\"thumbnailUrl\":\"https:\/\/marekkuchcinski.pl\/wp-content\/uploads\/2014\/02\/article22714_9520.jpg\",\"articleSection\":[\"Wydarzenia\"],\"inLanguage\":\"ro-RO\",\"potentialAction\":[{\"@type\":\"CommentAction\",\"name\":\"Comment\",\"target\":[\"https:\/\/marekkuchcinski.pl\/uk\/wydarzenia\/2-zjazd-kongresu-prawa-i-sprawiedliwosci-w-warszawie-program-na-tu-i-na-teraz-dla-polski\/#respond\"]}]},{\"@type\":\"WebPage\",\"@id\":\"https:\/\/marekkuchcinski.pl\/uk\/wydarzenia\/2-zjazd-kongresu-prawa-i-sprawiedliwosci-w-warszawie-program-na-tu-i-na-teraz-dla-polski\/\",\"url\":\"https:\/\/marekkuchcinski.pl\/uk\/wydarzenia\/2-zjazd-kongresu-prawa-i-sprawiedliwosci-w-warszawie-program-na-tu-i-na-teraz-dla-polski\/\",\"name\":\"2. zjazd Kongresu Prawa i Sprawiedliwo\u015bci w Warszawie. Program \\\"na tu i na teraz\\\" dla Polski &#8211; Marek Kuchci\u0144ski\",\"isPartOf\":{\"@id\":\"https:\/\/marekkuchcinski.pl\/#website\"},\"primaryImageOfPage\":{\"@id\":\"https:\/\/marekkuchcinski.pl\/uk\/wydarzenia\/2-zjazd-kongresu-prawa-i-sprawiedliwosci-w-warszawie-program-na-tu-i-na-teraz-dla-polski\/#primaryimage\"},\"image\":{\"@id\":\"https:\/\/marekkuchcinski.pl\/uk\/wydarzenia\/2-zjazd-kongresu-prawa-i-sprawiedliwosci-w-warszawie-program-na-tu-i-na-teraz-dla-polski\/#primaryimage\"},\"thumbnailUrl\":\"https:\/\/marekkuchcinski.pl\/wp-content\/uploads\/2014\/02\/article22714_9520.jpg\",\"datePublished\":\"2014-02-27T17:08:34+00:00\",\"dateModified\":\"2016-08-25T14:58:47+00:00\",\"breadcrumb\":{\"@id\":\"https:\/\/marekkuchcinski.pl\/uk\/wydarzenia\/2-zjazd-kongresu-prawa-i-sprawiedliwosci-w-warszawie-program-na-tu-i-na-teraz-dla-polski\/#breadcrumb\"},\"inLanguage\":\"ro-RO\",\"potentialAction\":[{\"@type\":\"ReadAction\",\"target\":[\"https:\/\/marekkuchcinski.pl\/uk\/wydarzenia\/2-zjazd-kongresu-prawa-i-sprawiedliwosci-w-warszawie-program-na-tu-i-na-teraz-dla-polski\/\"]}]},{\"@type\":\"ImageObject\",\"inLanguage\":\"ro-RO\",\"@id\":\"https:\/\/marekkuchcinski.pl\/uk\/wydarzenia\/2-zjazd-kongresu-prawa-i-sprawiedliwosci-w-warszawie-program-na-tu-i-na-teraz-dla-polski\/#primaryimage\",\"url\":\"https:\/\/marekkuchcinski.pl\/wp-content\/uploads\/2014\/02\/article22714_9520.jpg\",\"contentUrl\":\"https:\/\/marekkuchcinski.pl\/wp-content\/uploads\/2014\/02\/article22714_9520.jpg\",\"width\":600,\"height\":396,\"caption\":\"2. zjazd Kongresu Prawa i Sprawiedliwo\u015bci w Warszawie\"},{\"@type\":\"BreadcrumbList\",\"@id\":\"https:\/\/marekkuchcinski.pl\/uk\/wydarzenia\/2-zjazd-kongresu-prawa-i-sprawiedliwosci-w-warszawie-program-na-tu-i-na-teraz-dla-polski\/#breadcrumb\",\"itemListElement\":[{\"@type\":\"ListItem\",\"position\":1,\"name\":\"Strona g\u0142\u00f3wna\",\"item\":\"https:\/\/marekkuchcinski.pl\/\"},{\"@type\":\"ListItem\",\"position\":2,\"name\":\"2. zjazd Kongresu Prawa i Sprawiedliwo\u015bci w Warszawie. Program &#8220;na tu i na teraz&#8221; dla Polski\"}]},{\"@type\":\"WebSite\",\"@id\":\"https:\/\/marekkuchcinski.pl\/#website\",\"url\":\"https:\/\/marekkuchcinski.pl\/\",\"name\":\"Marek Kuchci\u0144ski\",\"description\":\"Pose\u0142 na sejm RP &ndash; okr\u0119g nr 22\",\"publisher\":{\"@id\":\"https:\/\/marekkuchcinski.pl\/#organization\"},\"potentialAction\":[{\"@type\":\"SearchAction\",\"target\":{\"@type\":\"EntryPoint\",\"urlTemplate\":\"https:\/\/marekkuchcinski.pl\/?s={search_term_string}\"},\"query-input\":{\"@type\":\"PropertyValueSpecification\",\"valueRequired\":true,\"valueName\":\"search_term_string\"}}],\"inLanguage\":\"ro-RO\"},{\"@type\":\"Organization\",\"@id\":\"https:\/\/marekkuchcinski.pl\/#organization\",\"name\":\"Marek Kuchci\u0144ski\",\"url\":\"https:\/\/marekkuchcinski.pl\/\",\"logo\":{\"@type\":\"ImageObject\",\"inLanguage\":\"ro-RO\",\"@id\":\"https:\/\/marekkuchcinski.pl\/#\/schema\/logo\/image\/\",\"url\":\"https:\/\/marekkuchcinski.pl\/wp-content\/uploads\/2022\/09\/Marek.jpg\",\"contentUrl\":\"https:\/\/marekkuchcinski.pl\/wp-content\/uploads\/2022\/09\/Marek.jpg\",\"width\":1600,\"height\":971,\"caption\":\"Marek Kuchci\u0144ski\"},\"image\":{\"@id\":\"https:\/\/marekkuchcinski.pl\/#\/schema\/logo\/image\/\"}},{\"@type\":\"Person\",\"@id\":\"https:\/\/marekkuchcinski.pl\/#\/schema\/person\/6f62700996b4d950b6ea2d1183b6c6be\",\"name\":\"admin\",\"image\":{\"@type\":\"ImageObject\",\"inLanguage\":\"ro-RO\",\"@id\":\"https:\/\/marekkuchcinski.pl\/#\/schema\/person\/image\/\",\"url\":\"https:\/\/secure.gravatar.com\/avatar\/4bab693b9d55c3d6b52c0296a8765085?s=96&d=mm&r=g\",\"contentUrl\":\"https:\/\/secure.gravatar.com\/avatar\/4bab693b9d55c3d6b52c0296a8765085?s=96&d=mm&r=g\",\"caption\":\"admin\"},\"url\":\"https:\/\/marekkuchcinski.pl\/ro\/author\/marta-olejnik\/\"}]}<\/script>\n<!-- \/ Yoast SEO plugin. -->","yoast_head_json":{"title":"2. zjazd Kongresu Prawa i Sprawiedliwo\u015bci w Warszawie. Program \"na tu i na teraz\" dla Polski &#8211; Marek Kuchci\u0144ski","robots":{"index":"index","follow":"follow","max-snippet":"max-snippet:-1","max-image-preview":"max-image-preview:large","max-video-preview":"max-video-preview:-1"},"canonical":"https:\/\/marekkuchcinski.pl\/ro\/wydarzenia\/2-zjazd-kongresu-prawa-i-sprawiedliwosci-w-warszawie-program-na-tu-i-na-teraz-dla-polski\/","og_locale":"ro_RO","og_type":"article","og_title":"2. zjazd Kongresu Prawa i Sprawiedliwo\u015bci w Warszawie. Program \"na tu i na teraz\" dla Polski &#8211; Marek Kuchci\u0144ski","og_description":"W sobot\u0119, 15 lutego, w Hali Widowiskowo-Sportowej &#8222;Arena Ursyn\u00f3w&#8221; w Warszawie odby\u0142 si\u0119 2. zjazd Kongresu Prawa i Sprawiedliwo\u015bci. Zjawi\u0142o si\u0119 na nim ponad 1100 delegat\u00f3w i&nbsp;zaproszonych go\u015bci. G\u0142\u00f3wnym i fundamentalnym celem kongresu by\u0142a prezentacja nowego programu naszej partii, kt\u00f3rego dokona\u0142 prezes Prawa i Sprawiedliwo\u015bci Jaros\u0142aw Kaczy\u0144ski.","og_url":"https:\/\/marekkuchcinski.pl\/ro\/wydarzenia\/2-zjazd-kongresu-prawa-i-sprawiedliwosci-w-warszawie-program-na-tu-i-na-teraz-dla-polski\/","og_site_name":"Marek Kuchci\u0144ski","article_published_time":"2014-02-27T17:08:34+00:00","article_modified_time":"2016-08-25T14:58:47+00:00","og_image":[{"width":600,"height":396,"url":"https:\/\/marekkuchcinski.pl\/wp-content\/uploads\/2014\/02\/article22714_9520.jpg","type":"image\/jpeg"}],"author":"admin","twitter_card":"summary_large_image","twitter_misc":{"Scris de":"admin","Timp estimat pentru citire":"3 minutes"},"schema":{"@context":"https:\/\/schema.org","@graph":[{"@type":"Article","@id":"https:\/\/marekkuchcinski.pl\/uk\/wydarzenia\/2-zjazd-kongresu-prawa-i-sprawiedliwosci-w-warszawie-program-na-tu-i-na-teraz-dla-polski\/#article","isPartOf":{"@id":"https:\/\/marekkuchcinski.pl\/uk\/wydarzenia\/2-zjazd-kongresu-prawa-i-sprawiedliwosci-w-warszawie-program-na-tu-i-na-teraz-dla-polski\/"},"author":{"name":"admin","@id":"https:\/\/marekkuchcinski.pl\/#\/schema\/person\/6f62700996b4d950b6ea2d1183b6c6be"},"headline":"2. zjazd Kongresu Prawa i Sprawiedliwo\u015bci w Warszawie. Program &#8222;na tu i na teraz&#8221; dla Polski","datePublished":"2014-02-27T17:08:34+00:00","dateModified":"2016-08-25T14:58:47+00:00","mainEntityOfPage":{"@id":"https:\/\/marekkuchcinski.pl\/uk\/wydarzenia\/2-zjazd-kongresu-prawa-i-sprawiedliwosci-w-warszawie-program-na-tu-i-na-teraz-dla-polski\/"},"wordCount":561,"commentCount":0,"publisher":{"@id":"https:\/\/marekkuchcinski.pl\/#organization"},"image":{"@id":"https:\/\/marekkuchcinski.pl\/uk\/wydarzenia\/2-zjazd-kongresu-prawa-i-sprawiedliwosci-w-warszawie-program-na-tu-i-na-teraz-dla-polski\/#primaryimage"},"thumbnailUrl":"https:\/\/marekkuchcinski.pl\/wp-content\/uploads\/2014\/02\/article22714_9520.jpg","articleSection":["Wydarzenia"],"inLanguage":"ro-RO","potentialAction":[{"@type":"CommentAction","name":"Comment","target":["https:\/\/marekkuchcinski.pl\/uk\/wydarzenia\/2-zjazd-kongresu-prawa-i-sprawiedliwosci-w-warszawie-program-na-tu-i-na-teraz-dla-polski\/#respond"]}]},{"@type":"WebPage","@id":"https:\/\/marekkuchcinski.pl\/uk\/wydarzenia\/2-zjazd-kongresu-prawa-i-sprawiedliwosci-w-warszawie-program-na-tu-i-na-teraz-dla-polski\/","url":"https:\/\/marekkuchcinski.pl\/uk\/wydarzenia\/2-zjazd-kongresu-prawa-i-sprawiedliwosci-w-warszawie-program-na-tu-i-na-teraz-dla-polski\/","name":"2. zjazd Kongresu Prawa i Sprawiedliwo\u015bci w Warszawie. Program \"na tu i na teraz\" dla Polski &#8211; Marek Kuchci\u0144ski","isPartOf":{"@id":"https:\/\/marekkuchcinski.pl\/#website"},"primaryImageOfPage":{"@id":"https:\/\/marekkuchcinski.pl\/uk\/wydarzenia\/2-zjazd-kongresu-prawa-i-sprawiedliwosci-w-warszawie-program-na-tu-i-na-teraz-dla-polski\/#primaryimage"},"image":{"@id":"https:\/\/marekkuchcinski.pl\/uk\/wydarzenia\/2-zjazd-kongresu-prawa-i-sprawiedliwosci-w-warszawie-program-na-tu-i-na-teraz-dla-polski\/#primaryimage"},"thumbnailUrl":"https:\/\/marekkuchcinski.pl\/wp-content\/uploads\/2014\/02\/article22714_9520.jpg","datePublished":"2014-02-27T17:08:34+00:00","dateModified":"2016-08-25T14:58:47+00:00","breadcrumb":{"@id":"https:\/\/marekkuchcinski.pl\/uk\/wydarzenia\/2-zjazd-kongresu-prawa-i-sprawiedliwosci-w-warszawie-program-na-tu-i-na-teraz-dla-polski\/#breadcrumb"},"inLanguage":"ro-RO","potentialAction":[{"@type":"ReadAction","target":["https:\/\/marekkuchcinski.pl\/uk\/wydarzenia\/2-zjazd-kongresu-prawa-i-sprawiedliwosci-w-warszawie-program-na-tu-i-na-teraz-dla-polski\/"]}]},{"@type":"ImageObject","inLanguage":"ro-RO","@id":"https:\/\/marekkuchcinski.pl\/uk\/wydarzenia\/2-zjazd-kongresu-prawa-i-sprawiedliwosci-w-warszawie-program-na-tu-i-na-teraz-dla-polski\/#primaryimage","url":"https:\/\/marekkuchcinski.pl\/wp-content\/uploads\/2014\/02\/article22714_9520.jpg","contentUrl":"https:\/\/marekkuchcinski.pl\/wp-content\/uploads\/2014\/02\/article22714_9520.jpg","width":600,"height":396,"caption":"2. zjazd Kongresu Prawa i Sprawiedliwo\u015bci w Warszawie"},{"@type":"BreadcrumbList","@id":"https:\/\/marekkuchcinski.pl\/uk\/wydarzenia\/2-zjazd-kongresu-prawa-i-sprawiedliwosci-w-warszawie-program-na-tu-i-na-teraz-dla-polski\/#breadcrumb","itemListElement":[{"@type":"ListItem","position":1,"name":"Strona g\u0142\u00f3wna","item":"https:\/\/marekkuchcinski.pl\/"},{"@type":"ListItem","position":2,"name":"2. zjazd Kongresu Prawa i Sprawiedliwo\u015bci w Warszawie. Program &#8220;na tu i na teraz&#8221; dla Polski"}]},{"@type":"WebSite","@id":"https:\/\/marekkuchcinski.pl\/#website","url":"https:\/\/marekkuchcinski.pl\/","name":"Marek Kuchci\u0144ski","description":"Pose\u0142 na sejm RP &ndash; okr\u0119g nr 22","publisher":{"@id":"https:\/\/marekkuchcinski.pl\/#organization"},"potentialAction":[{"@type":"SearchAction","target":{"@type":"EntryPoint","urlTemplate":"https:\/\/marekkuchcinski.pl\/?s={search_term_string}"},"query-input":{"@type":"PropertyValueSpecification","valueRequired":true,"valueName":"search_term_string"}}],"inLanguage":"ro-RO"},{"@type":"Organization","@id":"https:\/\/marekkuchcinski.pl\/#organization","name":"Marek Kuchci\u0144ski","url":"https:\/\/marekkuchcinski.pl\/","logo":{"@type":"ImageObject","inLanguage":"ro-RO","@id":"https:\/\/marekkuchcinski.pl\/#\/schema\/logo\/image\/","url":"https:\/\/marekkuchcinski.pl\/wp-content\/uploads\/2022\/09\/Marek.jpg","contentUrl":"https:\/\/marekkuchcinski.pl\/wp-content\/uploads\/2022\/09\/Marek.jpg","width":1600,"height":971,"caption":"Marek Kuchci\u0144ski"},"image":{"@id":"https:\/\/marekkuchcinski.pl\/#\/schema\/logo\/image\/"}},{"@type":"Person","@id":"https:\/\/marekkuchcinski.pl\/#\/schema\/person\/6f62700996b4d950b6ea2d1183b6c6be","name":"admin","image":{"@type":"ImageObject","inLanguage":"ro-RO","@id":"https:\/\/marekkuchcinski.pl\/#\/schema\/person\/image\/","url":"https:\/\/secure.gravatar.com\/avatar\/4bab693b9d55c3d6b52c0296a8765085?s=96&d=mm&r=g","contentUrl":"https:\/\/secure.gravatar.com\/avatar\/4bab693b9d55c3d6b52c0296a8765085?s=96&d=mm&r=g","caption":"admin"},"url":"https:\/\/marekkuchcinski.pl\/ro\/author\/marta-olejnik\/"}]}},"_links":{"self":[{"href":"https:\/\/marekkuchcinski.pl\/ro\/wp-json\/wp\/v2\/posts\/442","targetHints":{"allow":["GET"]}}],"collection":[{"href":"https:\/\/marekkuchcinski.pl\/ro\/wp-json\/wp\/v2\/posts"}],"about":[{"href":"https:\/\/marekkuchcinski.pl\/ro\/wp-json\/wp\/v2\/types\/post"}],"author":[{"embeddable":true,"href":"https:\/\/marekkuchcinski.pl\/ro\/wp-json\/wp\/v2\/users\/6"}],"replies":[{"embeddable":true,"href":"https:\/\/marekkuchcinski.pl\/ro\/wp-json\/wp\/v2\/comments?post=442"}],"version-history":[{"count":1,"href":"https:\/\/marekkuchcinski.pl\/ro\/wp-json\/wp\/v2\/posts\/442\/revisions"}],"predecessor-version":[{"id":1436,"href":"https:\/\/marekkuchcinski.pl\/ro\/wp-json\/wp\/v2\/posts\/442\/revisions\/1436"}],"wp:featuredmedia":[{"embeddable":true,"href":"https:\/\/marekkuchcinski.pl\/ro\/wp-json\/wp\/v2\/media\/441"}],"wp:attachment":[{"href":"https:\/\/marekkuchcinski.pl\/ro\/wp-json\/wp\/v2\/media?parent=442"}],"wp:term":[{"taxonomy":"category","embeddable":true,"href":"https:\/\/marekkuchcinski.pl\/ro\/wp-json\/wp\/v2\/categories?post=442"},{"taxonomy":"post_tag","embeddable":true,"href":"https:\/\/marekkuchcinski.pl\/ro\/wp-json\/wp\/v2\/tags?post=442"}],"curies":[{"name":"wp","href":"https:\/\/api.w.org\/{rel}","templated":true}]}}