{"id":4414,"date":"2016-11-08T21:30:38","date_gmt":"2016-11-08T20:30:38","guid":{"rendered":"https:\/\/marekkuchcinski.pl\/?p=4414"},"modified":"2019-03-23T08:22:56","modified_gmt":"2019-03-23T07:22:56","slug":"marszalek-sejmu-wzial-udzial-odslonieciu-pomnika-laweczki-henryka-slawika-jozsefa-antalla","status":"publish","type":"post","link":"https:\/\/marekkuchcinski.pl\/ro\/wydarzenia\/marszalek-sejmu-wzial-udzial-odslonieciu-pomnika-laweczki-henryka-slawika-jozsefa-antalla\/","title":{"rendered":"Pre\u0219edintele Sejm-ului a participat la dezvelirea monumentului \"Bancul lui Henryk S\u0142awik \u0219i J\u00f3zsef Antall"},"content":{"rendered":"<p><strong>\u00cen Valea Elve\u021biei din Var\u0219ovia, a fost dezvelit un monument \u00een memoria unui polonez \u0219i a unui maghiar care, lucr\u00e2nd \u00eempreun\u0103 \u00een timpul celui de-al Doilea R\u0103zboi Mondial, au salvat un om de \u0219tiin\u021b\u0103. <\/strong>\u00a0<strong>30.000 de persoane, inclusiv 5.000 de evrei polonezi.<\/strong><\/p>\n<p>- Se spune c\u0103 nimic nu atrage mai mult imagina\u021bia uman\u0103 dec\u00e2t o piatr\u0103 rece sau dou\u0103 buc\u0103\u021bi de bronz... Acest lucru este adev\u0103rat, at\u00e2ta timp c\u00e2t \u00een spatele acestor compara\u021bii se afl\u0103 oameni \u0219i valori reale\", a declarat Marek Kuchci\u0144ski, pre\u0219edintele Sejm-ului, \u00een timpul ceremoniei.<\/p>\n<p>\u00cen noiembrie 1939, Henryk S\u0142awik, cu ajutorul lui J\u00f3zsef Antall, a organizat Comitetul civic pentru \u00eengrijirea refugia\u021bilor polonezi din Ungaria. \u00cempreun\u0103 cu colaboratorii s\u0103i, cu Nun\u021biatura Vaticanului \u0219i cu Biserica Catolic\u0103, au oferit ajutor umanitar, munc\u0103 pentru adul\u021bi \u0219i educa\u021bie pentru copiii refugia\u021bilor polonezi. F\u0103r\u0103 implicarea lor, mii de polonezi nu ar fi ajuns niciodat\u0103 \u00een armata lui Sikorski din Fran\u021ba sau \u00een for\u021bele aeriene ale Regatului Unit, pentru a lupta acolo \u0219i chiar pentru a-\u0219i da via\u021ba \u00een numele libert\u0103\u021bii, independen\u021bei \u0219i democra\u021biei.<\/p>\n<p>\u00cen 1944.  S\u0142awik \u0219i Antall au fost aresta\u021bi de Gestapo. S\u0142awik, torturat \u0219i b\u0103tut, nu \u0219i-a tr\u0103dat prietenul, salv\u00e2ndu-i astfel via\u021ba. Henryk S\u0142awik a fost condamnat ani de zile la uitare, lucru subliniat de mare\u0219alul Kuchci\u0144ski atunci c\u00e2nd a mul\u021bumit pentru \"readucerea \u00een memorie, \u00een realitate a celor uita\u021bi p\u00e2n\u0103 de cur\u00e2nd\". Doar \u00een 2010. Henryk S\u0142awik a fost decorat cu Ordinul Vulturul Alb de c\u0103tre pre\u0219edintele Lech Kaczy\u0144ski.<\/p>\n<p>Construirea monumentului a fost ini\u021biat\u0103 de Grzegorz \u0141ubczyk, fost ambasador al Poloniei \u00een Ungaria \u0219i vicepre\u0219edinte al Asocia\u021biei pentru Memorie \u0219i Munc\u0103 Henryk S\u0142awik. Monumentul a primit patronajul onorific al pre\u0219edintelui Republicii Polone, Andrzej Duda. La ceremonie au participat Marek Kuchci\u0144ski, Mare\u0219alul Sejm-ului, Marek Kuchci\u0144ski, Mare\u0219alii adjunc\u021bi ai Senatului Maria Koc \u0219i Adam Bielan, ministrul Culturii \u0219i Patrimoniului Na\u021bional Piotr Gli\u0144ski, ambasadorul Ungariei Ivan Gyurcsik, Arhiepiscopul Mitropolit de Var\u0219ovia, Cardinalul Kazimierz Nycz, Marele Rabin al Poloniei Michael Schudrich, veterani \u0219i membri ai familiilor lui S\u0142awik \u0219i Antall, precum \u0219i delega\u021bia autorit\u0103\u021bilor din Budapesta, unde va fi ridicat un monument geam\u0103n.<\/p>\n<p>Dezvelirea monumentului a fost precedat\u0103 de o slujb\u0103 la Bazilica Arhiepiscopal\u0103 din Var\u0219ovia, prezidat\u0103 de Arhiepiscopul Mitropolit de Var\u0219ovia, Cardinalul Kazimierz Nycz.<\/p>\n<p><em>text\/fotografii de Marta Olejnik<\/em><\/p>\n<p><a href=\"https:\/\/marekkuchcinski.pl\/wp-content\/uploads\/2016\/11\/DSCF7310-1.jpg\"><img fetchpriority=\"high\" decoding=\"async\" class=\"alignnone size-full wp-image-4416\" src=\"https:\/\/marekkuchcinski.pl\/wp-content\/uploads\/2016\/11\/DSCF7310-1.jpg\" alt=\"dscf7310\" width=\"4896\" height=\"2760\" srcset=\"https:\/\/marekkuchcinski.pl\/wp-content\/uploads\/2016\/11\/DSCF7310-1.jpg 2048w, https:\/\/marekkuchcinski.pl\/wp-content\/uploads\/2016\/11\/DSCF7310-1-300x169.jpg 300w, https:\/\/marekkuchcinski.pl\/wp-content\/uploads\/2016\/11\/DSCF7310-1-768x433.jpg 768w, https:\/\/marekkuchcinski.pl\/wp-content\/uploads\/2016\/11\/DSCF7310-1-1024x577.jpg 1024w\" sizes=\"(max-width: 4896px) 100vw, 4896px\" \/><\/a><a href=\"https:\/\/marekkuchcinski.pl\/wp-content\/uploads\/2016\/11\/Cwwar0kWIAAKCyx.jpg\"><img decoding=\"async\" class=\"alignnone size-full wp-image-4417\" src=\"https:\/\/marekkuchcinski.pl\/wp-content\/uploads\/2016\/11\/Cwwar0kWIAAKCyx.jpg\" alt=\"cwwar0kwiaakcyx\" width=\"1200\" height=\"869\" srcset=\"https:\/\/marekkuchcinski.pl\/wp-content\/uploads\/2016\/11\/Cwwar0kWIAAKCyx.jpg 1200w, https:\/\/marekkuchcinski.pl\/wp-content\/uploads\/2016\/11\/Cwwar0kWIAAKCyx-300x217.jpg 300w, https:\/\/marekkuchcinski.pl\/wp-content\/uploads\/2016\/11\/Cwwar0kWIAAKCyx-768x556.jpg 768w, https:\/\/marekkuchcinski.pl\/wp-content\/uploads\/2016\/11\/Cwwar0kWIAAKCyx-1024x742.jpg 1024w\" sizes=\"(max-width: 1200px) 100vw, 1200px\" \/><\/a><a href=\"https:\/\/marekkuchcinski.pl\/wp-content\/uploads\/2016\/11\/DSCF7309.jpg\"><img decoding=\"async\" class=\"alignnone size-full wp-image-4418\" src=\"https:\/\/marekkuchcinski.pl\/wp-content\/uploads\/2016\/11\/DSCF7309.jpg\" alt=\"dscf7309\" width=\"3230\" height=\"2155\" srcset=\"https:\/\/marekkuchcinski.pl\/wp-content\/uploads\/2016\/11\/DSCF7309.jpg 2048w, https:\/\/marekkuchcinski.pl\/wp-content\/uploads\/2016\/11\/DSCF7309-300x200.jpg 300w, https:\/\/marekkuchcinski.pl\/wp-content\/uploads\/2016\/11\/DSCF7309-768x512.jpg 768w, https:\/\/marekkuchcinski.pl\/wp-content\/uploads\/2016\/11\/DSCF7309-1024x683.jpg 1024w\" sizes=\"(max-width: 3230px) 100vw, 3230px\" \/><\/a><a href=\"https:\/\/marekkuchcinski.pl\/wp-content\/uploads\/2016\/11\/DSCF7320-001.jpg\"><img loading=\"lazy\" decoding=\"async\" class=\"alignnone size-full wp-image-4441\" src=\"https:\/\/marekkuchcinski.pl\/wp-content\/uploads\/2016\/11\/DSCF7320-001.jpg\" alt=\"dscf7320-001\" width=\"4800\" height=\"2760\" srcset=\"https:\/\/marekkuchcinski.pl\/wp-content\/uploads\/2016\/11\/DSCF7320-001.jpg 2048w, https:\/\/marekkuchcinski.pl\/wp-content\/uploads\/2016\/11\/DSCF7320-001-300x173.jpg 300w, https:\/\/marekkuchcinski.pl\/wp-content\/uploads\/2016\/11\/DSCF7320-001-768x442.jpg 768w, https:\/\/marekkuchcinski.pl\/wp-content\/uploads\/2016\/11\/DSCF7320-001-1024x589.jpg 1024w\" sizes=\"(max-width: 4800px) 100vw, 4800px\" \/><\/a><\/p>\n<p><a href=\"https:\/\/marekkuchcinski.pl\/wp-content\/uploads\/2016\/11\/1-DSCF7260.jpg\"><img loading=\"lazy\" decoding=\"async\" class=\"alignnone size-full wp-image-4448\" src=\"https:\/\/marekkuchcinski.pl\/wp-content\/uploads\/2016\/11\/1-DSCF7260.jpg\" alt=\"1-dscf7260\" width=\"3549\" height=\"2373\" srcset=\"https:\/\/marekkuchcinski.pl\/wp-content\/uploads\/2016\/11\/1-DSCF7260.jpg 2048w, https:\/\/marekkuchcinski.pl\/wp-content\/uploads\/2016\/11\/1-DSCF7260-300x201.jpg 300w, https:\/\/marekkuchcinski.pl\/wp-content\/uploads\/2016\/11\/1-DSCF7260-768x514.jpg 768w, https:\/\/marekkuchcinski.pl\/wp-content\/uploads\/2016\/11\/1-DSCF7260-1024x685.jpg 1024w\" sizes=\"(max-width: 3549px) 100vw, 3549px\" \/><\/a><a href=\"https:\/\/marekkuchcinski.pl\/wp-content\/uploads\/2016\/11\/1-DSCF7174.jpg\"><img loading=\"lazy\" decoding=\"async\" class=\"alignnone size-full wp-image-4449\" src=\"https:\/\/marekkuchcinski.pl\/wp-content\/uploads\/2016\/11\/1-DSCF7174.jpg\" alt=\"1-dscf7174\" width=\"2509\" height=\"1678\" srcset=\"https:\/\/marekkuchcinski.pl\/wp-content\/uploads\/2016\/11\/1-DSCF7174.jpg 2048w, https:\/\/marekkuchcinski.pl\/wp-content\/uploads\/2016\/11\/1-DSCF7174-300x201.jpg 300w, https:\/\/marekkuchcinski.pl\/wp-content\/uploads\/2016\/11\/1-DSCF7174-768x514.jpg 768w, https:\/\/marekkuchcinski.pl\/wp-content\/uploads\/2016\/11\/1-DSCF7174-1024x685.jpg 1024w\" sizes=\"(max-width: 2509px) 100vw, 2509px\" \/><\/a><a href=\"https:\/\/marekkuchcinski.pl\/wp-content\/uploads\/2016\/11\/1-DSCF7266.jpg\"><img loading=\"lazy\" decoding=\"async\" class=\"alignnone size-full wp-image-4450\" src=\"https:\/\/marekkuchcinski.pl\/wp-content\/uploads\/2016\/11\/1-DSCF7266.jpg\" alt=\"1-dscf7266\" width=\"3336\" height=\"2351\" srcset=\"https:\/\/marekkuchcinski.pl\/wp-content\/uploads\/2016\/11\/1-DSCF7266.jpg 2048w, https:\/\/marekkuchcinski.pl\/wp-content\/uploads\/2016\/11\/1-DSCF7266-300x211.jpg 300w, https:\/\/marekkuchcinski.pl\/wp-content\/uploads\/2016\/11\/1-DSCF7266-768x541.jpg 768w, https:\/\/marekkuchcinski.pl\/wp-content\/uploads\/2016\/11\/1-DSCF7266-1024x722.jpg 1024w\" sizes=\"(max-width: 3336px) 100vw, 3336px\" \/><\/a><\/p>\n<p>&nbsp;<\/p>","protected":false},"excerpt":{"rendered":"<p>W Dolinie Szwajcarskiej w Warszawie ods\u0142oni\u0119to pomnik Polaka i W\u0119gra, kt\u00f3rzy wsp\u00f3\u0142pracuj\u0105c w czasie II wojny, uratowali \u00a030 tys. os\u00f3b, w tym 5 tys. polskich \u017byd\u00f3w. \u2013 M\u00f3wi si\u0119, \u017ce nic tak nie przemawia do ludzkiej wyobra\u017ani jak ch\u0142odny kamie\u0144 czy dwie bry\u0142y br\u0105zu\u2026To prawda, o ile za tymi por\u00f3wnaniami stoj\u0105 prawdziwi ludzie i prawdziwe [&hellip;]<\/p>","protected":false},"author":6,"featured_media":4415,"comment_status":"open","ping_status":"open","sticky":false,"template":"","format":"standard","meta":{"ngg_post_thumbnail":0,"footnotes":""},"categories":[50,3],"tags":[],"class_list":["post-4414","post","type-post","status-publish","format-standard","has-post-thumbnail","hentry","category-wspolpraca-miedzynarodowa","category-wydarzenia"],"yoast_head":"<!-- This site is optimized with the Yoast SEO plugin v24.7 - https:\/\/yoast.com\/wordpress\/plugins\/seo\/ -->\n<title>Marsza\u0142ek Sejmu wzi\u0105\u0142 udzia\u0142 w ods\u0142oni\u0119ciu pomnika \u201e\u0141aweczki\u201d Henryka S\u0142awika i J\u00f3zsefa Antalla &#8211; Marek Kuchci\u0144ski<\/title>\n<meta name=\"robots\" content=\"index, follow, max-snippet:-1, max-image-preview:large, max-video-preview:-1\" \/>\n<link rel=\"canonical\" href=\"https:\/\/marekkuchcinski.pl\/ro\/wydarzenia\/marszalek-sejmu-wzial-udzial-odslonieciu-pomnika-laweczki-henryka-slawika-jozsefa-antalla\/\" \/>\n<meta property=\"og:locale\" content=\"ro_RO\" \/>\n<meta property=\"og:type\" content=\"article\" \/>\n<meta property=\"og:title\" content=\"Marsza\u0142ek Sejmu wzi\u0105\u0142 udzia\u0142 w ods\u0142oni\u0119ciu pomnika \u201e\u0141aweczki\u201d Henryka S\u0142awika i J\u00f3zsefa Antalla &#8211; Marek Kuchci\u0144ski\" \/>\n<meta property=\"og:description\" content=\"W Dolinie Szwajcarskiej w Warszawie ods\u0142oni\u0119to pomnik Polaka i W\u0119gra, kt\u00f3rzy wsp\u00f3\u0142pracuj\u0105c w czasie II wojny, uratowali \u00a030 tys. os\u00f3b, w tym 5 tys. polskich \u017byd\u00f3w. \u2013 M\u00f3wi si\u0119, \u017ce nic tak nie przemawia do ludzkiej wyobra\u017ani jak ch\u0142odny kamie\u0144 czy dwie bry\u0142y br\u0105zu\u2026To prawda, o ile za tymi por\u00f3wnaniami stoj\u0105 prawdziwi ludzie i prawdziwe [&hellip;]\" \/>\n<meta property=\"og:url\" content=\"https:\/\/marekkuchcinski.pl\/ro\/wydarzenia\/marszalek-sejmu-wzial-udzial-odslonieciu-pomnika-laweczki-henryka-slawika-jozsefa-antalla\/\" \/>\n<meta property=\"og:site_name\" content=\"Marek Kuchci\u0144ski\" \/>\n<meta property=\"article:published_time\" content=\"2016-11-08T20:30:38+00:00\" \/>\n<meta property=\"article:modified_time\" content=\"2019-03-23T07:22:56+00:00\" \/>\n<meta property=\"og:image\" content=\"https:\/\/marekkuchcinski.pl\/wp-content\/uploads\/2016\/11\/DSCF7310.jpg\" \/>\n\t<meta property=\"og:image:width\" content=\"2048\" \/>\n\t<meta property=\"og:image:height\" content=\"1155\" \/>\n\t<meta property=\"og:image:type\" content=\"image\/jpeg\" \/>\n<meta name=\"author\" content=\"admin\" \/>\n<meta name=\"twitter:card\" content=\"summary_large_image\" \/>\n<meta name=\"twitter:label1\" content=\"Scris de\" \/>\n\t<meta name=\"twitter:data1\" content=\"admin\" \/>\n\t<meta name=\"twitter:label2\" content=\"Timp estimat pentru citire\" \/>\n\t<meta name=\"twitter:data2\" content=\"2 minutes\" \/>\n<script type=\"application\/ld+json\" class=\"yoast-schema-graph\">{\"@context\":\"https:\/\/schema.org\",\"@graph\":[{\"@type\":\"Article\",\"@id\":\"https:\/\/marekkuchcinski.pl\/wydarzenia\/marszalek-sejmu-wzial-udzial-odslonieciu-pomnika-laweczki-henryka-slawika-jozsefa-antalla\/#article\",\"isPartOf\":{\"@id\":\"https:\/\/marekkuchcinski.pl\/wydarzenia\/marszalek-sejmu-wzial-udzial-odslonieciu-pomnika-laweczki-henryka-slawika-jozsefa-antalla\/\"},\"author\":{\"name\":\"admin\",\"@id\":\"https:\/\/marekkuchcinski.pl\/#\/schema\/person\/6f62700996b4d950b6ea2d1183b6c6be\"},\"headline\":\"Marsza\u0142ek Sejmu wzi\u0105\u0142 udzia\u0142 w ods\u0142oni\u0119ciu pomnika \u201e\u0141aweczki\u201d Henryka S\u0142awika i J\u00f3zsefa Antalla\",\"datePublished\":\"2016-11-08T20:30:38+00:00\",\"dateModified\":\"2019-03-23T07:22:56+00:00\",\"mainEntityOfPage\":{\"@id\":\"https:\/\/marekkuchcinski.pl\/wydarzenia\/marszalek-sejmu-wzial-udzial-odslonieciu-pomnika-laweczki-henryka-slawika-jozsefa-antalla\/\"},\"wordCount\":378,\"commentCount\":0,\"publisher\":{\"@id\":\"https:\/\/marekkuchcinski.pl\/#organization\"},\"image\":{\"@id\":\"https:\/\/marekkuchcinski.pl\/wydarzenia\/marszalek-sejmu-wzial-udzial-odslonieciu-pomnika-laweczki-henryka-slawika-jozsefa-antalla\/#primaryimage\"},\"thumbnailUrl\":\"https:\/\/marekkuchcinski.pl\/wp-content\/uploads\/2016\/11\/DSCF7310.jpg\",\"articleSection\":[\"Wsp\u00f3\u0142praca mi\u0119dzynarodowa\",\"Wydarzenia\"],\"inLanguage\":\"ro-RO\",\"potentialAction\":[{\"@type\":\"CommentAction\",\"name\":\"Comment\",\"target\":[\"https:\/\/marekkuchcinski.pl\/wydarzenia\/marszalek-sejmu-wzial-udzial-odslonieciu-pomnika-laweczki-henryka-slawika-jozsefa-antalla\/#respond\"]}]},{\"@type\":\"WebPage\",\"@id\":\"https:\/\/marekkuchcinski.pl\/wydarzenia\/marszalek-sejmu-wzial-udzial-odslonieciu-pomnika-laweczki-henryka-slawika-jozsefa-antalla\/\",\"url\":\"https:\/\/marekkuchcinski.pl\/wydarzenia\/marszalek-sejmu-wzial-udzial-odslonieciu-pomnika-laweczki-henryka-slawika-jozsefa-antalla\/\",\"name\":\"Marsza\u0142ek Sejmu wzi\u0105\u0142 udzia\u0142 w ods\u0142oni\u0119ciu pomnika \u201e\u0141aweczki\u201d Henryka S\u0142awika i J\u00f3zsefa Antalla &#8211; Marek Kuchci\u0144ski\",\"isPartOf\":{\"@id\":\"https:\/\/marekkuchcinski.pl\/#website\"},\"primaryImageOfPage\":{\"@id\":\"https:\/\/marekkuchcinski.pl\/wydarzenia\/marszalek-sejmu-wzial-udzial-odslonieciu-pomnika-laweczki-henryka-slawika-jozsefa-antalla\/#primaryimage\"},\"image\":{\"@id\":\"https:\/\/marekkuchcinski.pl\/wydarzenia\/marszalek-sejmu-wzial-udzial-odslonieciu-pomnika-laweczki-henryka-slawika-jozsefa-antalla\/#primaryimage\"},\"thumbnailUrl\":\"https:\/\/marekkuchcinski.pl\/wp-content\/uploads\/2016\/11\/DSCF7310.jpg\",\"datePublished\":\"2016-11-08T20:30:38+00:00\",\"dateModified\":\"2019-03-23T07:22:56+00:00\",\"breadcrumb\":{\"@id\":\"https:\/\/marekkuchcinski.pl\/wydarzenia\/marszalek-sejmu-wzial-udzial-odslonieciu-pomnika-laweczki-henryka-slawika-jozsefa-antalla\/#breadcrumb\"},\"inLanguage\":\"ro-RO\",\"potentialAction\":[{\"@type\":\"ReadAction\",\"target\":[\"https:\/\/marekkuchcinski.pl\/wydarzenia\/marszalek-sejmu-wzial-udzial-odslonieciu-pomnika-laweczki-henryka-slawika-jozsefa-antalla\/\"]}]},{\"@type\":\"ImageObject\",\"inLanguage\":\"ro-RO\",\"@id\":\"https:\/\/marekkuchcinski.pl\/wydarzenia\/marszalek-sejmu-wzial-udzial-odslonieciu-pomnika-laweczki-henryka-slawika-jozsefa-antalla\/#primaryimage\",\"url\":\"https:\/\/marekkuchcinski.pl\/wp-content\/uploads\/2016\/11\/DSCF7310.jpg\",\"contentUrl\":\"https:\/\/marekkuchcinski.pl\/wp-content\/uploads\/2016\/11\/DSCF7310.jpg\",\"width\":2048,\"height\":1155},{\"@type\":\"BreadcrumbList\",\"@id\":\"https:\/\/marekkuchcinski.pl\/wydarzenia\/marszalek-sejmu-wzial-udzial-odslonieciu-pomnika-laweczki-henryka-slawika-jozsefa-antalla\/#breadcrumb\",\"itemListElement\":[{\"@type\":\"ListItem\",\"position\":1,\"name\":\"Strona g\u0142\u00f3wna\",\"item\":\"https:\/\/marekkuchcinski.pl\/\"},{\"@type\":\"ListItem\",\"position\":2,\"name\":\"Marsza\u0142ek Sejmu wzi\u0105\u0142 udzia\u0142 w ods\u0142oni\u0119ciu pomnika \u201e\u0141aweczki\u201d Henryka S\u0142awika i J\u00f3zsefa Antalla\"}]},{\"@type\":\"WebSite\",\"@id\":\"https:\/\/marekkuchcinski.pl\/#website\",\"url\":\"https:\/\/marekkuchcinski.pl\/\",\"name\":\"Marek Kuchci\u0144ski\",\"description\":\"Pose\u0142 na sejm RP &ndash; okr\u0119g nr 22\",\"publisher\":{\"@id\":\"https:\/\/marekkuchcinski.pl\/#organization\"},\"potentialAction\":[{\"@type\":\"SearchAction\",\"target\":{\"@type\":\"EntryPoint\",\"urlTemplate\":\"https:\/\/marekkuchcinski.pl\/?s={search_term_string}\"},\"query-input\":{\"@type\":\"PropertyValueSpecification\",\"valueRequired\":true,\"valueName\":\"search_term_string\"}}],\"inLanguage\":\"ro-RO\"},{\"@type\":\"Organization\",\"@id\":\"https:\/\/marekkuchcinski.pl\/#organization\",\"name\":\"Marek Kuchci\u0144ski\",\"url\":\"https:\/\/marekkuchcinski.pl\/\",\"logo\":{\"@type\":\"ImageObject\",\"inLanguage\":\"ro-RO\",\"@id\":\"https:\/\/marekkuchcinski.pl\/#\/schema\/logo\/image\/\",\"url\":\"https:\/\/marekkuchcinski.pl\/wp-content\/uploads\/2022\/09\/Marek.jpg\",\"contentUrl\":\"https:\/\/marekkuchcinski.pl\/wp-content\/uploads\/2022\/09\/Marek.jpg\",\"width\":1600,\"height\":971,\"caption\":\"Marek Kuchci\u0144ski\"},\"image\":{\"@id\":\"https:\/\/marekkuchcinski.pl\/#\/schema\/logo\/image\/\"}},{\"@type\":\"Person\",\"@id\":\"https:\/\/marekkuchcinski.pl\/#\/schema\/person\/6f62700996b4d950b6ea2d1183b6c6be\",\"name\":\"admin\",\"image\":{\"@type\":\"ImageObject\",\"inLanguage\":\"ro-RO\",\"@id\":\"https:\/\/marekkuchcinski.pl\/#\/schema\/person\/image\/\",\"url\":\"https:\/\/secure.gravatar.com\/avatar\/4bab693b9d55c3d6b52c0296a8765085?s=96&d=mm&r=g\",\"contentUrl\":\"https:\/\/secure.gravatar.com\/avatar\/4bab693b9d55c3d6b52c0296a8765085?s=96&d=mm&r=g\",\"caption\":\"admin\"},\"url\":\"https:\/\/marekkuchcinski.pl\/ro\/author\/marta-olejnik\/\"}]}<\/script>\n<!-- \/ Yoast SEO plugin. -->","yoast_head_json":{"title":"Marsza\u0142ek Sejmu wzi\u0105\u0142 udzia\u0142 w ods\u0142oni\u0119ciu pomnika \u201e\u0141aweczki\u201d Henryka S\u0142awika i J\u00f3zsefa Antalla &#8211; Marek Kuchci\u0144ski","robots":{"index":"index","follow":"follow","max-snippet":"max-snippet:-1","max-image-preview":"max-image-preview:large","max-video-preview":"max-video-preview:-1"},"canonical":"https:\/\/marekkuchcinski.pl\/ro\/wydarzenia\/marszalek-sejmu-wzial-udzial-odslonieciu-pomnika-laweczki-henryka-slawika-jozsefa-antalla\/","og_locale":"ro_RO","og_type":"article","og_title":"Marsza\u0142ek Sejmu wzi\u0105\u0142 udzia\u0142 w ods\u0142oni\u0119ciu pomnika \u201e\u0141aweczki\u201d Henryka S\u0142awika i J\u00f3zsefa Antalla &#8211; Marek Kuchci\u0144ski","og_description":"W Dolinie Szwajcarskiej w Warszawie ods\u0142oni\u0119to pomnik Polaka i W\u0119gra, kt\u00f3rzy wsp\u00f3\u0142pracuj\u0105c w czasie II wojny, uratowali \u00a030 tys. os\u00f3b, w tym 5 tys. polskich \u017byd\u00f3w. \u2013 M\u00f3wi si\u0119, \u017ce nic tak nie przemawia do ludzkiej wyobra\u017ani jak ch\u0142odny kamie\u0144 czy dwie bry\u0142y br\u0105zu\u2026To prawda, o ile za tymi por\u00f3wnaniami stoj\u0105 prawdziwi ludzie i prawdziwe [&hellip;]","og_url":"https:\/\/marekkuchcinski.pl\/ro\/wydarzenia\/marszalek-sejmu-wzial-udzial-odslonieciu-pomnika-laweczki-henryka-slawika-jozsefa-antalla\/","og_site_name":"Marek Kuchci\u0144ski","article_published_time":"2016-11-08T20:30:38+00:00","article_modified_time":"2019-03-23T07:22:56+00:00","og_image":[{"width":2048,"height":1155,"url":"https:\/\/marekkuchcinski.pl\/wp-content\/uploads\/2016\/11\/DSCF7310.jpg","type":"image\/jpeg"}],"author":"admin","twitter_card":"summary_large_image","twitter_misc":{"Scris de":"admin","Timp estimat pentru citire":"2 minutes"},"schema":{"@context":"https:\/\/schema.org","@graph":[{"@type":"Article","@id":"https:\/\/marekkuchcinski.pl\/wydarzenia\/marszalek-sejmu-wzial-udzial-odslonieciu-pomnika-laweczki-henryka-slawika-jozsefa-antalla\/#article","isPartOf":{"@id":"https:\/\/marekkuchcinski.pl\/wydarzenia\/marszalek-sejmu-wzial-udzial-odslonieciu-pomnika-laweczki-henryka-slawika-jozsefa-antalla\/"},"author":{"name":"admin","@id":"https:\/\/marekkuchcinski.pl\/#\/schema\/person\/6f62700996b4d950b6ea2d1183b6c6be"},"headline":"Marsza\u0142ek Sejmu wzi\u0105\u0142 udzia\u0142 w ods\u0142oni\u0119ciu pomnika \u201e\u0141aweczki\u201d Henryka S\u0142awika i J\u00f3zsefa Antalla","datePublished":"2016-11-08T20:30:38+00:00","dateModified":"2019-03-23T07:22:56+00:00","mainEntityOfPage":{"@id":"https:\/\/marekkuchcinski.pl\/wydarzenia\/marszalek-sejmu-wzial-udzial-odslonieciu-pomnika-laweczki-henryka-slawika-jozsefa-antalla\/"},"wordCount":378,"commentCount":0,"publisher":{"@id":"https:\/\/marekkuchcinski.pl\/#organization"},"image":{"@id":"https:\/\/marekkuchcinski.pl\/wydarzenia\/marszalek-sejmu-wzial-udzial-odslonieciu-pomnika-laweczki-henryka-slawika-jozsefa-antalla\/#primaryimage"},"thumbnailUrl":"https:\/\/marekkuchcinski.pl\/wp-content\/uploads\/2016\/11\/DSCF7310.jpg","articleSection":["Wsp\u00f3\u0142praca mi\u0119dzynarodowa","Wydarzenia"],"inLanguage":"ro-RO","potentialAction":[{"@type":"CommentAction","name":"Comment","target":["https:\/\/marekkuchcinski.pl\/wydarzenia\/marszalek-sejmu-wzial-udzial-odslonieciu-pomnika-laweczki-henryka-slawika-jozsefa-antalla\/#respond"]}]},{"@type":"WebPage","@id":"https:\/\/marekkuchcinski.pl\/wydarzenia\/marszalek-sejmu-wzial-udzial-odslonieciu-pomnika-laweczki-henryka-slawika-jozsefa-antalla\/","url":"https:\/\/marekkuchcinski.pl\/wydarzenia\/marszalek-sejmu-wzial-udzial-odslonieciu-pomnika-laweczki-henryka-slawika-jozsefa-antalla\/","name":"Marsza\u0142ek Sejmu wzi\u0105\u0142 udzia\u0142 w ods\u0142oni\u0119ciu pomnika \u201e\u0141aweczki\u201d Henryka S\u0142awika i J\u00f3zsefa Antalla &#8211; Marek Kuchci\u0144ski","isPartOf":{"@id":"https:\/\/marekkuchcinski.pl\/#website"},"primaryImageOfPage":{"@id":"https:\/\/marekkuchcinski.pl\/wydarzenia\/marszalek-sejmu-wzial-udzial-odslonieciu-pomnika-laweczki-henryka-slawika-jozsefa-antalla\/#primaryimage"},"image":{"@id":"https:\/\/marekkuchcinski.pl\/wydarzenia\/marszalek-sejmu-wzial-udzial-odslonieciu-pomnika-laweczki-henryka-slawika-jozsefa-antalla\/#primaryimage"},"thumbnailUrl":"https:\/\/marekkuchcinski.pl\/wp-content\/uploads\/2016\/11\/DSCF7310.jpg","datePublished":"2016-11-08T20:30:38+00:00","dateModified":"2019-03-23T07:22:56+00:00","breadcrumb":{"@id":"https:\/\/marekkuchcinski.pl\/wydarzenia\/marszalek-sejmu-wzial-udzial-odslonieciu-pomnika-laweczki-henryka-slawika-jozsefa-antalla\/#breadcrumb"},"inLanguage":"ro-RO","potentialAction":[{"@type":"ReadAction","target":["https:\/\/marekkuchcinski.pl\/wydarzenia\/marszalek-sejmu-wzial-udzial-odslonieciu-pomnika-laweczki-henryka-slawika-jozsefa-antalla\/"]}]},{"@type":"ImageObject","inLanguage":"ro-RO","@id":"https:\/\/marekkuchcinski.pl\/wydarzenia\/marszalek-sejmu-wzial-udzial-odslonieciu-pomnika-laweczki-henryka-slawika-jozsefa-antalla\/#primaryimage","url":"https:\/\/marekkuchcinski.pl\/wp-content\/uploads\/2016\/11\/DSCF7310.jpg","contentUrl":"https:\/\/marekkuchcinski.pl\/wp-content\/uploads\/2016\/11\/DSCF7310.jpg","width":2048,"height":1155},{"@type":"BreadcrumbList","@id":"https:\/\/marekkuchcinski.pl\/wydarzenia\/marszalek-sejmu-wzial-udzial-odslonieciu-pomnika-laweczki-henryka-slawika-jozsefa-antalla\/#breadcrumb","itemListElement":[{"@type":"ListItem","position":1,"name":"Strona g\u0142\u00f3wna","item":"https:\/\/marekkuchcinski.pl\/"},{"@type":"ListItem","position":2,"name":"Marsza\u0142ek Sejmu wzi\u0105\u0142 udzia\u0142 w ods\u0142oni\u0119ciu pomnika \u201e\u0141aweczki\u201d Henryka S\u0142awika i J\u00f3zsefa Antalla"}]},{"@type":"WebSite","@id":"https:\/\/marekkuchcinski.pl\/#website","url":"https:\/\/marekkuchcinski.pl\/","name":"Marek Kuchci\u0144ski","description":"Pose\u0142 na sejm RP &ndash; okr\u0119g nr 22","publisher":{"@id":"https:\/\/marekkuchcinski.pl\/#organization"},"potentialAction":[{"@type":"SearchAction","target":{"@type":"EntryPoint","urlTemplate":"https:\/\/marekkuchcinski.pl\/?s={search_term_string}"},"query-input":{"@type":"PropertyValueSpecification","valueRequired":true,"valueName":"search_term_string"}}],"inLanguage":"ro-RO"},{"@type":"Organization","@id":"https:\/\/marekkuchcinski.pl\/#organization","name":"Marek Kuchci\u0144ski","url":"https:\/\/marekkuchcinski.pl\/","logo":{"@type":"ImageObject","inLanguage":"ro-RO","@id":"https:\/\/marekkuchcinski.pl\/#\/schema\/logo\/image\/","url":"https:\/\/marekkuchcinski.pl\/wp-content\/uploads\/2022\/09\/Marek.jpg","contentUrl":"https:\/\/marekkuchcinski.pl\/wp-content\/uploads\/2022\/09\/Marek.jpg","width":1600,"height":971,"caption":"Marek Kuchci\u0144ski"},"image":{"@id":"https:\/\/marekkuchcinski.pl\/#\/schema\/logo\/image\/"}},{"@type":"Person","@id":"https:\/\/marekkuchcinski.pl\/#\/schema\/person\/6f62700996b4d950b6ea2d1183b6c6be","name":"admin","image":{"@type":"ImageObject","inLanguage":"ro-RO","@id":"https:\/\/marekkuchcinski.pl\/#\/schema\/person\/image\/","url":"https:\/\/secure.gravatar.com\/avatar\/4bab693b9d55c3d6b52c0296a8765085?s=96&d=mm&r=g","contentUrl":"https:\/\/secure.gravatar.com\/avatar\/4bab693b9d55c3d6b52c0296a8765085?s=96&d=mm&r=g","caption":"admin"},"url":"https:\/\/marekkuchcinski.pl\/ro\/author\/marta-olejnik\/"}]}},"_links":{"self":[{"href":"https:\/\/marekkuchcinski.pl\/ro\/wp-json\/wp\/v2\/posts\/4414","targetHints":{"allow":["GET"]}}],"collection":[{"href":"https:\/\/marekkuchcinski.pl\/ro\/wp-json\/wp\/v2\/posts"}],"about":[{"href":"https:\/\/marekkuchcinski.pl\/ro\/wp-json\/wp\/v2\/types\/post"}],"author":[{"embeddable":true,"href":"https:\/\/marekkuchcinski.pl\/ro\/wp-json\/wp\/v2\/users\/6"}],"replies":[{"embeddable":true,"href":"https:\/\/marekkuchcinski.pl\/ro\/wp-json\/wp\/v2\/comments?post=4414"}],"version-history":[{"count":6,"href":"https:\/\/marekkuchcinski.pl\/ro\/wp-json\/wp\/v2\/posts\/4414\/revisions"}],"predecessor-version":[{"id":14045,"href":"https:\/\/marekkuchcinski.pl\/ro\/wp-json\/wp\/v2\/posts\/4414\/revisions\/14045"}],"wp:featuredmedia":[{"embeddable":true,"href":"https:\/\/marekkuchcinski.pl\/ro\/wp-json\/wp\/v2\/media\/4415"}],"wp:attachment":[{"href":"https:\/\/marekkuchcinski.pl\/ro\/wp-json\/wp\/v2\/media?parent=4414"}],"wp:term":[{"taxonomy":"category","embeddable":true,"href":"https:\/\/marekkuchcinski.pl\/ro\/wp-json\/wp\/v2\/categories?post=4414"},{"taxonomy":"post_tag","embeddable":true,"href":"https:\/\/marekkuchcinski.pl\/ro\/wp-json\/wp\/v2\/tags?post=4414"}],"curies":[{"name":"wp","href":"https:\/\/api.w.org\/{rel}","templated":true}]}}