{"id":4090,"date":"2016-10-12T14:16:57","date_gmt":"2016-10-12T12:16:57","guid":{"rendered":"https:\/\/marekkuchcinski.pl\/?p=4090"},"modified":"2016-10-14T14:19:31","modified_gmt":"2016-10-14T12:19:31","slug":"12-pazdziernika-1938-r-zalozono-stalowa-wole","status":"publish","type":"post","link":"https:\/\/marekkuchcinski.pl\/ro\/wazne-daty\/12-pazdziernika-1938-r-zalozono-stalowa-wole\/","title":{"rendered":"La 12 octombrie 1938, Stalowa Wola a fost fondat\u0103."},"content":{"rendered":"<p><strong>Proiectat \u0219i construit de la zero \u00eentre 1937 \u0219i 1939, ora\u0219ul Stalowa Wola a fost una dintre investi\u021biile emblematice ale \u00eentreprinderii industriale emblematice a celei de-a doua Republici.<\/strong><\/p>\n<p>La 5 februarie 1937, \u00een cadrul unei \u0219edin\u021be a Comisiei pentru buget a Sejm-ului, Eugeniusz Kwiatkowski, pe atunci viceprim-ministru \u0219i ministru al Trezoreriei, a prezentat un plan pentru construirea Districtului Industrial Central, care era cea mai mare \u00eentreprindere industrial\u0103 a celei de-a doua Republici.<\/p>\n<p><em>sursa: nowahistoria.interia.pl<\/em><\/p>\n<p><a href=\"https:\/\/marekkuchcinski.pl\/wp-content\/uploads\/2016\/10\/000606UJ89K5YF91-C116-F4.png\"><img fetchpriority=\"high\" decoding=\"async\" class=\"alignnone size-full wp-image-4091\" src=\"https:\/\/marekkuchcinski.pl\/wp-content\/uploads\/2016\/10\/000606UJ89K5YF91-C116-F4.png\" alt=\"000606uj89k5yf91-c116-f4\" width=\"625\" height=\"398\" srcset=\"https:\/\/marekkuchcinski.pl\/wp-content\/uploads\/2016\/10\/000606UJ89K5YF91-C116-F4.png 625w, https:\/\/marekkuchcinski.pl\/wp-content\/uploads\/2016\/10\/000606UJ89K5YF91-C116-F4-300x191.png 300w\" sizes=\"(max-width: 625px) 100vw, 625px\" \/><\/a><\/p>","protected":false},"excerpt":{"rendered":"<p>Zaprojektowane i zbudowane od podstaw w latach 1937-1939 miasto Stalowa Wola by\u0142o jedn\u0105 ze sztandarowych inwestycji flagowego przedsi\u0119wzi\u0119cia przemys\u0142owego II Rzeczpospolitej. 5 lutego 1937 roku \u00f3wczesny wicepremier i minister skarbu Eugeniusz Kwiatkowski na posiedzeniu Komisji Bud\u017cetowej Sejmu przedstawi\u0142 plan budowy Centralnego Okr\u0119gu Przemys\u0142owego, kt\u00f3ry by\u0142 najwi\u0119kszym przedsi\u0119wzi\u0119ciem przemys\u0142owym II Rzeczpospolitej. \u017ar\u00f3d\u0142o:\u00a0nowahistoria.interia.pl<\/p>","protected":false},"author":6,"featured_media":4091,"comment_status":"open","ping_status":"open","sticky":false,"template":"","format":"standard","meta":{"ngg_post_thumbnail":0,"footnotes":""},"categories":[77],"tags":[],"class_list":["post-4090","post","type-post","status-publish","format-standard","has-post-thumbnail","hentry","category-wazne-daty"],"_links":{"self":[{"href":"https:\/\/marekkuchcinski.pl\/ro\/wp-json\/wp\/v2\/posts\/4090","targetHints":{"allow":["GET"]}}],"collection":[{"href":"https:\/\/marekkuchcinski.pl\/ro\/wp-json\/wp\/v2\/posts"}],"about":[{"href":"https:\/\/marekkuchcinski.pl\/ro\/wp-json\/wp\/v2\/types\/post"}],"author":[{"embeddable":true,"href":"https:\/\/marekkuchcinski.pl\/ro\/wp-json\/wp\/v2\/users\/6"}],"replies":[{"embeddable":true,"href":"https:\/\/marekkuchcinski.pl\/ro\/wp-json\/wp\/v2\/comments?post=4090"}],"version-history":[{"count":1,"href":"https:\/\/marekkuchcinski.pl\/ro\/wp-json\/wp\/v2\/posts\/4090\/revisions"}],"predecessor-version":[{"id":4092,"href":"https:\/\/marekkuchcinski.pl\/ro\/wp-json\/wp\/v2\/posts\/4090\/revisions\/4092"}],"wp:featuredmedia":[{"embeddable":true,"href":"https:\/\/marekkuchcinski.pl\/ro\/wp-json\/wp\/v2\/media\/4091"}],"wp:attachment":[{"href":"https:\/\/marekkuchcinski.pl\/ro\/wp-json\/wp\/v2\/media?parent=4090"}],"wp:term":[{"taxonomy":"category","embeddable":true,"href":"https:\/\/marekkuchcinski.pl\/ro\/wp-json\/wp\/v2\/categories?post=4090"},{"taxonomy":"post_tag","embeddable":true,"href":"https:\/\/marekkuchcinski.pl\/ro\/wp-json\/wp\/v2\/tags?post=4090"}],"curies":[{"name":"wp","href":"https:\/\/api.w.org\/{rel}","templated":true}]}}