{"id":4085,"date":"2016-10-14T13:52:47","date_gmt":"2016-10-14T11:52:47","guid":{"rendered":"https:\/\/marekkuchcinski.pl\/?p=4085"},"modified":"2016-10-14T13:55:47","modified_gmt":"2016-10-14T11:55:47","slug":"nordyckie-rzady-dystansuja-sie-nord-stream-2-marszalek-sejmu-ns2-przykladem-falszywych-europejskich-wartosci","status":"publish","type":"post","link":"https:\/\/marekkuchcinski.pl\/ro\/wydarzenia\/nordyckie-rzady-dystansuja-sie-nord-stream-2-marszalek-sejmu-ns2-przykladem-falszywych-europejskich-wartosci\/","title":{"rendered":"Guvernele nordice se distan\u021beaz\u0103 de Nord Stream 2. Pre\u0219edintele Sejm: NS2 un exemplu de false valori europene"},"content":{"rendered":"<p><strong>\u00cen ultimele luni, discu\u021biile despre proiectul Nord Stream 2 au luat amploare \u00een Suedia, Finlanda \u0219i Danemarca, prin ale c\u0103ror zone economice exclusive \u0219i\/sau m\u0103ri teritoriale ar urma s\u0103 treac\u0103 gazoductul planificat, scrie Centrul pentru Studii Estice.\u00a0<\/strong><\/p>\n<p>R\u0103zboiul ruso-ucrainean \u0219i deteriorarea situa\u021biei de securitate \u00een regiunea M\u0103rii Baltice au dus la o distan\u021bare tot mai mare fa\u021b\u0103 de proiectele economice ruse\u0219ti din aceste \u021b\u0103ri. Guvernele de la Stockholm, Helsinki \u0219i Copenhaga s-au aflat \u00een situa\u021bia dificil\u0103 de a lua pozi\u021bie \u00eempotriva proiectului. Pe de o parte, nu doresc s\u0103 foloseasc\u0103 legisla\u021bia na\u021bional\u0103 \u0219i dreptul m\u0103rii pentru a bloca Nord Stream 2, care se bucur\u0103 de sprijinul Germaniei. Pe de alt\u0103 parte, ei se afl\u0103 sub o presiune tot mai mare din partea Statelor Unite, a \u021b\u0103rilor din Europa Central\u0103 \u0219i de Est \u0219i a opozi\u021biei din propriile \u021b\u0103ri - care solicit\u0103 oprirea acestei ac\u021biuni.<\/p>\n<p>Este pu\u021bin probabil ca Suedia, Finlanda \u0219i Danemarca s\u0103 \u00eencetineasc\u0103 procedurile administrative sau s\u0103 blocheze aprob\u0103rile na\u021bionale pentru construc\u021bia gazoductului. Cu toate acestea, aceste \u021b\u0103ri se a\u0219teapt\u0103 ca Comisia European\u0103 s\u0103 furnizeze o evaluare a compatibilit\u0103\u021bii construc\u021biei Nord Stream 2 cu cel de-al treilea pachet energetic. \u00cen plus, Stockholm \u0219i Copenhaga solicit\u0103, \u00een special, o pozi\u021bie politic\u0103 comun\u0103 a UE, bazat\u0103 pe o evaluare a compatibilit\u0103\u021bii proiectului cu obiectivele politicii energetice \u0219i climatice a UE \u0219i cu interesele politicii de securitate a UE.<\/p>\n<p>Guvernul polonez s-a opus investi\u021biei timp de mai multe luni. Ministrul Piotr Naimski a explicat c\u0103, din punct de vedere economic \u0219i comercial, NS2 consolideaz\u0103 pozi\u021bia dominant\u0103 a Gazprom \u00een regiune, ceea ce nu este \u00een interesul Poloniei.<\/p>\n<p>Pre\u0219edintele Sejm-ului, Marek Kuchcinski, a subliniat \u00een repetate r\u00e2nduri c\u0103 proiectul submineaz\u0103 valorile europene. \u00cen cadrul unei reuniuni a pre\u0219edin\u021bilor parlamentelor UE la Bratislava, el a sus\u021binut c\u0103 proiectul este un exemplu de fals\u0103 solidaritate, care love\u0219te Polonia \u0219i alte \u021b\u0103ri baltice.<\/p>\n<p><a href=\"https:\/\/marekkuchcinski.pl\/wp-content\/uploads\/2016\/10\/planowany-przebieg-trasy-gazociagu-nord-stream-2-h.png\"><img fetchpriority=\"high\" decoding=\"async\" class=\"alignnone wp-image-4086\" src=\"https:\/\/marekkuchcinski.pl\/wp-content\/uploads\/2016\/10\/planowany-przebieg-trasy-gazociagu-nord-stream-2-h.png\" alt=\"planowany-przebieg-trasy-gazociagu-nord-stream-2-h\" width=\"827\" height=\"579\" srcset=\"https:\/\/marekkuchcinski.pl\/wp-content\/uploads\/2016\/10\/planowany-przebieg-trasy-gazociagu-nord-stream-2-h.png 620w, https:\/\/marekkuchcinski.pl\/wp-content\/uploads\/2016\/10\/planowany-przebieg-trasy-gazociagu-nord-stream-2-h-300x210.png 300w\" sizes=\"(max-width: 827px) 100vw, 827px\" \/><\/a><\/p>\n<p><em>infografic: gazpromexport.ru<\/em><\/p>","protected":false},"excerpt":{"rendered":"<p>W ostatnich miesi\u0105cach nast\u0105pi\u0142o o\u017cywienie dyskusji o projekcie Nord Stream 2 w Szwecji, Finlandii i Danii, przez kt\u00f3rych wy\u0142\u0105czne strefy ekonomiczne i\/lub morze terytorialne ma przebiega\u0107 planowany gazoci\u0105g \u2013 pisze O\u015brodek Studi\u00f3w Wschodnich.\u00a0 Wojna rosyjsko-ukrai\u0144ska i pogarszaj\u0105ca si\u0119 sytuacja bezpiecze\u0144stwa w regionie Morza Ba\u0142tyckiego spowodowa\u0142y, \u017ce w pa\u0144stwach tych ro\u015bnie dystans do rosyjskich projekt\u00f3w gospodarczych. [&hellip;]<\/p>","protected":false},"author":6,"featured_media":4086,"comment_status":"open","ping_status":"open","sticky":false,"template":"","format":"standard","meta":{"ngg_post_thumbnail":0,"footnotes":""},"categories":[50,3],"tags":[],"class_list":["post-4085","post","type-post","status-publish","format-standard","has-post-thumbnail","hentry","category-wspolpraca-miedzynarodowa","category-wydarzenia"],"yoast_head":"<!-- This site is optimized with the Yoast SEO plugin v24.7 - https:\/\/yoast.com\/wordpress\/plugins\/seo\/ -->\n<title>Nordyckie rz\u0105dy dystansuj\u0105 si\u0119 od Nord Stream 2. Marsza\u0142ek Sejmu: NS2 przyk\u0142adem fa\u0142szywych europejskich warto\u015bci &#8211; Marek Kuchci\u0144ski<\/title>\n<meta name=\"robots\" content=\"index, follow, max-snippet:-1, max-image-preview:large, max-video-preview:-1\" \/>\n<link rel=\"canonical\" href=\"https:\/\/marekkuchcinski.pl\/ro\/wydarzenia\/nordyckie-rzady-dystansuja-sie-nord-stream-2-marszalek-sejmu-ns2-przykladem-falszywych-europejskich-wartosci\/\" \/>\n<meta property=\"og:locale\" content=\"ro_RO\" \/>\n<meta property=\"og:type\" content=\"article\" \/>\n<meta property=\"og:title\" content=\"Nordyckie rz\u0105dy dystansuj\u0105 si\u0119 od Nord Stream 2. Marsza\u0142ek Sejmu: NS2 przyk\u0142adem fa\u0142szywych europejskich warto\u015bci &#8211; Marek Kuchci\u0144ski\" \/>\n<meta property=\"og:description\" content=\"W ostatnich miesi\u0105cach nast\u0105pi\u0142o o\u017cywienie dyskusji o projekcie Nord Stream 2 w Szwecji, Finlandii i Danii, przez kt\u00f3rych wy\u0142\u0105czne strefy ekonomiczne i\/lub morze terytorialne ma przebiega\u0107 planowany gazoci\u0105g \u2013 pisze O\u015brodek Studi\u00f3w Wschodnich.\u00a0 Wojna rosyjsko-ukrai\u0144ska i pogarszaj\u0105ca si\u0119 sytuacja bezpiecze\u0144stwa w regionie Morza Ba\u0142tyckiego spowodowa\u0142y, \u017ce w pa\u0144stwach tych ro\u015bnie dystans do rosyjskich projekt\u00f3w gospodarczych. [&hellip;]\" \/>\n<meta property=\"og:url\" content=\"https:\/\/marekkuchcinski.pl\/ro\/wydarzenia\/nordyckie-rzady-dystansuja-sie-nord-stream-2-marszalek-sejmu-ns2-przykladem-falszywych-europejskich-wartosci\/\" \/>\n<meta property=\"og:site_name\" content=\"Marek Kuchci\u0144ski\" \/>\n<meta property=\"article:published_time\" content=\"2016-10-14T11:52:47+00:00\" \/>\n<meta property=\"article:modified_time\" content=\"2016-10-14T11:55:47+00:00\" \/>\n<meta property=\"og:image\" content=\"https:\/\/marekkuchcinski.pl\/wp-content\/uploads\/2016\/10\/planowany-przebieg-trasy-gazociagu-nord-stream-2-h.png\" \/>\n\t<meta property=\"og:image:width\" content=\"620\" \/>\n\t<meta property=\"og:image:height\" content=\"434\" \/>\n\t<meta property=\"og:image:type\" content=\"image\/png\" \/>\n<meta name=\"author\" content=\"admin\" \/>\n<meta name=\"twitter:card\" content=\"summary_large_image\" \/>\n<meta name=\"twitter:label1\" content=\"Scris de\" \/>\n\t<meta name=\"twitter:data1\" content=\"admin\" \/>\n\t<meta name=\"twitter:label2\" content=\"Timp estimat pentru citire\" \/>\n\t<meta name=\"twitter:data2\" content=\"2 minutes\" \/>\n<script type=\"application\/ld+json\" class=\"yoast-schema-graph\">{\"@context\":\"https:\/\/schema.org\",\"@graph\":[{\"@type\":\"Article\",\"@id\":\"https:\/\/marekkuchcinski.pl\/wydarzenia\/nordyckie-rzady-dystansuja-sie-nord-stream-2-marszalek-sejmu-ns2-przykladem-falszywych-europejskich-wartosci\/#article\",\"isPartOf\":{\"@id\":\"https:\/\/marekkuchcinski.pl\/wydarzenia\/nordyckie-rzady-dystansuja-sie-nord-stream-2-marszalek-sejmu-ns2-przykladem-falszywych-europejskich-wartosci\/\"},\"author\":{\"name\":\"admin\",\"@id\":\"https:\/\/marekkuchcinski.pl\/#\/schema\/person\/6f62700996b4d950b6ea2d1183b6c6be\"},\"headline\":\"Nordyckie rz\u0105dy dystansuj\u0105 si\u0119 od Nord Stream 2. Marsza\u0142ek Sejmu: NS2 przyk\u0142adem fa\u0142szywych europejskich warto\u015bci\",\"datePublished\":\"2016-10-14T11:52:47+00:00\",\"dateModified\":\"2016-10-14T11:55:47+00:00\",\"mainEntityOfPage\":{\"@id\":\"https:\/\/marekkuchcinski.pl\/wydarzenia\/nordyckie-rzady-dystansuja-sie-nord-stream-2-marszalek-sejmu-ns2-przykladem-falszywych-europejskich-wartosci\/\"},\"wordCount\":325,\"commentCount\":0,\"publisher\":{\"@id\":\"https:\/\/marekkuchcinski.pl\/#organization\"},\"image\":{\"@id\":\"https:\/\/marekkuchcinski.pl\/wydarzenia\/nordyckie-rzady-dystansuja-sie-nord-stream-2-marszalek-sejmu-ns2-przykladem-falszywych-europejskich-wartosci\/#primaryimage\"},\"thumbnailUrl\":\"https:\/\/marekkuchcinski.pl\/wp-content\/uploads\/2016\/10\/planowany-przebieg-trasy-gazociagu-nord-stream-2-h.png\",\"articleSection\":[\"Wsp\u00f3\u0142praca mi\u0119dzynarodowa\",\"Wydarzenia\"],\"inLanguage\":\"ro-RO\",\"potentialAction\":[{\"@type\":\"CommentAction\",\"name\":\"Comment\",\"target\":[\"https:\/\/marekkuchcinski.pl\/wydarzenia\/nordyckie-rzady-dystansuja-sie-nord-stream-2-marszalek-sejmu-ns2-przykladem-falszywych-europejskich-wartosci\/#respond\"]}]},{\"@type\":\"WebPage\",\"@id\":\"https:\/\/marekkuchcinski.pl\/wydarzenia\/nordyckie-rzady-dystansuja-sie-nord-stream-2-marszalek-sejmu-ns2-przykladem-falszywych-europejskich-wartosci\/\",\"url\":\"https:\/\/marekkuchcinski.pl\/wydarzenia\/nordyckie-rzady-dystansuja-sie-nord-stream-2-marszalek-sejmu-ns2-przykladem-falszywych-europejskich-wartosci\/\",\"name\":\"Nordyckie rz\u0105dy dystansuj\u0105 si\u0119 od Nord Stream 2. Marsza\u0142ek Sejmu: NS2 przyk\u0142adem fa\u0142szywych europejskich warto\u015bci &#8211; Marek Kuchci\u0144ski\",\"isPartOf\":{\"@id\":\"https:\/\/marekkuchcinski.pl\/#website\"},\"primaryImageOfPage\":{\"@id\":\"https:\/\/marekkuchcinski.pl\/wydarzenia\/nordyckie-rzady-dystansuja-sie-nord-stream-2-marszalek-sejmu-ns2-przykladem-falszywych-europejskich-wartosci\/#primaryimage\"},\"image\":{\"@id\":\"https:\/\/marekkuchcinski.pl\/wydarzenia\/nordyckie-rzady-dystansuja-sie-nord-stream-2-marszalek-sejmu-ns2-przykladem-falszywych-europejskich-wartosci\/#primaryimage\"},\"thumbnailUrl\":\"https:\/\/marekkuchcinski.pl\/wp-content\/uploads\/2016\/10\/planowany-przebieg-trasy-gazociagu-nord-stream-2-h.png\",\"datePublished\":\"2016-10-14T11:52:47+00:00\",\"dateModified\":\"2016-10-14T11:55:47+00:00\",\"breadcrumb\":{\"@id\":\"https:\/\/marekkuchcinski.pl\/wydarzenia\/nordyckie-rzady-dystansuja-sie-nord-stream-2-marszalek-sejmu-ns2-przykladem-falszywych-europejskich-wartosci\/#breadcrumb\"},\"inLanguage\":\"ro-RO\",\"potentialAction\":[{\"@type\":\"ReadAction\",\"target\":[\"https:\/\/marekkuchcinski.pl\/wydarzenia\/nordyckie-rzady-dystansuja-sie-nord-stream-2-marszalek-sejmu-ns2-przykladem-falszywych-europejskich-wartosci\/\"]}]},{\"@type\":\"ImageObject\",\"inLanguage\":\"ro-RO\",\"@id\":\"https:\/\/marekkuchcinski.pl\/wydarzenia\/nordyckie-rzady-dystansuja-sie-nord-stream-2-marszalek-sejmu-ns2-przykladem-falszywych-europejskich-wartosci\/#primaryimage\",\"url\":\"https:\/\/marekkuchcinski.pl\/wp-content\/uploads\/2016\/10\/planowany-przebieg-trasy-gazociagu-nord-stream-2-h.png\",\"contentUrl\":\"https:\/\/marekkuchcinski.pl\/wp-content\/uploads\/2016\/10\/planowany-przebieg-trasy-gazociagu-nord-stream-2-h.png\",\"width\":620,\"height\":434},{\"@type\":\"BreadcrumbList\",\"@id\":\"https:\/\/marekkuchcinski.pl\/wydarzenia\/nordyckie-rzady-dystansuja-sie-nord-stream-2-marszalek-sejmu-ns2-przykladem-falszywych-europejskich-wartosci\/#breadcrumb\",\"itemListElement\":[{\"@type\":\"ListItem\",\"position\":1,\"name\":\"Strona g\u0142\u00f3wna\",\"item\":\"https:\/\/marekkuchcinski.pl\/\"},{\"@type\":\"ListItem\",\"position\":2,\"name\":\"Nordyckie rz\u0105dy dystansuj\u0105 si\u0119 od Nord Stream 2. Marsza\u0142ek Sejmu: NS2 przyk\u0142adem fa\u0142szywych europejskich warto\u015bci\"}]},{\"@type\":\"WebSite\",\"@id\":\"https:\/\/marekkuchcinski.pl\/#website\",\"url\":\"https:\/\/marekkuchcinski.pl\/\",\"name\":\"Marek Kuchci\u0144ski\",\"description\":\"Pose\u0142 na sejm RP &ndash; okr\u0119g nr 22\",\"publisher\":{\"@id\":\"https:\/\/marekkuchcinski.pl\/#organization\"},\"potentialAction\":[{\"@type\":\"SearchAction\",\"target\":{\"@type\":\"EntryPoint\",\"urlTemplate\":\"https:\/\/marekkuchcinski.pl\/?s={search_term_string}\"},\"query-input\":{\"@type\":\"PropertyValueSpecification\",\"valueRequired\":true,\"valueName\":\"search_term_string\"}}],\"inLanguage\":\"ro-RO\"},{\"@type\":\"Organization\",\"@id\":\"https:\/\/marekkuchcinski.pl\/#organization\",\"name\":\"Marek Kuchci\u0144ski\",\"url\":\"https:\/\/marekkuchcinski.pl\/\",\"logo\":{\"@type\":\"ImageObject\",\"inLanguage\":\"ro-RO\",\"@id\":\"https:\/\/marekkuchcinski.pl\/#\/schema\/logo\/image\/\",\"url\":\"https:\/\/marekkuchcinski.pl\/wp-content\/uploads\/2022\/09\/Marek.jpg\",\"contentUrl\":\"https:\/\/marekkuchcinski.pl\/wp-content\/uploads\/2022\/09\/Marek.jpg\",\"width\":1600,\"height\":971,\"caption\":\"Marek Kuchci\u0144ski\"},\"image\":{\"@id\":\"https:\/\/marekkuchcinski.pl\/#\/schema\/logo\/image\/\"}},{\"@type\":\"Person\",\"@id\":\"https:\/\/marekkuchcinski.pl\/#\/schema\/person\/6f62700996b4d950b6ea2d1183b6c6be\",\"name\":\"admin\",\"image\":{\"@type\":\"ImageObject\",\"inLanguage\":\"ro-RO\",\"@id\":\"https:\/\/marekkuchcinski.pl\/#\/schema\/person\/image\/\",\"url\":\"https:\/\/secure.gravatar.com\/avatar\/4bab693b9d55c3d6b52c0296a8765085?s=96&d=mm&r=g\",\"contentUrl\":\"https:\/\/secure.gravatar.com\/avatar\/4bab693b9d55c3d6b52c0296a8765085?s=96&d=mm&r=g\",\"caption\":\"admin\"},\"url\":\"https:\/\/marekkuchcinski.pl\/ro\/author\/marta-olejnik\/\"}]}<\/script>\n<!-- \/ Yoast SEO plugin. -->","yoast_head_json":{"title":"Nordyckie rz\u0105dy dystansuj\u0105 si\u0119 od Nord Stream 2. Marsza\u0142ek Sejmu: NS2 przyk\u0142adem fa\u0142szywych europejskich warto\u015bci &#8211; Marek Kuchci\u0144ski","robots":{"index":"index","follow":"follow","max-snippet":"max-snippet:-1","max-image-preview":"max-image-preview:large","max-video-preview":"max-video-preview:-1"},"canonical":"https:\/\/marekkuchcinski.pl\/ro\/wydarzenia\/nordyckie-rzady-dystansuja-sie-nord-stream-2-marszalek-sejmu-ns2-przykladem-falszywych-europejskich-wartosci\/","og_locale":"ro_RO","og_type":"article","og_title":"Nordyckie rz\u0105dy dystansuj\u0105 si\u0119 od Nord Stream 2. Marsza\u0142ek Sejmu: NS2 przyk\u0142adem fa\u0142szywych europejskich warto\u015bci &#8211; Marek Kuchci\u0144ski","og_description":"W ostatnich miesi\u0105cach nast\u0105pi\u0142o o\u017cywienie dyskusji o projekcie Nord Stream 2 w Szwecji, Finlandii i Danii, przez kt\u00f3rych wy\u0142\u0105czne strefy ekonomiczne i\/lub morze terytorialne ma przebiega\u0107 planowany gazoci\u0105g \u2013 pisze O\u015brodek Studi\u00f3w Wschodnich.\u00a0 Wojna rosyjsko-ukrai\u0144ska i pogarszaj\u0105ca si\u0119 sytuacja bezpiecze\u0144stwa w regionie Morza Ba\u0142tyckiego spowodowa\u0142y, \u017ce w pa\u0144stwach tych ro\u015bnie dystans do rosyjskich projekt\u00f3w gospodarczych. [&hellip;]","og_url":"https:\/\/marekkuchcinski.pl\/ro\/wydarzenia\/nordyckie-rzady-dystansuja-sie-nord-stream-2-marszalek-sejmu-ns2-przykladem-falszywych-europejskich-wartosci\/","og_site_name":"Marek Kuchci\u0144ski","article_published_time":"2016-10-14T11:52:47+00:00","article_modified_time":"2016-10-14T11:55:47+00:00","og_image":[{"width":620,"height":434,"url":"https:\/\/marekkuchcinski.pl\/wp-content\/uploads\/2016\/10\/planowany-przebieg-trasy-gazociagu-nord-stream-2-h.png","type":"image\/png"}],"author":"admin","twitter_card":"summary_large_image","twitter_misc":{"Scris de":"admin","Timp estimat pentru citire":"2 minutes"},"schema":{"@context":"https:\/\/schema.org","@graph":[{"@type":"Article","@id":"https:\/\/marekkuchcinski.pl\/wydarzenia\/nordyckie-rzady-dystansuja-sie-nord-stream-2-marszalek-sejmu-ns2-przykladem-falszywych-europejskich-wartosci\/#article","isPartOf":{"@id":"https:\/\/marekkuchcinski.pl\/wydarzenia\/nordyckie-rzady-dystansuja-sie-nord-stream-2-marszalek-sejmu-ns2-przykladem-falszywych-europejskich-wartosci\/"},"author":{"name":"admin","@id":"https:\/\/marekkuchcinski.pl\/#\/schema\/person\/6f62700996b4d950b6ea2d1183b6c6be"},"headline":"Nordyckie rz\u0105dy dystansuj\u0105 si\u0119 od Nord Stream 2. Marsza\u0142ek Sejmu: NS2 przyk\u0142adem fa\u0142szywych europejskich warto\u015bci","datePublished":"2016-10-14T11:52:47+00:00","dateModified":"2016-10-14T11:55:47+00:00","mainEntityOfPage":{"@id":"https:\/\/marekkuchcinski.pl\/wydarzenia\/nordyckie-rzady-dystansuja-sie-nord-stream-2-marszalek-sejmu-ns2-przykladem-falszywych-europejskich-wartosci\/"},"wordCount":325,"commentCount":0,"publisher":{"@id":"https:\/\/marekkuchcinski.pl\/#organization"},"image":{"@id":"https:\/\/marekkuchcinski.pl\/wydarzenia\/nordyckie-rzady-dystansuja-sie-nord-stream-2-marszalek-sejmu-ns2-przykladem-falszywych-europejskich-wartosci\/#primaryimage"},"thumbnailUrl":"https:\/\/marekkuchcinski.pl\/wp-content\/uploads\/2016\/10\/planowany-przebieg-trasy-gazociagu-nord-stream-2-h.png","articleSection":["Wsp\u00f3\u0142praca mi\u0119dzynarodowa","Wydarzenia"],"inLanguage":"ro-RO","potentialAction":[{"@type":"CommentAction","name":"Comment","target":["https:\/\/marekkuchcinski.pl\/wydarzenia\/nordyckie-rzady-dystansuja-sie-nord-stream-2-marszalek-sejmu-ns2-przykladem-falszywych-europejskich-wartosci\/#respond"]}]},{"@type":"WebPage","@id":"https:\/\/marekkuchcinski.pl\/wydarzenia\/nordyckie-rzady-dystansuja-sie-nord-stream-2-marszalek-sejmu-ns2-przykladem-falszywych-europejskich-wartosci\/","url":"https:\/\/marekkuchcinski.pl\/wydarzenia\/nordyckie-rzady-dystansuja-sie-nord-stream-2-marszalek-sejmu-ns2-przykladem-falszywych-europejskich-wartosci\/","name":"Nordyckie rz\u0105dy dystansuj\u0105 si\u0119 od Nord Stream 2. Marsza\u0142ek Sejmu: NS2 przyk\u0142adem fa\u0142szywych europejskich warto\u015bci &#8211; Marek Kuchci\u0144ski","isPartOf":{"@id":"https:\/\/marekkuchcinski.pl\/#website"},"primaryImageOfPage":{"@id":"https:\/\/marekkuchcinski.pl\/wydarzenia\/nordyckie-rzady-dystansuja-sie-nord-stream-2-marszalek-sejmu-ns2-przykladem-falszywych-europejskich-wartosci\/#primaryimage"},"image":{"@id":"https:\/\/marekkuchcinski.pl\/wydarzenia\/nordyckie-rzady-dystansuja-sie-nord-stream-2-marszalek-sejmu-ns2-przykladem-falszywych-europejskich-wartosci\/#primaryimage"},"thumbnailUrl":"https:\/\/marekkuchcinski.pl\/wp-content\/uploads\/2016\/10\/planowany-przebieg-trasy-gazociagu-nord-stream-2-h.png","datePublished":"2016-10-14T11:52:47+00:00","dateModified":"2016-10-14T11:55:47+00:00","breadcrumb":{"@id":"https:\/\/marekkuchcinski.pl\/wydarzenia\/nordyckie-rzady-dystansuja-sie-nord-stream-2-marszalek-sejmu-ns2-przykladem-falszywych-europejskich-wartosci\/#breadcrumb"},"inLanguage":"ro-RO","potentialAction":[{"@type":"ReadAction","target":["https:\/\/marekkuchcinski.pl\/wydarzenia\/nordyckie-rzady-dystansuja-sie-nord-stream-2-marszalek-sejmu-ns2-przykladem-falszywych-europejskich-wartosci\/"]}]},{"@type":"ImageObject","inLanguage":"ro-RO","@id":"https:\/\/marekkuchcinski.pl\/wydarzenia\/nordyckie-rzady-dystansuja-sie-nord-stream-2-marszalek-sejmu-ns2-przykladem-falszywych-europejskich-wartosci\/#primaryimage","url":"https:\/\/marekkuchcinski.pl\/wp-content\/uploads\/2016\/10\/planowany-przebieg-trasy-gazociagu-nord-stream-2-h.png","contentUrl":"https:\/\/marekkuchcinski.pl\/wp-content\/uploads\/2016\/10\/planowany-przebieg-trasy-gazociagu-nord-stream-2-h.png","width":620,"height":434},{"@type":"BreadcrumbList","@id":"https:\/\/marekkuchcinski.pl\/wydarzenia\/nordyckie-rzady-dystansuja-sie-nord-stream-2-marszalek-sejmu-ns2-przykladem-falszywych-europejskich-wartosci\/#breadcrumb","itemListElement":[{"@type":"ListItem","position":1,"name":"Strona g\u0142\u00f3wna","item":"https:\/\/marekkuchcinski.pl\/"},{"@type":"ListItem","position":2,"name":"Nordyckie rz\u0105dy dystansuj\u0105 si\u0119 od Nord Stream 2. Marsza\u0142ek Sejmu: NS2 przyk\u0142adem fa\u0142szywych europejskich warto\u015bci"}]},{"@type":"WebSite","@id":"https:\/\/marekkuchcinski.pl\/#website","url":"https:\/\/marekkuchcinski.pl\/","name":"Marek Kuchci\u0144ski","description":"Pose\u0142 na sejm RP &ndash; okr\u0119g nr 22","publisher":{"@id":"https:\/\/marekkuchcinski.pl\/#organization"},"potentialAction":[{"@type":"SearchAction","target":{"@type":"EntryPoint","urlTemplate":"https:\/\/marekkuchcinski.pl\/?s={search_term_string}"},"query-input":{"@type":"PropertyValueSpecification","valueRequired":true,"valueName":"search_term_string"}}],"inLanguage":"ro-RO"},{"@type":"Organization","@id":"https:\/\/marekkuchcinski.pl\/#organization","name":"Marek Kuchci\u0144ski","url":"https:\/\/marekkuchcinski.pl\/","logo":{"@type":"ImageObject","inLanguage":"ro-RO","@id":"https:\/\/marekkuchcinski.pl\/#\/schema\/logo\/image\/","url":"https:\/\/marekkuchcinski.pl\/wp-content\/uploads\/2022\/09\/Marek.jpg","contentUrl":"https:\/\/marekkuchcinski.pl\/wp-content\/uploads\/2022\/09\/Marek.jpg","width":1600,"height":971,"caption":"Marek Kuchci\u0144ski"},"image":{"@id":"https:\/\/marekkuchcinski.pl\/#\/schema\/logo\/image\/"}},{"@type":"Person","@id":"https:\/\/marekkuchcinski.pl\/#\/schema\/person\/6f62700996b4d950b6ea2d1183b6c6be","name":"admin","image":{"@type":"ImageObject","inLanguage":"ro-RO","@id":"https:\/\/marekkuchcinski.pl\/#\/schema\/person\/image\/","url":"https:\/\/secure.gravatar.com\/avatar\/4bab693b9d55c3d6b52c0296a8765085?s=96&d=mm&r=g","contentUrl":"https:\/\/secure.gravatar.com\/avatar\/4bab693b9d55c3d6b52c0296a8765085?s=96&d=mm&r=g","caption":"admin"},"url":"https:\/\/marekkuchcinski.pl\/ro\/author\/marta-olejnik\/"}]}},"_links":{"self":[{"href":"https:\/\/marekkuchcinski.pl\/ro\/wp-json\/wp\/v2\/posts\/4085","targetHints":{"allow":["GET"]}}],"collection":[{"href":"https:\/\/marekkuchcinski.pl\/ro\/wp-json\/wp\/v2\/posts"}],"about":[{"href":"https:\/\/marekkuchcinski.pl\/ro\/wp-json\/wp\/v2\/types\/post"}],"author":[{"embeddable":true,"href":"https:\/\/marekkuchcinski.pl\/ro\/wp-json\/wp\/v2\/users\/6"}],"replies":[{"embeddable":true,"href":"https:\/\/marekkuchcinski.pl\/ro\/wp-json\/wp\/v2\/comments?post=4085"}],"version-history":[{"count":3,"href":"https:\/\/marekkuchcinski.pl\/ro\/wp-json\/wp\/v2\/posts\/4085\/revisions"}],"predecessor-version":[{"id":4089,"href":"https:\/\/marekkuchcinski.pl\/ro\/wp-json\/wp\/v2\/posts\/4085\/revisions\/4089"}],"wp:featuredmedia":[{"embeddable":true,"href":"https:\/\/marekkuchcinski.pl\/ro\/wp-json\/wp\/v2\/media\/4086"}],"wp:attachment":[{"href":"https:\/\/marekkuchcinski.pl\/ro\/wp-json\/wp\/v2\/media?parent=4085"}],"wp:term":[{"taxonomy":"category","embeddable":true,"href":"https:\/\/marekkuchcinski.pl\/ro\/wp-json\/wp\/v2\/categories?post=4085"},{"taxonomy":"post_tag","embeddable":true,"href":"https:\/\/marekkuchcinski.pl\/ro\/wp-json\/wp\/v2\/tags?post=4085"}],"curies":[{"name":"wp","href":"https:\/\/api.w.org\/{rel}","templated":true}]}}