{"id":3989,"date":"2016-10-10T10:51:43","date_gmt":"2016-10-10T08:51:43","guid":{"rendered":"https:\/\/marekkuchcinski.pl\/?p=3989"},"modified":"2016-10-10T13:16:20","modified_gmt":"2016-10-10T11:16:20","slug":"10-pazdziernika-1914-r-polacy-odzyskali-twierdze-przemysl","status":"publish","type":"post","link":"https:\/\/marekkuchcinski.pl\/ro\/wazne-daty\/10-pazdziernika-1914-r-polacy-odzyskali-twierdze-przemysl\/","title":{"rendered":"10 octombrie 1914. Ru\u0219ii se retrag din asediul cet\u0103\u021bii Przemy\u015bl"},"content":{"rendered":"<p>Cetatea Przemy\u015bl a fost cel mai mare complex de fortifica\u021bii din Monarhia Austro-Ungar\u0103 \u0219i unul dintre cele mai puternice trei din Europa. <span class=\"cyt\">Primul s\u0103u asediu<\/span>\u00a0A durat \u00eentre 17 septembrie \u0219i 10 octombrie 1914 \u0219i s-a \u00eencheiat cu un e\u0219ec total pentru for\u021bele ruse\u0219ti. Pierderile lor au fost estimate la aproximativ 10.000 de mor\u021bi, r\u0103ni\u021bi \u0219i disp\u0103ru\u021bi, iar cele ale garnizoanei Cet\u0103\u021bii la 3-4.000 de solda\u021bi.<\/p>\n<p><a href=\"https:\/\/marekkuchcinski.pl\/wp-content\/uploads\/2016\/10\/Tp.jpg\"><img fetchpriority=\"high\" decoding=\"async\" class=\"alignnone wp-image-3990\" src=\"https:\/\/marekkuchcinski.pl\/wp-content\/uploads\/2016\/10\/Tp.jpg\" alt=\"tp\" width=\"1067\" height=\"711\" srcset=\"https:\/\/marekkuchcinski.pl\/wp-content\/uploads\/2016\/10\/Tp.jpg 572w, https:\/\/marekkuchcinski.pl\/wp-content\/uploads\/2016\/10\/Tp-300x200.jpg 300w\" sizes=\"(max-width: 1067px) 100vw, 1067px\" \/><\/a><\/p>\n<p>&nbsp;<\/p>","protected":false},"excerpt":{"rendered":"<p>Twierdza Przemy\u015bl by\u0142a najwi\u0119kszym zespo\u0142em fortyfikacji w\u00a0monarchii austro-w\u0119gierskiej i\u00a0jednym z\u00a0trzech najpot\u0119\u017cniejszych w\u00a0Europie. Pierwsze jej obl\u0119\u017cenie\u00a0trwa\u0142o od 17 wrze\u015bnia do 10 pa\u017adziernika 1914 r. i zako\u0144czy\u0142o si\u0119 ca\u0142kowitym niepowodzeniem dla wojsk rosyjskich. Ich straty oceniono na ok. 10 tys. zabitych, rannych i zaginionych, a straty za\u0142ogi Twierdzy na 3-4 tys. \u017co\u0142nierzy. &nbsp;<\/p>","protected":false},"author":6,"featured_media":3990,"comment_status":"open","ping_status":"open","sticky":false,"template":"","format":"standard","meta":{"ngg_post_thumbnail":0,"footnotes":""},"categories":[77],"tags":[],"class_list":["post-3989","post","type-post","status-publish","format-standard","has-post-thumbnail","hentry","category-wazne-daty"],"_links":{"self":[{"href":"https:\/\/marekkuchcinski.pl\/ro\/wp-json\/wp\/v2\/posts\/3989","targetHints":{"allow":["GET"]}}],"collection":[{"href":"https:\/\/marekkuchcinski.pl\/ro\/wp-json\/wp\/v2\/posts"}],"about":[{"href":"https:\/\/marekkuchcinski.pl\/ro\/wp-json\/wp\/v2\/types\/post"}],"author":[{"embeddable":true,"href":"https:\/\/marekkuchcinski.pl\/ro\/wp-json\/wp\/v2\/users\/6"}],"replies":[{"embeddable":true,"href":"https:\/\/marekkuchcinski.pl\/ro\/wp-json\/wp\/v2\/comments?post=3989"}],"version-history":[{"count":3,"href":"https:\/\/marekkuchcinski.pl\/ro\/wp-json\/wp\/v2\/posts\/3989\/revisions"}],"predecessor-version":[{"id":4005,"href":"https:\/\/marekkuchcinski.pl\/ro\/wp-json\/wp\/v2\/posts\/3989\/revisions\/4005"}],"wp:featuredmedia":[{"embeddable":true,"href":"https:\/\/marekkuchcinski.pl\/ro\/wp-json\/wp\/v2\/media\/3990"}],"wp:attachment":[{"href":"https:\/\/marekkuchcinski.pl\/ro\/wp-json\/wp\/v2\/media?parent=3989"}],"wp:term":[{"taxonomy":"category","embeddable":true,"href":"https:\/\/marekkuchcinski.pl\/ro\/wp-json\/wp\/v2\/categories?post=3989"},{"taxonomy":"post_tag","embeddable":true,"href":"https:\/\/marekkuchcinski.pl\/ro\/wp-json\/wp\/v2\/tags?post=3989"}],"curies":[{"name":"wp","href":"https:\/\/api.w.org\/{rel}","templated":true}]}}