{"id":3898,"date":"2016-10-03T15:31:19","date_gmt":"2016-10-03T13:31:19","guid":{"rendered":"https:\/\/marekkuchcinski.pl\/?p=3898"},"modified":"2016-10-03T16:22:20","modified_gmt":"2016-10-03T14:22:20","slug":"dzien-jednosci-niemiec","status":"publish","type":"post","link":"https:\/\/marekkuchcinski.pl\/ro\/wydarzenia\/dzien-jednosci-niemiec\/","title":{"rendered":"Ziua Unit\u0103\u021bii Germane"},"content":{"rendered":"<p><strong>Ziua de 3 octombrie este o dat\u0103 special\u0103 \u00een istoria Germaniei. Este cea mai important\u0103 s\u0103rb\u0103toare na\u021bional\u0103, comemor\u00e2nd ziua \u00een care, \u00een 1990, dup\u0103 45 de ani de divizare, Republica Democrat\u0103 German\u0103 s-a reunit cu Republica Federal\u0103 Germania. <\/strong><\/p>\n<p>Germania de Est s-a eliberat din ghearele comunismului mai t\u00e2rziu dec\u00e2t Polonia. F\u0103r\u0103 \u00eendoial\u0103, ei datoreaz\u0103 o mare parte din libertatea lor polonezilor, care le-au insuflat curaj. \u00censu\u0219i cancelarul german Angela Merkel a recunoscut c\u0103 pr\u0103bu\u0219irea Zidului nu ar fi fost posibil\u0103 f\u0103r\u0103 evenimentele din Polonia.<\/p>\n<p>Fotografia de mai jos \u00eel arat\u0103 pe cancelarul german de atunci, Helmut Kohl, la Poarta Brandenburg, un simbol al p\u0103cii \u0219i libert\u0103\u021bii, pe care a trecut-o \u00eempreun\u0103 cu prim-ministrul est-german Hans Modrow, la 22 decembrie 1989, la scurt timp dup\u0103 ce a prezentat Bundestagului planul de reunificare a Germaniei.<\/p>\n<p>sursa:\u00a0<a class=\"ProfileHeaderCard-screennameLink u-linkComplex js-nav\" href=\"https:\/\/twitter.com\/carlbildt\">@<span class=\"u-linkComplex-target\">carlbildt<\/span><\/a>\/tt<\/p>\n<p><a href=\"https:\/\/marekkuchcinski.pl\/wp-content\/uploads\/2016\/10\/hk.jpg\"><img fetchpriority=\"high\" decoding=\"async\" class=\"alignnone wp-image-3899\" src=\"https:\/\/marekkuchcinski.pl\/wp-content\/uploads\/2016\/10\/hk.jpg\" alt=\"hk\" width=\"1003\" height=\"1003\" srcset=\"https:\/\/marekkuchcinski.pl\/wp-content\/uploads\/2016\/10\/hk.jpg 600w, https:\/\/marekkuchcinski.pl\/wp-content\/uploads\/2016\/10\/hk-150x150.jpg 150w, https:\/\/marekkuchcinski.pl\/wp-content\/uploads\/2016\/10\/hk-300x300.jpg 300w\" sizes=\"(max-width: 1003px) 100vw, 1003px\" \/><\/a><\/p>","protected":false},"excerpt":{"rendered":"<p>Trzeci\u00a0pa\u017adziernika w niemieckiej historii jest dat\u0105 szczeg\u00f3ln\u0105.\u00a0To najwa\u017cniejsze \u015bwi\u0119to narodowe, upami\u0119tniaj\u0105ce dzie\u0144 1990 r., w kt\u00f3rym to po 45 latach podzia\u0142u Niemiecka Republika Demokratyczna zjednoczy\u0142a si\u0119 z Republik\u0105 Federaln\u0105 Niemiec. Wschodnie Niemcy wyzwoli\u0142y si\u0119 ze szpon komunizmu p\u00f3\u017aniej ni\u017c Polska. Bez w\u0105tpienia to Polakom, kt\u00f3rzy natchn\u0119li ich do odwagi, w du\u017cej mierze zawdzi\u0119czaj\u0105 swoj\u0105 wolno\u015b\u0107. [&hellip;]<\/p>\n","protected":false},"author":6,"featured_media":3899,"comment_status":"open","ping_status":"open","sticky":false,"template":"","format":"standard","meta":{"ngg_post_thumbnail":0,"footnotes":""},"categories":[77,3],"tags":[],"class_list":["post-3898","post","type-post","status-publish","format-standard","has-post-thumbnail","hentry","category-wazne-daty","category-wydarzenia"],"_links":{"self":[{"href":"https:\/\/marekkuchcinski.pl\/ro\/wp-json\/wp\/v2\/posts\/3898","targetHints":{"allow":["GET"]}}],"collection":[{"href":"https:\/\/marekkuchcinski.pl\/ro\/wp-json\/wp\/v2\/posts"}],"about":[{"href":"https:\/\/marekkuchcinski.pl\/ro\/wp-json\/wp\/v2\/types\/post"}],"author":[{"embeddable":true,"href":"https:\/\/marekkuchcinski.pl\/ro\/wp-json\/wp\/v2\/users\/6"}],"replies":[{"embeddable":true,"href":"https:\/\/marekkuchcinski.pl\/ro\/wp-json\/wp\/v2\/comments?post=3898"}],"version-history":[{"count":9,"href":"https:\/\/marekkuchcinski.pl\/ro\/wp-json\/wp\/v2\/posts\/3898\/revisions"}],"predecessor-version":[{"id":3910,"href":"https:\/\/marekkuchcinski.pl\/ro\/wp-json\/wp\/v2\/posts\/3898\/revisions\/3910"}],"wp:featuredmedia":[{"embeddable":true,"href":"https:\/\/marekkuchcinski.pl\/ro\/wp-json\/wp\/v2\/media\/3899"}],"wp:attachment":[{"href":"https:\/\/marekkuchcinski.pl\/ro\/wp-json\/wp\/v2\/media?parent=3898"}],"wp:term":[{"taxonomy":"category","embeddable":true,"href":"https:\/\/marekkuchcinski.pl\/ro\/wp-json\/wp\/v2\/categories?post=3898"},{"taxonomy":"post_tag","embeddable":true,"href":"https:\/\/marekkuchcinski.pl\/ro\/wp-json\/wp\/v2\/tags?post=3898"}],"curies":[{"name":"wp","href":"https:\/\/api.w.org\/{rel}","templated":true}]}}