{"id":3779,"date":"2016-09-20T20:19:33","date_gmt":"2016-09-20T18:19:33","guid":{"rendered":"https:\/\/marekkuchcinski.pl\/?p=3779"},"modified":"2016-09-23T14:14:03","modified_gmt":"2016-09-23T12:14:03","slug":"20-wrzesnia","status":"publish","type":"post","link":"https:\/\/marekkuchcinski.pl\/ro\/wazne-daty\/20-wrzesnia\/","title":{"rendered":"20 septembrie, o zi de glorie polonez\u0103"},"content":{"rendered":"<p style=\"text-align: left;\">20 septembrie aminte\u0219te de zilele de glorie ale primei \u0219i celei de-a doua Republici. Ele au modelat oameni, istorie, identitate \u0219i patriotism. \u00cen 1580, cavaleria polonez\u0103 sub comanda<br \/>\nsub comanda prin\u021bului Janusz Zbaraski a zdrobit cavaleria rus\u0103.<strong> w\u00a0<\/strong><strong>b\u0103t\u0103lia de la Toropec<\/strong>. Cele mai bune steaguri ale romeilor regale au luat parte la ea. Husarii polonezi, care au fost crea\u021bi de Sejm-ul primei Republici printr-o rezolu\u021bie la \u00eenceputul secolului al XVI-lea, au f\u0103cut \u0219i ei o demonstra\u021bie spectaculoas\u0103 \u0219i au ie\u0219it victorio\u0219i. P\u00e2n\u0103 \u00een prezent, este considerat\u0103 una dintre cele mai remarcabile forma\u021biuni din istoria lumii.<\/p>\n<p style=\"text-align: left;\"><a href=\"https:\/\/marekkuchcinski.pl\/wp-content\/uploads\/2016\/09\/husaria.jpg\"><img fetchpriority=\"high\" decoding=\"async\" class=\"alignnone size-full wp-image-3780\" src=\"https:\/\/marekkuchcinski.pl\/wp-content\/uploads\/2016\/09\/husaria.jpg\" alt=\"husaria\" width=\"1920\" height=\"1152\" srcset=\"https:\/\/marekkuchcinski.pl\/wp-content\/uploads\/2016\/09\/husaria.jpg 1920w, https:\/\/marekkuchcinski.pl\/wp-content\/uploads\/2016\/09\/husaria-300x180.jpg 300w, https:\/\/marekkuchcinski.pl\/wp-content\/uploads\/2016\/09\/husaria-768x461.jpg 768w, https:\/\/marekkuchcinski.pl\/wp-content\/uploads\/2016\/09\/husaria-1024x614.jpg 1024w\" sizes=\"(max-width: 1920px) 100vw, 1920px\" \/><\/a><\/p>\n<p>\u00cen 1920, ren\u0103scutul stat polonez a dat o lovitur\u0103 decisiv\u0103 polono-bol\u0219evicilor. <strong>b\u0103t\u0103lia de la Niemen<\/strong>. Strategia comandantului-\u0219ef J\u00f3zef Pi\u0142sudski a fost caracterizat\u0103 de \u00eendr\u0103zneal\u0103, inova\u021bie \u0219i surprinderea inamicului.<\/p>\n<p><a href=\"https:\/\/marekkuchcinski.pl\/wp-content\/uploads\/2016\/09\/images.jpg\"><img decoding=\"async\" class=\"alignnone wp-image-3781\" src=\"https:\/\/marekkuchcinski.pl\/wp-content\/uploads\/2016\/09\/images.jpg\" alt=\"images\" width=\"654\" height=\"385\" \/><\/a><\/p>\n<p>\u00cen anul 1939, a fost \u00eenfiin\u021bat\u0103\u00a0<strong>ap\u0103rarea ora\u0219ului Grodno<\/strong>\u00a0\u00een fa\u021ba Armatei Ro\u0219ii care \u00eenainta.<strong>.<\/strong>\u00a0 Generalul W\u0142adys\u0142aw Sikorski, \u00een timpul unei inspec\u021bii a Diviziei a 6-a de infanterie \u00een URSS \u00een decembrie 1941, \u00eentr-o conversa\u021bie cu ap\u0103r\u0103torii supravie\u021buitori ai ora\u0219ului Grodno, a spus:\u00a0<em>Voi sunte\u021bi noii Eagles. Voi face tot posibilul pentru a m\u0103 asigura c\u0103 ora\u0219ul dumneavoastr\u0103 prime\u0219te\u00a0<\/em><em>Virtuti Militari<\/em><em>\u00a0<\/em><em>\u0219i titlul de Always Faithful<\/em>. B\u0103t\u0103liile soldatului polonez \u00een ap\u0103rarea ora\u0219ului Grodno \u00een cel de-al Doilea R\u0103zboi Mondial au fost comemorate dup\u0103 1990 pe Morm\u00e2ntul Soldatului Necunoscut din Var\u0219ovia, cu o inscrip\u021bie pe una dintre pl\u0103cu\u021be GRODNO 2 - 22 septembrie 1939.<\/p>\n<p><a href=\"https:\/\/marekkuchcinski.pl\/wp-content\/uploads\/2016\/09\/grodno1939.jpg\"><img decoding=\"async\" class=\"alignnone size-full wp-image-3782\" src=\"https:\/\/marekkuchcinski.pl\/wp-content\/uploads\/2016\/09\/grodno1939.jpg\" alt=\"grodno1939\" width=\"600\" height=\"292\" srcset=\"https:\/\/marekkuchcinski.pl\/wp-content\/uploads\/2016\/09\/grodno1939.jpg 600w, https:\/\/marekkuchcinski.pl\/wp-content\/uploads\/2016\/09\/grodno1939-300x146.jpg 300w\" sizes=\"(max-width: 600px) 100vw, 600px\" \/><\/a><\/p>\n<p>\u00cen aceast\u0103 zi, merit\u0103, de asemenea, s\u0103 ne amintim de cele dou\u0103 state baltice \u0219i de ascensiunea lor spre independen\u021b\u0103, care este o valoare la fel de mare pentru ele ca \u0219i pentru polonezi. La 20 septembrie 1992, \u00een Estonia au avut loc primele alegeri libere dup\u0103 pr\u0103bu\u0219irea URSS. \u00cen 2003, cet\u0103\u021benii letoni au votat \u00een cadrul unui referendum pentru aderarea la Uniunea European\u0103.<\/p>\n<p>La 21 septembrie 1991, cet\u0103\u021benii Armeniei au decis, prin referendum, s\u0103 se desprind\u0103 de URSS.<\/p>","protected":false},"excerpt":{"rendered":"<p>20 wrze\u015bnia przypomina o dniach chwa\u0142y I i II Rzeczpospolitej. Kszta\u0142towa\u0142y one ludzi, histori\u0119, to\u017csamo\u015b\u0107, patriotyzm. W 1580\u00a0r. polska jazda pod dow\u00f3dztwem ksi\u0119cia\u00a0Janusza Zbaraskiego\u00a0rozbi\u0142a kawaleri\u0119 rosyjsk\u0105 w\u00a0bitwie pod Toropcem. Wzi\u0119\u0142y w niej udzia\u0142 najlepsze\u00a0chor\u0105gwie\u00a0rotmistrz\u00f3w\u00a0kr\u00f3lewskich. Husaria polska, kt\u00f3r\u0105\u00a0Sejm I Rzeczpospolitej powo\u0142a\u0142 do \u017cycia uchwal\u0105 na pocz\u0105tku XVI wieku, r\u00f3wnie\u017c wtedy da\u0142a spektakularny popis i odnios\u0142a zwyci\u0119stwo. [&hellip;]<\/p>","protected":false},"author":6,"featured_media":3780,"comment_status":"open","ping_status":"open","sticky":false,"template":"","format":"standard","meta":{"ngg_post_thumbnail":0,"footnotes":""},"categories":[77],"tags":[],"class_list":["post-3779","post","type-post","status-publish","format-standard","has-post-thumbnail","hentry","category-wazne-daty"],"yoast_head":"<!-- This site is optimized with the Yoast SEO plugin v24.7 - https:\/\/yoast.com\/wordpress\/plugins\/seo\/ -->\n<title>20 wrze\u015bnia dniem polskiej chwa\u0142y &#8211; Marek Kuchci\u0144ski<\/title>\n<meta name=\"robots\" content=\"index, follow, max-snippet:-1, max-image-preview:large, max-video-preview:-1\" \/>\n<link rel=\"canonical\" href=\"https:\/\/marekkuchcinski.pl\/ro\/wazne-daty\/20-wrzesnia\/\" \/>\n<meta property=\"og:locale\" content=\"ro_RO\" \/>\n<meta property=\"og:type\" content=\"article\" \/>\n<meta property=\"og:title\" content=\"20 wrze\u015bnia dniem polskiej chwa\u0142y &#8211; Marek Kuchci\u0144ski\" \/>\n<meta property=\"og:description\" content=\"20 wrze\u015bnia przypomina o dniach chwa\u0142y I i II Rzeczpospolitej. Kszta\u0142towa\u0142y one ludzi, histori\u0119, to\u017csamo\u015b\u0107, patriotyzm. W 1580\u00a0r. polska jazda pod dow\u00f3dztwem ksi\u0119cia\u00a0Janusza Zbaraskiego\u00a0rozbi\u0142a kawaleri\u0119 rosyjsk\u0105 w\u00a0bitwie pod Toropcem. Wzi\u0119\u0142y w niej udzia\u0142 najlepsze\u00a0chor\u0105gwie\u00a0rotmistrz\u00f3w\u00a0kr\u00f3lewskich. Husaria polska, kt\u00f3r\u0105\u00a0Sejm I Rzeczpospolitej powo\u0142a\u0142 do \u017cycia uchwal\u0105 na pocz\u0105tku XVI wieku, r\u00f3wnie\u017c wtedy da\u0142a spektakularny popis i odnios\u0142a zwyci\u0119stwo. [&hellip;]\" \/>\n<meta property=\"og:url\" content=\"https:\/\/marekkuchcinski.pl\/ro\/wazne-daty\/20-wrzesnia\/\" \/>\n<meta property=\"og:site_name\" content=\"Marek Kuchci\u0144ski\" \/>\n<meta property=\"article:published_time\" content=\"2016-09-20T18:19:33+00:00\" \/>\n<meta property=\"article:modified_time\" content=\"2016-09-23T12:14:03+00:00\" \/>\n<meta property=\"og:image\" content=\"https:\/\/marekkuchcinski.pl\/wp-content\/uploads\/2016\/09\/husaria.jpg\" \/>\n\t<meta property=\"og:image:width\" content=\"1920\" \/>\n\t<meta property=\"og:image:height\" content=\"1152\" \/>\n\t<meta property=\"og:image:type\" content=\"image\/jpeg\" \/>\n<meta name=\"author\" content=\"admin\" \/>\n<meta name=\"twitter:card\" content=\"summary_large_image\" \/>\n<meta name=\"twitter:label1\" content=\"Scris de\" \/>\n\t<meta name=\"twitter:data1\" content=\"admin\" \/>\n\t<meta name=\"twitter:label2\" content=\"Timp estimat pentru citire\" \/>\n\t<meta name=\"twitter:data2\" content=\"1 minute\" \/>\n<script type=\"application\/ld+json\" class=\"yoast-schema-graph\">{\"@context\":\"https:\/\/schema.org\",\"@graph\":[{\"@type\":\"Article\",\"@id\":\"https:\/\/marekkuchcinski.pl\/wazne-daty\/20-wrzesnia\/#article\",\"isPartOf\":{\"@id\":\"https:\/\/marekkuchcinski.pl\/wazne-daty\/20-wrzesnia\/\"},\"author\":{\"name\":\"admin\",\"@id\":\"https:\/\/marekkuchcinski.pl\/#\/schema\/person\/6f62700996b4d950b6ea2d1183b6c6be\"},\"headline\":\"20 wrze\u015bnia dniem polskiej chwa\u0142y\",\"datePublished\":\"2016-09-20T18:19:33+00:00\",\"dateModified\":\"2016-09-23T12:14:03+00:00\",\"mainEntityOfPage\":{\"@id\":\"https:\/\/marekkuchcinski.pl\/wazne-daty\/20-wrzesnia\/\"},\"wordCount\":291,\"commentCount\":0,\"publisher\":{\"@id\":\"https:\/\/marekkuchcinski.pl\/#organization\"},\"image\":{\"@id\":\"https:\/\/marekkuchcinski.pl\/wazne-daty\/20-wrzesnia\/#primaryimage\"},\"thumbnailUrl\":\"https:\/\/marekkuchcinski.pl\/wp-content\/uploads\/2016\/09\/husaria.jpg\",\"articleSection\":[\"Wa\u017cne daty\"],\"inLanguage\":\"ro-RO\",\"potentialAction\":[{\"@type\":\"CommentAction\",\"name\":\"Comment\",\"target\":[\"https:\/\/marekkuchcinski.pl\/wazne-daty\/20-wrzesnia\/#respond\"]}]},{\"@type\":\"WebPage\",\"@id\":\"https:\/\/marekkuchcinski.pl\/wazne-daty\/20-wrzesnia\/\",\"url\":\"https:\/\/marekkuchcinski.pl\/wazne-daty\/20-wrzesnia\/\",\"name\":\"20 wrze\u015bnia dniem polskiej chwa\u0142y &#8211; Marek Kuchci\u0144ski\",\"isPartOf\":{\"@id\":\"https:\/\/marekkuchcinski.pl\/#website\"},\"primaryImageOfPage\":{\"@id\":\"https:\/\/marekkuchcinski.pl\/wazne-daty\/20-wrzesnia\/#primaryimage\"},\"image\":{\"@id\":\"https:\/\/marekkuchcinski.pl\/wazne-daty\/20-wrzesnia\/#primaryimage\"},\"thumbnailUrl\":\"https:\/\/marekkuchcinski.pl\/wp-content\/uploads\/2016\/09\/husaria.jpg\",\"datePublished\":\"2016-09-20T18:19:33+00:00\",\"dateModified\":\"2016-09-23T12:14:03+00:00\",\"breadcrumb\":{\"@id\":\"https:\/\/marekkuchcinski.pl\/wazne-daty\/20-wrzesnia\/#breadcrumb\"},\"inLanguage\":\"ro-RO\",\"potentialAction\":[{\"@type\":\"ReadAction\",\"target\":[\"https:\/\/marekkuchcinski.pl\/wazne-daty\/20-wrzesnia\/\"]}]},{\"@type\":\"ImageObject\",\"inLanguage\":\"ro-RO\",\"@id\":\"https:\/\/marekkuchcinski.pl\/wazne-daty\/20-wrzesnia\/#primaryimage\",\"url\":\"https:\/\/marekkuchcinski.pl\/wp-content\/uploads\/2016\/09\/husaria.jpg\",\"contentUrl\":\"https:\/\/marekkuchcinski.pl\/wp-content\/uploads\/2016\/09\/husaria.jpg\",\"width\":1920,\"height\":1152},{\"@type\":\"BreadcrumbList\",\"@id\":\"https:\/\/marekkuchcinski.pl\/wazne-daty\/20-wrzesnia\/#breadcrumb\",\"itemListElement\":[{\"@type\":\"ListItem\",\"position\":1,\"name\":\"Strona g\u0142\u00f3wna\",\"item\":\"https:\/\/marekkuchcinski.pl\/\"},{\"@type\":\"ListItem\",\"position\":2,\"name\":\"20 wrze\u015bnia dniem polskiej chwa\u0142y\"}]},{\"@type\":\"WebSite\",\"@id\":\"https:\/\/marekkuchcinski.pl\/#website\",\"url\":\"https:\/\/marekkuchcinski.pl\/\",\"name\":\"Marek Kuchci\u0144ski\",\"description\":\"Pose\u0142 na sejm RP &ndash; okr\u0119g nr 22\",\"publisher\":{\"@id\":\"https:\/\/marekkuchcinski.pl\/#organization\"},\"potentialAction\":[{\"@type\":\"SearchAction\",\"target\":{\"@type\":\"EntryPoint\",\"urlTemplate\":\"https:\/\/marekkuchcinski.pl\/?s={search_term_string}\"},\"query-input\":{\"@type\":\"PropertyValueSpecification\",\"valueRequired\":true,\"valueName\":\"search_term_string\"}}],\"inLanguage\":\"ro-RO\"},{\"@type\":\"Organization\",\"@id\":\"https:\/\/marekkuchcinski.pl\/#organization\",\"name\":\"Marek Kuchci\u0144ski\",\"url\":\"https:\/\/marekkuchcinski.pl\/\",\"logo\":{\"@type\":\"ImageObject\",\"inLanguage\":\"ro-RO\",\"@id\":\"https:\/\/marekkuchcinski.pl\/#\/schema\/logo\/image\/\",\"url\":\"https:\/\/marekkuchcinski.pl\/wp-content\/uploads\/2022\/09\/Marek.jpg\",\"contentUrl\":\"https:\/\/marekkuchcinski.pl\/wp-content\/uploads\/2022\/09\/Marek.jpg\",\"width\":1600,\"height\":971,\"caption\":\"Marek Kuchci\u0144ski\"},\"image\":{\"@id\":\"https:\/\/marekkuchcinski.pl\/#\/schema\/logo\/image\/\"}},{\"@type\":\"Person\",\"@id\":\"https:\/\/marekkuchcinski.pl\/#\/schema\/person\/6f62700996b4d950b6ea2d1183b6c6be\",\"name\":\"admin\",\"image\":{\"@type\":\"ImageObject\",\"inLanguage\":\"ro-RO\",\"@id\":\"https:\/\/marekkuchcinski.pl\/#\/schema\/person\/image\/\",\"url\":\"https:\/\/secure.gravatar.com\/avatar\/4bab693b9d55c3d6b52c0296a8765085?s=96&d=mm&r=g\",\"contentUrl\":\"https:\/\/secure.gravatar.com\/avatar\/4bab693b9d55c3d6b52c0296a8765085?s=96&d=mm&r=g\",\"caption\":\"admin\"},\"url\":\"https:\/\/marekkuchcinski.pl\/ro\/author\/marta-olejnik\/\"}]}<\/script>\n<!-- \/ Yoast SEO plugin. -->","yoast_head_json":{"title":"20 wrze\u015bnia dniem polskiej chwa\u0142y &#8211; Marek Kuchci\u0144ski","robots":{"index":"index","follow":"follow","max-snippet":"max-snippet:-1","max-image-preview":"max-image-preview:large","max-video-preview":"max-video-preview:-1"},"canonical":"https:\/\/marekkuchcinski.pl\/ro\/wazne-daty\/20-wrzesnia\/","og_locale":"ro_RO","og_type":"article","og_title":"20 wrze\u015bnia dniem polskiej chwa\u0142y &#8211; Marek Kuchci\u0144ski","og_description":"20 wrze\u015bnia przypomina o dniach chwa\u0142y I i II Rzeczpospolitej. Kszta\u0142towa\u0142y one ludzi, histori\u0119, to\u017csamo\u015b\u0107, patriotyzm. W 1580\u00a0r. polska jazda pod dow\u00f3dztwem ksi\u0119cia\u00a0Janusza Zbaraskiego\u00a0rozbi\u0142a kawaleri\u0119 rosyjsk\u0105 w\u00a0bitwie pod Toropcem. Wzi\u0119\u0142y w niej udzia\u0142 najlepsze\u00a0chor\u0105gwie\u00a0rotmistrz\u00f3w\u00a0kr\u00f3lewskich. Husaria polska, kt\u00f3r\u0105\u00a0Sejm I Rzeczpospolitej powo\u0142a\u0142 do \u017cycia uchwal\u0105 na pocz\u0105tku XVI wieku, r\u00f3wnie\u017c wtedy da\u0142a spektakularny popis i odnios\u0142a zwyci\u0119stwo. [&hellip;]","og_url":"https:\/\/marekkuchcinski.pl\/ro\/wazne-daty\/20-wrzesnia\/","og_site_name":"Marek Kuchci\u0144ski","article_published_time":"2016-09-20T18:19:33+00:00","article_modified_time":"2016-09-23T12:14:03+00:00","og_image":[{"width":1920,"height":1152,"url":"https:\/\/marekkuchcinski.pl\/wp-content\/uploads\/2016\/09\/husaria.jpg","type":"image\/jpeg"}],"author":"admin","twitter_card":"summary_large_image","twitter_misc":{"Scris de":"admin","Timp estimat pentru citire":"1 minute"},"schema":{"@context":"https:\/\/schema.org","@graph":[{"@type":"Article","@id":"https:\/\/marekkuchcinski.pl\/wazne-daty\/20-wrzesnia\/#article","isPartOf":{"@id":"https:\/\/marekkuchcinski.pl\/wazne-daty\/20-wrzesnia\/"},"author":{"name":"admin","@id":"https:\/\/marekkuchcinski.pl\/#\/schema\/person\/6f62700996b4d950b6ea2d1183b6c6be"},"headline":"20 wrze\u015bnia dniem polskiej chwa\u0142y","datePublished":"2016-09-20T18:19:33+00:00","dateModified":"2016-09-23T12:14:03+00:00","mainEntityOfPage":{"@id":"https:\/\/marekkuchcinski.pl\/wazne-daty\/20-wrzesnia\/"},"wordCount":291,"commentCount":0,"publisher":{"@id":"https:\/\/marekkuchcinski.pl\/#organization"},"image":{"@id":"https:\/\/marekkuchcinski.pl\/wazne-daty\/20-wrzesnia\/#primaryimage"},"thumbnailUrl":"https:\/\/marekkuchcinski.pl\/wp-content\/uploads\/2016\/09\/husaria.jpg","articleSection":["Wa\u017cne daty"],"inLanguage":"ro-RO","potentialAction":[{"@type":"CommentAction","name":"Comment","target":["https:\/\/marekkuchcinski.pl\/wazne-daty\/20-wrzesnia\/#respond"]}]},{"@type":"WebPage","@id":"https:\/\/marekkuchcinski.pl\/wazne-daty\/20-wrzesnia\/","url":"https:\/\/marekkuchcinski.pl\/wazne-daty\/20-wrzesnia\/","name":"20 wrze\u015bnia dniem polskiej chwa\u0142y &#8211; Marek Kuchci\u0144ski","isPartOf":{"@id":"https:\/\/marekkuchcinski.pl\/#website"},"primaryImageOfPage":{"@id":"https:\/\/marekkuchcinski.pl\/wazne-daty\/20-wrzesnia\/#primaryimage"},"image":{"@id":"https:\/\/marekkuchcinski.pl\/wazne-daty\/20-wrzesnia\/#primaryimage"},"thumbnailUrl":"https:\/\/marekkuchcinski.pl\/wp-content\/uploads\/2016\/09\/husaria.jpg","datePublished":"2016-09-20T18:19:33+00:00","dateModified":"2016-09-23T12:14:03+00:00","breadcrumb":{"@id":"https:\/\/marekkuchcinski.pl\/wazne-daty\/20-wrzesnia\/#breadcrumb"},"inLanguage":"ro-RO","potentialAction":[{"@type":"ReadAction","target":["https:\/\/marekkuchcinski.pl\/wazne-daty\/20-wrzesnia\/"]}]},{"@type":"ImageObject","inLanguage":"ro-RO","@id":"https:\/\/marekkuchcinski.pl\/wazne-daty\/20-wrzesnia\/#primaryimage","url":"https:\/\/marekkuchcinski.pl\/wp-content\/uploads\/2016\/09\/husaria.jpg","contentUrl":"https:\/\/marekkuchcinski.pl\/wp-content\/uploads\/2016\/09\/husaria.jpg","width":1920,"height":1152},{"@type":"BreadcrumbList","@id":"https:\/\/marekkuchcinski.pl\/wazne-daty\/20-wrzesnia\/#breadcrumb","itemListElement":[{"@type":"ListItem","position":1,"name":"Strona g\u0142\u00f3wna","item":"https:\/\/marekkuchcinski.pl\/"},{"@type":"ListItem","position":2,"name":"20 wrze\u015bnia dniem polskiej chwa\u0142y"}]},{"@type":"WebSite","@id":"https:\/\/marekkuchcinski.pl\/#website","url":"https:\/\/marekkuchcinski.pl\/","name":"Marek Kuchci\u0144ski","description":"Pose\u0142 na sejm RP &ndash; okr\u0119g nr 22","publisher":{"@id":"https:\/\/marekkuchcinski.pl\/#organization"},"potentialAction":[{"@type":"SearchAction","target":{"@type":"EntryPoint","urlTemplate":"https:\/\/marekkuchcinski.pl\/?s={search_term_string}"},"query-input":{"@type":"PropertyValueSpecification","valueRequired":true,"valueName":"search_term_string"}}],"inLanguage":"ro-RO"},{"@type":"Organization","@id":"https:\/\/marekkuchcinski.pl\/#organization","name":"Marek Kuchci\u0144ski","url":"https:\/\/marekkuchcinski.pl\/","logo":{"@type":"ImageObject","inLanguage":"ro-RO","@id":"https:\/\/marekkuchcinski.pl\/#\/schema\/logo\/image\/","url":"https:\/\/marekkuchcinski.pl\/wp-content\/uploads\/2022\/09\/Marek.jpg","contentUrl":"https:\/\/marekkuchcinski.pl\/wp-content\/uploads\/2022\/09\/Marek.jpg","width":1600,"height":971,"caption":"Marek Kuchci\u0144ski"},"image":{"@id":"https:\/\/marekkuchcinski.pl\/#\/schema\/logo\/image\/"}},{"@type":"Person","@id":"https:\/\/marekkuchcinski.pl\/#\/schema\/person\/6f62700996b4d950b6ea2d1183b6c6be","name":"admin","image":{"@type":"ImageObject","inLanguage":"ro-RO","@id":"https:\/\/marekkuchcinski.pl\/#\/schema\/person\/image\/","url":"https:\/\/secure.gravatar.com\/avatar\/4bab693b9d55c3d6b52c0296a8765085?s=96&d=mm&r=g","contentUrl":"https:\/\/secure.gravatar.com\/avatar\/4bab693b9d55c3d6b52c0296a8765085?s=96&d=mm&r=g","caption":"admin"},"url":"https:\/\/marekkuchcinski.pl\/ro\/author\/marta-olejnik\/"}]}},"_links":{"self":[{"href":"https:\/\/marekkuchcinski.pl\/ro\/wp-json\/wp\/v2\/posts\/3779","targetHints":{"allow":["GET"]}}],"collection":[{"href":"https:\/\/marekkuchcinski.pl\/ro\/wp-json\/wp\/v2\/posts"}],"about":[{"href":"https:\/\/marekkuchcinski.pl\/ro\/wp-json\/wp\/v2\/types\/post"}],"author":[{"embeddable":true,"href":"https:\/\/marekkuchcinski.pl\/ro\/wp-json\/wp\/v2\/users\/6"}],"replies":[{"embeddable":true,"href":"https:\/\/marekkuchcinski.pl\/ro\/wp-json\/wp\/v2\/comments?post=3779"}],"version-history":[{"count":6,"href":"https:\/\/marekkuchcinski.pl\/ro\/wp-json\/wp\/v2\/posts\/3779\/revisions"}],"predecessor-version":[{"id":3842,"href":"https:\/\/marekkuchcinski.pl\/ro\/wp-json\/wp\/v2\/posts\/3779\/revisions\/3842"}],"wp:featuredmedia":[{"embeddable":true,"href":"https:\/\/marekkuchcinski.pl\/ro\/wp-json\/wp\/v2\/media\/3780"}],"wp:attachment":[{"href":"https:\/\/marekkuchcinski.pl\/ro\/wp-json\/wp\/v2\/media?parent=3779"}],"wp:term":[{"taxonomy":"category","embeddable":true,"href":"https:\/\/marekkuchcinski.pl\/ro\/wp-json\/wp\/v2\/categories?post=3779"},{"taxonomy":"post_tag","embeddable":true,"href":"https:\/\/marekkuchcinski.pl\/ro\/wp-json\/wp\/v2\/tags?post=3779"}],"curies":[{"name":"wp","href":"https:\/\/api.w.org\/{rel}","templated":true}]}}