{"id":3723,"date":"2016-09-14T16:05:47","date_gmt":"2016-09-14T14:05:47","guid":{"rendered":"https:\/\/marekkuchcinski.pl\/?p=3723"},"modified":"2016-09-14T16:07:16","modified_gmt":"2016-09-14T14:07:16","slug":"25-posiedzenie-sejmu-dzien-drugi","status":"publish","type":"post","link":"https:\/\/marekkuchcinski.pl\/ro\/wiesci-z-sejmu\/25-posiedzenie-sejmu-dzien-drugi\/","title":{"rendered":"A 25-a \u0219edin\u021b\u0103 a Sejm-ului, a doua zi"},"content":{"rendered":"<p>\u00cen a doua zi a celei de-a 25-a \u0219edin\u021be a Sejm-ului, prin decizia deputa\u021bilor:<\/p>\n<ul>\n<li>\u0218coala Na\u021bional\u0103 de Administra\u021bie Public\u0103 va purta numele pre\u0219edintelui Lech Kaczy\u0144ski,<\/li>\n<\/ul>\n<ul>\n<li>Normele existente privind a\u0219a-numitele Janosikowe, adic\u0103 fondurile transferate de voievodatele mai bogate c\u0103tre cele mai s\u0103race pentru voievodate, vor r\u0103m\u00e2ne \u00een vigoare \u00eenc\u0103 trei ani,<\/li>\n<\/ul>\n<ul>\n<li>a fost adoptat\u0103 o modificare a Legii privind func\u021bionarea mineritului de huil\u0103 \u0219i a altor acte,<\/li>\n<\/ul>\n<ul>\n<li>au fost aduse modific\u0103ri la Legea privind func\u021bionarea industriei miniere de c\u0103rbune,<\/li>\n<\/ul>\n<ul>\n<li>Pre\u0219edintele Biroului de Comunica\u021bii Electronice este Marcin Cichy.<\/li>\n<\/ul>\n<ul>\n<li>De asemenea, a fost adoptat un amendament la Legea privind siguran\u021ba alimentar\u0103 \u0219i nutri\u021bional\u0103. Modific\u0103rile sunt de natur\u0103 tehnic\u0103 \u0219i organizatoric\u0103. Dispozi\u021biile propuse sunt menite s\u0103 elimine practicile comerciale neloiale \u00eentre cump\u0103r\u0103torii \u0219i produc\u0103torii de produse agroalimentare \u00een fiecare etap\u0103 a lan\u021bului de aprovizionare.<\/li>\n<\/ul>","protected":false},"excerpt":{"rendered":"<p>Drugiego dnia 25. posiedzenia Sejmu decyzj\u0105 pos\u0142\u00f3w: Krajowa Szko\u0142a Administracji Publicznej b\u0119dzie nosi\u0107 imi\u0119 Prezydenta RP Lecha Kaczy\u0144skiego, dotychczasowe zasady dotycz\u0105ce tzw. janosikowego, czyli \u015brodk\u00f3w przekazywanych przez bogatsze wojew\u00f3dztwa na rzecz ubo\u017cszych dla wojew\u00f3dztw b\u0119d\u0105 obowi\u0105zywa\u0107 przez kolejne 3 lata, uchwalono nowelizacj\u0119 ustawy o funkcjonowaniu g\u00f3rnictwa w\u0119gla kamiennego oraz niekt\u00f3rych innych ustaw, wprowadzono zmiany w [&hellip;]<\/p>\n","protected":false},"author":6,"featured_media":0,"comment_status":"open","ping_status":"open","sticky":false,"template":"","format":"standard","meta":{"ngg_post_thumbnail":0,"footnotes":""},"categories":[81],"tags":[],"class_list":["post-3723","post","type-post","status-publish","format-standard","hentry","category-wiesci-z-sejmu"],"_links":{"self":[{"href":"https:\/\/marekkuchcinski.pl\/ro\/wp-json\/wp\/v2\/posts\/3723","targetHints":{"allow":["GET"]}}],"collection":[{"href":"https:\/\/marekkuchcinski.pl\/ro\/wp-json\/wp\/v2\/posts"}],"about":[{"href":"https:\/\/marekkuchcinski.pl\/ro\/wp-json\/wp\/v2\/types\/post"}],"author":[{"embeddable":true,"href":"https:\/\/marekkuchcinski.pl\/ro\/wp-json\/wp\/v2\/users\/6"}],"replies":[{"embeddable":true,"href":"https:\/\/marekkuchcinski.pl\/ro\/wp-json\/wp\/v2\/comments?post=3723"}],"version-history":[{"count":2,"href":"https:\/\/marekkuchcinski.pl\/ro\/wp-json\/wp\/v2\/posts\/3723\/revisions"}],"predecessor-version":[{"id":3725,"href":"https:\/\/marekkuchcinski.pl\/ro\/wp-json\/wp\/v2\/posts\/3723\/revisions\/3725"}],"wp:attachment":[{"href":"https:\/\/marekkuchcinski.pl\/ro\/wp-json\/wp\/v2\/media?parent=3723"}],"wp:term":[{"taxonomy":"category","embeddable":true,"href":"https:\/\/marekkuchcinski.pl\/ro\/wp-json\/wp\/v2\/categories?post=3723"},{"taxonomy":"post_tag","embeddable":true,"href":"https:\/\/marekkuchcinski.pl\/ro\/wp-json\/wp\/v2\/tags?post=3723"}],"curies":[{"name":"wp","href":"https:\/\/api.w.org\/{rel}","templated":true}]}}