{"id":3575,"date":"2016-09-02T15:14:57","date_gmt":"2016-09-02T13:14:57","guid":{"rendered":"https:\/\/marekkuchcinski.pl\/?p=3575"},"modified":"2016-10-03T16:55:31","modified_gmt":"2016-10-03T14:55:31","slug":"sprawozdanie-z-udzielania-porad-prawnych-w-okresie-od-01-08-2016-31-08-2016","status":"publish","type":"post","link":"https:\/\/marekkuchcinski.pl\/ro\/podkarpacie\/biuro-interwencji-i-porad-pis\/sprawozdanie-z-udzielania-porad-prawnych-w-okresie-od-01-08-2016-31-08-2016\/","title":{"rendered":"Raport privind acordarea de consultan\u021b\u0103 juridic\u0103 \u00een perioada 01.08.2016 - 31.08.2016"},"content":{"rendered":"<p>Biroul de Interven\u021bie \u0219i Consiliere PIS din Przemy\u015bl la Biroul Parlamentar al Pre\u0219edintelui Sejm Marek Kuchci\u0144ski din Przemy\u015bl \u00een perioada <strong>01.08.2016 - 31.08.2016.<\/strong> a oferit consultan\u021b\u0103 juridic\u0103 cu privire la chestiuni legate de urm\u0103toarele subiecte:<\/p>\n<ol>\n<li>dreptul penal \u0219i dreptul penal;<\/li>\n<li>domeniul general de aplicare al dreptului civil;<\/li>\n<li>dreptul familiei;<\/li>\n<li>dreptul administrativ;<\/li>\n<li>dreptul muncii \u0219i al securit\u0103\u021bii sociale.<\/li>\n<\/ol>\n<p>Biroul a fost vizitat \u00een principal de persoane din ora\u0219ul Przemy\u015bl \u0219i din poviatul Przemy\u015bl, dar au fost \u0219i persoane care aveau nevoie de ajutor din alte poviaturi din voievodatul Podkarpackie.<\/p>\n<p>Av\u00e2nd \u00een vedere cele de mai sus, sfatul \u00een cauz\u0103:<\/p>\n<p><strong>Re 1. Din domeniul dreptului penal \u0219i al infrac\u021biunilor penale:<\/strong><\/p>\n<ul>\n<li>pl\u00e2ngere \u00eempotriva refuzului de a deschide o anchet\u0103;<\/li>\n<li>preg\u0103tirea unei ap\u0103r\u0103ri privind infrac\u021biunea de omisiune de supraveghere a unui animal de cre\u0219tere;<\/li>\n<li>elementele de fond ale infrac\u021biunii de abuz \u0219i m\u0103surile de protec\u021bie disponibile;<\/li>\n<li>recurs \u00een casa\u021bie introdus de Ministrul Justi\u021biei - Procurorul General;<\/li>\n<li>s\u0103 \u00eentocmeasc\u0103 o cerere de motivare a hot\u0103r\u00e2rii;<\/li>\n<li>procedura obi\u0219nuit\u0103 \u00een fa\u021ba Tribunalului de Prim\u0103 Instan\u021b\u0103;<\/li>\n<li>numirea unui ap\u0103r\u0103tor din oficiu;<\/li>\n<\/ul>\n<p><strong>\u00a0<\/strong><strong>Re 2. Din dreptul civil general:<\/strong><\/p>\n<ul>\n<li>posibilitatea ca un vecin s\u0103 taie crengile suspendate;<\/li>\n<li>anularea arieratelor \u00een cazul datoriilor private;<\/li>\n<li>scutirea de la plata cheltuielilor de judecat\u0103 pe motiv de dificult\u0103\u021bi financiare;<\/li>\n<li>legitimitatea procedurilor de executare;<\/li>\n<li>comportament;<\/li>\n<li>probleme de \u00eenchiriere \u00een cazul unui proprietar privat;<\/li>\n<li>o ac\u021biune \u00een constatarea lipsei de for\u021b\u0103 executorie a titlului executoriu;<\/li>\n<li>\u00een func\u021bie;<\/li>\n<li>\u00eenfiin\u021barea unui drum necesar;<\/li>\n<li>\u00eenc\u0103lcarea drepturilor de proprietate;<\/li>\n<li>pentru a remedia deficien\u021bele formale ale cererii;<\/li>\n<li>preaviz de 3 ani de reziliere a contractului de \u00eenchiriere<\/li>\n<\/ul>\n<p><strong>Ad 3. Cu privire la dreptul familiei:<\/strong><\/p>\n<ul>\n<li>reducerea cheltuielilor de \u00eentre\u021binere,<\/li>\n<li>\u00eencetarea obliga\u021biei de \u00eentre\u021binere;<\/li>\n<li>cre\u0219terea pensiei alimentare;<\/li>\n<li>\u00eemp\u0103r\u021birea bunurilor;<\/li>\n<li>s\u0103 emit\u0103 o hot\u0103r\u00e2re \u00een lips\u0103 \u00een cazul \u00een care p\u00e2r\u00e2tul nu se prezint\u0103 \u00eentr-un caz de negare a paternit\u0103\u021bii;<\/li>\n<\/ul>\n<p>&nbsp;<\/p>\n<p><strong>Ad 4. Cu privire la dreptul administrativ:<\/strong><\/p>\n<ul>\n<li>nulitatea hot\u0103r\u00e2rilor adun\u0103rii s\u0103te\u0219ti;<\/li>\n<li>\u0219tergerea arieratelor fiscale \u00een temeiul articolului 67a din Ordonan\u021ba privind impozitele;<\/li>\n<li>scutirea de la plata taxelor municipale din cauza unor circumstan\u021be personale \u0219i materiale;<\/li>\n<li>anularea arieratelor de subscriere;<\/li>\n<li>anularea \u00eenregistr\u0103rii prin decizie administrativ\u0103;<\/li>\n<li>compensa\u021bii pentru proprietatea de la Bug River;<\/li>\n<li>\u00eendep\u0103rtarea semnului rutier;<\/li>\n<li>transferul de bunuri imobile;<\/li>\n<\/ul>\n<p><strong>Ad. 5 privind dreptul muncii \u0219i securitatea social\u0103:<\/strong><\/p>\n<ul>\n<li>pensie special\u0103;<\/li>\n<li>efectuarea unei declara\u021bii defectuoase de inten\u021bie de \u00eencetare de comun acord a contractului de munc\u0103;<\/li>\n<li>o obiec\u021bie la decizia comisiei medicale;<\/li>\n<li>o cale de atac \u00eempotriva unei decizii privind pensia;<\/li>\n<li>Contesta\u021bie \u00eempotriva unei decizii privind o pensie agricol\u0103;<\/li>\n<li>c\u0103i de atac \u00eempotriva deciziilor privind pierderea statutului de \u0219omer<\/li>\n<\/ul>\n<p>Persoanele care se adreseaz\u0103 Biroului de Interven\u021bie \u0219i Consiliere \u00een domeniul Dreptului \u0219i Justi\u021biei ridic\u0103 adesea problema crengilor care surp\u0103 terenul vecin, solicit\u00e2nd asisten\u021b\u0103 \u00een aceast\u0103 privin\u021b\u0103. Este important s\u0103 v\u0103 cunoa\u0219te\u021bi drepturile \u00een aceast\u0103 privin\u021b\u0103. \u00cen conformitate cu articolul 150 din Codul civil, un proprietar de teren poate t\u0103ia \u0219i p\u0103stra pentru sine r\u0103d\u0103cini care trec de pe terenul vecin. Acela\u0219i lucru este valabil \u0219i \u00een cazul crengilor \u0219i fructelor care at\u00e2rn\u0103 de pe terenul vecin; totu\u0219i, \u00een acest caz, proprietarul ar trebui s\u0103 acorde vecinului o perioad\u0103 de timp rezonabil\u0103 \u00een avans pentru a le \u00eendep\u0103rta.<\/p>\n<p>Dup\u0103 cum se poate observa din cele de mai sus, atunci c\u00e2nd exist\u0103 crengi care at\u00e2rn\u0103 spre noi de pe terenurile vecine, indiferent dac\u0103 ne deranjeaz\u0103 sau nu, avem op\u021biunea de a le t\u0103ia. Singura cerin\u021b\u0103 este s\u0103 \u00eei d\u0103m \u00een prealabil vecinului nostru un termen limit\u0103 pentru a le \u00eendep\u0103rta el \u00eensu\u0219i. \u00cen cazul \u00een care vecinul nu face acest lucru, putem s\u0103 le t\u0103iem \u00een conformitate cu prevederile Legii privind conservarea naturii, adic\u0103 ramurile pot fi t\u0103iate \u00een urm\u0103toarea m\u0103sur\u0103 <strong>nu mai mult de 30% de coroan\u0103 care s-a dezvoltat de-a lungul dezvolt\u0103rii arborelui<\/strong>. Dep\u0103\u0219irea standardului de mai sus ar putea duce la deteriorarea copacului \u0219i, prin urmare, v\u0103 expune la r\u0103spundere pentru daune. Cele de mai sus nu se aplic\u0103 \u00een cazul \u00eendep\u0103rt\u0103rii ramurilor moarte sau rupte.<\/p>\n<p>Cu toate acestea, \u00een cazul \u00een care vecinii reclam\u0103, ca m\u0103sur\u0103 de precau\u021bie, se poate lua o ac\u021biune \u00een justi\u021bie \u00eempotriva lor pentru c\u0103 nu \u00eempiedic\u0103 t\u0103ierea ramurii.<\/p>\n<p>Cu toate acestea, problema pensiilor speciale acordate de pre\u0219edintele Consiliului de Mini\u0219tri \u00een cazuri justificate, \u00een alte condi\u021bii \u0219i \u00een alt cuantum dec\u00e2t cele prev\u0103zute \u00een regulamente, a fost o chestiune care nu a fost \u00eenc\u0103 abordat\u0103 \u00een cadrul Biroului de Interven\u021bie \u0219i Consiliere al Partidului Lege \u0219i Justi\u021bie. Conform informa\u021biilor prezentate de prim-ministru la 29 ianuarie 2016, se pare c\u0103 acestea sunt acordate cel mai adesea activi\u0219tilor merituo\u0219i din opozi\u021bia democratic\u0103 care se afl\u0103 \u00eentr-o situa\u021bie de via\u021b\u0103 dificil\u0103, persoanelor cu merite pentru cultura polonez\u0103 \u00een domeniul baletului, al fotografiei artistice, al protec\u021biei monumentelor istorice \u0219i al promov\u0103rii culturii poloneze \u00een fostele zone de frontier\u0103 estic\u0103 care se afl\u0103 \u00eentr-o situa\u021bie de via\u021b\u0103 dificil\u0103, precum \u0219i altor persoane din cauza unei situa\u021bii sociale \u0219i de via\u021b\u0103 dificile, ca urmare a unor evenimente fortuite speciale.<\/p>\n<p>De asemenea, o problem\u0103 frecvent\u0103 cu care se confrunt\u0103 persoanele care se adreseaz\u0103 Biroului de interven\u021bie \u0219i consiliere \u00een domeniul dreptului \u0219i justi\u021biei sunt hot\u0103r\u00e2rile judec\u0103tore\u0219ti definitive \u00een cauzele contraven\u021bionale. Dup\u0103 ce o condamnare a fost men\u021binut\u0103 de c\u0103tre Tribunalul de Prim\u0103 Instan\u021b\u0103, p\u0103r\u021bile doresc s\u0103 fac\u0103 recurs \u00een continuare. Cu toate acestea, ei nu pot face acest lucru de unii singuri. Un recurs \u00een casa\u021bie \u00een cauzele contraven\u021bionale poate fi introdus numai de c\u0103tre procurorul general sau de c\u0103tre Ombudsman, \u00een cazurile care implic\u0103 hot\u0103r\u00e2ri ale instan\u021belor militare, de asemenea, de c\u0103tre procurorul militar \u0219ef, iar \u00een cazurile de \u00eenc\u0103lcare a drepturilor copilului, de asemenea, de c\u0103tre Ombudsmanul pentru copii. \u00cen acest caz, ar trebui s\u0103 adresa\u021bi o cerere uneia dintre autorit\u0103\u021bile men\u021bionate mai sus pentru a introduce o casare \u00een cazul dumneavoastr\u0103. \u00cen cazul \u00een care autoritatea, dac\u0103 stabile\u0219te c\u0103 cererea de casare este justificat\u0103, va da curs unei astfel de cereri.<\/p>\n<p>Pentru a rezuma acest raport, Biroul de interven\u021bie \u0219i consiliere \u00een domeniul dreptului \u0219i justi\u021biei este foarte popular. Multe p\u0103r\u021bi aleg s\u0103 se \u00eentoarc\u0103 la Birou pentru consiliere suplimentar\u0103 sau se prezint\u0103 cu noi cazuri. Acest lucru arat\u0103 c\u0103 aceast\u0103 form\u0103 de asisten\u021b\u0103 pentru cet\u0103\u021beni este extrem de important\u0103.<\/p>\n<p>&nbsp;<\/p>\n<p>&nbsp;<\/p>","protected":false},"excerpt":{"rendered":"<p>Biuro Interwencji i Porad PIS w Przemy\u015blu przy Biurze Poselskim Marsza\u0142ka Sejmu Marka Kuchci\u0144skiego w Przemy\u015blu w okresie od 01.08.2016 r. do 31.08.2016 r. udziela\u0142o porad prawnych dotycz\u0105cych spraw zwi\u0105zanych z poni\u017csz\u0105 tematyk\u0105: prawa karnego i wykroczeniowego; og\u00f3lnego zakresu prawa cywilnego; prawa rodzinnego; prawa administracyjnego; prawa pracy i ubezpiecze\u0144 spo\u0142ecznych. Do Biura zg\u0142asza\u0142y si\u0119 w [&hellip;]<\/p>","protected":false},"author":6,"featured_media":0,"comment_status":"open","ping_status":"open","sticky":false,"template":"","format":"standard","meta":{"ngg_post_thumbnail":0,"footnotes":""},"categories":[79],"tags":[],"class_list":["post-3575","post","type-post","status-publish","format-standard","hentry","category-biuro-interwencji-i-porad-pis"],"yoast_head":"<!-- This site is optimized with the Yoast SEO plugin v24.7 - https:\/\/yoast.com\/wordpress\/plugins\/seo\/ -->\n<title>Sprawozdanie z udzielania porad prawnych w okresie 01.08.2016 \u2013 31.08.2016 &#8211; Marek Kuchci\u0144ski<\/title>\n<meta name=\"robots\" content=\"index, follow, max-snippet:-1, max-image-preview:large, max-video-preview:-1\" \/>\n<link rel=\"canonical\" href=\"https:\/\/marekkuchcinski.pl\/ro\/podkarpacie\/biuro-interwencji-i-porad-pis\/sprawozdanie-z-udzielania-porad-prawnych-w-okresie-od-01-08-2016-31-08-2016\/\" \/>\n<meta property=\"og:locale\" content=\"ro_RO\" \/>\n<meta property=\"og:type\" content=\"article\" \/>\n<meta property=\"og:title\" content=\"Sprawozdanie z udzielania porad prawnych w okresie 01.08.2016 \u2013 31.08.2016 &#8211; Marek Kuchci\u0144ski\" \/>\n<meta property=\"og:description\" content=\"Biuro Interwencji i Porad PIS w Przemy\u015blu przy Biurze Poselskim Marsza\u0142ka Sejmu Marka Kuchci\u0144skiego w Przemy\u015blu w okresie od 01.08.2016 r. do 31.08.2016 r. udziela\u0142o porad prawnych dotycz\u0105cych spraw zwi\u0105zanych z poni\u017csz\u0105 tematyk\u0105: prawa karnego i wykroczeniowego; og\u00f3lnego zakresu prawa cywilnego; prawa rodzinnego; prawa administracyjnego; prawa pracy i ubezpiecze\u0144 spo\u0142ecznych. Do Biura zg\u0142asza\u0142y si\u0119 w [&hellip;]\" \/>\n<meta property=\"og:url\" content=\"https:\/\/marekkuchcinski.pl\/ro\/podkarpacie\/biuro-interwencji-i-porad-pis\/sprawozdanie-z-udzielania-porad-prawnych-w-okresie-od-01-08-2016-31-08-2016\/\" \/>\n<meta property=\"og:site_name\" content=\"Marek Kuchci\u0144ski\" \/>\n<meta property=\"article:published_time\" content=\"2016-09-02T13:14:57+00:00\" \/>\n<meta property=\"article:modified_time\" content=\"2016-10-03T14:55:31+00:00\" \/>\n<meta property=\"og:image\" content=\"https:\/\/marekkuchcinski.pl\/wp-content\/uploads\/2022\/09\/Marek.jpg\" \/>\n\t<meta property=\"og:image:width\" content=\"1600\" \/>\n\t<meta property=\"og:image:height\" content=\"971\" \/>\n\t<meta property=\"og:image:type\" content=\"image\/jpeg\" \/>\n<meta name=\"author\" content=\"admin\" \/>\n<meta name=\"twitter:card\" content=\"summary_large_image\" \/>\n<meta name=\"twitter:label1\" content=\"Scris de\" \/>\n\t<meta name=\"twitter:data1\" content=\"admin\" \/>\n\t<meta name=\"twitter:label2\" content=\"Timp estimat pentru citire\" \/>\n\t<meta name=\"twitter:data2\" content=\"5 minutes\" \/>\n<script type=\"application\/ld+json\" class=\"yoast-schema-graph\">{\"@context\":\"https:\/\/schema.org\",\"@graph\":[{\"@type\":\"Article\",\"@id\":\"https:\/\/marekkuchcinski.pl\/ro\/podkarpacie\/biuro-interwencji-i-porad-pis\/sprawozdanie-z-udzielania-porad-prawnych-w-okresie-od-01-08-2016-31-08-2016\/#article\",\"isPartOf\":{\"@id\":\"https:\/\/marekkuchcinski.pl\/ro\/podkarpacie\/biuro-interwencji-i-porad-pis\/sprawozdanie-z-udzielania-porad-prawnych-w-okresie-od-01-08-2016-31-08-2016\/\"},\"author\":{\"name\":\"admin\",\"@id\":\"https:\/\/marekkuchcinski.pl\/#\/schema\/person\/6f62700996b4d950b6ea2d1183b6c6be\"},\"headline\":\"Sprawozdanie z udzielania porad prawnych w okresie 01.08.2016 \u2013 31.08.2016\",\"datePublished\":\"2016-09-02T13:14:57+00:00\",\"dateModified\":\"2016-10-03T14:55:31+00:00\",\"mainEntityOfPage\":{\"@id\":\"https:\/\/marekkuchcinski.pl\/ro\/podkarpacie\/biuro-interwencji-i-porad-pis\/sprawozdanie-z-udzielania-porad-prawnych-w-okresie-od-01-08-2016-31-08-2016\/\"},\"wordCount\":974,\"commentCount\":0,\"publisher\":{\"@id\":\"https:\/\/marekkuchcinski.pl\/#organization\"},\"articleSection\":[\"Biuro Interwencji i Porad Prawnych\"],\"inLanguage\":\"ro-RO\",\"potentialAction\":[{\"@type\":\"CommentAction\",\"name\":\"Comment\",\"target\":[\"https:\/\/marekkuchcinski.pl\/ro\/podkarpacie\/biuro-interwencji-i-porad-pis\/sprawozdanie-z-udzielania-porad-prawnych-w-okresie-od-01-08-2016-31-08-2016\/#respond\"]}]},{\"@type\":\"WebPage\",\"@id\":\"https:\/\/marekkuchcinski.pl\/ro\/podkarpacie\/biuro-interwencji-i-porad-pis\/sprawozdanie-z-udzielania-porad-prawnych-w-okresie-od-01-08-2016-31-08-2016\/\",\"url\":\"https:\/\/marekkuchcinski.pl\/ro\/podkarpacie\/biuro-interwencji-i-porad-pis\/sprawozdanie-z-udzielania-porad-prawnych-w-okresie-od-01-08-2016-31-08-2016\/\",\"name\":\"Sprawozdanie z udzielania porad prawnych w okresie 01.08.2016 \u2013 31.08.2016 &#8211; Marek Kuchci\u0144ski\",\"isPartOf\":{\"@id\":\"https:\/\/marekkuchcinski.pl\/#website\"},\"datePublished\":\"2016-09-02T13:14:57+00:00\",\"dateModified\":\"2016-10-03T14:55:31+00:00\",\"breadcrumb\":{\"@id\":\"https:\/\/marekkuchcinski.pl\/ro\/podkarpacie\/biuro-interwencji-i-porad-pis\/sprawozdanie-z-udzielania-porad-prawnych-w-okresie-od-01-08-2016-31-08-2016\/#breadcrumb\"},\"inLanguage\":\"ro-RO\",\"potentialAction\":[{\"@type\":\"ReadAction\",\"target\":[\"https:\/\/marekkuchcinski.pl\/ro\/podkarpacie\/biuro-interwencji-i-porad-pis\/sprawozdanie-z-udzielania-porad-prawnych-w-okresie-od-01-08-2016-31-08-2016\/\"]}]},{\"@type\":\"BreadcrumbList\",\"@id\":\"https:\/\/marekkuchcinski.pl\/ro\/podkarpacie\/biuro-interwencji-i-porad-pis\/sprawozdanie-z-udzielania-porad-prawnych-w-okresie-od-01-08-2016-31-08-2016\/#breadcrumb\",\"itemListElement\":[{\"@type\":\"ListItem\",\"position\":1,\"name\":\"Strona g\u0142\u00f3wna\",\"item\":\"https:\/\/marekkuchcinski.pl\/\"},{\"@type\":\"ListItem\",\"position\":2,\"name\":\"Sprawozdanie z udzielania porad prawnych w okresie 01.08.2016 \u2013 31.08.2016\"}]},{\"@type\":\"WebSite\",\"@id\":\"https:\/\/marekkuchcinski.pl\/#website\",\"url\":\"https:\/\/marekkuchcinski.pl\/\",\"name\":\"Marek Kuchci\u0144ski\",\"description\":\"Pose\u0142 na sejm RP &ndash; okr\u0119g nr 22\",\"publisher\":{\"@id\":\"https:\/\/marekkuchcinski.pl\/#organization\"},\"potentialAction\":[{\"@type\":\"SearchAction\",\"target\":{\"@type\":\"EntryPoint\",\"urlTemplate\":\"https:\/\/marekkuchcinski.pl\/?s={search_term_string}\"},\"query-input\":{\"@type\":\"PropertyValueSpecification\",\"valueRequired\":true,\"valueName\":\"search_term_string\"}}],\"inLanguage\":\"ro-RO\"},{\"@type\":\"Organization\",\"@id\":\"https:\/\/marekkuchcinski.pl\/#organization\",\"name\":\"Marek Kuchci\u0144ski\",\"url\":\"https:\/\/marekkuchcinski.pl\/\",\"logo\":{\"@type\":\"ImageObject\",\"inLanguage\":\"ro-RO\",\"@id\":\"https:\/\/marekkuchcinski.pl\/#\/schema\/logo\/image\/\",\"url\":\"https:\/\/marekkuchcinski.pl\/wp-content\/uploads\/2022\/09\/Marek.jpg\",\"contentUrl\":\"https:\/\/marekkuchcinski.pl\/wp-content\/uploads\/2022\/09\/Marek.jpg\",\"width\":1600,\"height\":971,\"caption\":\"Marek Kuchci\u0144ski\"},\"image\":{\"@id\":\"https:\/\/marekkuchcinski.pl\/#\/schema\/logo\/image\/\"}},{\"@type\":\"Person\",\"@id\":\"https:\/\/marekkuchcinski.pl\/#\/schema\/person\/6f62700996b4d950b6ea2d1183b6c6be\",\"name\":\"admin\",\"image\":{\"@type\":\"ImageObject\",\"inLanguage\":\"ro-RO\",\"@id\":\"https:\/\/marekkuchcinski.pl\/#\/schema\/person\/image\/\",\"url\":\"https:\/\/secure.gravatar.com\/avatar\/4bab693b9d55c3d6b52c0296a8765085?s=96&d=mm&r=g\",\"contentUrl\":\"https:\/\/secure.gravatar.com\/avatar\/4bab693b9d55c3d6b52c0296a8765085?s=96&d=mm&r=g\",\"caption\":\"admin\"},\"url\":\"https:\/\/marekkuchcinski.pl\/ro\/author\/marta-olejnik\/\"}]}<\/script>\n<!-- \/ Yoast SEO plugin. -->","yoast_head_json":{"title":"Sprawozdanie z udzielania porad prawnych w okresie 01.08.2016 \u2013 31.08.2016 &#8211; Marek Kuchci\u0144ski","robots":{"index":"index","follow":"follow","max-snippet":"max-snippet:-1","max-image-preview":"max-image-preview:large","max-video-preview":"max-video-preview:-1"},"canonical":"https:\/\/marekkuchcinski.pl\/ro\/podkarpacie\/biuro-interwencji-i-porad-pis\/sprawozdanie-z-udzielania-porad-prawnych-w-okresie-od-01-08-2016-31-08-2016\/","og_locale":"ro_RO","og_type":"article","og_title":"Sprawozdanie z udzielania porad prawnych w okresie 01.08.2016 \u2013 31.08.2016 &#8211; Marek Kuchci\u0144ski","og_description":"Biuro Interwencji i Porad PIS w Przemy\u015blu przy Biurze Poselskim Marsza\u0142ka Sejmu Marka Kuchci\u0144skiego w Przemy\u015blu w okresie od 01.08.2016 r. do 31.08.2016 r. udziela\u0142o porad prawnych dotycz\u0105cych spraw zwi\u0105zanych z poni\u017csz\u0105 tematyk\u0105: prawa karnego i wykroczeniowego; og\u00f3lnego zakresu prawa cywilnego; prawa rodzinnego; prawa administracyjnego; prawa pracy i ubezpiecze\u0144 spo\u0142ecznych. Do Biura zg\u0142asza\u0142y si\u0119 w [&hellip;]","og_url":"https:\/\/marekkuchcinski.pl\/ro\/podkarpacie\/biuro-interwencji-i-porad-pis\/sprawozdanie-z-udzielania-porad-prawnych-w-okresie-od-01-08-2016-31-08-2016\/","og_site_name":"Marek Kuchci\u0144ski","article_published_time":"2016-09-02T13:14:57+00:00","article_modified_time":"2016-10-03T14:55:31+00:00","og_image":[{"width":1600,"height":971,"url":"https:\/\/marekkuchcinski.pl\/wp-content\/uploads\/2022\/09\/Marek.jpg","type":"image\/jpeg"}],"author":"admin","twitter_card":"summary_large_image","twitter_misc":{"Scris de":"admin","Timp estimat pentru citire":"5 minutes"},"schema":{"@context":"https:\/\/schema.org","@graph":[{"@type":"Article","@id":"https:\/\/marekkuchcinski.pl\/ro\/podkarpacie\/biuro-interwencji-i-porad-pis\/sprawozdanie-z-udzielania-porad-prawnych-w-okresie-od-01-08-2016-31-08-2016\/#article","isPartOf":{"@id":"https:\/\/marekkuchcinski.pl\/ro\/podkarpacie\/biuro-interwencji-i-porad-pis\/sprawozdanie-z-udzielania-porad-prawnych-w-okresie-od-01-08-2016-31-08-2016\/"},"author":{"name":"admin","@id":"https:\/\/marekkuchcinski.pl\/#\/schema\/person\/6f62700996b4d950b6ea2d1183b6c6be"},"headline":"Sprawozdanie z udzielania porad prawnych w okresie 01.08.2016 \u2013 31.08.2016","datePublished":"2016-09-02T13:14:57+00:00","dateModified":"2016-10-03T14:55:31+00:00","mainEntityOfPage":{"@id":"https:\/\/marekkuchcinski.pl\/ro\/podkarpacie\/biuro-interwencji-i-porad-pis\/sprawozdanie-z-udzielania-porad-prawnych-w-okresie-od-01-08-2016-31-08-2016\/"},"wordCount":974,"commentCount":0,"publisher":{"@id":"https:\/\/marekkuchcinski.pl\/#organization"},"articleSection":["Biuro Interwencji i Porad Prawnych"],"inLanguage":"ro-RO","potentialAction":[{"@type":"CommentAction","name":"Comment","target":["https:\/\/marekkuchcinski.pl\/ro\/podkarpacie\/biuro-interwencji-i-porad-pis\/sprawozdanie-z-udzielania-porad-prawnych-w-okresie-od-01-08-2016-31-08-2016\/#respond"]}]},{"@type":"WebPage","@id":"https:\/\/marekkuchcinski.pl\/ro\/podkarpacie\/biuro-interwencji-i-porad-pis\/sprawozdanie-z-udzielania-porad-prawnych-w-okresie-od-01-08-2016-31-08-2016\/","url":"https:\/\/marekkuchcinski.pl\/ro\/podkarpacie\/biuro-interwencji-i-porad-pis\/sprawozdanie-z-udzielania-porad-prawnych-w-okresie-od-01-08-2016-31-08-2016\/","name":"Sprawozdanie z udzielania porad prawnych w okresie 01.08.2016 \u2013 31.08.2016 &#8211; Marek Kuchci\u0144ski","isPartOf":{"@id":"https:\/\/marekkuchcinski.pl\/#website"},"datePublished":"2016-09-02T13:14:57+00:00","dateModified":"2016-10-03T14:55:31+00:00","breadcrumb":{"@id":"https:\/\/marekkuchcinski.pl\/ro\/podkarpacie\/biuro-interwencji-i-porad-pis\/sprawozdanie-z-udzielania-porad-prawnych-w-okresie-od-01-08-2016-31-08-2016\/#breadcrumb"},"inLanguage":"ro-RO","potentialAction":[{"@type":"ReadAction","target":["https:\/\/marekkuchcinski.pl\/ro\/podkarpacie\/biuro-interwencji-i-porad-pis\/sprawozdanie-z-udzielania-porad-prawnych-w-okresie-od-01-08-2016-31-08-2016\/"]}]},{"@type":"BreadcrumbList","@id":"https:\/\/marekkuchcinski.pl\/ro\/podkarpacie\/biuro-interwencji-i-porad-pis\/sprawozdanie-z-udzielania-porad-prawnych-w-okresie-od-01-08-2016-31-08-2016\/#breadcrumb","itemListElement":[{"@type":"ListItem","position":1,"name":"Strona g\u0142\u00f3wna","item":"https:\/\/marekkuchcinski.pl\/"},{"@type":"ListItem","position":2,"name":"Sprawozdanie z udzielania porad prawnych w okresie 01.08.2016 \u2013 31.08.2016"}]},{"@type":"WebSite","@id":"https:\/\/marekkuchcinski.pl\/#website","url":"https:\/\/marekkuchcinski.pl\/","name":"Marek Kuchci\u0144ski","description":"Pose\u0142 na sejm RP &ndash; okr\u0119g nr 22","publisher":{"@id":"https:\/\/marekkuchcinski.pl\/#organization"},"potentialAction":[{"@type":"SearchAction","target":{"@type":"EntryPoint","urlTemplate":"https:\/\/marekkuchcinski.pl\/?s={search_term_string}"},"query-input":{"@type":"PropertyValueSpecification","valueRequired":true,"valueName":"search_term_string"}}],"inLanguage":"ro-RO"},{"@type":"Organization","@id":"https:\/\/marekkuchcinski.pl\/#organization","name":"Marek Kuchci\u0144ski","url":"https:\/\/marekkuchcinski.pl\/","logo":{"@type":"ImageObject","inLanguage":"ro-RO","@id":"https:\/\/marekkuchcinski.pl\/#\/schema\/logo\/image\/","url":"https:\/\/marekkuchcinski.pl\/wp-content\/uploads\/2022\/09\/Marek.jpg","contentUrl":"https:\/\/marekkuchcinski.pl\/wp-content\/uploads\/2022\/09\/Marek.jpg","width":1600,"height":971,"caption":"Marek Kuchci\u0144ski"},"image":{"@id":"https:\/\/marekkuchcinski.pl\/#\/schema\/logo\/image\/"}},{"@type":"Person","@id":"https:\/\/marekkuchcinski.pl\/#\/schema\/person\/6f62700996b4d950b6ea2d1183b6c6be","name":"admin","image":{"@type":"ImageObject","inLanguage":"ro-RO","@id":"https:\/\/marekkuchcinski.pl\/#\/schema\/person\/image\/","url":"https:\/\/secure.gravatar.com\/avatar\/4bab693b9d55c3d6b52c0296a8765085?s=96&d=mm&r=g","contentUrl":"https:\/\/secure.gravatar.com\/avatar\/4bab693b9d55c3d6b52c0296a8765085?s=96&d=mm&r=g","caption":"admin"},"url":"https:\/\/marekkuchcinski.pl\/ro\/author\/marta-olejnik\/"}]}},"_links":{"self":[{"href":"https:\/\/marekkuchcinski.pl\/ro\/wp-json\/wp\/v2\/posts\/3575","targetHints":{"allow":["GET"]}}],"collection":[{"href":"https:\/\/marekkuchcinski.pl\/ro\/wp-json\/wp\/v2\/posts"}],"about":[{"href":"https:\/\/marekkuchcinski.pl\/ro\/wp-json\/wp\/v2\/types\/post"}],"author":[{"embeddable":true,"href":"https:\/\/marekkuchcinski.pl\/ro\/wp-json\/wp\/v2\/users\/6"}],"replies":[{"embeddable":true,"href":"https:\/\/marekkuchcinski.pl\/ro\/wp-json\/wp\/v2\/comments?post=3575"}],"version-history":[{"count":5,"href":"https:\/\/marekkuchcinski.pl\/ro\/wp-json\/wp\/v2\/posts\/3575\/revisions"}],"predecessor-version":[{"id":3917,"href":"https:\/\/marekkuchcinski.pl\/ro\/wp-json\/wp\/v2\/posts\/3575\/revisions\/3917"}],"wp:attachment":[{"href":"https:\/\/marekkuchcinski.pl\/ro\/wp-json\/wp\/v2\/media?parent=3575"}],"wp:term":[{"taxonomy":"category","embeddable":true,"href":"https:\/\/marekkuchcinski.pl\/ro\/wp-json\/wp\/v2\/categories?post=3575"},{"taxonomy":"post_tag","embeddable":true,"href":"https:\/\/marekkuchcinski.pl\/ro\/wp-json\/wp\/v2\/tags?post=3575"}],"curies":[{"name":"wp","href":"https:\/\/api.w.org\/{rel}","templated":true}]}}