{"id":3555,"date":"2016-09-01T22:55:15","date_gmt":"2016-09-01T20:55:15","guid":{"rendered":"https:\/\/marekkuchcinski.pl\/?p=3555"},"modified":"2016-09-01T22:56:49","modified_gmt":"2016-09-01T20:56:49","slug":"minister-edukacji-rodzice-dokonali-wyboru-80-proc-szesciolatkow-zostanie-w-przedszkolach","status":"publish","type":"post","link":"https:\/\/marekkuchcinski.pl\/ro\/prawo-i-sprawiedliwosc\/minister-edukacji-rodzice-dokonali-wyboru-80-proc-szesciolatkow-zostanie-w-przedszkolach\/","title":{"rendered":"Ministrul Educa\u021biei: P\u0103rin\u021bii au f\u0103cut alegerea lor. 80 la sut\u0103 dintre copiii de \u0219ase ani vor r\u0103m\u00e2ne \u00een gr\u0103dini\u021be"},"content":{"rendered":"<p><strong>La 1 septembrie, 200.000 de copii vor intra \u00een primul an de \u0219coal\u0103 primar\u0103. Datele Ministerului Educa\u021biei arat\u0103 c\u0103 p\u00e2n\u0103 la 80 la sut\u0103 vor r\u0103m\u00e2ne \u00een gr\u0103dini\u021be. Programul, care face parte din campania electoral\u0103 a Lege \u0219i Justi\u021bie, se bazeaz\u0103 pe cercet\u0103ri, sondaje, opinii ale oamenilor de \u0219tiin\u021b\u0103, precum \u0219i pe compara\u021bii cu \u021b\u0103ri precum Marea Britanie.\u00a0<\/strong><\/p>\n<p><iframe title=\"Alegerea p\u0103rin\u021bilor. Ne \u021binem de cuv\u00e2nt\" width=\"800\" height=\"450\" src=\"https:\/\/www.youtube.com\/embed\/bhAFcK9G8DE?feature=oembed\" frameborder=\"0\" allow=\"accelerometer; autoplay; clipboard-write; encrypted-media; gyroscope; picture-in-picture\" allowfullscreen><\/iframe><\/p>","protected":false},"excerpt":{"rendered":"<p>La 1 septembrie, 200.000 de copii vor intra \u00een primul an de \u0219coal\u0103 primar\u0103. Datele Ministerului Educa\u021biei arat\u0103 c\u0103 p\u00e2n\u0103 la 80 la sut\u0103 vor r\u0103m\u00e2ne \u00een gr\u0103dini\u021be. Programul, care face parte din campania electoral\u0103 a Lege \u0219i Justi\u021bie, se bazeaz\u0103 pe cercet\u0103ri, sondaje, opinii ale oamenilor de \u0219tiin\u021b\u0103, precum \u0219i pe compara\u021bii cu \u021b\u0103ri precum Marea Britanie.\u00a0<\/p>","protected":false},"author":6,"featured_media":0,"comment_status":"open","ping_status":"open","sticky":false,"template":"","format":"standard","meta":{"ngg_post_thumbnail":0,"footnotes":""},"categories":[82],"tags":[],"class_list":["post-3555","post","type-post","status-publish","format-standard","hentry","category-prawo-i-sprawiedliwosc"],"_links":{"self":[{"href":"https:\/\/marekkuchcinski.pl\/ro\/wp-json\/wp\/v2\/posts\/3555","targetHints":{"allow":["GET"]}}],"collection":[{"href":"https:\/\/marekkuchcinski.pl\/ro\/wp-json\/wp\/v2\/posts"}],"about":[{"href":"https:\/\/marekkuchcinski.pl\/ro\/wp-json\/wp\/v2\/types\/post"}],"author":[{"embeddable":true,"href":"https:\/\/marekkuchcinski.pl\/ro\/wp-json\/wp\/v2\/users\/6"}],"replies":[{"embeddable":true,"href":"https:\/\/marekkuchcinski.pl\/ro\/wp-json\/wp\/v2\/comments?post=3555"}],"version-history":[{"count":2,"href":"https:\/\/marekkuchcinski.pl\/ro\/wp-json\/wp\/v2\/posts\/3555\/revisions"}],"predecessor-version":[{"id":3557,"href":"https:\/\/marekkuchcinski.pl\/ro\/wp-json\/wp\/v2\/posts\/3555\/revisions\/3557"}],"wp:attachment":[{"href":"https:\/\/marekkuchcinski.pl\/ro\/wp-json\/wp\/v2\/media?parent=3555"}],"wp:term":[{"taxonomy":"category","embeddable":true,"href":"https:\/\/marekkuchcinski.pl\/ro\/wp-json\/wp\/v2\/categories?post=3555"},{"taxonomy":"post_tag","embeddable":true,"href":"https:\/\/marekkuchcinski.pl\/ro\/wp-json\/wp\/v2\/tags?post=3555"}],"curies":[{"name":"wp","href":"https:\/\/api.w.org\/{rel}","templated":true}]}}