{"id":3546,"date":"2016-09-01T13:04:25","date_gmt":"2016-09-01T11:04:25","guid":{"rendered":"https:\/\/marekkuchcinski.pl\/?p=3546"},"modified":"2016-09-01T15:24:52","modified_gmt":"2016-09-01T13:24:52","slug":"odnowa-unii-europejskiej-i-bezpieczenstwo","status":"publish","type":"post","link":"https:\/\/marekkuchcinski.pl\/ro\/wydarzenia\/odnowa-unii-europejskiej-i-bezpieczenstwo\/","title":{"rendered":"Re\u00eennoirea \u0219i securitatea Uniunii Europene"},"content":{"rendered":"<p>Temele principale ale conferin\u021bei \"Solidaritate \u0219i suveranitate: o reuniune parlamentar\u0103 din Europa Central\u0103 \u0219i de Est\" au fost: re\u00eennoirea Uniunii Europene, \u021bin\u00e2nd cont de cooperarea regional\u0103 \u00een Europa Central\u0103 \u0219i de Est \u0219i consolidarea cooper\u0103rii multilaterale \u00eentre parlamentele na\u021bionale din regiune. A fost abordat\u0103 criza zonei euro, precum \u0219i criza de securitate \u0219i a spa\u021biului Schengen cauzat\u0103 de afluxul a milioane de imigran\u021bi \u00een Europa \u0219i de efectele Brexit-ului.<br \/>\nEste necesar s\u0103 <span class=\"text_exposed_show\">s\u0103 elaboreze o pozi\u021bie comun\u0103 a \u021b\u0103rilor din Europa Central\u0103 \u0219i de Est \u00een aceast\u0103 privin\u021b\u0103. Europa este un concept mai larg dec\u00e2t Uniunea European\u0103, iar Uniunea European\u0103 face parte din Europa. Obiectivul nostru este de a consolida Uniunea European\u0103 prin re\u00eennoirea acesteia.<\/span><\/p>\n<div class=\"text_exposed_show\">\n<p>Polonia dore\u0219te s\u0103 dezvolte zonele de frontier\u0103 estic\u0103 \u0219i sud-estic\u0103 ale Uniunii Europene \u0219i ale Organiza\u021biei Tratatului Atlanticului de Nord.<\/p>\n<p>- Nu dorim s\u0103 construim ziduri care s\u0103 divizeze din nou Europa Central\u0103 \u0219i de Est. Propun ca Europa statelor solidare<br \/>\n- uniunea liberului cu liberul, a egalului cu egalul - a devenit modelul de baz\u0103 pentru ac\u021biunile \u0219i discu\u021biile noastre.<\/p>\n<p>&nbsp;<\/p>\n<p><a href=\"https:\/\/marekkuchcinski.pl\/wp-content\/uploads\/2016\/09\/DSCF3154.jpg\"><img fetchpriority=\"high\" decoding=\"async\" class=\"alignnone size-full wp-image-3539\" src=\"https:\/\/marekkuchcinski.pl\/wp-content\/uploads\/2016\/09\/DSCF3154.jpg\" alt=\"DSCF3154\" width=\"4140\" height=\"2760\" srcset=\"https:\/\/marekkuchcinski.pl\/wp-content\/uploads\/2016\/09\/DSCF3154.jpg 2048w, https:\/\/marekkuchcinski.pl\/wp-content\/uploads\/2016\/09\/DSCF3154-300x200.jpg 300w, https:\/\/marekkuchcinski.pl\/wp-content\/uploads\/2016\/09\/DSCF3154-768x512.jpg 768w, https:\/\/marekkuchcinski.pl\/wp-content\/uploads\/2016\/09\/DSCF3154-1024x683.jpg 1024w\" sizes=\"(max-width: 4140px) 100vw, 4140px\" \/><\/a> <a href=\"https:\/\/marekkuchcinski.pl\/wp-content\/uploads\/2016\/09\/KU026289-1.jpg\"><img decoding=\"async\" class=\"alignnone size-full wp-image-3545\" src=\"https:\/\/marekkuchcinski.pl\/wp-content\/uploads\/2016\/09\/KU026289-1.jpg\" alt=\"KU026289\" width=\"1800\" height=\"1200\" srcset=\"https:\/\/marekkuchcinski.pl\/wp-content\/uploads\/2016\/09\/KU026289-1.jpg 1800w, https:\/\/marekkuchcinski.pl\/wp-content\/uploads\/2016\/09\/KU026289-1-300x200.jpg 300w, https:\/\/marekkuchcinski.pl\/wp-content\/uploads\/2016\/09\/KU026289-1-768x512.jpg 768w, https:\/\/marekkuchcinski.pl\/wp-content\/uploads\/2016\/09\/KU026289-1-1024x683.jpg 1024w\" sizes=\"(max-width: 1800px) 100vw, 1800px\" \/><\/a> <a href=\"https:\/\/marekkuchcinski.pl\/wp-content\/uploads\/2016\/09\/KU024260.jpg\"><img decoding=\"async\" class=\"alignnone size-full wp-image-3541\" src=\"https:\/\/marekkuchcinski.pl\/wp-content\/uploads\/2016\/09\/KU024260.jpg\" alt=\"KU024260\" width=\"1800\" height=\"1200\" srcset=\"https:\/\/marekkuchcinski.pl\/wp-content\/uploads\/2016\/09\/KU024260.jpg 1800w, https:\/\/marekkuchcinski.pl\/wp-content\/uploads\/2016\/09\/KU024260-300x200.jpg 300w, https:\/\/marekkuchcinski.pl\/wp-content\/uploads\/2016\/09\/KU024260-768x512.jpg 768w, https:\/\/marekkuchcinski.pl\/wp-content\/uploads\/2016\/09\/KU024260-1024x683.jpg 1024w\" sizes=\"(max-width: 1800px) 100vw, 1800px\" \/><\/a> <a href=\"https:\/\/marekkuchcinski.pl\/wp-content\/uploads\/2016\/09\/KU023831.jpg\"><img loading=\"lazy\" decoding=\"async\" class=\"alignnone size-full wp-image-3540\" src=\"https:\/\/marekkuchcinski.pl\/wp-content\/uploads\/2016\/09\/KU023831.jpg\" alt=\"KU023831\" width=\"1800\" height=\"1200\" srcset=\"https:\/\/marekkuchcinski.pl\/wp-content\/uploads\/2016\/09\/KU023831.jpg 1800w, https:\/\/marekkuchcinski.pl\/wp-content\/uploads\/2016\/09\/KU023831-300x200.jpg 300w, https:\/\/marekkuchcinski.pl\/wp-content\/uploads\/2016\/09\/KU023831-768x512.jpg 768w, https:\/\/marekkuchcinski.pl\/wp-content\/uploads\/2016\/09\/KU023831-1024x683.jpg 1024w\" sizes=\"(max-width: 1800px) 100vw, 1800px\" \/><\/a> <a href=\"https:\/\/marekkuchcinski.pl\/wp-content\/uploads\/2016\/09\/KU026563.jpg\"><img loading=\"lazy\" decoding=\"async\" class=\"alignnone size-full wp-image-3547\" src=\"https:\/\/marekkuchcinski.pl\/wp-content\/uploads\/2016\/09\/KU026563.jpg\" alt=\"KU026563\" width=\"1800\" height=\"1200\" srcset=\"https:\/\/marekkuchcinski.pl\/wp-content\/uploads\/2016\/09\/KU026563.jpg 1800w, https:\/\/marekkuchcinski.pl\/wp-content\/uploads\/2016\/09\/KU026563-300x200.jpg 300w, https:\/\/marekkuchcinski.pl\/wp-content\/uploads\/2016\/09\/KU026563-768x512.jpg 768w, https:\/\/marekkuchcinski.pl\/wp-content\/uploads\/2016\/09\/KU026563-1024x683.jpg 1024w\" sizes=\"(max-width: 1800px) 100vw, 1800px\" \/><\/a><a href=\"https:\/\/marekkuchcinski.pl\/wp-content\/uploads\/2016\/09\/KU023956.jpg\"><img loading=\"lazy\" decoding=\"async\" class=\"alignnone size-full wp-image-3543\" src=\"https:\/\/marekkuchcinski.pl\/wp-content\/uploads\/2016\/09\/KU023956.jpg\" alt=\"KU023956\" width=\"1800\" height=\"1200\" srcset=\"https:\/\/marekkuchcinski.pl\/wp-content\/uploads\/2016\/09\/KU023956.jpg 1800w, https:\/\/marekkuchcinski.pl\/wp-content\/uploads\/2016\/09\/KU023956-300x200.jpg 300w, https:\/\/marekkuchcinski.pl\/wp-content\/uploads\/2016\/09\/KU023956-768x512.jpg 768w, https:\/\/marekkuchcinski.pl\/wp-content\/uploads\/2016\/09\/KU023956-1024x683.jpg 1024w\" sizes=\"(max-width: 1800px) 100vw, 1800px\" \/><\/a><\/p>\n<\/div>","protected":false},"excerpt":{"rendered":"<p>Najwa\u017cniejsze tematy konferencji \u201eSolidarno\u015b\u0107 i suwerenno\u015b\u0107: Spotkanie parlamentarne pa\u0144stw Europy \u015arodkowo-Wschodniej&#8221; to: odnowa Unii Europejskiej uwzgl\u0119dniaj\u0105ca wsp\u00f3\u0142prac\u0119 regionaln\u0105 w Europie \u015arodkowo-Wschodniej oraz wzmocnienie wielostronnej wsp\u00f3\u0142pracy parlament\u00f3w narodowych w tym regionie. Poruszony zosta\u0142 problem kryzysu strefy euro, a tak\u017ce o kryzys bezpiecze\u0144stwa i strefy Schengen spowodowany nap\u0142ywem do Europy milion\u00f3w imigrant\u00f3w czy skutki Brexitu. Konieczne jest [&hellip;]<\/p>\n","protected":false},"author":6,"featured_media":3539,"comment_status":"open","ping_status":"open","sticky":false,"template":"","format":"standard","meta":{"ngg_post_thumbnail":0,"footnotes":""},"categories":[50,3],"tags":[],"class_list":["post-3546","post","type-post","status-publish","format-standard","has-post-thumbnail","hentry","category-wspolpraca-miedzynarodowa","category-wydarzenia"],"_links":{"self":[{"href":"https:\/\/marekkuchcinski.pl\/ro\/wp-json\/wp\/v2\/posts\/3546","targetHints":{"allow":["GET"]}}],"collection":[{"href":"https:\/\/marekkuchcinski.pl\/ro\/wp-json\/wp\/v2\/posts"}],"about":[{"href":"https:\/\/marekkuchcinski.pl\/ro\/wp-json\/wp\/v2\/types\/post"}],"author":[{"embeddable":true,"href":"https:\/\/marekkuchcinski.pl\/ro\/wp-json\/wp\/v2\/users\/6"}],"replies":[{"embeddable":true,"href":"https:\/\/marekkuchcinski.pl\/ro\/wp-json\/wp\/v2\/comments?post=3546"}],"version-history":[{"count":2,"href":"https:\/\/marekkuchcinski.pl\/ro\/wp-json\/wp\/v2\/posts\/3546\/revisions"}],"predecessor-version":[{"id":3554,"href":"https:\/\/marekkuchcinski.pl\/ro\/wp-json\/wp\/v2\/posts\/3546\/revisions\/3554"}],"wp:attachment":[{"href":"https:\/\/marekkuchcinski.pl\/ro\/wp-json\/wp\/v2\/media?parent=3546"}],"wp:term":[{"taxonomy":"category","embeddable":true,"href":"https:\/\/marekkuchcinski.pl\/ro\/wp-json\/wp\/v2\/categories?post=3546"},{"taxonomy":"post_tag","embeddable":true,"href":"https:\/\/marekkuchcinski.pl\/ro\/wp-json\/wp\/v2\/tags?post=3546"}],"curies":[{"name":"wp","href":"https:\/\/api.w.org\/{rel}","templated":true}]}}